{"id":1867,"date":"2023-01-12T15:46:55","date_gmt":"2023-01-12T18:46:55","guid":{"rendered":"https:\/\/www.pmpf.rs.gov.br\/secretaria-de-obras\/?p=1867"},"modified":"2023-01-12T15:50:38","modified_gmt":"2023-01-12T18:50:38","slug":"prefeitura-abre-nova-licitacao-para-canalizacao-nos-bairros-berthier-e-victor-issler","status":"publish","type":"post","link":"https:\/\/www.pmpf.rs.gov.br\/secretaria-de-obras\/2023\/01\/12\/prefeitura-abre-nova-licitacao-para-canalizacao-nos-bairros-berthier-e-victor-issler\/","title":{"rendered":"<strong>Prefeitura abre nova licita\u00e7\u00e3o para canaliza\u00e7\u00e3o nos bairros Berthier e Victor Issler<\/strong>"},"content":{"rendered":"\n<p><br><br>A Prefeitura abriu, nesta quinta-feira (12), um novo processo licitat\u00f3rio para a canaliza\u00e7\u00e3o nos bairros Berthier e Victor Issler. O Munic\u00edpio busca agilizar a conclus\u00e3o das interven\u00e7\u00f5es ap\u00f3s a empresa vencedora da primeira licita\u00e7\u00e3o ter abandonado as obras. A expectativa \u00e9 que, at\u00e9 o m\u00eas de fevereiro, a execu\u00e7\u00e3o do projeto seja retomada.<br><br>Em reuni\u00e3o realizada durante a manh\u00e3 com moradores dos dois bairros, o prefeito Pedo Almeida reiterou que as obras s\u00e3o priorit\u00e1rias. \u201cS\u00e3o duas obras que impactam diretamente na vida das comunidades e que s\u00e3o tratadas como prioridades. O Munic\u00edpio escutou os moradores e realizou a primeira licita\u00e7\u00e3o em meados do ano passado. Infelizmente, aconteceu o imprevisto de a empresa n\u00e3o cumprir o contrato e o Munic\u00edpio est\u00e1 propondo uma solu\u00e7\u00e3o com uma nova licita\u00e7\u00e3o\u201d, destacou.<br><br>A licita\u00e7\u00e3o ficar\u00e1 aberta at\u00e9 o dia 31 de janeiro para as empresas interessadas. Ap\u00f3s a leitura das propostas e a defini\u00e7\u00e3o da empresa respons\u00e1vel, as obras dever\u00e3o ser retomadas no m\u00eas de fevereiro, tendo um prazo de seis meses para a entrega.<br><br><br><strong>Canaliza\u00e7\u00e3o no Bairro Berthier<\/strong><br>No Bairro Berthier, dever\u00e1 ser constru\u00edda uma nova galeria de drenagem na rua Miguel Vargas. De acordo com o secret\u00e1rio de Obras, Rubens Astolfi, a estrutura vai aumentar em at\u00e9 cinco vezes a capacidade de vaz\u00e3o da tubula\u00e7\u00e3o. O projeto consiste na constru\u00e7\u00e3o de 460 metros de canaliza\u00e7\u00e3o com a instala\u00e7\u00e3o de duas fileiras de tubos de 1,5 metro e na transposi\u00e7\u00e3o da canaliza\u00e7\u00e3o interna dos lotes residenciais para a via p\u00fablica. \u201cO estudo t\u00e9cnico para a realiza\u00e7\u00e3o da obra mostrou que o novo formato projetado para a galeria vai dar mais seguran\u00e7a para os moradores e evitar novos problemas de alagamentos, bastante frequentes naquela regi\u00e3o. A amplia\u00e7\u00e3o da tubula\u00e7\u00e3o e a transposi\u00e7\u00e3o dela para a rua v\u00e3o aumentar o escoamento de \u00e1gua e impedir que se formem pontos de obstru\u00e7\u00e3o\u201d, observou o secret\u00e1rio. Astolfi disse ainda que o projeto prev\u00ea a constru\u00e7\u00e3o de 460 metros de canaliza\u00e7\u00e3o.<br><br>Moradores do Bairro Berthier h\u00e1 mais de 10 anos, Eliane e Fernando Rodrigues participaram da reuni\u00e3o com o prefeito e destacaram a necessidade de que a obra seja agilizada. \u201cPrecisamos desta prioridade porque os moradores sofrem h\u00e1 bastante tempo com a situa\u00e7\u00e3o. Obrigado ao prefeito pelo apoio que tem nos dado com um olhar \u00e0 vida dos moradores, se esfor\u00e7ando para nos ajudar\u201d, enfatizou ele.<br><br><br><strong>Canaliza\u00e7\u00e3o no Bairro Victor Issler<\/strong><br>No Bairro Victor Issler, ser\u00e1 feita nova tubula\u00e7\u00e3o entre as ruas Fagundes dos Reis e Tim\u00f3teo Rodrigues, compreendendo uma \u00e1rea de cerca de 400 metros. Astolfi explica que o projeto da nova drenagem prev\u00ea a instala\u00e7\u00e3o de tubos de 1000 mm e 600 mm, ampliando a capacidade de vaz\u00e3o da canaliza\u00e7\u00e3o e evitando o ac\u00famulo de \u00e1gua da chuva nas edifica\u00e7\u00f5es situadas nas ruas que receber\u00e3o a nova tubula\u00e7\u00e3o. \u201cNesta regi\u00e3o do bairro Victor Issler os alagamentos ocorrem devido ao grande volume de \u00e1gua da chuva e \u00e0 baixa capacidade de vaz\u00e3o instalada. A obra que a Prefeitura far\u00e1 vai ampliar o tamanho da tubula\u00e7\u00e3o, aumentando, consequentemente, o potencial de drenagem\u201d, avaliou.<br><br>Para o presidente do Bairro Victor Issler, Igor Pires, a obra vai garantir a seguran\u00e7a de muitas resid\u00eancias que sofrem preju\u00edzos com as chuvas. \u201cFicamos muito felizes com as obras que acontecem em toda a cidade e precisamos desta aten\u00e7\u00e3o para a periferia. \u00c9 uma obra muito importante para a nossa comunidade\u201d, considerou.<br><br><br><strong>Conscientiza\u00e7\u00e3o sobre o descarte de res\u00edduos<\/strong><br>Durante a reuni\u00e3o, os representantes dos bairros Berthier e Victor Issler pediram a contribui\u00e7\u00e3o dos moradores para a destina\u00e7\u00e3o correta de res\u00edduos s\u00f3lidos a fim de que eles n\u00e3o sejam depositados no meio ambiente e tragam mais preju\u00edzos em dias de chuva.<br><br>Segundo Eliane Rodrigues, \u00e9 comum que sejam retirados materiais como pneus da sanga do Bairro Berthier. \u201cTamb\u00e9m falta uma conscientiza\u00e7\u00e3o ambiental por parte das pessoas. \u00c9 uma situa\u00e7\u00e3o delicada e que causa danos a todos\u201d, ponderou.<br><br>O prefeito Pedro Almeida cobrar\u00e1 da Secretaria de Meio Ambiente uma a\u00e7\u00e3o emergente no local. \u201cVamos trabalhar na limpeza da sanga e em uma iniciativa que promova a conscientiza\u00e7\u00e3o da comunidade sobre os riscos da destina\u00e7\u00e3o incorreta dos res\u00edduos. Hoje,&nbsp;envolvendo a sociedade no cuidado com a cidade e viabilizando alternativas,&nbsp;o Munic\u00edpio conta,&nbsp;por exemplo,&nbsp;com o Ecoponto Municipal para que o descarte seja feito da forma certa\u201d, justificou.<\/p>\n\n\n\n<p><strong>Foto: Michel Sanderi<\/strong><\/p>\n","protected":false},"excerpt":{"rendered":"<p>Munic\u00edpio busca agilizar a conclus\u00e3o das interven\u00e7\u00f5es, que v\u00e3o garantir melhorias diretas para a vida dos moradores. Novo processo licitat\u00f3rio foi aberto ap\u00f3s a empresa respons\u00e1vel abandonar as obras<\/p>\n","protected":false},"author":6,"featured_media":1870,"comment_status":"closed","ping_status":"closed","sticky":true,"template":"","format":"standard","meta":{"footnotes":""},"categories":[12,13],"tags":[],"class_list":["post-1867","post","type-post","status-publish","format-standard","has-post-thumbnail","hentry","category-bairro-berthier","category-canalizacao"],"yoast_head":"<!-- This site is optimized with the Yoast SEO plugin v23.8 - https:\/\/yoast.com\/wordpress\/plugins\/seo\/ -->\n<title>Prefeitura abre nova licita\u00e7\u00e3o para canaliza\u00e7\u00e3o nos bairros Berthier e Victor Issler - Secretaria de Obras<\/title>\n<meta name=\"robots\" content=\"index, follow, max-snippet:-1, max-image-preview:large, max-video-preview:-1\" \/>\n<link rel=\"canonical\" href=\"https:\/\/www.pmpf.rs.gov.br\/secretaria-de-obras\/2023\/01\/12\/prefeitura-abre-nova-licitacao-para-canalizacao-nos-bairros-berthier-e-victor-issler\/\" \/>\n<meta property=\"og:locale\" content=\"pt_BR\" \/>\n<meta property=\"og:type\" content=\"article\" \/>\n<meta property=\"og:title\" content=\"Prefeitura abre nova licita\u00e7\u00e3o para canaliza\u00e7\u00e3o nos bairros Berthier e Victor Issler - Secretaria de Obras\" \/>\n<meta property=\"og:description\" content=\"Munic\u00edpio busca agilizar a conclus\u00e3o das interven\u00e7\u00f5es, que v\u00e3o garantir melhorias diretas para a vida dos moradores. Novo processo licitat\u00f3rio foi aberto ap\u00f3s a empresa respons\u00e1vel abandonar as obras\" \/>\n<meta property=\"og:url\" content=\"https:\/\/www.pmpf.rs.gov.br\/secretaria-de-obras\/2023\/01\/12\/prefeitura-abre-nova-licitacao-para-canalizacao-nos-bairros-berthier-e-victor-issler\/\" \/>\n<meta property=\"og:site_name\" content=\"Secretaria de Obras\" \/>\n<meta property=\"article:published_time\" content=\"2023-01-12T18:46:55+00:00\" \/>\n<meta property=\"article:modified_time\" content=\"2023-01-12T18:50:38+00:00\" \/>\n<meta property=\"og:image\" content=\"https:\/\/www.pmpf.rs.gov.br\/secretaria-de-obras\/wp-content\/uploads\/sites\/49\/2023\/01\/DSC01317-scaled.jpg\" \/>\n\t<meta property=\"og:image:width\" content=\"2560\" \/>\n\t<meta property=\"og:image:height\" content=\"1707\" \/>\n\t<meta property=\"og:image:type\" content=\"image\/jpeg\" \/>\n<meta name=\"author\" content=\"andressazorzetto07\" \/>\n<meta name=\"twitter:card\" content=\"summary_large_image\" \/>\n<meta name=\"twitter:label1\" content=\"Escrito por\" \/>\n\t<meta name=\"twitter:data1\" content=\"andressazorzetto07\" \/>\n\t<meta name=\"twitter:label2\" content=\"Est. tempo de leitura\" \/>\n\t<meta name=\"twitter:data2\" content=\"4 minutos\" \/>\n<script type=\"application\/ld+json\" class=\"yoast-schema-graph\">{\"@context\":\"https:\/\/schema.org\",\"@graph\":[{\"@type\":\"WebPage\",\"@id\":\"https:\/\/www.pmpf.rs.gov.br\/secretaria-de-obras\/2023\/01\/12\/prefeitura-abre-nova-licitacao-para-canalizacao-nos-bairros-berthier-e-victor-issler\/\",\"url\":\"https:\/\/www.pmpf.rs.gov.br\/secretaria-de-obras\/2023\/01\/12\/prefeitura-abre-nova-licitacao-para-canalizacao-nos-bairros-berthier-e-victor-issler\/\",\"name\":\"Prefeitura abre nova licita\u00e7\u00e3o para canaliza\u00e7\u00e3o nos bairros Berthier e Victor Issler - Secretaria de Obras\",\"isPartOf\":{\"@id\":\"https:\/\/www.pmpf.rs.gov.br\/secretaria-de-obras\/#website\"},\"primaryImageOfPage\":{\"@id\":\"https:\/\/www.pmpf.rs.gov.br\/secretaria-de-obras\/2023\/01\/12\/prefeitura-abre-nova-licitacao-para-canalizacao-nos-bairros-berthier-e-victor-issler\/#primaryimage\"},\"image\":{\"@id\":\"https:\/\/www.pmpf.rs.gov.br\/secretaria-de-obras\/2023\/01\/12\/prefeitura-abre-nova-licitacao-para-canalizacao-nos-bairros-berthier-e-victor-issler\/#primaryimage\"},\"thumbnailUrl\":\"https:\/\/www.pmpf.rs.gov.br\/secretaria-de-obras\/wp-content\/uploads\/sites\/49\/2023\/01\/DSC01315-scaled.jpg\",\"datePublished\":\"2023-01-12T18:46:55+00:00\",\"dateModified\":\"2023-01-12T18:50:38+00:00\",\"author\":{\"@id\":\"https:\/\/www.pmpf.rs.gov.br\/secretaria-de-obras\/#\/schema\/person\/30ee1d1bd74da1469b01fcf086e43351\"},\"breadcrumb\":{\"@id\":\"https:\/\/www.pmpf.rs.gov.br\/secretaria-de-obras\/2023\/01\/12\/prefeitura-abre-nova-licitacao-para-canalizacao-nos-bairros-berthier-e-victor-issler\/#breadcrumb\"},\"inLanguage\":\"pt-BR\",\"potentialAction\":[{\"@type\":\"ReadAction\",\"target\":[\"https:\/\/www.pmpf.rs.gov.br\/secretaria-de-obras\/2023\/01\/12\/prefeitura-abre-nova-licitacao-para-canalizacao-nos-bairros-berthier-e-victor-issler\/\"]}]},{\"@type\":\"ImageObject\",\"inLanguage\":\"pt-BR\",\"@id\":\"https:\/\/www.pmpf.rs.gov.br\/secretaria-de-obras\/2023\/01\/12\/prefeitura-abre-nova-licitacao-para-canalizacao-nos-bairros-berthier-e-victor-issler\/#primaryimage\",\"url\":\"https:\/\/www.pmpf.rs.gov.br\/secretaria-de-obras\/wp-content\/uploads\/sites\/49\/2023\/01\/DSC01315-scaled.jpg\",\"contentUrl\":\"https:\/\/www.pmpf.rs.gov.br\/secretaria-de-obras\/wp-content\/uploads\/sites\/49\/2023\/01\/DSC01315-scaled.jpg\",\"width\":2560,\"height\":1707},{\"@type\":\"BreadcrumbList\",\"@id\":\"https:\/\/www.pmpf.rs.gov.br\/secretaria-de-obras\/2023\/01\/12\/prefeitura-abre-nova-licitacao-para-canalizacao-nos-bairros-berthier-e-victor-issler\/#breadcrumb\",\"itemListElement\":[{\"@type\":\"ListItem\",\"position\":1,\"name\":\"In\u00edcio\",\"item\":\"https:\/\/www.pmpf.rs.gov.br\/secretaria-de-obras\/\"},{\"@type\":\"ListItem\",\"position\":2,\"name\":\"Prefeitura abre nova licita\u00e7\u00e3o para canaliza\u00e7\u00e3o nos bairros Berthier e Victor Issler\"}]},{\"@type\":\"WebSite\",\"@id\":\"https:\/\/www.pmpf.rs.gov.br\/secretaria-de-obras\/#website\",\"url\":\"https:\/\/www.pmpf.rs.gov.br\/secretaria-de-obras\/\",\"name\":\"Secretaria de Obras\",\"description\":\"S\u00f3 mais um site Prefeitura de Passo Fundo\",\"potentialAction\":[{\"@type\":\"SearchAction\",\"target\":{\"@type\":\"EntryPoint\",\"urlTemplate\":\"https:\/\/www.pmpf.rs.gov.br\/secretaria-de-obras\/?s={search_term_string}\"},\"query-input\":{\"@type\":\"PropertyValueSpecification\",\"valueRequired\":true,\"valueName\":\"search_term_string\"}}],\"inLanguage\":\"pt-BR\"},{\"@type\":\"Person\",\"@id\":\"https:\/\/www.pmpf.rs.gov.br\/secretaria-de-obras\/#\/schema\/person\/30ee1d1bd74da1469b01fcf086e43351\",\"name\":\"andressazorzetto07\",\"image\":{\"@type\":\"ImageObject\",\"inLanguage\":\"pt-BR\",\"@id\":\"https:\/\/www.pmpf.rs.gov.br\/secretaria-de-obras\/#\/schema\/person\/image\/\",\"url\":\"https:\/\/secure.gravatar.com\/avatar\/14c5458ed79dc81da99a13b9ff5f9f19?s=96&d=mm&r=g\",\"contentUrl\":\"https:\/\/secure.gravatar.com\/avatar\/14c5458ed79dc81da99a13b9ff5f9f19?s=96&d=mm&r=g\",\"caption\":\"andressazorzetto07\"},\"url\":\"https:\/\/www.pmpf.rs.gov.br\/secretaria-de-obras\/author\/andressazorzetto07\/\"}]}<\/script>\n<!-- \/ Yoast SEO plugin. -->","yoast_head_json":{"title":"Prefeitura abre nova licita\u00e7\u00e3o para canaliza\u00e7\u00e3o nos bairros Berthier e Victor Issler - Secretaria de Obras","robots":{"index":"index","follow":"follow","max-snippet":"max-snippet:-1","max-image-preview":"max-image-preview:large","max-video-preview":"max-video-preview:-1"},"canonical":"https:\/\/www.pmpf.rs.gov.br\/secretaria-de-obras\/2023\/01\/12\/prefeitura-abre-nova-licitacao-para-canalizacao-nos-bairros-berthier-e-victor-issler\/","og_locale":"pt_BR","og_type":"article","og_title":"Prefeitura abre nova licita\u00e7\u00e3o para canaliza\u00e7\u00e3o nos bairros Berthier e Victor Issler - Secretaria de Obras","og_description":"Munic\u00edpio busca agilizar a conclus\u00e3o das interven\u00e7\u00f5es, que v\u00e3o garantir melhorias diretas para a vida dos moradores. Novo processo licitat\u00f3rio foi aberto ap\u00f3s a empresa respons\u00e1vel abandonar as obras","og_url":"https:\/\/www.pmpf.rs.gov.br\/secretaria-de-obras\/2023\/01\/12\/prefeitura-abre-nova-licitacao-para-canalizacao-nos-bairros-berthier-e-victor-issler\/","og_site_name":"Secretaria de Obras","article_published_time":"2023-01-12T18:46:55+00:00","article_modified_time":"2023-01-12T18:50:38+00:00","og_image":[{"width":2560,"height":1707,"url":"https:\/\/www.pmpf.rs.gov.br\/secretaria-de-obras\/wp-content\/uploads\/sites\/49\/2023\/01\/DSC01317-scaled.jpg","type":"image\/jpeg"}],"author":"andressazorzetto07","twitter_card":"summary_large_image","twitter_misc":{"Escrito por":"andressazorzetto07","Est. tempo de leitura":"4 minutos"},"schema":{"@context":"https:\/\/schema.org","@graph":[{"@type":"WebPage","@id":"https:\/\/www.pmpf.rs.gov.br\/secretaria-de-obras\/2023\/01\/12\/prefeitura-abre-nova-licitacao-para-canalizacao-nos-bairros-berthier-e-victor-issler\/","url":"https:\/\/www.pmpf.rs.gov.br\/secretaria-de-obras\/2023\/01\/12\/prefeitura-abre-nova-licitacao-para-canalizacao-nos-bairros-berthier-e-victor-issler\/","name":"Prefeitura abre nova licita\u00e7\u00e3o para canaliza\u00e7\u00e3o nos bairros Berthier e Victor Issler - Secretaria de Obras","isPartOf":{"@id":"https:\/\/www.pmpf.rs.gov.br\/secretaria-de-obras\/#website"},"primaryImageOfPage":{"@id":"https:\/\/www.pmpf.rs.gov.br\/secretaria-de-obras\/2023\/01\/12\/prefeitura-abre-nova-licitacao-para-canalizacao-nos-bairros-berthier-e-victor-issler\/#primaryimage"},"image":{"@id":"https:\/\/www.pmpf.rs.gov.br\/secretaria-de-obras\/2023\/01\/12\/prefeitura-abre-nova-licitacao-para-canalizacao-nos-bairros-berthier-e-victor-issler\/#primaryimage"},"thumbnailUrl":"https:\/\/www.pmpf.rs.gov.br\/secretaria-de-obras\/wp-content\/uploads\/sites\/49\/2023\/01\/DSC01315-scaled.jpg","datePublished":"2023-01-12T18:46:55+00:00","dateModified":"2023-01-12T18:50:38+00:00","author":{"@id":"https:\/\/www.pmpf.rs.gov.br\/secretaria-de-obras\/#\/schema\/person\/30ee1d1bd74da1469b01fcf086e43351"},"breadcrumb":{"@id":"https:\/\/www.pmpf.rs.gov.br\/secretaria-de-obras\/2023\/01\/12\/prefeitura-abre-nova-licitacao-para-canalizacao-nos-bairros-berthier-e-victor-issler\/#breadcrumb"},"inLanguage":"pt-BR","potentialAction":[{"@type":"ReadAction","target":["https:\/\/www.pmpf.rs.gov.br\/secretaria-de-obras\/2023\/01\/12\/prefeitura-abre-nova-licitacao-para-canalizacao-nos-bairros-berthier-e-victor-issler\/"]}]},{"@type":"ImageObject","inLanguage":"pt-BR","@id":"https:\/\/www.pmpf.rs.gov.br\/secretaria-de-obras\/2023\/01\/12\/prefeitura-abre-nova-licitacao-para-canalizacao-nos-bairros-berthier-e-victor-issler\/#primaryimage","url":"https:\/\/www.pmpf.rs.gov.br\/secretaria-de-obras\/wp-content\/uploads\/sites\/49\/2023\/01\/DSC01315-scaled.jpg","contentUrl":"https:\/\/www.pmpf.rs.gov.br\/secretaria-de-obras\/wp-content\/uploads\/sites\/49\/2023\/01\/DSC01315-scaled.jpg","width":2560,"height":1707},{"@type":"BreadcrumbList","@id":"https:\/\/www.pmpf.rs.gov.br\/secretaria-de-obras\/2023\/01\/12\/prefeitura-abre-nova-licitacao-para-canalizacao-nos-bairros-berthier-e-victor-issler\/#breadcrumb","itemListElement":[{"@type":"ListItem","position":1,"name":"In\u00edcio","item":"https:\/\/www.pmpf.rs.gov.br\/secretaria-de-obras\/"},{"@type":"ListItem","position":2,"name":"Prefeitura abre nova licita\u00e7\u00e3o para canaliza\u00e7\u00e3o nos bairros Berthier e Victor Issler"}]},{"@type":"WebSite","@id":"https:\/\/www.pmpf.rs.gov.br\/secretaria-de-obras\/#website","url":"https:\/\/www.pmpf.rs.gov.br\/secretaria-de-obras\/","name":"Secretaria de Obras","description":"S\u00f3 mais um site Prefeitura de Passo Fundo","potentialAction":[{"@type":"SearchAction","target":{"@type":"EntryPoint","urlTemplate":"https:\/\/www.pmpf.rs.gov.br\/secretaria-de-obras\/?s={search_term_string}"},"query-input":{"@type":"PropertyValueSpecification","valueRequired":true,"valueName":"search_term_string"}}],"inLanguage":"pt-BR"},{"@type":"Person","@id":"https:\/\/www.pmpf.rs.gov.br\/secretaria-de-obras\/#\/schema\/person\/30ee1d1bd74da1469b01fcf086e43351","name":"andressazorzetto07","image":{"@type":"ImageObject","inLanguage":"pt-BR","@id":"https:\/\/www.pmpf.rs.gov.br\/secretaria-de-obras\/#\/schema\/person\/image\/","url":"https:\/\/secure.gravatar.com\/avatar\/14c5458ed79dc81da99a13b9ff5f9f19?s=96&d=mm&r=g","contentUrl":"https:\/\/secure.gravatar.com\/avatar\/14c5458ed79dc81da99a13b9ff5f9f19?s=96&d=mm&r=g","caption":"andressazorzetto07"},"url":"https:\/\/www.pmpf.rs.gov.br\/secretaria-de-obras\/author\/andressazorzetto07\/"}]}},"_links":{"self":[{"href":"https:\/\/www.pmpf.rs.gov.br\/secretaria-de-obras\/wp-json\/wp\/v2\/posts\/1867"}],"collection":[{"href":"https:\/\/www.pmpf.rs.gov.br\/secretaria-de-obras\/wp-json\/wp\/v2\/posts"}],"about":[{"href":"https:\/\/www.pmpf.rs.gov.br\/secretaria-de-obras\/wp-json\/wp\/v2\/types\/post"}],"author":[{"embeddable":true,"href":"https:\/\/www.pmpf.rs.gov.br\/secretaria-de-obras\/wp-json\/wp\/v2\/users\/6"}],"replies":[{"embeddable":true,"href":"https:\/\/www.pmpf.rs.gov.br\/secretaria-de-obras\/wp-json\/wp\/v2\/comments?post=1867"}],"version-history":[{"count":2,"href":"https:\/\/www.pmpf.rs.gov.br\/secretaria-de-obras\/wp-json\/wp\/v2\/posts\/1867\/revisions"}],"predecessor-version":[{"id":1871,"href":"https:\/\/www.pmpf.rs.gov.br\/secretaria-de-obras\/wp-json\/wp\/v2\/posts\/1867\/revisions\/1871"}],"wp:featuredmedia":[{"embeddable":true,"href":"https:\/\/www.pmpf.rs.gov.br\/secretaria-de-obras\/wp-json\/wp\/v2\/media\/1870"}],"wp:attachment":[{"href":"https:\/\/www.pmpf.rs.gov.br\/secretaria-de-obras\/wp-json\/wp\/v2\/media?parent=1867"}],"wp:term":[{"taxonomy":"category","embeddable":true,"href":"https:\/\/www.pmpf.rs.gov.br\/secretaria-de-obras\/wp-json\/wp\/v2\/categories?post=1867"},{"taxonomy":"post_tag","embeddable":true,"href":"https:\/\/www.pmpf.rs.gov.br\/secretaria-de-obras\/wp-json\/wp\/v2\/tags?post=1867"}],"curies":[{"name":"wp","href":"https:\/\/api.w.org\/{rel}","templated":true}]}}