{"id":1829,"date":"2022-10-19T13:54:46","date_gmt":"2022-10-19T16:54:46","guid":{"rendered":"https:\/\/www.pmpf.rs.gov.br\/secretaria-de-obras\/?p=1829"},"modified":"2022-10-19T13:54:47","modified_gmt":"2022-10-19T16:54:47","slug":"prefeitura-inicia-a-revitalizacao-da-avenida-araucaria","status":"publish","type":"post","link":"https:\/\/www.pmpf.rs.gov.br\/secretaria-de-obras\/2022\/10\/19\/prefeitura-inicia-a-revitalizacao-da-avenida-araucaria\/","title":{"rendered":"Prefeitura inicia a revitaliza\u00e7\u00e3o da avenida Arauc\u00e1ria"},"content":{"rendered":"\n<p><br><br>A Prefeitura de Passo Fundo iniciou nesta quarta-feira (19) mais uma etapa importante das melhorias de infraestrutura no Complexo Tur\u00edstico da Rosel\u00e2ndia. A empresa contratada est\u00e1 executando os servi\u00e7os de canaliza\u00e7\u00e3o da Avenida Arauc\u00e1ria, que d\u00e1 acesso ao complexo e ser\u00e1 revitalizada em uma extens\u00e3o de 2,4 quil\u00f4metros.<br><br>\u201cA obra \u00e9 importante para os moradores daquela regi\u00e3o, para quem utiliza aquele acesso aos clubes sociais e Parque de Rodeios, mas, principalmente, para ampliar o turismo e os investimentos futuros no Complexo Tur\u00edstico. Vamos potencializar o Turismo local com essa s\u00e9rie de melhorias\u201d, destacou o prefeito Pedro Almeida.<br><br>Conforme o secret\u00e1rio de Obras, Rubens Astolfi, a obra de revitaliza\u00e7\u00e3o e a qualifica\u00e7\u00e3o da Avenida Arauc\u00e1ria v\u00e3o beneficiar muito a popula\u00e7\u00e3o. \u201cEsse conjunto de melhorias \u00e9 importante para a cidade como futuro polo de turismo. A obra est\u00e1 iniciando com a melhoria no sistema de drenagem e depois ter\u00e1 a pavimenta\u00e7\u00e3o e obras complementares\u201d, explicou.<br><br>As obras contemplar\u00e3o drenagem, pavimenta\u00e7\u00e3o asf\u00e1ltica, paisagismo, implanta\u00e7\u00e3o de ciclofaixa sinalizada e de uma \u00e1rea para caminhadas no canteiro central. Na fase da nova ilumina\u00e7\u00e3o, que ser\u00e1 em LED no trecho entre o P\u00f3rtico, at\u00e9 pr\u00f3ximo \u00e0 pista de veloterra e kart\u00f3dromo, ser\u00e3o instaladas lumin\u00e1rias de 2 n\u00edveis.<br><br>A revitaliza\u00e7\u00e3o da Rosel\u00e2ndia foi contemplada pelo Governo do Estado dentro programa Avan\u00e7ar no Turismo, ap\u00f3s apresenta\u00e7\u00e3o de projeto da Prefeitura para expans\u00e3o e amplia\u00e7\u00e3o do turismo na regi\u00e3o. O investimento contar\u00e1 com R$ 3 milh\u00f5es de recursos estaduais e R$ 2,4 milh\u00f5es de contrapartida do Munic\u00edpio. O prazo previsto para conclus\u00e3o da obra \u00e9 de 5 meses.<\/p>\n\n\n\n<p><strong>Fotos: Michel Sanderi<\/strong><\/p>\n","protected":false},"excerpt":{"rendered":"<p>Acesso ao Parque da Rosel\u00e2ndia ter\u00e1 obras em toda sua extens\u00e3o<\/p>\n","protected":false},"author":6,"featured_media":1830,"comment_status":"closed","ping_status":"closed","sticky":false,"template":"","format":"standard","meta":{"footnotes":""},"categories":[1],"tags":[],"class_list":["post-1829","post","type-post","status-publish","format-standard","has-post-thumbnail","hentry","category-sem-categoria"],"yoast_head":"<!-- This site is optimized with the Yoast SEO plugin v23.8 - https:\/\/yoast.com\/wordpress\/plugins\/seo\/ -->\n<title>Prefeitura inicia a revitaliza\u00e7\u00e3o da avenida Arauc\u00e1ria - Secretaria de Obras<\/title>\n<meta name=\"robots\" content=\"index, follow, max-snippet:-1, max-image-preview:large, max-video-preview:-1\" \/>\n<link rel=\"canonical\" href=\"https:\/\/www.pmpf.rs.gov.br\/secretaria-de-obras\/2022\/10\/19\/prefeitura-inicia-a-revitalizacao-da-avenida-araucaria\/\" \/>\n<meta property=\"og:locale\" content=\"pt_BR\" \/>\n<meta property=\"og:type\" content=\"article\" \/>\n<meta property=\"og:title\" content=\"Prefeitura inicia a revitaliza\u00e7\u00e3o da avenida Arauc\u00e1ria - Secretaria de Obras\" \/>\n<meta property=\"og:description\" content=\"Acesso ao Parque da Rosel\u00e2ndia ter\u00e1 obras em toda sua extens\u00e3o\" \/>\n<meta property=\"og:url\" content=\"https:\/\/www.pmpf.rs.gov.br\/secretaria-de-obras\/2022\/10\/19\/prefeitura-inicia-a-revitalizacao-da-avenida-araucaria\/\" \/>\n<meta property=\"og:site_name\" content=\"Secretaria de Obras\" \/>\n<meta property=\"article:published_time\" content=\"2022-10-19T16:54:46+00:00\" \/>\n<meta property=\"article:modified_time\" content=\"2022-10-19T16:54:47+00:00\" \/>\n<meta name=\"author\" content=\"andressazorzetto07\" \/>\n<meta name=\"twitter:card\" content=\"summary_large_image\" \/>\n<meta name=\"twitter:label1\" content=\"Escrito por\" \/>\n\t<meta name=\"twitter:data1\" content=\"andressazorzetto07\" \/>\n\t<meta name=\"twitter:label2\" content=\"Est. tempo de leitura\" \/>\n\t<meta name=\"twitter:data2\" content=\"1 minuto\" \/>\n<script type=\"application\/ld+json\" class=\"yoast-schema-graph\">{\"@context\":\"https:\/\/schema.org\",\"@graph\":[{\"@type\":\"WebPage\",\"@id\":\"https:\/\/www.pmpf.rs.gov.br\/secretaria-de-obras\/2022\/10\/19\/prefeitura-inicia-a-revitalizacao-da-avenida-araucaria\/\",\"url\":\"https:\/\/www.pmpf.rs.gov.br\/secretaria-de-obras\/2022\/10\/19\/prefeitura-inicia-a-revitalizacao-da-avenida-araucaria\/\",\"name\":\"Prefeitura inicia a revitaliza\u00e7\u00e3o da avenida Arauc\u00e1ria - Secretaria de Obras\",\"isPartOf\":{\"@id\":\"https:\/\/www.pmpf.rs.gov.br\/secretaria-de-obras\/#website\"},\"primaryImageOfPage\":{\"@id\":\"https:\/\/www.pmpf.rs.gov.br\/secretaria-de-obras\/2022\/10\/19\/prefeitura-inicia-a-revitalizacao-da-avenida-araucaria\/#primaryimage\"},\"image\":{\"@id\":\"https:\/\/www.pmpf.rs.gov.br\/secretaria-de-obras\/2022\/10\/19\/prefeitura-inicia-a-revitalizacao-da-avenida-araucaria\/#primaryimage\"},\"thumbnailUrl\":\"https:\/\/www.pmpf.rs.gov.br\/secretaria-de-obras\/wp-content\/uploads\/sites\/49\/2022\/10\/araucaria2.jpg\",\"datePublished\":\"2022-10-19T16:54:46+00:00\",\"dateModified\":\"2022-10-19T16:54:47+00:00\",\"author\":{\"@id\":\"https:\/\/www.pmpf.rs.gov.br\/secretaria-de-obras\/#\/schema\/person\/30ee1d1bd74da1469b01fcf086e43351\"},\"breadcrumb\":{\"@id\":\"https:\/\/www.pmpf.rs.gov.br\/secretaria-de-obras\/2022\/10\/19\/prefeitura-inicia-a-revitalizacao-da-avenida-araucaria\/#breadcrumb\"},\"inLanguage\":\"pt-BR\",\"potentialAction\":[{\"@type\":\"ReadAction\",\"target\":[\"https:\/\/www.pmpf.rs.gov.br\/secretaria-de-obras\/2022\/10\/19\/prefeitura-inicia-a-revitalizacao-da-avenida-araucaria\/\"]}]},{\"@type\":\"ImageObject\",\"inLanguage\":\"pt-BR\",\"@id\":\"https:\/\/www.pmpf.rs.gov.br\/secretaria-de-obras\/2022\/10\/19\/prefeitura-inicia-a-revitalizacao-da-avenida-araucaria\/#primaryimage\",\"url\":\"https:\/\/www.pmpf.rs.gov.br\/secretaria-de-obras\/wp-content\/uploads\/sites\/49\/2022\/10\/araucaria2.jpg\",\"contentUrl\":\"https:\/\/www.pmpf.rs.gov.br\/secretaria-de-obras\/wp-content\/uploads\/sites\/49\/2022\/10\/araucaria2.jpg\",\"width\":1156,\"height\":867},{\"@type\":\"BreadcrumbList\",\"@id\":\"https:\/\/www.pmpf.rs.gov.br\/secretaria-de-obras\/2022\/10\/19\/prefeitura-inicia-a-revitalizacao-da-avenida-araucaria\/#breadcrumb\",\"itemListElement\":[{\"@type\":\"ListItem\",\"position\":1,\"name\":\"In\u00edcio\",\"item\":\"https:\/\/www.pmpf.rs.gov.br\/secretaria-de-obras\/\"},{\"@type\":\"ListItem\",\"position\":2,\"name\":\"Prefeitura inicia a revitaliza\u00e7\u00e3o da avenida Arauc\u00e1ria\"}]},{\"@type\":\"WebSite\",\"@id\":\"https:\/\/www.pmpf.rs.gov.br\/secretaria-de-obras\/#website\",\"url\":\"https:\/\/www.pmpf.rs.gov.br\/secretaria-de-obras\/\",\"name\":\"Secretaria de Obras\",\"description\":\"S\u00f3 mais um site Prefeitura de Passo Fundo\",\"potentialAction\":[{\"@type\":\"SearchAction\",\"target\":{\"@type\":\"EntryPoint\",\"urlTemplate\":\"https:\/\/www.pmpf.rs.gov.br\/secretaria-de-obras\/?s={search_term_string}\"},\"query-input\":{\"@type\":\"PropertyValueSpecification\",\"valueRequired\":true,\"valueName\":\"search_term_string\"}}],\"inLanguage\":\"pt-BR\"},{\"@type\":\"Person\",\"@id\":\"https:\/\/www.pmpf.rs.gov.br\/secretaria-de-obras\/#\/schema\/person\/30ee1d1bd74da1469b01fcf086e43351\",\"name\":\"andressazorzetto07\",\"image\":{\"@type\":\"ImageObject\",\"inLanguage\":\"pt-BR\",\"@id\":\"https:\/\/www.pmpf.rs.gov.br\/secretaria-de-obras\/#\/schema\/person\/image\/\",\"url\":\"https:\/\/secure.gravatar.com\/avatar\/14c5458ed79dc81da99a13b9ff5f9f19?s=96&d=mm&r=g\",\"contentUrl\":\"https:\/\/secure.gravatar.com\/avatar\/14c5458ed79dc81da99a13b9ff5f9f19?s=96&d=mm&r=g\",\"caption\":\"andressazorzetto07\"},\"url\":\"https:\/\/www.pmpf.rs.gov.br\/secretaria-de-obras\/author\/andressazorzetto07\/\"}]}<\/script>\n<!-- \/ Yoast SEO plugin. -->","yoast_head_json":{"title":"Prefeitura inicia a revitaliza\u00e7\u00e3o da avenida Arauc\u00e1ria - Secretaria de Obras","robots":{"index":"index","follow":"follow","max-snippet":"max-snippet:-1","max-image-preview":"max-image-preview:large","max-video-preview":"max-video-preview:-1"},"canonical":"https:\/\/www.pmpf.rs.gov.br\/secretaria-de-obras\/2022\/10\/19\/prefeitura-inicia-a-revitalizacao-da-avenida-araucaria\/","og_locale":"pt_BR","og_type":"article","og_title":"Prefeitura inicia a revitaliza\u00e7\u00e3o da avenida Arauc\u00e1ria - Secretaria de Obras","og_description":"Acesso ao Parque da Rosel\u00e2ndia ter\u00e1 obras em toda sua extens\u00e3o","og_url":"https:\/\/www.pmpf.rs.gov.br\/secretaria-de-obras\/2022\/10\/19\/prefeitura-inicia-a-revitalizacao-da-avenida-araucaria\/","og_site_name":"Secretaria de Obras","article_published_time":"2022-10-19T16:54:46+00:00","article_modified_time":"2022-10-19T16:54:47+00:00","author":"andressazorzetto07","twitter_card":"summary_large_image","twitter_misc":{"Escrito por":"andressazorzetto07","Est. tempo de leitura":"1 minuto"},"schema":{"@context":"https:\/\/schema.org","@graph":[{"@type":"WebPage","@id":"https:\/\/www.pmpf.rs.gov.br\/secretaria-de-obras\/2022\/10\/19\/prefeitura-inicia-a-revitalizacao-da-avenida-araucaria\/","url":"https:\/\/www.pmpf.rs.gov.br\/secretaria-de-obras\/2022\/10\/19\/prefeitura-inicia-a-revitalizacao-da-avenida-araucaria\/","name":"Prefeitura inicia a revitaliza\u00e7\u00e3o da avenida Arauc\u00e1ria - Secretaria de Obras","isPartOf":{"@id":"https:\/\/www.pmpf.rs.gov.br\/secretaria-de-obras\/#website"},"primaryImageOfPage":{"@id":"https:\/\/www.pmpf.rs.gov.br\/secretaria-de-obras\/2022\/10\/19\/prefeitura-inicia-a-revitalizacao-da-avenida-araucaria\/#primaryimage"},"image":{"@id":"https:\/\/www.pmpf.rs.gov.br\/secretaria-de-obras\/2022\/10\/19\/prefeitura-inicia-a-revitalizacao-da-avenida-araucaria\/#primaryimage"},"thumbnailUrl":"https:\/\/www.pmpf.rs.gov.br\/secretaria-de-obras\/wp-content\/uploads\/sites\/49\/2022\/10\/araucaria2.jpg","datePublished":"2022-10-19T16:54:46+00:00","dateModified":"2022-10-19T16:54:47+00:00","author":{"@id":"https:\/\/www.pmpf.rs.gov.br\/secretaria-de-obras\/#\/schema\/person\/30ee1d1bd74da1469b01fcf086e43351"},"breadcrumb":{"@id":"https:\/\/www.pmpf.rs.gov.br\/secretaria-de-obras\/2022\/10\/19\/prefeitura-inicia-a-revitalizacao-da-avenida-araucaria\/#breadcrumb"},"inLanguage":"pt-BR","potentialAction":[{"@type":"ReadAction","target":["https:\/\/www.pmpf.rs.gov.br\/secretaria-de-obras\/2022\/10\/19\/prefeitura-inicia-a-revitalizacao-da-avenida-araucaria\/"]}]},{"@type":"ImageObject","inLanguage":"pt-BR","@id":"https:\/\/www.pmpf.rs.gov.br\/secretaria-de-obras\/2022\/10\/19\/prefeitura-inicia-a-revitalizacao-da-avenida-araucaria\/#primaryimage","url":"https:\/\/www.pmpf.rs.gov.br\/secretaria-de-obras\/wp-content\/uploads\/sites\/49\/2022\/10\/araucaria2.jpg","contentUrl":"https:\/\/www.pmpf.rs.gov.br\/secretaria-de-obras\/wp-content\/uploads\/sites\/49\/2022\/10\/araucaria2.jpg","width":1156,"height":867},{"@type":"BreadcrumbList","@id":"https:\/\/www.pmpf.rs.gov.br\/secretaria-de-obras\/2022\/10\/19\/prefeitura-inicia-a-revitalizacao-da-avenida-araucaria\/#breadcrumb","itemListElement":[{"@type":"ListItem","position":1,"name":"In\u00edcio","item":"https:\/\/www.pmpf.rs.gov.br\/secretaria-de-obras\/"},{"@type":"ListItem","position":2,"name":"Prefeitura inicia a revitaliza\u00e7\u00e3o da avenida Arauc\u00e1ria"}]},{"@type":"WebSite","@id":"https:\/\/www.pmpf.rs.gov.br\/secretaria-de-obras\/#website","url":"https:\/\/www.pmpf.rs.gov.br\/secretaria-de-obras\/","name":"Secretaria de Obras","description":"S\u00f3 mais um site Prefeitura de Passo Fundo","potentialAction":[{"@type":"SearchAction","target":{"@type":"EntryPoint","urlTemplate":"https:\/\/www.pmpf.rs.gov.br\/secretaria-de-obras\/?s={search_term_string}"},"query-input":{"@type":"PropertyValueSpecification","valueRequired":true,"valueName":"search_term_string"}}],"inLanguage":"pt-BR"},{"@type":"Person","@id":"https:\/\/www.pmpf.rs.gov.br\/secretaria-de-obras\/#\/schema\/person\/30ee1d1bd74da1469b01fcf086e43351","name":"andressazorzetto07","image":{"@type":"ImageObject","inLanguage":"pt-BR","@id":"https:\/\/www.pmpf.rs.gov.br\/secretaria-de-obras\/#\/schema\/person\/image\/","url":"https:\/\/secure.gravatar.com\/avatar\/14c5458ed79dc81da99a13b9ff5f9f19?s=96&d=mm&r=g","contentUrl":"https:\/\/secure.gravatar.com\/avatar\/14c5458ed79dc81da99a13b9ff5f9f19?s=96&d=mm&r=g","caption":"andressazorzetto07"},"url":"https:\/\/www.pmpf.rs.gov.br\/secretaria-de-obras\/author\/andressazorzetto07\/"}]}},"_links":{"self":[{"href":"https:\/\/www.pmpf.rs.gov.br\/secretaria-de-obras\/wp-json\/wp\/v2\/posts\/1829"}],"collection":[{"href":"https:\/\/www.pmpf.rs.gov.br\/secretaria-de-obras\/wp-json\/wp\/v2\/posts"}],"about":[{"href":"https:\/\/www.pmpf.rs.gov.br\/secretaria-de-obras\/wp-json\/wp\/v2\/types\/post"}],"author":[{"embeddable":true,"href":"https:\/\/www.pmpf.rs.gov.br\/secretaria-de-obras\/wp-json\/wp\/v2\/users\/6"}],"replies":[{"embeddable":true,"href":"https:\/\/www.pmpf.rs.gov.br\/secretaria-de-obras\/wp-json\/wp\/v2\/comments?post=1829"}],"version-history":[{"count":1,"href":"https:\/\/www.pmpf.rs.gov.br\/secretaria-de-obras\/wp-json\/wp\/v2\/posts\/1829\/revisions"}],"predecessor-version":[{"id":1831,"href":"https:\/\/www.pmpf.rs.gov.br\/secretaria-de-obras\/wp-json\/wp\/v2\/posts\/1829\/revisions\/1831"}],"wp:featuredmedia":[{"embeddable":true,"href":"https:\/\/www.pmpf.rs.gov.br\/secretaria-de-obras\/wp-json\/wp\/v2\/media\/1830"}],"wp:attachment":[{"href":"https:\/\/www.pmpf.rs.gov.br\/secretaria-de-obras\/wp-json\/wp\/v2\/media?parent=1829"}],"wp:term":[{"taxonomy":"category","embeddable":true,"href":"https:\/\/www.pmpf.rs.gov.br\/secretaria-de-obras\/wp-json\/wp\/v2\/categories?post=1829"},{"taxonomy":"post_tag","embeddable":true,"href":"https:\/\/www.pmpf.rs.gov.br\/secretaria-de-obras\/wp-json\/wp\/v2\/tags?post=1829"}],"curies":[{"name":"wp","href":"https:\/\/api.w.org\/{rel}","templated":true}]}}