{"id":1817,"date":"2022-10-05T15:15:32","date_gmt":"2022-10-05T18:15:32","guid":{"rendered":"https:\/\/www.pmpf.rs.gov.br\/secretaria-de-obras\/?p=1817"},"modified":"2022-10-05T15:15:32","modified_gmt":"2022-10-05T18:15:32","slug":"lancado-edital-de-contratacao-de-empresa-que-realizara-obra-da-av-presidente-vargas","status":"publish","type":"post","link":"https:\/\/www.pmpf.rs.gov.br\/secretaria-de-obras\/2022\/10\/05\/lancado-edital-de-contratacao-de-empresa-que-realizara-obra-da-av-presidente-vargas\/","title":{"rendered":"Lan\u00e7ado edital de contrata\u00e7\u00e3o de empresa que realizar\u00e1 obra da Av. Presidente Vargas"},"content":{"rendered":"\n<p>O prefeito de Passo Fundo, Pedro Almeida, assinou, nesta semana, a abertura do edital para a contrata\u00e7\u00e3o da empresa que realizar\u00e1 a obra de revitaliza\u00e7\u00e3o e moderniza\u00e7\u00e3o da Avenida Presidente Vargas, anunciada em agosto durante as programa\u00e7\u00f5es alusivas ao anivers\u00e1rio de 165 anos do Munic\u00edpio.<\/p>\n\n\n\n<p>De acordo com o prefeito, a obra prev\u00ea a renova\u00e7\u00e3o do pavimento em um trecho de 5,2 quil\u00f4metros de extens\u00e3o da via, entre a Rua General Canabarro e o Trevo do Ricci, al\u00e9m dos servi\u00e7os de drenagem, ilumina\u00e7\u00e3o, sinaliza\u00e7\u00e3o vi\u00e1ria, paisagismo e a expans\u00e3o dos canteiros centrais com a inclus\u00e3o de ciclovia e caminh\u00f3dromo. \u201cO projeto de moderniza\u00e7\u00e3o ainda contempla o alargamento do canteiro central com a transforma\u00e7\u00e3o da ciclofaixa em uma ciclovia de 4,8 km entre a avenida Sete de Setembro e o trevo do Ricci e, entre as ruas Clementino Lu\u00eds Vieira e Claudino Toldo, a inclus\u00e3o do caminh\u00f3dromo\u201d, destacou Pedro.<\/p>\n\n\n\n<p>O secret\u00e1rio de Obras, Rubens Astolfi, informou que no edital publicado pela Prefeitura est\u00e3o destacadas as especifica\u00e7\u00f5es e informa\u00e7\u00f5es da obra e que os envelopes com as propostas das empresas interessadas em assumir o trabalho ser\u00e3o abertos no dia 27 de novembro, pela Comiss\u00e3o de Licita\u00e7\u00f5es e Conv\u00eanios. \u201cEsta \u00e9 uma etapa importante para darmos sequ\u00eancia ao projeto da Avenida Presidente Vargas, uma importante via da nossa cidade\u201d, comentou ele, acrescentando que o asfalto ser\u00e1 refor\u00e7ado no local para comportar o tr\u00e2nsito. \u201cAs melhorias na pavimenta\u00e7\u00e3o foram projetadas a partir de um diagn\u00f3stico t\u00e9cnico baseado em ensaios de engenharia, que apontaram para tr\u00eas diferentes tipos de solu\u00e7\u00e3o para o trecho: refor\u00e7o estrutural no pavimento; trechos com fresagem e capa nova de asfalto; e pavimentos em concreto nas paradas de \u00f4nibus, como os da Avenida Brasil, para garantir a preserva\u00e7\u00e3o\u201d.<\/p>\n\n\n\n<p>Al\u00e9m disso, uma das necessidades atuais da Presidente Vargas e que ser\u00e1 atendida \u00e9 a ciclovia. O espa\u00e7o ser\u00e1 anexado aos canteiros centrais logo no cruzamento com a Avenida Sete de Setembro e contar\u00e1 com caminh\u00f3dromo a partir das imedia\u00e7\u00f5es de acesso ao Bairro Planaltina. \u201cCom rela\u00e7\u00e3o \u00e0 ciclofaixa que existe atualmente, a nova ciclovia ter\u00e1 uma extens\u00e3o 3,3 quil\u00f4metros maiores. A \u00e1rea receber\u00e1 ilumina\u00e7\u00e3o em LED, que tamb\u00e9m ser\u00e1 posicionada para a via\u201d, finalizou Rubens.<\/p>\n","protected":false},"excerpt":{"rendered":"<p>Anunciada durante as programa\u00e7\u00f5es alusivas ao anivers\u00e1rio de 165 anos de Passo Fundo, a obra revitalizar\u00e1 um trecho de mais de 5 quil\u00f4metros de extens\u00e3o<\/p>\n","protected":false},"author":14,"featured_media":1818,"comment_status":"closed","ping_status":"closed","sticky":false,"template":"","format":"standard","meta":{"footnotes":""},"categories":[14,19],"tags":[],"class_list":["post-1817","post","type-post","status-publish","format-standard","has-post-thumbnail","hentry","category-asfalto","category-avenida-presidente-vargas"],"yoast_head":"<!-- This site is optimized with the Yoast SEO plugin v23.8 - https:\/\/yoast.com\/wordpress\/plugins\/seo\/ -->\n<title>Lan\u00e7ado edital de contrata\u00e7\u00e3o de empresa que realizar\u00e1 obra da Av. Presidente Vargas - Secretaria de Obras<\/title>\n<meta name=\"robots\" content=\"index, follow, max-snippet:-1, max-image-preview:large, max-video-preview:-1\" \/>\n<link rel=\"canonical\" href=\"https:\/\/www.pmpf.rs.gov.br\/secretaria-de-obras\/2022\/10\/05\/lancado-edital-de-contratacao-de-empresa-que-realizara-obra-da-av-presidente-vargas\/\" \/>\n<meta property=\"og:locale\" content=\"pt_BR\" \/>\n<meta property=\"og:type\" content=\"article\" \/>\n<meta property=\"og:title\" content=\"Lan\u00e7ado edital de contrata\u00e7\u00e3o de empresa que realizar\u00e1 obra da Av. Presidente Vargas - Secretaria de Obras\" \/>\n<meta property=\"og:description\" content=\"Anunciada durante as programa\u00e7\u00f5es alusivas ao anivers\u00e1rio de 165 anos de Passo Fundo, a obra revitalizar\u00e1 um trecho de mais de 5 quil\u00f4metros de extens\u00e3o\" \/>\n<meta property=\"og:url\" content=\"https:\/\/www.pmpf.rs.gov.br\/secretaria-de-obras\/2022\/10\/05\/lancado-edital-de-contratacao-de-empresa-que-realizara-obra-da-av-presidente-vargas\/\" \/>\n<meta property=\"og:site_name\" content=\"Secretaria de Obras\" \/>\n<meta property=\"article:published_time\" content=\"2022-10-05T18:15:32+00:00\" \/>\n<meta name=\"author\" content=\"crispuhll\" \/>\n<meta name=\"twitter:card\" content=\"summary_large_image\" \/>\n<meta name=\"twitter:label1\" content=\"Escrito por\" \/>\n\t<meta name=\"twitter:data1\" content=\"crispuhll\" \/>\n\t<meta name=\"twitter:label2\" content=\"Est. tempo de leitura\" \/>\n\t<meta name=\"twitter:data2\" content=\"2 minutos\" \/>\n<script type=\"application\/ld+json\" class=\"yoast-schema-graph\">{\"@context\":\"https:\/\/schema.org\",\"@graph\":[{\"@type\":\"WebPage\",\"@id\":\"https:\/\/www.pmpf.rs.gov.br\/secretaria-de-obras\/2022\/10\/05\/lancado-edital-de-contratacao-de-empresa-que-realizara-obra-da-av-presidente-vargas\/\",\"url\":\"https:\/\/www.pmpf.rs.gov.br\/secretaria-de-obras\/2022\/10\/05\/lancado-edital-de-contratacao-de-empresa-que-realizara-obra-da-av-presidente-vargas\/\",\"name\":\"Lan\u00e7ado edital de contrata\u00e7\u00e3o de empresa que realizar\u00e1 obra da Av. Presidente Vargas - Secretaria de Obras\",\"isPartOf\":{\"@id\":\"https:\/\/www.pmpf.rs.gov.br\/secretaria-de-obras\/#website\"},\"primaryImageOfPage\":{\"@id\":\"https:\/\/www.pmpf.rs.gov.br\/secretaria-de-obras\/2022\/10\/05\/lancado-edital-de-contratacao-de-empresa-que-realizara-obra-da-av-presidente-vargas\/#primaryimage\"},\"image\":{\"@id\":\"https:\/\/www.pmpf.rs.gov.br\/secretaria-de-obras\/2022\/10\/05\/lancado-edital-de-contratacao-de-empresa-que-realizara-obra-da-av-presidente-vargas\/#primaryimage\"},\"thumbnailUrl\":\"https:\/\/www.pmpf.rs.gov.br\/secretaria-de-obras\/wp-content\/uploads\/sites\/49\/2022\/10\/IMG_6585-1-scaled.jpg\",\"datePublished\":\"2022-10-05T18:15:32+00:00\",\"dateModified\":\"2022-10-05T18:15:32+00:00\",\"author\":{\"@id\":\"https:\/\/www.pmpf.rs.gov.br\/secretaria-de-obras\/#\/schema\/person\/d5e03c9407acc37371a3fc616069ca6b\"},\"breadcrumb\":{\"@id\":\"https:\/\/www.pmpf.rs.gov.br\/secretaria-de-obras\/2022\/10\/05\/lancado-edital-de-contratacao-de-empresa-que-realizara-obra-da-av-presidente-vargas\/#breadcrumb\"},\"inLanguage\":\"pt-BR\",\"potentialAction\":[{\"@type\":\"ReadAction\",\"target\":[\"https:\/\/www.pmpf.rs.gov.br\/secretaria-de-obras\/2022\/10\/05\/lancado-edital-de-contratacao-de-empresa-que-realizara-obra-da-av-presidente-vargas\/\"]}]},{\"@type\":\"ImageObject\",\"inLanguage\":\"pt-BR\",\"@id\":\"https:\/\/www.pmpf.rs.gov.br\/secretaria-de-obras\/2022\/10\/05\/lancado-edital-de-contratacao-de-empresa-que-realizara-obra-da-av-presidente-vargas\/#primaryimage\",\"url\":\"https:\/\/www.pmpf.rs.gov.br\/secretaria-de-obras\/wp-content\/uploads\/sites\/49\/2022\/10\/IMG_6585-1-scaled.jpg\",\"contentUrl\":\"https:\/\/www.pmpf.rs.gov.br\/secretaria-de-obras\/wp-content\/uploads\/sites\/49\/2022\/10\/IMG_6585-1-scaled.jpg\",\"width\":2560,\"height\":1707},{\"@type\":\"BreadcrumbList\",\"@id\":\"https:\/\/www.pmpf.rs.gov.br\/secretaria-de-obras\/2022\/10\/05\/lancado-edital-de-contratacao-de-empresa-que-realizara-obra-da-av-presidente-vargas\/#breadcrumb\",\"itemListElement\":[{\"@type\":\"ListItem\",\"position\":1,\"name\":\"In\u00edcio\",\"item\":\"https:\/\/www.pmpf.rs.gov.br\/secretaria-de-obras\/\"},{\"@type\":\"ListItem\",\"position\":2,\"name\":\"Lan\u00e7ado edital de contrata\u00e7\u00e3o de empresa que realizar\u00e1 obra da Av. Presidente Vargas\"}]},{\"@type\":\"WebSite\",\"@id\":\"https:\/\/www.pmpf.rs.gov.br\/secretaria-de-obras\/#website\",\"url\":\"https:\/\/www.pmpf.rs.gov.br\/secretaria-de-obras\/\",\"name\":\"Secretaria de Obras\",\"description\":\"S\u00f3 mais um site Prefeitura de Passo Fundo\",\"potentialAction\":[{\"@type\":\"SearchAction\",\"target\":{\"@type\":\"EntryPoint\",\"urlTemplate\":\"https:\/\/www.pmpf.rs.gov.br\/secretaria-de-obras\/?s={search_term_string}\"},\"query-input\":{\"@type\":\"PropertyValueSpecification\",\"valueRequired\":true,\"valueName\":\"search_term_string\"}}],\"inLanguage\":\"pt-BR\"},{\"@type\":\"Person\",\"@id\":\"https:\/\/www.pmpf.rs.gov.br\/secretaria-de-obras\/#\/schema\/person\/d5e03c9407acc37371a3fc616069ca6b\",\"name\":\"crispuhll\",\"image\":{\"@type\":\"ImageObject\",\"inLanguage\":\"pt-BR\",\"@id\":\"https:\/\/www.pmpf.rs.gov.br\/secretaria-de-obras\/#\/schema\/person\/image\/\",\"url\":\"https:\/\/secure.gravatar.com\/avatar\/345741ad9625b2854df5b938a77f8d85?s=96&d=mm&r=g\",\"contentUrl\":\"https:\/\/secure.gravatar.com\/avatar\/345741ad9625b2854df5b938a77f8d85?s=96&d=mm&r=g\",\"caption\":\"crispuhll\"},\"url\":\"https:\/\/www.pmpf.rs.gov.br\/secretaria-de-obras\/author\/crispuhll\/\"}]}<\/script>\n<!-- \/ Yoast SEO plugin. -->","yoast_head_json":{"title":"Lan\u00e7ado edital de contrata\u00e7\u00e3o de empresa que realizar\u00e1 obra da Av. Presidente Vargas - Secretaria de Obras","robots":{"index":"index","follow":"follow","max-snippet":"max-snippet:-1","max-image-preview":"max-image-preview:large","max-video-preview":"max-video-preview:-1"},"canonical":"https:\/\/www.pmpf.rs.gov.br\/secretaria-de-obras\/2022\/10\/05\/lancado-edital-de-contratacao-de-empresa-que-realizara-obra-da-av-presidente-vargas\/","og_locale":"pt_BR","og_type":"article","og_title":"Lan\u00e7ado edital de contrata\u00e7\u00e3o de empresa que realizar\u00e1 obra da Av. Presidente Vargas - Secretaria de Obras","og_description":"Anunciada durante as programa\u00e7\u00f5es alusivas ao anivers\u00e1rio de 165 anos de Passo Fundo, a obra revitalizar\u00e1 um trecho de mais de 5 quil\u00f4metros de extens\u00e3o","og_url":"https:\/\/www.pmpf.rs.gov.br\/secretaria-de-obras\/2022\/10\/05\/lancado-edital-de-contratacao-de-empresa-que-realizara-obra-da-av-presidente-vargas\/","og_site_name":"Secretaria de Obras","article_published_time":"2022-10-05T18:15:32+00:00","author":"crispuhll","twitter_card":"summary_large_image","twitter_misc":{"Escrito por":"crispuhll","Est. tempo de leitura":"2 minutos"},"schema":{"@context":"https:\/\/schema.org","@graph":[{"@type":"WebPage","@id":"https:\/\/www.pmpf.rs.gov.br\/secretaria-de-obras\/2022\/10\/05\/lancado-edital-de-contratacao-de-empresa-que-realizara-obra-da-av-presidente-vargas\/","url":"https:\/\/www.pmpf.rs.gov.br\/secretaria-de-obras\/2022\/10\/05\/lancado-edital-de-contratacao-de-empresa-que-realizara-obra-da-av-presidente-vargas\/","name":"Lan\u00e7ado edital de contrata\u00e7\u00e3o de empresa que realizar\u00e1 obra da Av. Presidente Vargas - Secretaria de Obras","isPartOf":{"@id":"https:\/\/www.pmpf.rs.gov.br\/secretaria-de-obras\/#website"},"primaryImageOfPage":{"@id":"https:\/\/www.pmpf.rs.gov.br\/secretaria-de-obras\/2022\/10\/05\/lancado-edital-de-contratacao-de-empresa-que-realizara-obra-da-av-presidente-vargas\/#primaryimage"},"image":{"@id":"https:\/\/www.pmpf.rs.gov.br\/secretaria-de-obras\/2022\/10\/05\/lancado-edital-de-contratacao-de-empresa-que-realizara-obra-da-av-presidente-vargas\/#primaryimage"},"thumbnailUrl":"https:\/\/www.pmpf.rs.gov.br\/secretaria-de-obras\/wp-content\/uploads\/sites\/49\/2022\/10\/IMG_6585-1-scaled.jpg","datePublished":"2022-10-05T18:15:32+00:00","dateModified":"2022-10-05T18:15:32+00:00","author":{"@id":"https:\/\/www.pmpf.rs.gov.br\/secretaria-de-obras\/#\/schema\/person\/d5e03c9407acc37371a3fc616069ca6b"},"breadcrumb":{"@id":"https:\/\/www.pmpf.rs.gov.br\/secretaria-de-obras\/2022\/10\/05\/lancado-edital-de-contratacao-de-empresa-que-realizara-obra-da-av-presidente-vargas\/#breadcrumb"},"inLanguage":"pt-BR","potentialAction":[{"@type":"ReadAction","target":["https:\/\/www.pmpf.rs.gov.br\/secretaria-de-obras\/2022\/10\/05\/lancado-edital-de-contratacao-de-empresa-que-realizara-obra-da-av-presidente-vargas\/"]}]},{"@type":"ImageObject","inLanguage":"pt-BR","@id":"https:\/\/www.pmpf.rs.gov.br\/secretaria-de-obras\/2022\/10\/05\/lancado-edital-de-contratacao-de-empresa-que-realizara-obra-da-av-presidente-vargas\/#primaryimage","url":"https:\/\/www.pmpf.rs.gov.br\/secretaria-de-obras\/wp-content\/uploads\/sites\/49\/2022\/10\/IMG_6585-1-scaled.jpg","contentUrl":"https:\/\/www.pmpf.rs.gov.br\/secretaria-de-obras\/wp-content\/uploads\/sites\/49\/2022\/10\/IMG_6585-1-scaled.jpg","width":2560,"height":1707},{"@type":"BreadcrumbList","@id":"https:\/\/www.pmpf.rs.gov.br\/secretaria-de-obras\/2022\/10\/05\/lancado-edital-de-contratacao-de-empresa-que-realizara-obra-da-av-presidente-vargas\/#breadcrumb","itemListElement":[{"@type":"ListItem","position":1,"name":"In\u00edcio","item":"https:\/\/www.pmpf.rs.gov.br\/secretaria-de-obras\/"},{"@type":"ListItem","position":2,"name":"Lan\u00e7ado edital de contrata\u00e7\u00e3o de empresa que realizar\u00e1 obra da Av. Presidente Vargas"}]},{"@type":"WebSite","@id":"https:\/\/www.pmpf.rs.gov.br\/secretaria-de-obras\/#website","url":"https:\/\/www.pmpf.rs.gov.br\/secretaria-de-obras\/","name":"Secretaria de Obras","description":"S\u00f3 mais um site Prefeitura de Passo Fundo","potentialAction":[{"@type":"SearchAction","target":{"@type":"EntryPoint","urlTemplate":"https:\/\/www.pmpf.rs.gov.br\/secretaria-de-obras\/?s={search_term_string}"},"query-input":{"@type":"PropertyValueSpecification","valueRequired":true,"valueName":"search_term_string"}}],"inLanguage":"pt-BR"},{"@type":"Person","@id":"https:\/\/www.pmpf.rs.gov.br\/secretaria-de-obras\/#\/schema\/person\/d5e03c9407acc37371a3fc616069ca6b","name":"crispuhll","image":{"@type":"ImageObject","inLanguage":"pt-BR","@id":"https:\/\/www.pmpf.rs.gov.br\/secretaria-de-obras\/#\/schema\/person\/image\/","url":"https:\/\/secure.gravatar.com\/avatar\/345741ad9625b2854df5b938a77f8d85?s=96&d=mm&r=g","contentUrl":"https:\/\/secure.gravatar.com\/avatar\/345741ad9625b2854df5b938a77f8d85?s=96&d=mm&r=g","caption":"crispuhll"},"url":"https:\/\/www.pmpf.rs.gov.br\/secretaria-de-obras\/author\/crispuhll\/"}]}},"_links":{"self":[{"href":"https:\/\/www.pmpf.rs.gov.br\/secretaria-de-obras\/wp-json\/wp\/v2\/posts\/1817"}],"collection":[{"href":"https:\/\/www.pmpf.rs.gov.br\/secretaria-de-obras\/wp-json\/wp\/v2\/posts"}],"about":[{"href":"https:\/\/www.pmpf.rs.gov.br\/secretaria-de-obras\/wp-json\/wp\/v2\/types\/post"}],"author":[{"embeddable":true,"href":"https:\/\/www.pmpf.rs.gov.br\/secretaria-de-obras\/wp-json\/wp\/v2\/users\/14"}],"replies":[{"embeddable":true,"href":"https:\/\/www.pmpf.rs.gov.br\/secretaria-de-obras\/wp-json\/wp\/v2\/comments?post=1817"}],"version-history":[{"count":1,"href":"https:\/\/www.pmpf.rs.gov.br\/secretaria-de-obras\/wp-json\/wp\/v2\/posts\/1817\/revisions"}],"predecessor-version":[{"id":1819,"href":"https:\/\/www.pmpf.rs.gov.br\/secretaria-de-obras\/wp-json\/wp\/v2\/posts\/1817\/revisions\/1819"}],"wp:featuredmedia":[{"embeddable":true,"href":"https:\/\/www.pmpf.rs.gov.br\/secretaria-de-obras\/wp-json\/wp\/v2\/media\/1818"}],"wp:attachment":[{"href":"https:\/\/www.pmpf.rs.gov.br\/secretaria-de-obras\/wp-json\/wp\/v2\/media?parent=1817"}],"wp:term":[{"taxonomy":"category","embeddable":true,"href":"https:\/\/www.pmpf.rs.gov.br\/secretaria-de-obras\/wp-json\/wp\/v2\/categories?post=1817"},{"taxonomy":"post_tag","embeddable":true,"href":"https:\/\/www.pmpf.rs.gov.br\/secretaria-de-obras\/wp-json\/wp\/v2\/tags?post=1817"}],"curies":[{"name":"wp","href":"https:\/\/api.w.org\/{rel}","templated":true}]}}