{"id":1800,"date":"2022-08-22T16:11:27","date_gmt":"2022-08-22T19:11:27","guid":{"rendered":"https:\/\/www.pmpf.rs.gov.br\/secretaria-de-obras\/?p=1800"},"modified":"2022-08-22T16:11:27","modified_gmt":"2022-08-22T19:11:27","slug":"avancam-obras-do-programa-minha-rua-com-asfalto","status":"publish","type":"post","link":"https:\/\/www.pmpf.rs.gov.br\/secretaria-de-obras\/2022\/08\/22\/avancam-obras-do-programa-minha-rua-com-asfalto\/","title":{"rendered":"Avan\u00e7am obras do programa Minha Rua com Asfalto"},"content":{"rendered":"\n<p><\/p>\n\n\n\n<p>As primeiras ruas da terceira edi\u00e7\u00e3o do programa Minha Rua com Asfalto, da Prefeitura de Passo Fundo, est\u00e3o sendo executadas nesta semana no bairro Santa Maria II. \u201cS\u00e3o obras importantes escolhidas pela comunidade. O programa Minha Rua com Asfalto se consolida como uma forma democr\u00e1tica para nos auxiliar a identificar as vias que necessitam interven\u00e7\u00e3o da Prefeitura com melhorias de asfalto. S\u00f3 aqui nessas duas ruas, s\u00e3o quase 1 km de pavimenta\u00e7\u00e3o asf\u00e1ltica\u201d, destacou o prefeito Pedro Almeida.<\/p>\n\n\n\n<p>A atual edi\u00e7\u00e3o do programa contou com mais de 5 mil votos e tem um cronograma de obras que vai abranger mais de 135 quadras, em 40 bairros. As equipes da Secretaria de Obras realizam a pavimenta\u00e7\u00e3o da rua Marqu\u00eas de Monte Alegre, entra a Avenida Aspirante Jenner e a rua Gaspar de Lemos, no bairro Santa Maria, e a rua Gaspar Lemos, entre a Marqu\u00eas de Monte Alegre e a ponte da divisa do bairro Vila Nova com Santa Maria.<\/p>\n\n\n\n<p>Conforme o secret\u00e1rio de Obras, Rubens Astolfi, com a melhora do tempo e dias de sol o trabalho est\u00e1 com cronograma mais agilizado. \u201cO tempo tem nos ajudado, possibilitando acelerar essas melhorias. Como s\u00e3o ruas que n\u00e3o necessitavam de interven\u00e7\u00f5es maiores, vamos entregar as vias asfaltadas nos pr\u00f3ximos dias\u201d, disse Rubens.<\/p>\n\n\n\n<p>As obras incluem trabalhos de base, cancha e canaliza\u00e7\u00e3o em alguns trechos, para em seguida as ruas receberem a pavimenta\u00e7\u00e3o asf\u00e1ltica. A Rua Maria Ang\u00e9lica Weisseheimer, localizada no bairro Santa Maria ll, foi a mais votada no programa pela comunidade e est\u00e1 recebendo as obras, assim como as ruas Comiss\u00e1rio Oliveira, entre Amabile Zimmermann, e Classi Maffi.<\/p>\n","protected":false},"excerpt":{"rendered":"<p>As primeiras ruas da terceira edi\u00e7\u00e3o do programa Minha Rua com Asfalto, da Prefeitura de Passo Fundo, est\u00e3o sendo executadas nesta semana no bairro Santa Maria II<\/p>\n","protected":false},"author":6,"featured_media":1801,"comment_status":"closed","ping_status":"closed","sticky":true,"template":"","format":"standard","meta":{"footnotes":""},"categories":[1],"tags":[],"class_list":["post-1800","post","type-post","status-publish","format-standard","has-post-thumbnail","hentry","category-sem-categoria"],"yoast_head":"<!-- This site is optimized with the Yoast SEO plugin v23.8 - https:\/\/yoast.com\/wordpress\/plugins\/seo\/ -->\n<title>Avan\u00e7am obras do programa Minha Rua com Asfalto - Secretaria de Obras<\/title>\n<meta name=\"robots\" content=\"index, follow, max-snippet:-1, max-image-preview:large, max-video-preview:-1\" \/>\n<link rel=\"canonical\" href=\"https:\/\/www.pmpf.rs.gov.br\/secretaria-de-obras\/2022\/08\/22\/avancam-obras-do-programa-minha-rua-com-asfalto\/\" \/>\n<meta property=\"og:locale\" content=\"pt_BR\" \/>\n<meta property=\"og:type\" content=\"article\" \/>\n<meta property=\"og:title\" content=\"Avan\u00e7am obras do programa Minha Rua com Asfalto - Secretaria de Obras\" \/>\n<meta property=\"og:description\" content=\"As primeiras ruas da terceira edi\u00e7\u00e3o do programa Minha Rua com Asfalto, da Prefeitura de Passo Fundo, est\u00e3o sendo executadas nesta semana no bairro Santa Maria II\" \/>\n<meta property=\"og:url\" content=\"https:\/\/www.pmpf.rs.gov.br\/secretaria-de-obras\/2022\/08\/22\/avancam-obras-do-programa-minha-rua-com-asfalto\/\" \/>\n<meta property=\"og:site_name\" content=\"Secretaria de Obras\" \/>\n<meta property=\"article:published_time\" content=\"2022-08-22T19:11:27+00:00\" \/>\n<meta name=\"author\" content=\"andressazorzetto07\" \/>\n<meta name=\"twitter:card\" content=\"summary_large_image\" \/>\n<meta name=\"twitter:label1\" content=\"Escrito por\" \/>\n\t<meta name=\"twitter:data1\" content=\"andressazorzetto07\" \/>\n\t<meta name=\"twitter:label2\" content=\"Est. tempo de leitura\" \/>\n\t<meta name=\"twitter:data2\" content=\"1 minuto\" \/>\n<script type=\"application\/ld+json\" class=\"yoast-schema-graph\">{\"@context\":\"https:\/\/schema.org\",\"@graph\":[{\"@type\":\"WebPage\",\"@id\":\"https:\/\/www.pmpf.rs.gov.br\/secretaria-de-obras\/2022\/08\/22\/avancam-obras-do-programa-minha-rua-com-asfalto\/\",\"url\":\"https:\/\/www.pmpf.rs.gov.br\/secretaria-de-obras\/2022\/08\/22\/avancam-obras-do-programa-minha-rua-com-asfalto\/\",\"name\":\"Avan\u00e7am obras do programa Minha Rua com Asfalto - Secretaria de Obras\",\"isPartOf\":{\"@id\":\"https:\/\/www.pmpf.rs.gov.br\/secretaria-de-obras\/#website\"},\"primaryImageOfPage\":{\"@id\":\"https:\/\/www.pmpf.rs.gov.br\/secretaria-de-obras\/2022\/08\/22\/avancam-obras-do-programa-minha-rua-com-asfalto\/#primaryimage\"},\"image\":{\"@id\":\"https:\/\/www.pmpf.rs.gov.br\/secretaria-de-obras\/2022\/08\/22\/avancam-obras-do-programa-minha-rua-com-asfalto\/#primaryimage\"},\"thumbnailUrl\":\"https:\/\/www.pmpf.rs.gov.br\/secretaria-de-obras\/wp-content\/uploads\/sites\/49\/2022\/08\/minha-rua-com-asfalto.jpg\",\"datePublished\":\"2022-08-22T19:11:27+00:00\",\"dateModified\":\"2022-08-22T19:11:27+00:00\",\"author\":{\"@id\":\"https:\/\/www.pmpf.rs.gov.br\/secretaria-de-obras\/#\/schema\/person\/30ee1d1bd74da1469b01fcf086e43351\"},\"breadcrumb\":{\"@id\":\"https:\/\/www.pmpf.rs.gov.br\/secretaria-de-obras\/2022\/08\/22\/avancam-obras-do-programa-minha-rua-com-asfalto\/#breadcrumb\"},\"inLanguage\":\"pt-BR\",\"potentialAction\":[{\"@type\":\"ReadAction\",\"target\":[\"https:\/\/www.pmpf.rs.gov.br\/secretaria-de-obras\/2022\/08\/22\/avancam-obras-do-programa-minha-rua-com-asfalto\/\"]}]},{\"@type\":\"ImageObject\",\"inLanguage\":\"pt-BR\",\"@id\":\"https:\/\/www.pmpf.rs.gov.br\/secretaria-de-obras\/2022\/08\/22\/avancam-obras-do-programa-minha-rua-com-asfalto\/#primaryimage\",\"url\":\"https:\/\/www.pmpf.rs.gov.br\/secretaria-de-obras\/wp-content\/uploads\/sites\/49\/2022\/08\/minha-rua-com-asfalto.jpg\",\"contentUrl\":\"https:\/\/www.pmpf.rs.gov.br\/secretaria-de-obras\/wp-content\/uploads\/sites\/49\/2022\/08\/minha-rua-com-asfalto.jpg\",\"width\":1600,\"height\":1200},{\"@type\":\"BreadcrumbList\",\"@id\":\"https:\/\/www.pmpf.rs.gov.br\/secretaria-de-obras\/2022\/08\/22\/avancam-obras-do-programa-minha-rua-com-asfalto\/#breadcrumb\",\"itemListElement\":[{\"@type\":\"ListItem\",\"position\":1,\"name\":\"In\u00edcio\",\"item\":\"https:\/\/www.pmpf.rs.gov.br\/secretaria-de-obras\/\"},{\"@type\":\"ListItem\",\"position\":2,\"name\":\"Avan\u00e7am obras do programa Minha Rua com Asfalto\"}]},{\"@type\":\"WebSite\",\"@id\":\"https:\/\/www.pmpf.rs.gov.br\/secretaria-de-obras\/#website\",\"url\":\"https:\/\/www.pmpf.rs.gov.br\/secretaria-de-obras\/\",\"name\":\"Secretaria de Obras\",\"description\":\"S\u00f3 mais um site Prefeitura de Passo Fundo\",\"potentialAction\":[{\"@type\":\"SearchAction\",\"target\":{\"@type\":\"EntryPoint\",\"urlTemplate\":\"https:\/\/www.pmpf.rs.gov.br\/secretaria-de-obras\/?s={search_term_string}\"},\"query-input\":{\"@type\":\"PropertyValueSpecification\",\"valueRequired\":true,\"valueName\":\"search_term_string\"}}],\"inLanguage\":\"pt-BR\"},{\"@type\":\"Person\",\"@id\":\"https:\/\/www.pmpf.rs.gov.br\/secretaria-de-obras\/#\/schema\/person\/30ee1d1bd74da1469b01fcf086e43351\",\"name\":\"andressazorzetto07\",\"image\":{\"@type\":\"ImageObject\",\"inLanguage\":\"pt-BR\",\"@id\":\"https:\/\/www.pmpf.rs.gov.br\/secretaria-de-obras\/#\/schema\/person\/image\/\",\"url\":\"https:\/\/secure.gravatar.com\/avatar\/14c5458ed79dc81da99a13b9ff5f9f19?s=96&d=mm&r=g\",\"contentUrl\":\"https:\/\/secure.gravatar.com\/avatar\/14c5458ed79dc81da99a13b9ff5f9f19?s=96&d=mm&r=g\",\"caption\":\"andressazorzetto07\"},\"url\":\"https:\/\/www.pmpf.rs.gov.br\/secretaria-de-obras\/author\/andressazorzetto07\/\"}]}<\/script>\n<!-- \/ Yoast SEO plugin. -->","yoast_head_json":{"title":"Avan\u00e7am obras do programa Minha Rua com Asfalto - Secretaria de Obras","robots":{"index":"index","follow":"follow","max-snippet":"max-snippet:-1","max-image-preview":"max-image-preview:large","max-video-preview":"max-video-preview:-1"},"canonical":"https:\/\/www.pmpf.rs.gov.br\/secretaria-de-obras\/2022\/08\/22\/avancam-obras-do-programa-minha-rua-com-asfalto\/","og_locale":"pt_BR","og_type":"article","og_title":"Avan\u00e7am obras do programa Minha Rua com Asfalto - Secretaria de Obras","og_description":"As primeiras ruas da terceira edi\u00e7\u00e3o do programa Minha Rua com Asfalto, da Prefeitura de Passo Fundo, est\u00e3o sendo executadas nesta semana no bairro Santa Maria II","og_url":"https:\/\/www.pmpf.rs.gov.br\/secretaria-de-obras\/2022\/08\/22\/avancam-obras-do-programa-minha-rua-com-asfalto\/","og_site_name":"Secretaria de Obras","article_published_time":"2022-08-22T19:11:27+00:00","author":"andressazorzetto07","twitter_card":"summary_large_image","twitter_misc":{"Escrito por":"andressazorzetto07","Est. tempo de leitura":"1 minuto"},"schema":{"@context":"https:\/\/schema.org","@graph":[{"@type":"WebPage","@id":"https:\/\/www.pmpf.rs.gov.br\/secretaria-de-obras\/2022\/08\/22\/avancam-obras-do-programa-minha-rua-com-asfalto\/","url":"https:\/\/www.pmpf.rs.gov.br\/secretaria-de-obras\/2022\/08\/22\/avancam-obras-do-programa-minha-rua-com-asfalto\/","name":"Avan\u00e7am obras do programa Minha Rua com Asfalto - Secretaria de Obras","isPartOf":{"@id":"https:\/\/www.pmpf.rs.gov.br\/secretaria-de-obras\/#website"},"primaryImageOfPage":{"@id":"https:\/\/www.pmpf.rs.gov.br\/secretaria-de-obras\/2022\/08\/22\/avancam-obras-do-programa-minha-rua-com-asfalto\/#primaryimage"},"image":{"@id":"https:\/\/www.pmpf.rs.gov.br\/secretaria-de-obras\/2022\/08\/22\/avancam-obras-do-programa-minha-rua-com-asfalto\/#primaryimage"},"thumbnailUrl":"https:\/\/www.pmpf.rs.gov.br\/secretaria-de-obras\/wp-content\/uploads\/sites\/49\/2022\/08\/minha-rua-com-asfalto.jpg","datePublished":"2022-08-22T19:11:27+00:00","dateModified":"2022-08-22T19:11:27+00:00","author":{"@id":"https:\/\/www.pmpf.rs.gov.br\/secretaria-de-obras\/#\/schema\/person\/30ee1d1bd74da1469b01fcf086e43351"},"breadcrumb":{"@id":"https:\/\/www.pmpf.rs.gov.br\/secretaria-de-obras\/2022\/08\/22\/avancam-obras-do-programa-minha-rua-com-asfalto\/#breadcrumb"},"inLanguage":"pt-BR","potentialAction":[{"@type":"ReadAction","target":["https:\/\/www.pmpf.rs.gov.br\/secretaria-de-obras\/2022\/08\/22\/avancam-obras-do-programa-minha-rua-com-asfalto\/"]}]},{"@type":"ImageObject","inLanguage":"pt-BR","@id":"https:\/\/www.pmpf.rs.gov.br\/secretaria-de-obras\/2022\/08\/22\/avancam-obras-do-programa-minha-rua-com-asfalto\/#primaryimage","url":"https:\/\/www.pmpf.rs.gov.br\/secretaria-de-obras\/wp-content\/uploads\/sites\/49\/2022\/08\/minha-rua-com-asfalto.jpg","contentUrl":"https:\/\/www.pmpf.rs.gov.br\/secretaria-de-obras\/wp-content\/uploads\/sites\/49\/2022\/08\/minha-rua-com-asfalto.jpg","width":1600,"height":1200},{"@type":"BreadcrumbList","@id":"https:\/\/www.pmpf.rs.gov.br\/secretaria-de-obras\/2022\/08\/22\/avancam-obras-do-programa-minha-rua-com-asfalto\/#breadcrumb","itemListElement":[{"@type":"ListItem","position":1,"name":"In\u00edcio","item":"https:\/\/www.pmpf.rs.gov.br\/secretaria-de-obras\/"},{"@type":"ListItem","position":2,"name":"Avan\u00e7am obras do programa Minha Rua com Asfalto"}]},{"@type":"WebSite","@id":"https:\/\/www.pmpf.rs.gov.br\/secretaria-de-obras\/#website","url":"https:\/\/www.pmpf.rs.gov.br\/secretaria-de-obras\/","name":"Secretaria de Obras","description":"S\u00f3 mais um site Prefeitura de Passo Fundo","potentialAction":[{"@type":"SearchAction","target":{"@type":"EntryPoint","urlTemplate":"https:\/\/www.pmpf.rs.gov.br\/secretaria-de-obras\/?s={search_term_string}"},"query-input":{"@type":"PropertyValueSpecification","valueRequired":true,"valueName":"search_term_string"}}],"inLanguage":"pt-BR"},{"@type":"Person","@id":"https:\/\/www.pmpf.rs.gov.br\/secretaria-de-obras\/#\/schema\/person\/30ee1d1bd74da1469b01fcf086e43351","name":"andressazorzetto07","image":{"@type":"ImageObject","inLanguage":"pt-BR","@id":"https:\/\/www.pmpf.rs.gov.br\/secretaria-de-obras\/#\/schema\/person\/image\/","url":"https:\/\/secure.gravatar.com\/avatar\/14c5458ed79dc81da99a13b9ff5f9f19?s=96&d=mm&r=g","contentUrl":"https:\/\/secure.gravatar.com\/avatar\/14c5458ed79dc81da99a13b9ff5f9f19?s=96&d=mm&r=g","caption":"andressazorzetto07"},"url":"https:\/\/www.pmpf.rs.gov.br\/secretaria-de-obras\/author\/andressazorzetto07\/"}]}},"_links":{"self":[{"href":"https:\/\/www.pmpf.rs.gov.br\/secretaria-de-obras\/wp-json\/wp\/v2\/posts\/1800"}],"collection":[{"href":"https:\/\/www.pmpf.rs.gov.br\/secretaria-de-obras\/wp-json\/wp\/v2\/posts"}],"about":[{"href":"https:\/\/www.pmpf.rs.gov.br\/secretaria-de-obras\/wp-json\/wp\/v2\/types\/post"}],"author":[{"embeddable":true,"href":"https:\/\/www.pmpf.rs.gov.br\/secretaria-de-obras\/wp-json\/wp\/v2\/users\/6"}],"replies":[{"embeddable":true,"href":"https:\/\/www.pmpf.rs.gov.br\/secretaria-de-obras\/wp-json\/wp\/v2\/comments?post=1800"}],"version-history":[{"count":1,"href":"https:\/\/www.pmpf.rs.gov.br\/secretaria-de-obras\/wp-json\/wp\/v2\/posts\/1800\/revisions"}],"predecessor-version":[{"id":1802,"href":"https:\/\/www.pmpf.rs.gov.br\/secretaria-de-obras\/wp-json\/wp\/v2\/posts\/1800\/revisions\/1802"}],"wp:featuredmedia":[{"embeddable":true,"href":"https:\/\/www.pmpf.rs.gov.br\/secretaria-de-obras\/wp-json\/wp\/v2\/media\/1801"}],"wp:attachment":[{"href":"https:\/\/www.pmpf.rs.gov.br\/secretaria-de-obras\/wp-json\/wp\/v2\/media?parent=1800"}],"wp:term":[{"taxonomy":"category","embeddable":true,"href":"https:\/\/www.pmpf.rs.gov.br\/secretaria-de-obras\/wp-json\/wp\/v2\/categories?post=1800"},{"taxonomy":"post_tag","embeddable":true,"href":"https:\/\/www.pmpf.rs.gov.br\/secretaria-de-obras\/wp-json\/wp\/v2\/tags?post=1800"}],"curies":[{"name":"wp","href":"https:\/\/api.w.org\/{rel}","templated":true}]}}