{"id":1778,"date":"2022-08-16T15:36:34","date_gmt":"2022-08-16T18:36:34","guid":{"rendered":"https:\/\/www.pmpf.rs.gov.br\/secretaria-de-obras\/?p=1778"},"modified":"2022-08-16T15:36:35","modified_gmt":"2022-08-16T18:36:35","slug":"prefeito-cobra-da-corsan-melhorias-nas-regioes-que-receberao-obras-de-pavimentacao-asfaltica","status":"publish","type":"post","link":"https:\/\/www.pmpf.rs.gov.br\/secretaria-de-obras\/2022\/08\/16\/prefeito-cobra-da-corsan-melhorias-nas-regioes-que-receberao-obras-de-pavimentacao-asfaltica\/","title":{"rendered":"Prefeito cobra da Corsan melhorias nas regi\u00f5es que receber\u00e3o obras de pavimenta\u00e7\u00e3o asf\u00e1ltica"},"content":{"rendered":"\n<p><\/p>\n\n\n\n<p>Em reuni\u00e3o nesta ter\u00e7a-feira (16), o prefeito de Passo Fundo, Pedro Almeida, cobrou que a Companhia Riograndense de Saneamento (Corsan) fa\u00e7a as melhorias necess\u00e1rias nas regi\u00f5es que receber\u00e3o obras de pavimenta\u00e7\u00e3o asf\u00e1lticas a serem executadas pela Prefeitura. As interven\u00e7\u00f5es antes do asfaltamento possibilitar\u00e3o uma durabilidade maior dos investimentos do Munic\u00edpio.<\/p>\n\n\n\n<p>A solicita\u00e7\u00e3o, feita ao superintendente regional da Corsan, Aldomir Santi, respons\u00e1vel pelo atendimento em Passo Fundo, busca evitar que o asfalto precise ser aberto para poss\u00edveis reparos depois dos servi\u00e7os do programa estarem conclu\u00eddos. \u201cQueremos evitar que ruas pavimentadas precisem ser quebradas para o conserto de canos, o que causa grandes transtornos p\u00f3s-obras e tamb\u00e9m deixa a popula\u00e7\u00e3o insatisfeita\u201d, disse o prefeito.<br>A Prefeitura, por meio da Secretaria de Obras, repassar\u00e1 \u00e0 Corsan, um cronograma e planejamento de datas com todas as obras de pavimenta\u00e7\u00e3o previstas dentro do programa \u201cMinha Rua com Asfalto\u201d e tamb\u00e9m de grandes obras as anunciadas recentemente que devem acontecer na Avenida Presidente Vargas e na Rua Scarpellini Ghezzi para que a concession\u00e1ria providencie todas as adapta\u00e7\u00f5es de redes ou consertos necess\u00e1rios antes do in\u00edcio das obras de pavimenta\u00e7\u00e3o.<br>\u201cEsse alinhamento de a\u00e7\u00f5es \u00e9 muito importante para que possamos realizar todas obras que precisam ser feitas sem prejudicar as melhorias que ser\u00e3o feitas pela Prefeitura com as obras de pavimenta\u00e7\u00e3o anunciadas pelo prefeito nessas regi\u00f5es da cidade\u201d, destacou Aldomir Santi.<br>A reuni\u00e3o contou com a participa\u00e7\u00e3o tamb\u00e9m do secret\u00e1rio municipal de Obras, Rubens Astolfi, secret\u00e1rio de Planejamento, Giezi Schnneider, Procurador-geral do Munic\u00edpio, Adolfo de Freitas, e diretores t\u00e9cnicos da companhia.<\/p>\n\n\n\n<p>O secret\u00e1rio de Obras, Rubens Astolfi destacou a import\u00e2ncia do ajuste das obras. \u201cCom essa programa\u00e7\u00e3o de trabalhos da Prefeitura e da Corsan, vamos garantir que os consertos nas redes de abastecimento de \u00e1gua e na rede coletora de esgoto sejam feitos de forma antecipada\u201d, pontuou.<\/p>\n\n\n\n<p><strong>3\u00aa edi\u00e7\u00e3o do Minha Rua com Asfalto<br><\/strong>Anunciada como o maior cronograma de ruas de todas as edi\u00e7\u00f5es, a terceira edi\u00e7\u00e3o do programa \u201cMinha Rua com Asfalto\u201d vai abranger mais de 135 quadras, em 40 bairros. As obras j\u00e1 foram iniciadas pela Prefeitura e contam com a revis\u00e3o e a manuten\u00e7\u00e3o da canaliza\u00e7\u00e3o das ruas.<\/p>\n","protected":false},"excerpt":{"rendered":"<p>As interven\u00e7\u00f5es antes do asfaltamento possibilitar\u00e3o uma durabilidade maior dos investimentos do Munic\u00edpio<\/p>\n","protected":false},"author":6,"featured_media":1779,"comment_status":"closed","ping_status":"closed","sticky":true,"template":"","format":"standard","meta":{"footnotes":""},"categories":[1],"tags":[],"class_list":["post-1778","post","type-post","status-publish","format-standard","has-post-thumbnail","hentry","category-sem-categoria"],"yoast_head":"<!-- This site is optimized with the Yoast SEO plugin v23.8 - https:\/\/yoast.com\/wordpress\/plugins\/seo\/ -->\n<title>Prefeito cobra da Corsan melhorias nas regi\u00f5es que receber\u00e3o obras de pavimenta\u00e7\u00e3o asf\u00e1ltica - Secretaria de Obras<\/title>\n<meta name=\"robots\" content=\"index, follow, max-snippet:-1, max-image-preview:large, max-video-preview:-1\" \/>\n<link rel=\"canonical\" href=\"https:\/\/www.pmpf.rs.gov.br\/secretaria-de-obras\/2022\/08\/16\/prefeito-cobra-da-corsan-melhorias-nas-regioes-que-receberao-obras-de-pavimentacao-asfaltica\/\" \/>\n<meta property=\"og:locale\" content=\"pt_BR\" \/>\n<meta property=\"og:type\" content=\"article\" \/>\n<meta property=\"og:title\" content=\"Prefeito cobra da Corsan melhorias nas regi\u00f5es que receber\u00e3o obras de pavimenta\u00e7\u00e3o asf\u00e1ltica - Secretaria de Obras\" \/>\n<meta property=\"og:description\" content=\"As interven\u00e7\u00f5es antes do asfaltamento possibilitar\u00e3o uma durabilidade maior dos investimentos do Munic\u00edpio\" \/>\n<meta property=\"og:url\" content=\"https:\/\/www.pmpf.rs.gov.br\/secretaria-de-obras\/2022\/08\/16\/prefeito-cobra-da-corsan-melhorias-nas-regioes-que-receberao-obras-de-pavimentacao-asfaltica\/\" \/>\n<meta property=\"og:site_name\" content=\"Secretaria de Obras\" \/>\n<meta property=\"article:published_time\" content=\"2022-08-16T18:36:34+00:00\" \/>\n<meta property=\"article:modified_time\" content=\"2022-08-16T18:36:35+00:00\" \/>\n<meta name=\"author\" content=\"andressazorzetto07\" \/>\n<meta name=\"twitter:card\" content=\"summary_large_image\" \/>\n<meta name=\"twitter:label1\" content=\"Escrito por\" \/>\n\t<meta name=\"twitter:data1\" content=\"andressazorzetto07\" \/>\n\t<meta name=\"twitter:label2\" content=\"Est. tempo de leitura\" \/>\n\t<meta name=\"twitter:data2\" content=\"2 minutos\" \/>\n<script type=\"application\/ld+json\" class=\"yoast-schema-graph\">{\"@context\":\"https:\/\/schema.org\",\"@graph\":[{\"@type\":\"WebPage\",\"@id\":\"https:\/\/www.pmpf.rs.gov.br\/secretaria-de-obras\/2022\/08\/16\/prefeito-cobra-da-corsan-melhorias-nas-regioes-que-receberao-obras-de-pavimentacao-asfaltica\/\",\"url\":\"https:\/\/www.pmpf.rs.gov.br\/secretaria-de-obras\/2022\/08\/16\/prefeito-cobra-da-corsan-melhorias-nas-regioes-que-receberao-obras-de-pavimentacao-asfaltica\/\",\"name\":\"Prefeito cobra da Corsan melhorias nas regi\u00f5es que receber\u00e3o obras de pavimenta\u00e7\u00e3o asf\u00e1ltica - Secretaria de Obras\",\"isPartOf\":{\"@id\":\"https:\/\/www.pmpf.rs.gov.br\/secretaria-de-obras\/#website\"},\"primaryImageOfPage\":{\"@id\":\"https:\/\/www.pmpf.rs.gov.br\/secretaria-de-obras\/2022\/08\/16\/prefeito-cobra-da-corsan-melhorias-nas-regioes-que-receberao-obras-de-pavimentacao-asfaltica\/#primaryimage\"},\"image\":{\"@id\":\"https:\/\/www.pmpf.rs.gov.br\/secretaria-de-obras\/2022\/08\/16\/prefeito-cobra-da-corsan-melhorias-nas-regioes-que-receberao-obras-de-pavimentacao-asfaltica\/#primaryimage\"},\"thumbnailUrl\":\"https:\/\/www.pmpf.rs.gov.br\/secretaria-de-obras\/wp-content\/uploads\/sites\/49\/2022\/08\/corsan.jpg\",\"datePublished\":\"2022-08-16T18:36:34+00:00\",\"dateModified\":\"2022-08-16T18:36:35+00:00\",\"author\":{\"@id\":\"https:\/\/www.pmpf.rs.gov.br\/secretaria-de-obras\/#\/schema\/person\/30ee1d1bd74da1469b01fcf086e43351\"},\"breadcrumb\":{\"@id\":\"https:\/\/www.pmpf.rs.gov.br\/secretaria-de-obras\/2022\/08\/16\/prefeito-cobra-da-corsan-melhorias-nas-regioes-que-receberao-obras-de-pavimentacao-asfaltica\/#breadcrumb\"},\"inLanguage\":\"pt-BR\",\"potentialAction\":[{\"@type\":\"ReadAction\",\"target\":[\"https:\/\/www.pmpf.rs.gov.br\/secretaria-de-obras\/2022\/08\/16\/prefeito-cobra-da-corsan-melhorias-nas-regioes-que-receberao-obras-de-pavimentacao-asfaltica\/\"]}]},{\"@type\":\"ImageObject\",\"inLanguage\":\"pt-BR\",\"@id\":\"https:\/\/www.pmpf.rs.gov.br\/secretaria-de-obras\/2022\/08\/16\/prefeito-cobra-da-corsan-melhorias-nas-regioes-que-receberao-obras-de-pavimentacao-asfaltica\/#primaryimage\",\"url\":\"https:\/\/www.pmpf.rs.gov.br\/secretaria-de-obras\/wp-content\/uploads\/sites\/49\/2022\/08\/corsan.jpg\",\"contentUrl\":\"https:\/\/www.pmpf.rs.gov.br\/secretaria-de-obras\/wp-content\/uploads\/sites\/49\/2022\/08\/corsan.jpg\",\"width\":1280,\"height\":853},{\"@type\":\"BreadcrumbList\",\"@id\":\"https:\/\/www.pmpf.rs.gov.br\/secretaria-de-obras\/2022\/08\/16\/prefeito-cobra-da-corsan-melhorias-nas-regioes-que-receberao-obras-de-pavimentacao-asfaltica\/#breadcrumb\",\"itemListElement\":[{\"@type\":\"ListItem\",\"position\":1,\"name\":\"In\u00edcio\",\"item\":\"https:\/\/www.pmpf.rs.gov.br\/secretaria-de-obras\/\"},{\"@type\":\"ListItem\",\"position\":2,\"name\":\"Prefeito cobra da Corsan melhorias nas regi\u00f5es que receber\u00e3o obras de pavimenta\u00e7\u00e3o asf\u00e1ltica\"}]},{\"@type\":\"WebSite\",\"@id\":\"https:\/\/www.pmpf.rs.gov.br\/secretaria-de-obras\/#website\",\"url\":\"https:\/\/www.pmpf.rs.gov.br\/secretaria-de-obras\/\",\"name\":\"Secretaria de Obras\",\"description\":\"S\u00f3 mais um site Prefeitura de Passo Fundo\",\"potentialAction\":[{\"@type\":\"SearchAction\",\"target\":{\"@type\":\"EntryPoint\",\"urlTemplate\":\"https:\/\/www.pmpf.rs.gov.br\/secretaria-de-obras\/?s={search_term_string}\"},\"query-input\":{\"@type\":\"PropertyValueSpecification\",\"valueRequired\":true,\"valueName\":\"search_term_string\"}}],\"inLanguage\":\"pt-BR\"},{\"@type\":\"Person\",\"@id\":\"https:\/\/www.pmpf.rs.gov.br\/secretaria-de-obras\/#\/schema\/person\/30ee1d1bd74da1469b01fcf086e43351\",\"name\":\"andressazorzetto07\",\"image\":{\"@type\":\"ImageObject\",\"inLanguage\":\"pt-BR\",\"@id\":\"https:\/\/www.pmpf.rs.gov.br\/secretaria-de-obras\/#\/schema\/person\/image\/\",\"url\":\"https:\/\/secure.gravatar.com\/avatar\/14c5458ed79dc81da99a13b9ff5f9f19?s=96&d=mm&r=g\",\"contentUrl\":\"https:\/\/secure.gravatar.com\/avatar\/14c5458ed79dc81da99a13b9ff5f9f19?s=96&d=mm&r=g\",\"caption\":\"andressazorzetto07\"},\"url\":\"https:\/\/www.pmpf.rs.gov.br\/secretaria-de-obras\/author\/andressazorzetto07\/\"}]}<\/script>\n<!-- \/ Yoast SEO plugin. -->","yoast_head_json":{"title":"Prefeito cobra da Corsan melhorias nas regi\u00f5es que receber\u00e3o obras de pavimenta\u00e7\u00e3o asf\u00e1ltica - Secretaria de Obras","robots":{"index":"index","follow":"follow","max-snippet":"max-snippet:-1","max-image-preview":"max-image-preview:large","max-video-preview":"max-video-preview:-1"},"canonical":"https:\/\/www.pmpf.rs.gov.br\/secretaria-de-obras\/2022\/08\/16\/prefeito-cobra-da-corsan-melhorias-nas-regioes-que-receberao-obras-de-pavimentacao-asfaltica\/","og_locale":"pt_BR","og_type":"article","og_title":"Prefeito cobra da Corsan melhorias nas regi\u00f5es que receber\u00e3o obras de pavimenta\u00e7\u00e3o asf\u00e1ltica - Secretaria de Obras","og_description":"As interven\u00e7\u00f5es antes do asfaltamento possibilitar\u00e3o uma durabilidade maior dos investimentos do Munic\u00edpio","og_url":"https:\/\/www.pmpf.rs.gov.br\/secretaria-de-obras\/2022\/08\/16\/prefeito-cobra-da-corsan-melhorias-nas-regioes-que-receberao-obras-de-pavimentacao-asfaltica\/","og_site_name":"Secretaria de Obras","article_published_time":"2022-08-16T18:36:34+00:00","article_modified_time":"2022-08-16T18:36:35+00:00","author":"andressazorzetto07","twitter_card":"summary_large_image","twitter_misc":{"Escrito por":"andressazorzetto07","Est. tempo de leitura":"2 minutos"},"schema":{"@context":"https:\/\/schema.org","@graph":[{"@type":"WebPage","@id":"https:\/\/www.pmpf.rs.gov.br\/secretaria-de-obras\/2022\/08\/16\/prefeito-cobra-da-corsan-melhorias-nas-regioes-que-receberao-obras-de-pavimentacao-asfaltica\/","url":"https:\/\/www.pmpf.rs.gov.br\/secretaria-de-obras\/2022\/08\/16\/prefeito-cobra-da-corsan-melhorias-nas-regioes-que-receberao-obras-de-pavimentacao-asfaltica\/","name":"Prefeito cobra da Corsan melhorias nas regi\u00f5es que receber\u00e3o obras de pavimenta\u00e7\u00e3o asf\u00e1ltica - Secretaria de Obras","isPartOf":{"@id":"https:\/\/www.pmpf.rs.gov.br\/secretaria-de-obras\/#website"},"primaryImageOfPage":{"@id":"https:\/\/www.pmpf.rs.gov.br\/secretaria-de-obras\/2022\/08\/16\/prefeito-cobra-da-corsan-melhorias-nas-regioes-que-receberao-obras-de-pavimentacao-asfaltica\/#primaryimage"},"image":{"@id":"https:\/\/www.pmpf.rs.gov.br\/secretaria-de-obras\/2022\/08\/16\/prefeito-cobra-da-corsan-melhorias-nas-regioes-que-receberao-obras-de-pavimentacao-asfaltica\/#primaryimage"},"thumbnailUrl":"https:\/\/www.pmpf.rs.gov.br\/secretaria-de-obras\/wp-content\/uploads\/sites\/49\/2022\/08\/corsan.jpg","datePublished":"2022-08-16T18:36:34+00:00","dateModified":"2022-08-16T18:36:35+00:00","author":{"@id":"https:\/\/www.pmpf.rs.gov.br\/secretaria-de-obras\/#\/schema\/person\/30ee1d1bd74da1469b01fcf086e43351"},"breadcrumb":{"@id":"https:\/\/www.pmpf.rs.gov.br\/secretaria-de-obras\/2022\/08\/16\/prefeito-cobra-da-corsan-melhorias-nas-regioes-que-receberao-obras-de-pavimentacao-asfaltica\/#breadcrumb"},"inLanguage":"pt-BR","potentialAction":[{"@type":"ReadAction","target":["https:\/\/www.pmpf.rs.gov.br\/secretaria-de-obras\/2022\/08\/16\/prefeito-cobra-da-corsan-melhorias-nas-regioes-que-receberao-obras-de-pavimentacao-asfaltica\/"]}]},{"@type":"ImageObject","inLanguage":"pt-BR","@id":"https:\/\/www.pmpf.rs.gov.br\/secretaria-de-obras\/2022\/08\/16\/prefeito-cobra-da-corsan-melhorias-nas-regioes-que-receberao-obras-de-pavimentacao-asfaltica\/#primaryimage","url":"https:\/\/www.pmpf.rs.gov.br\/secretaria-de-obras\/wp-content\/uploads\/sites\/49\/2022\/08\/corsan.jpg","contentUrl":"https:\/\/www.pmpf.rs.gov.br\/secretaria-de-obras\/wp-content\/uploads\/sites\/49\/2022\/08\/corsan.jpg","width":1280,"height":853},{"@type":"BreadcrumbList","@id":"https:\/\/www.pmpf.rs.gov.br\/secretaria-de-obras\/2022\/08\/16\/prefeito-cobra-da-corsan-melhorias-nas-regioes-que-receberao-obras-de-pavimentacao-asfaltica\/#breadcrumb","itemListElement":[{"@type":"ListItem","position":1,"name":"In\u00edcio","item":"https:\/\/www.pmpf.rs.gov.br\/secretaria-de-obras\/"},{"@type":"ListItem","position":2,"name":"Prefeito cobra da Corsan melhorias nas regi\u00f5es que receber\u00e3o obras de pavimenta\u00e7\u00e3o asf\u00e1ltica"}]},{"@type":"WebSite","@id":"https:\/\/www.pmpf.rs.gov.br\/secretaria-de-obras\/#website","url":"https:\/\/www.pmpf.rs.gov.br\/secretaria-de-obras\/","name":"Secretaria de Obras","description":"S\u00f3 mais um site Prefeitura de Passo Fundo","potentialAction":[{"@type":"SearchAction","target":{"@type":"EntryPoint","urlTemplate":"https:\/\/www.pmpf.rs.gov.br\/secretaria-de-obras\/?s={search_term_string}"},"query-input":{"@type":"PropertyValueSpecification","valueRequired":true,"valueName":"search_term_string"}}],"inLanguage":"pt-BR"},{"@type":"Person","@id":"https:\/\/www.pmpf.rs.gov.br\/secretaria-de-obras\/#\/schema\/person\/30ee1d1bd74da1469b01fcf086e43351","name":"andressazorzetto07","image":{"@type":"ImageObject","inLanguage":"pt-BR","@id":"https:\/\/www.pmpf.rs.gov.br\/secretaria-de-obras\/#\/schema\/person\/image\/","url":"https:\/\/secure.gravatar.com\/avatar\/14c5458ed79dc81da99a13b9ff5f9f19?s=96&d=mm&r=g","contentUrl":"https:\/\/secure.gravatar.com\/avatar\/14c5458ed79dc81da99a13b9ff5f9f19?s=96&d=mm&r=g","caption":"andressazorzetto07"},"url":"https:\/\/www.pmpf.rs.gov.br\/secretaria-de-obras\/author\/andressazorzetto07\/"}]}},"_links":{"self":[{"href":"https:\/\/www.pmpf.rs.gov.br\/secretaria-de-obras\/wp-json\/wp\/v2\/posts\/1778"}],"collection":[{"href":"https:\/\/www.pmpf.rs.gov.br\/secretaria-de-obras\/wp-json\/wp\/v2\/posts"}],"about":[{"href":"https:\/\/www.pmpf.rs.gov.br\/secretaria-de-obras\/wp-json\/wp\/v2\/types\/post"}],"author":[{"embeddable":true,"href":"https:\/\/www.pmpf.rs.gov.br\/secretaria-de-obras\/wp-json\/wp\/v2\/users\/6"}],"replies":[{"embeddable":true,"href":"https:\/\/www.pmpf.rs.gov.br\/secretaria-de-obras\/wp-json\/wp\/v2\/comments?post=1778"}],"version-history":[{"count":1,"href":"https:\/\/www.pmpf.rs.gov.br\/secretaria-de-obras\/wp-json\/wp\/v2\/posts\/1778\/revisions"}],"predecessor-version":[{"id":1780,"href":"https:\/\/www.pmpf.rs.gov.br\/secretaria-de-obras\/wp-json\/wp\/v2\/posts\/1778\/revisions\/1780"}],"wp:featuredmedia":[{"embeddable":true,"href":"https:\/\/www.pmpf.rs.gov.br\/secretaria-de-obras\/wp-json\/wp\/v2\/media\/1779"}],"wp:attachment":[{"href":"https:\/\/www.pmpf.rs.gov.br\/secretaria-de-obras\/wp-json\/wp\/v2\/media?parent=1778"}],"wp:term":[{"taxonomy":"category","embeddable":true,"href":"https:\/\/www.pmpf.rs.gov.br\/secretaria-de-obras\/wp-json\/wp\/v2\/categories?post=1778"},{"taxonomy":"post_tag","embeddable":true,"href":"https:\/\/www.pmpf.rs.gov.br\/secretaria-de-obras\/wp-json\/wp\/v2\/tags?post=1778"}],"curies":[{"name":"wp","href":"https:\/\/api.w.org\/{rel}","templated":true}]}}