{"id":1721,"date":"2022-05-23T14:01:04","date_gmt":"2022-05-23T17:01:04","guid":{"rendered":"https:\/\/www.pmpf.rs.gov.br\/secretaria-de-obras\/?p=1721"},"modified":"2022-05-23T14:01:05","modified_gmt":"2022-05-23T17:01:05","slug":"prefeitura-anuncia-obra-de-asfaltamento-da-avenida-general-neto","status":"publish","type":"post","link":"https:\/\/www.pmpf.rs.gov.br\/secretaria-de-obras\/2022\/05\/23\/prefeitura-anuncia-obra-de-asfaltamento-da-avenida-general-neto\/","title":{"rendered":"Prefeitura anuncia obra de asfaltamento da avenida General Neto"},"content":{"rendered":"\n<p><\/p>\n\n\n\n<p><\/p>\n\n\n\n<p>O prefeito de Passo Fundo, Pedro Almeida, anunciou na manh\u00e3 deste s\u00e1bado (21), a realiza\u00e7\u00e3o de mais uma obra de asfaltamento e mobilidade urbana no munic\u00edpio. Com uma extens\u00e3o de aproximadamente 1 quil\u00f4metro, a Prefeitura far\u00e1 a pavimenta\u00e7\u00e3o da avenida General Neto no trecho entre as ruas Nascimento Vargas e Dona Elisa. \u201cEsta \u00e9 uma obra semelhante as realizadas nas ruas Minas Gerais e Livramento, qualificando o aspecto urbano da cidade e contribuindo para melhorar a fluidez do tr\u00e2nsito\u201d, destacou Pedro.<\/p>\n\n\n\n<p>Conforme o chefe do Executivo, a execu\u00e7\u00e3o da obra trar\u00e1 benef\u00edcios para os bairros Cidade Nova, F\u00e1tima, Dona Elisa e Vera Cruz, fazendo a liga\u00e7\u00e3o destas regi\u00f5es de Passo Fundo com o centro. \u201cAssim como foi feito na Minas Gerais e na Livramento, a pavimenta\u00e7\u00e3o da General Neto ser\u00e1 acompanhada pela revis\u00e3o e substitui\u00e7\u00e3o do sistema de drenagem pluvial antes da coloca\u00e7\u00e3o da camada de asfalto. Em seguida, a Secretaria de Transportes e Servi\u00e7os Gerais far\u00e1 a sinaliza\u00e7\u00e3o vi\u00e1ria do trecho\u201d, relatou o prefeito, complementando que os trabalhos devem ser iniciados nos pr\u00f3ximos dias e a previs\u00e3o \u00e9 de que sejam conclu\u00eddos at\u00e9 o final deste ano.<\/p>\n\n\n\n<p>De acordo com o secret\u00e1rio de Obras, Rubens Astolfi, a revis\u00e3o da drenagem \u00e9 uma etapa preparat\u00f3ria importante para evitar que, ap\u00f3s a coloca\u00e7\u00e3o do asfalto, seja necess\u00e1rio perfurar a via para a substitui\u00e7\u00e3o da canaliza\u00e7\u00e3o. \u201cEsse modelo mostrou-se eficiente nas obras de pavimenta\u00e7\u00e3o na rua Minas Gerais e na Livramento\u201d, indicou.<\/p>\n","protected":false},"excerpt":{"rendered":"<p>O prefeito de Passo Fundo, Pedro Almeida, anunciou na manh\u00e3 deste s\u00e1bado (21), a realiza\u00e7\u00e3o de mais uma obra de asfaltamento e mobilidade urbana no munic\u00edpio. Com uma extens\u00e3o de aproximadamente 1 [&hellip;]<\/p>\n","protected":false},"author":6,"featured_media":1722,"comment_status":"closed","ping_status":"closed","sticky":true,"template":"","format":"standard","meta":{"footnotes":""},"categories":[14],"tags":[],"class_list":["post-1721","post","type-post","status-publish","format-standard","has-post-thumbnail","hentry","category-asfalto"],"yoast_head":"<!-- This site is optimized with the Yoast SEO plugin v23.8 - https:\/\/yoast.com\/wordpress\/plugins\/seo\/ -->\n<title>Prefeitura anuncia obra de asfaltamento da avenida General Neto - Secretaria de Obras<\/title>\n<meta name=\"robots\" content=\"index, follow, max-snippet:-1, max-image-preview:large, max-video-preview:-1\" \/>\n<link rel=\"canonical\" href=\"https:\/\/www.pmpf.rs.gov.br\/secretaria-de-obras\/2022\/05\/23\/prefeitura-anuncia-obra-de-asfaltamento-da-avenida-general-neto\/\" \/>\n<meta property=\"og:locale\" content=\"pt_BR\" \/>\n<meta property=\"og:type\" content=\"article\" \/>\n<meta property=\"og:title\" content=\"Prefeitura anuncia obra de asfaltamento da avenida General Neto - Secretaria de Obras\" \/>\n<meta property=\"og:description\" content=\"O prefeito de Passo Fundo, Pedro Almeida, anunciou na manh\u00e3 deste s\u00e1bado (21), a realiza\u00e7\u00e3o de mais uma obra de asfaltamento e mobilidade urbana no munic\u00edpio. Com uma extens\u00e3o de aproximadamente 1 [&hellip;]\" \/>\n<meta property=\"og:url\" content=\"https:\/\/www.pmpf.rs.gov.br\/secretaria-de-obras\/2022\/05\/23\/prefeitura-anuncia-obra-de-asfaltamento-da-avenida-general-neto\/\" \/>\n<meta property=\"og:site_name\" content=\"Secretaria de Obras\" \/>\n<meta property=\"article:published_time\" content=\"2022-05-23T17:01:04+00:00\" \/>\n<meta property=\"article:modified_time\" content=\"2022-05-23T17:01:05+00:00\" \/>\n<meta name=\"author\" content=\"andressazorzetto07\" \/>\n<meta name=\"twitter:card\" content=\"summary_large_image\" \/>\n<meta name=\"twitter:label1\" content=\"Escrito por\" \/>\n\t<meta name=\"twitter:data1\" content=\"andressazorzetto07\" \/>\n\t<meta name=\"twitter:label2\" content=\"Est. tempo de leitura\" \/>\n\t<meta name=\"twitter:data2\" content=\"1 minuto\" \/>\n<script type=\"application\/ld+json\" class=\"yoast-schema-graph\">{\"@context\":\"https:\/\/schema.org\",\"@graph\":[{\"@type\":\"WebPage\",\"@id\":\"https:\/\/www.pmpf.rs.gov.br\/secretaria-de-obras\/2022\/05\/23\/prefeitura-anuncia-obra-de-asfaltamento-da-avenida-general-neto\/\",\"url\":\"https:\/\/www.pmpf.rs.gov.br\/secretaria-de-obras\/2022\/05\/23\/prefeitura-anuncia-obra-de-asfaltamento-da-avenida-general-neto\/\",\"name\":\"Prefeitura anuncia obra de asfaltamento da avenida General Neto - Secretaria de Obras\",\"isPartOf\":{\"@id\":\"https:\/\/www.pmpf.rs.gov.br\/secretaria-de-obras\/#website\"},\"primaryImageOfPage\":{\"@id\":\"https:\/\/www.pmpf.rs.gov.br\/secretaria-de-obras\/2022\/05\/23\/prefeitura-anuncia-obra-de-asfaltamento-da-avenida-general-neto\/#primaryimage\"},\"image\":{\"@id\":\"https:\/\/www.pmpf.rs.gov.br\/secretaria-de-obras\/2022\/05\/23\/prefeitura-anuncia-obra-de-asfaltamento-da-avenida-general-neto\/#primaryimage\"},\"thumbnailUrl\":\"https:\/\/www.pmpf.rs.gov.br\/secretaria-de-obras\/wp-content\/uploads\/sites\/49\/2022\/05\/general-neto.jpg\",\"datePublished\":\"2022-05-23T17:01:04+00:00\",\"dateModified\":\"2022-05-23T17:01:05+00:00\",\"author\":{\"@id\":\"https:\/\/www.pmpf.rs.gov.br\/secretaria-de-obras\/#\/schema\/person\/30ee1d1bd74da1469b01fcf086e43351\"},\"breadcrumb\":{\"@id\":\"https:\/\/www.pmpf.rs.gov.br\/secretaria-de-obras\/2022\/05\/23\/prefeitura-anuncia-obra-de-asfaltamento-da-avenida-general-neto\/#breadcrumb\"},\"inLanguage\":\"pt-BR\",\"potentialAction\":[{\"@type\":\"ReadAction\",\"target\":[\"https:\/\/www.pmpf.rs.gov.br\/secretaria-de-obras\/2022\/05\/23\/prefeitura-anuncia-obra-de-asfaltamento-da-avenida-general-neto\/\"]}]},{\"@type\":\"ImageObject\",\"inLanguage\":\"pt-BR\",\"@id\":\"https:\/\/www.pmpf.rs.gov.br\/secretaria-de-obras\/2022\/05\/23\/prefeitura-anuncia-obra-de-asfaltamento-da-avenida-general-neto\/#primaryimage\",\"url\":\"https:\/\/www.pmpf.rs.gov.br\/secretaria-de-obras\/wp-content\/uploads\/sites\/49\/2022\/05\/general-neto.jpg\",\"contentUrl\":\"https:\/\/www.pmpf.rs.gov.br\/secretaria-de-obras\/wp-content\/uploads\/sites\/49\/2022\/05\/general-neto.jpg\",\"width\":1280,\"height\":719},{\"@type\":\"BreadcrumbList\",\"@id\":\"https:\/\/www.pmpf.rs.gov.br\/secretaria-de-obras\/2022\/05\/23\/prefeitura-anuncia-obra-de-asfaltamento-da-avenida-general-neto\/#breadcrumb\",\"itemListElement\":[{\"@type\":\"ListItem\",\"position\":1,\"name\":\"In\u00edcio\",\"item\":\"https:\/\/www.pmpf.rs.gov.br\/secretaria-de-obras\/\"},{\"@type\":\"ListItem\",\"position\":2,\"name\":\"Prefeitura anuncia obra de asfaltamento da avenida General Neto\"}]},{\"@type\":\"WebSite\",\"@id\":\"https:\/\/www.pmpf.rs.gov.br\/secretaria-de-obras\/#website\",\"url\":\"https:\/\/www.pmpf.rs.gov.br\/secretaria-de-obras\/\",\"name\":\"Secretaria de Obras\",\"description\":\"S\u00f3 mais um site Prefeitura de Passo Fundo\",\"potentialAction\":[{\"@type\":\"SearchAction\",\"target\":{\"@type\":\"EntryPoint\",\"urlTemplate\":\"https:\/\/www.pmpf.rs.gov.br\/secretaria-de-obras\/?s={search_term_string}\"},\"query-input\":{\"@type\":\"PropertyValueSpecification\",\"valueRequired\":true,\"valueName\":\"search_term_string\"}}],\"inLanguage\":\"pt-BR\"},{\"@type\":\"Person\",\"@id\":\"https:\/\/www.pmpf.rs.gov.br\/secretaria-de-obras\/#\/schema\/person\/30ee1d1bd74da1469b01fcf086e43351\",\"name\":\"andressazorzetto07\",\"image\":{\"@type\":\"ImageObject\",\"inLanguage\":\"pt-BR\",\"@id\":\"https:\/\/www.pmpf.rs.gov.br\/secretaria-de-obras\/#\/schema\/person\/image\/\",\"url\":\"https:\/\/secure.gravatar.com\/avatar\/14c5458ed79dc81da99a13b9ff5f9f19?s=96&d=mm&r=g\",\"contentUrl\":\"https:\/\/secure.gravatar.com\/avatar\/14c5458ed79dc81da99a13b9ff5f9f19?s=96&d=mm&r=g\",\"caption\":\"andressazorzetto07\"},\"url\":\"https:\/\/www.pmpf.rs.gov.br\/secretaria-de-obras\/author\/andressazorzetto07\/\"}]}<\/script>\n<!-- \/ Yoast SEO plugin. -->","yoast_head_json":{"title":"Prefeitura anuncia obra de asfaltamento da avenida General Neto - Secretaria de Obras","robots":{"index":"index","follow":"follow","max-snippet":"max-snippet:-1","max-image-preview":"max-image-preview:large","max-video-preview":"max-video-preview:-1"},"canonical":"https:\/\/www.pmpf.rs.gov.br\/secretaria-de-obras\/2022\/05\/23\/prefeitura-anuncia-obra-de-asfaltamento-da-avenida-general-neto\/","og_locale":"pt_BR","og_type":"article","og_title":"Prefeitura anuncia obra de asfaltamento da avenida General Neto - Secretaria de Obras","og_description":"O prefeito de Passo Fundo, Pedro Almeida, anunciou na manh\u00e3 deste s\u00e1bado (21), a realiza\u00e7\u00e3o de mais uma obra de asfaltamento e mobilidade urbana no munic\u00edpio. Com uma extens\u00e3o de aproximadamente 1 [&hellip;]","og_url":"https:\/\/www.pmpf.rs.gov.br\/secretaria-de-obras\/2022\/05\/23\/prefeitura-anuncia-obra-de-asfaltamento-da-avenida-general-neto\/","og_site_name":"Secretaria de Obras","article_published_time":"2022-05-23T17:01:04+00:00","article_modified_time":"2022-05-23T17:01:05+00:00","author":"andressazorzetto07","twitter_card":"summary_large_image","twitter_misc":{"Escrito por":"andressazorzetto07","Est. tempo de leitura":"1 minuto"},"schema":{"@context":"https:\/\/schema.org","@graph":[{"@type":"WebPage","@id":"https:\/\/www.pmpf.rs.gov.br\/secretaria-de-obras\/2022\/05\/23\/prefeitura-anuncia-obra-de-asfaltamento-da-avenida-general-neto\/","url":"https:\/\/www.pmpf.rs.gov.br\/secretaria-de-obras\/2022\/05\/23\/prefeitura-anuncia-obra-de-asfaltamento-da-avenida-general-neto\/","name":"Prefeitura anuncia obra de asfaltamento da avenida General Neto - Secretaria de Obras","isPartOf":{"@id":"https:\/\/www.pmpf.rs.gov.br\/secretaria-de-obras\/#website"},"primaryImageOfPage":{"@id":"https:\/\/www.pmpf.rs.gov.br\/secretaria-de-obras\/2022\/05\/23\/prefeitura-anuncia-obra-de-asfaltamento-da-avenida-general-neto\/#primaryimage"},"image":{"@id":"https:\/\/www.pmpf.rs.gov.br\/secretaria-de-obras\/2022\/05\/23\/prefeitura-anuncia-obra-de-asfaltamento-da-avenida-general-neto\/#primaryimage"},"thumbnailUrl":"https:\/\/www.pmpf.rs.gov.br\/secretaria-de-obras\/wp-content\/uploads\/sites\/49\/2022\/05\/general-neto.jpg","datePublished":"2022-05-23T17:01:04+00:00","dateModified":"2022-05-23T17:01:05+00:00","author":{"@id":"https:\/\/www.pmpf.rs.gov.br\/secretaria-de-obras\/#\/schema\/person\/30ee1d1bd74da1469b01fcf086e43351"},"breadcrumb":{"@id":"https:\/\/www.pmpf.rs.gov.br\/secretaria-de-obras\/2022\/05\/23\/prefeitura-anuncia-obra-de-asfaltamento-da-avenida-general-neto\/#breadcrumb"},"inLanguage":"pt-BR","potentialAction":[{"@type":"ReadAction","target":["https:\/\/www.pmpf.rs.gov.br\/secretaria-de-obras\/2022\/05\/23\/prefeitura-anuncia-obra-de-asfaltamento-da-avenida-general-neto\/"]}]},{"@type":"ImageObject","inLanguage":"pt-BR","@id":"https:\/\/www.pmpf.rs.gov.br\/secretaria-de-obras\/2022\/05\/23\/prefeitura-anuncia-obra-de-asfaltamento-da-avenida-general-neto\/#primaryimage","url":"https:\/\/www.pmpf.rs.gov.br\/secretaria-de-obras\/wp-content\/uploads\/sites\/49\/2022\/05\/general-neto.jpg","contentUrl":"https:\/\/www.pmpf.rs.gov.br\/secretaria-de-obras\/wp-content\/uploads\/sites\/49\/2022\/05\/general-neto.jpg","width":1280,"height":719},{"@type":"BreadcrumbList","@id":"https:\/\/www.pmpf.rs.gov.br\/secretaria-de-obras\/2022\/05\/23\/prefeitura-anuncia-obra-de-asfaltamento-da-avenida-general-neto\/#breadcrumb","itemListElement":[{"@type":"ListItem","position":1,"name":"In\u00edcio","item":"https:\/\/www.pmpf.rs.gov.br\/secretaria-de-obras\/"},{"@type":"ListItem","position":2,"name":"Prefeitura anuncia obra de asfaltamento da avenida General Neto"}]},{"@type":"WebSite","@id":"https:\/\/www.pmpf.rs.gov.br\/secretaria-de-obras\/#website","url":"https:\/\/www.pmpf.rs.gov.br\/secretaria-de-obras\/","name":"Secretaria de Obras","description":"S\u00f3 mais um site Prefeitura de Passo Fundo","potentialAction":[{"@type":"SearchAction","target":{"@type":"EntryPoint","urlTemplate":"https:\/\/www.pmpf.rs.gov.br\/secretaria-de-obras\/?s={search_term_string}"},"query-input":{"@type":"PropertyValueSpecification","valueRequired":true,"valueName":"search_term_string"}}],"inLanguage":"pt-BR"},{"@type":"Person","@id":"https:\/\/www.pmpf.rs.gov.br\/secretaria-de-obras\/#\/schema\/person\/30ee1d1bd74da1469b01fcf086e43351","name":"andressazorzetto07","image":{"@type":"ImageObject","inLanguage":"pt-BR","@id":"https:\/\/www.pmpf.rs.gov.br\/secretaria-de-obras\/#\/schema\/person\/image\/","url":"https:\/\/secure.gravatar.com\/avatar\/14c5458ed79dc81da99a13b9ff5f9f19?s=96&d=mm&r=g","contentUrl":"https:\/\/secure.gravatar.com\/avatar\/14c5458ed79dc81da99a13b9ff5f9f19?s=96&d=mm&r=g","caption":"andressazorzetto07"},"url":"https:\/\/www.pmpf.rs.gov.br\/secretaria-de-obras\/author\/andressazorzetto07\/"}]}},"_links":{"self":[{"href":"https:\/\/www.pmpf.rs.gov.br\/secretaria-de-obras\/wp-json\/wp\/v2\/posts\/1721"}],"collection":[{"href":"https:\/\/www.pmpf.rs.gov.br\/secretaria-de-obras\/wp-json\/wp\/v2\/posts"}],"about":[{"href":"https:\/\/www.pmpf.rs.gov.br\/secretaria-de-obras\/wp-json\/wp\/v2\/types\/post"}],"author":[{"embeddable":true,"href":"https:\/\/www.pmpf.rs.gov.br\/secretaria-de-obras\/wp-json\/wp\/v2\/users\/6"}],"replies":[{"embeddable":true,"href":"https:\/\/www.pmpf.rs.gov.br\/secretaria-de-obras\/wp-json\/wp\/v2\/comments?post=1721"}],"version-history":[{"count":1,"href":"https:\/\/www.pmpf.rs.gov.br\/secretaria-de-obras\/wp-json\/wp\/v2\/posts\/1721\/revisions"}],"predecessor-version":[{"id":1723,"href":"https:\/\/www.pmpf.rs.gov.br\/secretaria-de-obras\/wp-json\/wp\/v2\/posts\/1721\/revisions\/1723"}],"wp:featuredmedia":[{"embeddable":true,"href":"https:\/\/www.pmpf.rs.gov.br\/secretaria-de-obras\/wp-json\/wp\/v2\/media\/1722"}],"wp:attachment":[{"href":"https:\/\/www.pmpf.rs.gov.br\/secretaria-de-obras\/wp-json\/wp\/v2\/media?parent=1721"}],"wp:term":[{"taxonomy":"category","embeddable":true,"href":"https:\/\/www.pmpf.rs.gov.br\/secretaria-de-obras\/wp-json\/wp\/v2\/categories?post=1721"},{"taxonomy":"post_tag","embeddable":true,"href":"https:\/\/www.pmpf.rs.gov.br\/secretaria-de-obras\/wp-json\/wp\/v2\/tags?post=1721"}],"curies":[{"name":"wp","href":"https:\/\/api.w.org\/{rel}","templated":true}]}}