{"id":457,"date":"2009-06-10T03:00:00","date_gmt":"2009-06-10T06:00:00","guid":{"rendered":"https:\/\/www.pmpf.rs.gov.br\/secretaria-de-meio-ambiente\/2009\/06\/10\/parceria-da-prefeitura-com-o-case-beneficia-jovens-1976\/"},"modified":"2009-06-10T03:00:00","modified_gmt":"2009-06-10T06:00:00","slug":"parceria-da-prefeitura-com-o-case-beneficia-jovens-1976","status":"publish","type":"post","link":"https:\/\/www.pmpf.rs.gov.br\/secretaria-de-meio-ambiente\/2009\/06\/10\/parceria-da-prefeitura-com-o-case-beneficia-jovens-1976\/","title":{"rendered":"Parceria da Prefeitura com o CASE beneficia jovens"},"content":{"rendered":"<p>Promover a cidadania e a reinser\u00e7\u00e3o social foi o objetivo da parceria iniciada na manh\u00e3 de hoje, entre o CASE -Centro de Atendimento S\u00f3cio Educativo de Passo Fundo, e a prefeitura municipal atrav\u00e9s da Secretaria de Meio Ambiente. Desenvolvido j\u00e1 h\u00e1 alguns anos, o Projeto do CASE, Plantando Cidadania, promove a\u00e7\u00f5es para reintegrar os internos da institui\u00e7\u00e3o que cumprem medidas s\u00f3cio-educativas.<\/p>\n<p align=\"justify\" class=\"western\">A Smam fez uma doa\u00e7\u00e3o de  mudas de \u00e1rvores frut\u00edferas para a forma\u00e7\u00e3o de um pomar. Nesta manh\u00e3 os internos da unidade j\u00e1 come\u00e7aram a plantar as mudas. O secret\u00e1rio do Meio Ambiente, Cl\u00f3vis Alves, destacou a import\u00e2ncia da inclus\u00e3o social para a preserva\u00e7\u00e3o do meio ambiente \u201cQuando n\u00f3s falamos em preserva\u00e7\u00e3o do meio ambiente, falamos em preserva\u00e7\u00e3o da vida. Esses jovens que est\u00e3o hoje cumprindo medidas, precisam de um atendimento especial para voltar \u00e0 sociedade, e nada melhor que esse projeto para contribuir no processo, envolvendo atividades de meio ambiente e de cidadania\u201d, disse. Alves tamb\u00e9m ressaltou que o objetivo futuro \u00e9 envolver esses jovens em atividades no viveiro municipal, que est\u00e1 sendo reestruturado pela Prefeitura para ser um centro de educa\u00e7\u00e3o ambiental, onde ser\u00e3o produzidas mudas de \u00e1rvores frut\u00edferas, nativas e flores.<\/p>\n<p align=\"justify\" class=\"western\">O diretor do CASE, Luis Valendorf, salientou a import\u00e2ncia do Executivo atrav\u00e9s da Smam, no Projeto Plantando Cidadania, e que o principal objetivo \u00e9  mostrar para o adolescente que cumpre medidas s\u00f3cio-educativas a responsabilidade que ele tem com o meio ambiente. O CASE abriga atualmente 74 internos.<\/p>\n","protected":false},"excerpt":{"rendered":"<p>Promover a cidadania e a reinser\u00e7\u00e3o social foi o objetivo da parceria iniciada na manh\u00e3 de hoje, entre o CASE -Centro de Atendimento S\u00f3cio Educativo de Passo Fundo, e a prefeitura municipal atrav\u00e9s da Secretaria de Meio Ambiente. Desenvolvido j\u00e1 h\u00e1 alguns anos, o Projeto do CASE, Plantando Cidadania, promove a\u00e7\u00f5es para reintegrar os internos da institui\u00e7\u00e3o que cumprem medidas s\u00f3cio-educativas.<\/p>\n","protected":false},"author":1,"featured_media":458,"comment_status":"open","ping_status":"open","sticky":false,"template":"","format":"standard","meta":{"footnotes":""},"categories":[],"tags":[],"class_list":["post-457","post","type-post","status-publish","format-standard","has-post-thumbnail","hentry"],"yoast_head":"<!-- This site is optimized with the Yoast SEO plugin v23.8 - https:\/\/yoast.com\/wordpress\/plugins\/seo\/ -->\n<title>Parceria da Prefeitura com o CASE beneficia jovens - Secretaria de Meio Ambiente<\/title>\n<meta name=\"robots\" content=\"index, follow, max-snippet:-1, max-image-preview:large, max-video-preview:-1\" \/>\n<link rel=\"canonical\" href=\"https:\/\/www.pmpf.rs.gov.br\/secretaria-de-meio-ambiente\/2009\/06\/10\/parceria-da-prefeitura-com-o-case-beneficia-jovens-1976\/\" \/>\n<meta property=\"og:locale\" content=\"pt_BR\" \/>\n<meta property=\"og:type\" content=\"article\" \/>\n<meta property=\"og:title\" content=\"Parceria da Prefeitura com o CASE beneficia jovens - Secretaria de Meio Ambiente\" \/>\n<meta property=\"og:description\" content=\"Promover a cidadania e a reinser\u00e7\u00e3o social foi o objetivo da parceria iniciada na manh\u00e3 de hoje, entre o CASE -Centro de Atendimento S\u00f3cio Educativo de Passo Fundo, e a prefeitura municipal atrav\u00e9s da Secretaria de Meio Ambiente. Desenvolvido j\u00e1 h\u00e1 alguns anos, o Projeto do CASE, Plantando Cidadania, promove a\u00e7\u00f5es para reintegrar os internos da institui\u00e7\u00e3o que cumprem medidas s\u00f3cio-educativas.\" \/>\n<meta property=\"og:url\" content=\"https:\/\/www.pmpf.rs.gov.br\/secretaria-de-meio-ambiente\/2009\/06\/10\/parceria-da-prefeitura-com-o-case-beneficia-jovens-1976\/\" \/>\n<meta property=\"og:site_name\" content=\"Secretaria de Meio Ambiente\" \/>\n<meta property=\"article:published_time\" content=\"2009-06-10T06:00:00+00:00\" \/>\n<meta property=\"og:image\" content=\"https:\/\/www.pmpf.rs.gov.br\/secretaria-de-meio-ambiente\/wp-content\/uploads\/sites\/48\/2021\/12\/I2013-05-07_062707_c6382.jpg\" \/>\n\t<meta property=\"og:image:width\" content=\"467\" \/>\n\t<meta property=\"og:image:height\" content=\"337\" \/>\n\t<meta property=\"og:image:type\" content=\"image\/jpeg\" \/>\n<meta name=\"author\" content=\"mosite\" \/>\n<meta name=\"twitter:card\" content=\"summary_large_image\" \/>\n<meta name=\"twitter:label1\" content=\"Escrito por\" \/>\n\t<meta name=\"twitter:data1\" content=\"mosite\" \/>\n\t<meta name=\"twitter:label2\" content=\"Est. tempo de leitura\" \/>\n\t<meta name=\"twitter:data2\" content=\"1 minuto\" \/>\n<script type=\"application\/ld+json\" class=\"yoast-schema-graph\">{\"@context\":\"https:\/\/schema.org\",\"@graph\":[{\"@type\":\"WebPage\",\"@id\":\"https:\/\/www.pmpf.rs.gov.br\/secretaria-de-meio-ambiente\/2009\/06\/10\/parceria-da-prefeitura-com-o-case-beneficia-jovens-1976\/\",\"url\":\"https:\/\/www.pmpf.rs.gov.br\/secretaria-de-meio-ambiente\/2009\/06\/10\/parceria-da-prefeitura-com-o-case-beneficia-jovens-1976\/\",\"name\":\"Parceria da Prefeitura com o CASE beneficia jovens - Secretaria de Meio Ambiente\",\"isPartOf\":{\"@id\":\"https:\/\/www.pmpf.rs.gov.br\/secretaria-de-meio-ambiente\/#website\"},\"primaryImageOfPage\":{\"@id\":\"https:\/\/www.pmpf.rs.gov.br\/secretaria-de-meio-ambiente\/2009\/06\/10\/parceria-da-prefeitura-com-o-case-beneficia-jovens-1976\/#primaryimage\"},\"image\":{\"@id\":\"https:\/\/www.pmpf.rs.gov.br\/secretaria-de-meio-ambiente\/2009\/06\/10\/parceria-da-prefeitura-com-o-case-beneficia-jovens-1976\/#primaryimage\"},\"thumbnailUrl\":\"https:\/\/www.pmpf.rs.gov.br\/secretaria-de-meio-ambiente\/wp-content\/uploads\/sites\/48\/2021\/12\/I2013-05-07_062707_c6382.jpg\",\"datePublished\":\"2009-06-10T06:00:00+00:00\",\"dateModified\":\"2009-06-10T06:00:00+00:00\",\"author\":{\"@id\":\"https:\/\/www.pmpf.rs.gov.br\/secretaria-de-meio-ambiente\/#\/schema\/person\/0c355b0fa68a7aa986c8594f7a60a2d7\"},\"inLanguage\":\"pt-BR\",\"potentialAction\":[{\"@type\":\"ReadAction\",\"target\":[\"https:\/\/www.pmpf.rs.gov.br\/secretaria-de-meio-ambiente\/2009\/06\/10\/parceria-da-prefeitura-com-o-case-beneficia-jovens-1976\/\"]}]},{\"@type\":\"ImageObject\",\"inLanguage\":\"pt-BR\",\"@id\":\"https:\/\/www.pmpf.rs.gov.br\/secretaria-de-meio-ambiente\/2009\/06\/10\/parceria-da-prefeitura-com-o-case-beneficia-jovens-1976\/#primaryimage\",\"url\":\"https:\/\/www.pmpf.rs.gov.br\/secretaria-de-meio-ambiente\/wp-content\/uploads\/sites\/48\/2021\/12\/I2013-05-07_062707_c6382.jpg\",\"contentUrl\":\"https:\/\/www.pmpf.rs.gov.br\/secretaria-de-meio-ambiente\/wp-content\/uploads\/sites\/48\/2021\/12\/I2013-05-07_062707_c6382.jpg\",\"width\":467,\"height\":337},{\"@type\":\"WebSite\",\"@id\":\"https:\/\/www.pmpf.rs.gov.br\/secretaria-de-meio-ambiente\/#website\",\"url\":\"https:\/\/www.pmpf.rs.gov.br\/secretaria-de-meio-ambiente\/\",\"name\":\"Secretaria de Meio Ambiente\",\"description\":\"S\u00f3 mais um site Prefeitura de Passo Fundo\",\"potentialAction\":[{\"@type\":\"SearchAction\",\"target\":{\"@type\":\"EntryPoint\",\"urlTemplate\":\"https:\/\/www.pmpf.rs.gov.br\/secretaria-de-meio-ambiente\/?s={search_term_string}\"},\"query-input\":{\"@type\":\"PropertyValueSpecification\",\"valueRequired\":true,\"valueName\":\"search_term_string\"}}],\"inLanguage\":\"pt-BR\"},{\"@type\":\"Person\",\"@id\":\"https:\/\/www.pmpf.rs.gov.br\/secretaria-de-meio-ambiente\/#\/schema\/person\/0c355b0fa68a7aa986c8594f7a60a2d7\",\"name\":\"mosite\",\"image\":{\"@type\":\"ImageObject\",\"inLanguage\":\"pt-BR\",\"@id\":\"https:\/\/www.pmpf.rs.gov.br\/secretaria-de-meio-ambiente\/#\/schema\/person\/image\/\",\"url\":\"https:\/\/secure.gravatar.com\/avatar\/63d72595d6cecfe12bd8a94829d5a26c?s=96&d=mm&r=g\",\"contentUrl\":\"https:\/\/secure.gravatar.com\/avatar\/63d72595d6cecfe12bd8a94829d5a26c?s=96&d=mm&r=g\",\"caption\":\"mosite\"},\"sameAs\":[\"http:\/\/example.com\"],\"url\":\"https:\/\/www.pmpf.rs.gov.br\/secretaria-de-meio-ambiente\/author\/mosite\/\"}]}<\/script>\n<!-- \/ Yoast SEO plugin. -->","yoast_head_json":{"title":"Parceria da Prefeitura com o CASE beneficia jovens - Secretaria de Meio Ambiente","robots":{"index":"index","follow":"follow","max-snippet":"max-snippet:-1","max-image-preview":"max-image-preview:large","max-video-preview":"max-video-preview:-1"},"canonical":"https:\/\/www.pmpf.rs.gov.br\/secretaria-de-meio-ambiente\/2009\/06\/10\/parceria-da-prefeitura-com-o-case-beneficia-jovens-1976\/","og_locale":"pt_BR","og_type":"article","og_title":"Parceria da Prefeitura com o CASE beneficia jovens - Secretaria de Meio Ambiente","og_description":"Promover a cidadania e a reinser\u00e7\u00e3o social foi o objetivo da parceria iniciada na manh\u00e3 de hoje, entre o CASE -Centro de Atendimento S\u00f3cio Educativo de Passo Fundo, e a prefeitura municipal atrav\u00e9s da Secretaria de Meio Ambiente. Desenvolvido j\u00e1 h\u00e1 alguns anos, o Projeto do CASE, Plantando Cidadania, promove a\u00e7\u00f5es para reintegrar os internos da institui\u00e7\u00e3o que cumprem medidas s\u00f3cio-educativas.","og_url":"https:\/\/www.pmpf.rs.gov.br\/secretaria-de-meio-ambiente\/2009\/06\/10\/parceria-da-prefeitura-com-o-case-beneficia-jovens-1976\/","og_site_name":"Secretaria de Meio Ambiente","article_published_time":"2009-06-10T06:00:00+00:00","og_image":[{"width":467,"height":337,"url":"https:\/\/www.pmpf.rs.gov.br\/secretaria-de-meio-ambiente\/wp-content\/uploads\/sites\/48\/2021\/12\/I2013-05-07_062707_c6382.jpg","type":"image\/jpeg"}],"author":"mosite","twitter_card":"summary_large_image","twitter_misc":{"Escrito por":"mosite","Est. tempo de leitura":"1 minuto"},"schema":{"@context":"https:\/\/schema.org","@graph":[{"@type":"WebPage","@id":"https:\/\/www.pmpf.rs.gov.br\/secretaria-de-meio-ambiente\/2009\/06\/10\/parceria-da-prefeitura-com-o-case-beneficia-jovens-1976\/","url":"https:\/\/www.pmpf.rs.gov.br\/secretaria-de-meio-ambiente\/2009\/06\/10\/parceria-da-prefeitura-com-o-case-beneficia-jovens-1976\/","name":"Parceria da Prefeitura com o CASE beneficia jovens - Secretaria de Meio Ambiente","isPartOf":{"@id":"https:\/\/www.pmpf.rs.gov.br\/secretaria-de-meio-ambiente\/#website"},"primaryImageOfPage":{"@id":"https:\/\/www.pmpf.rs.gov.br\/secretaria-de-meio-ambiente\/2009\/06\/10\/parceria-da-prefeitura-com-o-case-beneficia-jovens-1976\/#primaryimage"},"image":{"@id":"https:\/\/www.pmpf.rs.gov.br\/secretaria-de-meio-ambiente\/2009\/06\/10\/parceria-da-prefeitura-com-o-case-beneficia-jovens-1976\/#primaryimage"},"thumbnailUrl":"https:\/\/www.pmpf.rs.gov.br\/secretaria-de-meio-ambiente\/wp-content\/uploads\/sites\/48\/2021\/12\/I2013-05-07_062707_c6382.jpg","datePublished":"2009-06-10T06:00:00+00:00","dateModified":"2009-06-10T06:00:00+00:00","author":{"@id":"https:\/\/www.pmpf.rs.gov.br\/secretaria-de-meio-ambiente\/#\/schema\/person\/0c355b0fa68a7aa986c8594f7a60a2d7"},"inLanguage":"pt-BR","potentialAction":[{"@type":"ReadAction","target":["https:\/\/www.pmpf.rs.gov.br\/secretaria-de-meio-ambiente\/2009\/06\/10\/parceria-da-prefeitura-com-o-case-beneficia-jovens-1976\/"]}]},{"@type":"ImageObject","inLanguage":"pt-BR","@id":"https:\/\/www.pmpf.rs.gov.br\/secretaria-de-meio-ambiente\/2009\/06\/10\/parceria-da-prefeitura-com-o-case-beneficia-jovens-1976\/#primaryimage","url":"https:\/\/www.pmpf.rs.gov.br\/secretaria-de-meio-ambiente\/wp-content\/uploads\/sites\/48\/2021\/12\/I2013-05-07_062707_c6382.jpg","contentUrl":"https:\/\/www.pmpf.rs.gov.br\/secretaria-de-meio-ambiente\/wp-content\/uploads\/sites\/48\/2021\/12\/I2013-05-07_062707_c6382.jpg","width":467,"height":337},{"@type":"WebSite","@id":"https:\/\/www.pmpf.rs.gov.br\/secretaria-de-meio-ambiente\/#website","url":"https:\/\/www.pmpf.rs.gov.br\/secretaria-de-meio-ambiente\/","name":"Secretaria de Meio Ambiente","description":"S\u00f3 mais um site Prefeitura de Passo Fundo","potentialAction":[{"@type":"SearchAction","target":{"@type":"EntryPoint","urlTemplate":"https:\/\/www.pmpf.rs.gov.br\/secretaria-de-meio-ambiente\/?s={search_term_string}"},"query-input":{"@type":"PropertyValueSpecification","valueRequired":true,"valueName":"search_term_string"}}],"inLanguage":"pt-BR"},{"@type":"Person","@id":"https:\/\/www.pmpf.rs.gov.br\/secretaria-de-meio-ambiente\/#\/schema\/person\/0c355b0fa68a7aa986c8594f7a60a2d7","name":"mosite","image":{"@type":"ImageObject","inLanguage":"pt-BR","@id":"https:\/\/www.pmpf.rs.gov.br\/secretaria-de-meio-ambiente\/#\/schema\/person\/image\/","url":"https:\/\/secure.gravatar.com\/avatar\/63d72595d6cecfe12bd8a94829d5a26c?s=96&d=mm&r=g","contentUrl":"https:\/\/secure.gravatar.com\/avatar\/63d72595d6cecfe12bd8a94829d5a26c?s=96&d=mm&r=g","caption":"mosite"},"sameAs":["http:\/\/example.com"],"url":"https:\/\/www.pmpf.rs.gov.br\/secretaria-de-meio-ambiente\/author\/mosite\/"}]}},"_links":{"self":[{"href":"https:\/\/www.pmpf.rs.gov.br\/secretaria-de-meio-ambiente\/wp-json\/wp\/v2\/posts\/457"}],"collection":[{"href":"https:\/\/www.pmpf.rs.gov.br\/secretaria-de-meio-ambiente\/wp-json\/wp\/v2\/posts"}],"about":[{"href":"https:\/\/www.pmpf.rs.gov.br\/secretaria-de-meio-ambiente\/wp-json\/wp\/v2\/types\/post"}],"author":[{"embeddable":true,"href":"https:\/\/www.pmpf.rs.gov.br\/secretaria-de-meio-ambiente\/wp-json\/wp\/v2\/users\/1"}],"replies":[{"embeddable":true,"href":"https:\/\/www.pmpf.rs.gov.br\/secretaria-de-meio-ambiente\/wp-json\/wp\/v2\/comments?post=457"}],"version-history":[{"count":0,"href":"https:\/\/www.pmpf.rs.gov.br\/secretaria-de-meio-ambiente\/wp-json\/wp\/v2\/posts\/457\/revisions"}],"wp:featuredmedia":[{"embeddable":true,"href":"https:\/\/www.pmpf.rs.gov.br\/secretaria-de-meio-ambiente\/wp-json\/wp\/v2\/media\/458"}],"wp:attachment":[{"href":"https:\/\/www.pmpf.rs.gov.br\/secretaria-de-meio-ambiente\/wp-json\/wp\/v2\/media?parent=457"}],"wp:term":[{"taxonomy":"category","embeddable":true,"href":"https:\/\/www.pmpf.rs.gov.br\/secretaria-de-meio-ambiente\/wp-json\/wp\/v2\/categories?post=457"},{"taxonomy":"post_tag","embeddable":true,"href":"https:\/\/www.pmpf.rs.gov.br\/secretaria-de-meio-ambiente\/wp-json\/wp\/v2\/tags?post=457"}],"curies":[{"name":"wp","href":"https:\/\/api.w.org\/{rel}","templated":true}]}}