{"id":444,"date":"2009-06-25T03:00:00","date_gmt":"2009-06-25T06:00:00","guid":{"rendered":"https:\/\/www.pmpf.rs.gov.br\/secretaria-de-meio-ambiente\/2009\/06\/25\/projeto-envolve-presos-na-producao-de-mudas-2153\/"},"modified":"2009-06-25T03:00:00","modified_gmt":"2009-06-25T06:00:00","slug":"projeto-envolve-presos-na-producao-de-mudas-2153","status":"publish","type":"post","link":"https:\/\/www.pmpf.rs.gov.br\/secretaria-de-meio-ambiente\/2009\/06\/25\/projeto-envolve-presos-na-producao-de-mudas-2153\/","title":{"rendered":"Projeto envolve presos na produ\u00e7\u00e3o de  mudas"},"content":{"rendered":"<p>Um conv\u00eanio entre diversas entidades, entre elas a Prefeitura Municipal, atrav\u00e9s da secretaria do Meio Ambiente, vai permitir que apenados do Pres\u00eddio Regional participem de um projeto que vai produzir mudas de \u00e1rvores nativas em estufas. Ontem (25) o secret\u00e1rio do Meio Ambiente e assessores estiveram reunidos com a dire\u00e7\u00e3o da casa prisional, conhecendo a \u00e1rea que ser\u00e1 disponibilizada. <br \/>Segundo o secret\u00e1rio Cl\u00f3vis Alves, est\u00e1 sendo firmada uma parceria com a Uampaf, Minist\u00e9rio P\u00fablico, Judici\u00e1rio e Susepe, para a instala\u00e7\u00e3o de uma estufa no pres\u00eddio, que ter\u00e1 a tarefa de cultivar mudas de \u00e1rvores nativas, para o projeto &#8220;Meu Bairro Mais Verde&#8221;, que est\u00e1 em desenvolvimento no munic\u00edpio. Com a presen\u00e7a dos representantes do pres\u00eddio, o diretor Marco Ant\u00f4nio Silva, o sub-diretor, Benito Gabriel e o chefe Seguran\u00e7a, Loivo Silveira e do presidente da Uampaf, Saul Spinelli, foram discutidos v\u00e1rios aspectos do futuro projeto.<br \/>A \u00e1rea a ser cedida tem cerca de 400 m2 e fica junto ao pres\u00eddio. Ali, poder\u00e3o trabalhar apenas presos que possu\u00edrem bom comportamento e alguma afinidade com o trabalho rural. Para cada tr\u00eas dias trabalhados, os presos conseguem diminuir um dia de pena a cumprir. A secretaria, com apoio do Conselho Municipal e Fundo do Meio Ambiente, se comprometeu em adquirir os equipamentos necess\u00e1rios, nos pr\u00f3ximos dias, para que o projeto inicie. \u201c\u00c9 uma proposta de inclus\u00e3o social e preserva\u00e7\u00e3o do meio ambiente\u201d, assinalou o secret\u00e1rio Cl\u00f3vis Alves. Observando que a secretaria vai ,tamb\u00e9m, entrar com o suporte t\u00e9cnico para a produ\u00e7\u00e3o. <br \/>Ficou definido, tamb\u00e9m, que o nome e a logomarca do projeto ser\u00e3o escolhidos pelos pr\u00f3prios presos que freq\u00fcentam aulas no local. Um projeto semelhante ao que vai ser implantado no pres\u00eddio j\u00e1 est\u00e1 em realiza\u00e7\u00e3o junto ao Case de Passo Fundo, envolvendo menores infratores. <\/p>\n","protected":false},"excerpt":{"rendered":"<p>Um conv\u00eanio entre diversas entidades, entre elas a Prefeitura Municipal, atrav\u00e9s da secretaria do Meio Ambiente, vai permitir que apenados do Pres\u00eddio Regional participem de um projeto que vai produzir mudas de \u00e1rvores nativas em estufas. Nesta quinta-feira o secret\u00e1rio do Meio Ambiente e assessores estiveram reunidos com a dire\u00e7\u00e3o da casa prisional, conhecendo a \u00e1rea que ser\u00e1 disponibilizada.<\/p>\n","protected":false},"author":1,"featured_media":445,"comment_status":"open","ping_status":"open","sticky":false,"template":"","format":"standard","meta":{"footnotes":""},"categories":[],"tags":[],"class_list":["post-444","post","type-post","status-publish","format-standard","has-post-thumbnail","hentry"],"yoast_head":"<!-- This site is optimized with the Yoast SEO plugin v23.8 - https:\/\/yoast.com\/wordpress\/plugins\/seo\/ -->\n<title>Projeto envolve presos na produ\u00e7\u00e3o de mudas - Secretaria de Meio Ambiente<\/title>\n<meta name=\"robots\" content=\"index, follow, max-snippet:-1, max-image-preview:large, max-video-preview:-1\" \/>\n<link rel=\"canonical\" href=\"https:\/\/www.pmpf.rs.gov.br\/secretaria-de-meio-ambiente\/2009\/06\/25\/projeto-envolve-presos-na-producao-de-mudas-2153\/\" \/>\n<meta property=\"og:locale\" content=\"pt_BR\" \/>\n<meta property=\"og:type\" content=\"article\" \/>\n<meta property=\"og:title\" content=\"Projeto envolve presos na produ\u00e7\u00e3o de mudas - Secretaria de Meio Ambiente\" \/>\n<meta property=\"og:description\" content=\"Um conv\u00eanio entre diversas entidades, entre elas a Prefeitura Municipal, atrav\u00e9s da secretaria do Meio Ambiente, vai permitir que apenados do Pres\u00eddio Regional participem de um projeto que vai produzir mudas de \u00e1rvores nativas em estufas. Nesta quinta-feira o secret\u00e1rio do Meio Ambiente e assessores estiveram reunidos com a dire\u00e7\u00e3o da casa prisional, conhecendo a \u00e1rea que ser\u00e1 disponibilizada.\" \/>\n<meta property=\"og:url\" content=\"https:\/\/www.pmpf.rs.gov.br\/secretaria-de-meio-ambiente\/2009\/06\/25\/projeto-envolve-presos-na-producao-de-mudas-2153\/\" \/>\n<meta property=\"og:site_name\" content=\"Secretaria de Meio Ambiente\" \/>\n<meta property=\"article:published_time\" content=\"2009-06-25T06:00:00+00:00\" \/>\n<meta property=\"og:image\" content=\"https:\/\/www.pmpf.rs.gov.br\/secretaria-de-meio-ambiente\/wp-content\/uploads\/sites\/48\/2021\/12\/I2013-05-07_062709_c6416.jpg\" \/>\n\t<meta property=\"og:image:width\" content=\"505\" \/>\n\t<meta property=\"og:image:height\" content=\"337\" \/>\n\t<meta property=\"og:image:type\" content=\"image\/jpeg\" \/>\n<meta name=\"author\" content=\"mosite\" \/>\n<meta name=\"twitter:card\" content=\"summary_large_image\" \/>\n<meta name=\"twitter:label1\" content=\"Escrito por\" \/>\n\t<meta name=\"twitter:data1\" content=\"mosite\" \/>\n\t<meta name=\"twitter:label2\" content=\"Est. tempo de leitura\" \/>\n\t<meta name=\"twitter:data2\" content=\"2 minutos\" \/>\n<script type=\"application\/ld+json\" class=\"yoast-schema-graph\">{\"@context\":\"https:\/\/schema.org\",\"@graph\":[{\"@type\":\"WebPage\",\"@id\":\"https:\/\/www.pmpf.rs.gov.br\/secretaria-de-meio-ambiente\/2009\/06\/25\/projeto-envolve-presos-na-producao-de-mudas-2153\/\",\"url\":\"https:\/\/www.pmpf.rs.gov.br\/secretaria-de-meio-ambiente\/2009\/06\/25\/projeto-envolve-presos-na-producao-de-mudas-2153\/\",\"name\":\"Projeto envolve presos na produ\u00e7\u00e3o de mudas - Secretaria de Meio Ambiente\",\"isPartOf\":{\"@id\":\"https:\/\/www.pmpf.rs.gov.br\/secretaria-de-meio-ambiente\/#website\"},\"primaryImageOfPage\":{\"@id\":\"https:\/\/www.pmpf.rs.gov.br\/secretaria-de-meio-ambiente\/2009\/06\/25\/projeto-envolve-presos-na-producao-de-mudas-2153\/#primaryimage\"},\"image\":{\"@id\":\"https:\/\/www.pmpf.rs.gov.br\/secretaria-de-meio-ambiente\/2009\/06\/25\/projeto-envolve-presos-na-producao-de-mudas-2153\/#primaryimage\"},\"thumbnailUrl\":\"https:\/\/www.pmpf.rs.gov.br\/secretaria-de-meio-ambiente\/wp-content\/uploads\/sites\/48\/2021\/12\/I2013-05-07_062709_c6416.jpg\",\"datePublished\":\"2009-06-25T06:00:00+00:00\",\"dateModified\":\"2009-06-25T06:00:00+00:00\",\"author\":{\"@id\":\"https:\/\/www.pmpf.rs.gov.br\/secretaria-de-meio-ambiente\/#\/schema\/person\/0c355b0fa68a7aa986c8594f7a60a2d7\"},\"inLanguage\":\"pt-BR\",\"potentialAction\":[{\"@type\":\"ReadAction\",\"target\":[\"https:\/\/www.pmpf.rs.gov.br\/secretaria-de-meio-ambiente\/2009\/06\/25\/projeto-envolve-presos-na-producao-de-mudas-2153\/\"]}]},{\"@type\":\"ImageObject\",\"inLanguage\":\"pt-BR\",\"@id\":\"https:\/\/www.pmpf.rs.gov.br\/secretaria-de-meio-ambiente\/2009\/06\/25\/projeto-envolve-presos-na-producao-de-mudas-2153\/#primaryimage\",\"url\":\"https:\/\/www.pmpf.rs.gov.br\/secretaria-de-meio-ambiente\/wp-content\/uploads\/sites\/48\/2021\/12\/I2013-05-07_062709_c6416.jpg\",\"contentUrl\":\"https:\/\/www.pmpf.rs.gov.br\/secretaria-de-meio-ambiente\/wp-content\/uploads\/sites\/48\/2021\/12\/I2013-05-07_062709_c6416.jpg\",\"width\":505,\"height\":337},{\"@type\":\"WebSite\",\"@id\":\"https:\/\/www.pmpf.rs.gov.br\/secretaria-de-meio-ambiente\/#website\",\"url\":\"https:\/\/www.pmpf.rs.gov.br\/secretaria-de-meio-ambiente\/\",\"name\":\"Secretaria de Meio Ambiente\",\"description\":\"S\u00f3 mais um site Prefeitura de Passo Fundo\",\"potentialAction\":[{\"@type\":\"SearchAction\",\"target\":{\"@type\":\"EntryPoint\",\"urlTemplate\":\"https:\/\/www.pmpf.rs.gov.br\/secretaria-de-meio-ambiente\/?s={search_term_string}\"},\"query-input\":{\"@type\":\"PropertyValueSpecification\",\"valueRequired\":true,\"valueName\":\"search_term_string\"}}],\"inLanguage\":\"pt-BR\"},{\"@type\":\"Person\",\"@id\":\"https:\/\/www.pmpf.rs.gov.br\/secretaria-de-meio-ambiente\/#\/schema\/person\/0c355b0fa68a7aa986c8594f7a60a2d7\",\"name\":\"mosite\",\"image\":{\"@type\":\"ImageObject\",\"inLanguage\":\"pt-BR\",\"@id\":\"https:\/\/www.pmpf.rs.gov.br\/secretaria-de-meio-ambiente\/#\/schema\/person\/image\/\",\"url\":\"https:\/\/secure.gravatar.com\/avatar\/63d72595d6cecfe12bd8a94829d5a26c?s=96&d=mm&r=g\",\"contentUrl\":\"https:\/\/secure.gravatar.com\/avatar\/63d72595d6cecfe12bd8a94829d5a26c?s=96&d=mm&r=g\",\"caption\":\"mosite\"},\"sameAs\":[\"http:\/\/example.com\"],\"url\":\"https:\/\/www.pmpf.rs.gov.br\/secretaria-de-meio-ambiente\/author\/mosite\/\"}]}<\/script>\n<!-- \/ Yoast SEO plugin. -->","yoast_head_json":{"title":"Projeto envolve presos na produ\u00e7\u00e3o de mudas - Secretaria de Meio Ambiente","robots":{"index":"index","follow":"follow","max-snippet":"max-snippet:-1","max-image-preview":"max-image-preview:large","max-video-preview":"max-video-preview:-1"},"canonical":"https:\/\/www.pmpf.rs.gov.br\/secretaria-de-meio-ambiente\/2009\/06\/25\/projeto-envolve-presos-na-producao-de-mudas-2153\/","og_locale":"pt_BR","og_type":"article","og_title":"Projeto envolve presos na produ\u00e7\u00e3o de mudas - Secretaria de Meio Ambiente","og_description":"Um conv\u00eanio entre diversas entidades, entre elas a Prefeitura Municipal, atrav\u00e9s da secretaria do Meio Ambiente, vai permitir que apenados do Pres\u00eddio Regional participem de um projeto que vai produzir mudas de \u00e1rvores nativas em estufas. Nesta quinta-feira o secret\u00e1rio do Meio Ambiente e assessores estiveram reunidos com a dire\u00e7\u00e3o da casa prisional, conhecendo a \u00e1rea que ser\u00e1 disponibilizada.","og_url":"https:\/\/www.pmpf.rs.gov.br\/secretaria-de-meio-ambiente\/2009\/06\/25\/projeto-envolve-presos-na-producao-de-mudas-2153\/","og_site_name":"Secretaria de Meio Ambiente","article_published_time":"2009-06-25T06:00:00+00:00","og_image":[{"width":505,"height":337,"url":"https:\/\/www.pmpf.rs.gov.br\/secretaria-de-meio-ambiente\/wp-content\/uploads\/sites\/48\/2021\/12\/I2013-05-07_062709_c6416.jpg","type":"image\/jpeg"}],"author":"mosite","twitter_card":"summary_large_image","twitter_misc":{"Escrito por":"mosite","Est. tempo de leitura":"2 minutos"},"schema":{"@context":"https:\/\/schema.org","@graph":[{"@type":"WebPage","@id":"https:\/\/www.pmpf.rs.gov.br\/secretaria-de-meio-ambiente\/2009\/06\/25\/projeto-envolve-presos-na-producao-de-mudas-2153\/","url":"https:\/\/www.pmpf.rs.gov.br\/secretaria-de-meio-ambiente\/2009\/06\/25\/projeto-envolve-presos-na-producao-de-mudas-2153\/","name":"Projeto envolve presos na produ\u00e7\u00e3o de mudas - Secretaria de Meio Ambiente","isPartOf":{"@id":"https:\/\/www.pmpf.rs.gov.br\/secretaria-de-meio-ambiente\/#website"},"primaryImageOfPage":{"@id":"https:\/\/www.pmpf.rs.gov.br\/secretaria-de-meio-ambiente\/2009\/06\/25\/projeto-envolve-presos-na-producao-de-mudas-2153\/#primaryimage"},"image":{"@id":"https:\/\/www.pmpf.rs.gov.br\/secretaria-de-meio-ambiente\/2009\/06\/25\/projeto-envolve-presos-na-producao-de-mudas-2153\/#primaryimage"},"thumbnailUrl":"https:\/\/www.pmpf.rs.gov.br\/secretaria-de-meio-ambiente\/wp-content\/uploads\/sites\/48\/2021\/12\/I2013-05-07_062709_c6416.jpg","datePublished":"2009-06-25T06:00:00+00:00","dateModified":"2009-06-25T06:00:00+00:00","author":{"@id":"https:\/\/www.pmpf.rs.gov.br\/secretaria-de-meio-ambiente\/#\/schema\/person\/0c355b0fa68a7aa986c8594f7a60a2d7"},"inLanguage":"pt-BR","potentialAction":[{"@type":"ReadAction","target":["https:\/\/www.pmpf.rs.gov.br\/secretaria-de-meio-ambiente\/2009\/06\/25\/projeto-envolve-presos-na-producao-de-mudas-2153\/"]}]},{"@type":"ImageObject","inLanguage":"pt-BR","@id":"https:\/\/www.pmpf.rs.gov.br\/secretaria-de-meio-ambiente\/2009\/06\/25\/projeto-envolve-presos-na-producao-de-mudas-2153\/#primaryimage","url":"https:\/\/www.pmpf.rs.gov.br\/secretaria-de-meio-ambiente\/wp-content\/uploads\/sites\/48\/2021\/12\/I2013-05-07_062709_c6416.jpg","contentUrl":"https:\/\/www.pmpf.rs.gov.br\/secretaria-de-meio-ambiente\/wp-content\/uploads\/sites\/48\/2021\/12\/I2013-05-07_062709_c6416.jpg","width":505,"height":337},{"@type":"WebSite","@id":"https:\/\/www.pmpf.rs.gov.br\/secretaria-de-meio-ambiente\/#website","url":"https:\/\/www.pmpf.rs.gov.br\/secretaria-de-meio-ambiente\/","name":"Secretaria de Meio Ambiente","description":"S\u00f3 mais um site Prefeitura de Passo Fundo","potentialAction":[{"@type":"SearchAction","target":{"@type":"EntryPoint","urlTemplate":"https:\/\/www.pmpf.rs.gov.br\/secretaria-de-meio-ambiente\/?s={search_term_string}"},"query-input":{"@type":"PropertyValueSpecification","valueRequired":true,"valueName":"search_term_string"}}],"inLanguage":"pt-BR"},{"@type":"Person","@id":"https:\/\/www.pmpf.rs.gov.br\/secretaria-de-meio-ambiente\/#\/schema\/person\/0c355b0fa68a7aa986c8594f7a60a2d7","name":"mosite","image":{"@type":"ImageObject","inLanguage":"pt-BR","@id":"https:\/\/www.pmpf.rs.gov.br\/secretaria-de-meio-ambiente\/#\/schema\/person\/image\/","url":"https:\/\/secure.gravatar.com\/avatar\/63d72595d6cecfe12bd8a94829d5a26c?s=96&d=mm&r=g","contentUrl":"https:\/\/secure.gravatar.com\/avatar\/63d72595d6cecfe12bd8a94829d5a26c?s=96&d=mm&r=g","caption":"mosite"},"sameAs":["http:\/\/example.com"],"url":"https:\/\/www.pmpf.rs.gov.br\/secretaria-de-meio-ambiente\/author\/mosite\/"}]}},"_links":{"self":[{"href":"https:\/\/www.pmpf.rs.gov.br\/secretaria-de-meio-ambiente\/wp-json\/wp\/v2\/posts\/444"}],"collection":[{"href":"https:\/\/www.pmpf.rs.gov.br\/secretaria-de-meio-ambiente\/wp-json\/wp\/v2\/posts"}],"about":[{"href":"https:\/\/www.pmpf.rs.gov.br\/secretaria-de-meio-ambiente\/wp-json\/wp\/v2\/types\/post"}],"author":[{"embeddable":true,"href":"https:\/\/www.pmpf.rs.gov.br\/secretaria-de-meio-ambiente\/wp-json\/wp\/v2\/users\/1"}],"replies":[{"embeddable":true,"href":"https:\/\/www.pmpf.rs.gov.br\/secretaria-de-meio-ambiente\/wp-json\/wp\/v2\/comments?post=444"}],"version-history":[{"count":0,"href":"https:\/\/www.pmpf.rs.gov.br\/secretaria-de-meio-ambiente\/wp-json\/wp\/v2\/posts\/444\/revisions"}],"wp:featuredmedia":[{"embeddable":true,"href":"https:\/\/www.pmpf.rs.gov.br\/secretaria-de-meio-ambiente\/wp-json\/wp\/v2\/media\/445"}],"wp:attachment":[{"href":"https:\/\/www.pmpf.rs.gov.br\/secretaria-de-meio-ambiente\/wp-json\/wp\/v2\/media?parent=444"}],"wp:term":[{"taxonomy":"category","embeddable":true,"href":"https:\/\/www.pmpf.rs.gov.br\/secretaria-de-meio-ambiente\/wp-json\/wp\/v2\/categories?post=444"},{"taxonomy":"post_tag","embeddable":true,"href":"https:\/\/www.pmpf.rs.gov.br\/secretaria-de-meio-ambiente\/wp-json\/wp\/v2\/tags?post=444"}],"curies":[{"name":"wp","href":"https:\/\/api.w.org\/{rel}","templated":true}]}}