{"id":438,"date":"2009-06-05T03:00:00","date_gmt":"2009-06-05T06:00:00","guid":{"rendered":"https:\/\/www.pmpf.rs.gov.br\/secretaria-de-meio-ambiente\/2009\/06\/05\/lancado-projeto-meu-bairro-mais-verde-2217\/"},"modified":"2009-06-05T03:00:00","modified_gmt":"2009-06-05T06:00:00","slug":"lancado-projeto-meu-bairro-mais-verde-2217","status":"publish","type":"post","link":"https:\/\/www.pmpf.rs.gov.br\/secretaria-de-meio-ambiente\/2009\/06\/05\/lancado-projeto-meu-bairro-mais-verde-2217\/","title":{"rendered":"Lan\u00e7ado projeto Meu Bairro Mais Verde"},"content":{"rendered":"<div style=\"text-align: justify; \">Marcando o Dia Internacional do Meio Ambiente,comemorado em 5 de junho, a administra\u00e7\u00e3o municipal, atrav\u00e9s da secretaria municipal do setor, junto com a Uampaf, lan\u00e7ou o projeto Meu Bairro Mais Verde.\u00a0 A atividade foi realizada no bairro Xangri-l\u00e1, com a participa\u00e7\u00e3o de diversos moradores.<\/p>\n<p>De acordo com o secret\u00e1rio de Meio Ambiente, Cl\u00f3vis Alves, o projeto funciona em sistema de mutir\u00e3o, com apoio do PAC, Programa Apoiar e Conscientizar, com toda a estrutura fornecida pela secretaria. S\u00e3o oferecidas mudas, pessoal para o plantio e equipamentos, numa a\u00e7\u00e3o que tamb\u00e9m envolve os moradores. Al\u00e9m do plantio, os participantes tamb\u00e9m d\u00e3o orienta\u00e7\u00f5es \u00e0s pessoas interessadas em como preservar o ambiente natural.<\/p>\n<p>A meta agora, conforme Cl\u00f3vis Alves, \u00e9 que essa a\u00e7\u00e3o se estenda para outros bairros e vilas da cidade,. envolvendo associa\u00e7\u00f5es de moradores. Al\u00e9m disso, nos pr\u00f3ximos v\u00e3o ser distribu\u00eddas cartilhas com orienta\u00e7\u00f5es sobre ecologia e preserva\u00e7\u00e3o. Quem se interessar e quiser levar o projeto para seu bairro basta ligar para a secretaria do Meio Ambiente, pelo telefone 3311-5494. <\/p><\/div>\n","protected":false},"excerpt":{"rendered":"<p>Marcando o Dia Internacional do Meio Ambiente,comemorado em 5 de junho, a administra\u00e7\u00e3o municipal, atrav\u00e9s da secretaria municipal do setor, junto com a Uampaf, lan\u00e7ou o projeto Meu Bairro Mais Verde.  A atividade foi realizada no bairro Xangri-l\u00e1, com a participa\u00e7\u00e3o de diversos moradores.<\/p>\n","protected":false},"author":1,"featured_media":0,"comment_status":"open","ping_status":"open","sticky":false,"template":"","format":"standard","meta":{"footnotes":""},"categories":[],"tags":[],"class_list":["post-438","post","type-post","status-publish","format-standard","hentry"],"yoast_head":"<!-- This site is optimized with the Yoast SEO plugin v23.8 - https:\/\/yoast.com\/wordpress\/plugins\/seo\/ -->\n<title>Lan\u00e7ado projeto Meu Bairro Mais Verde - Secretaria de Meio Ambiente<\/title>\n<meta name=\"robots\" content=\"index, follow, max-snippet:-1, max-image-preview:large, max-video-preview:-1\" \/>\n<link rel=\"canonical\" href=\"https:\/\/www.pmpf.rs.gov.br\/secretaria-de-meio-ambiente\/2009\/06\/05\/lancado-projeto-meu-bairro-mais-verde-2217\/\" \/>\n<meta property=\"og:locale\" content=\"pt_BR\" \/>\n<meta property=\"og:type\" content=\"article\" \/>\n<meta property=\"og:title\" content=\"Lan\u00e7ado projeto Meu Bairro Mais Verde - Secretaria de Meio Ambiente\" \/>\n<meta property=\"og:description\" content=\"Marcando o Dia Internacional do Meio Ambiente,comemorado em 5 de junho, a administra\u00e7\u00e3o municipal, atrav\u00e9s da secretaria municipal do setor, junto com a Uampaf, lan\u00e7ou o projeto Meu Bairro Mais Verde. A atividade foi realizada no bairro Xangri-l\u00e1, com a participa\u00e7\u00e3o de diversos moradores.\" \/>\n<meta property=\"og:url\" content=\"https:\/\/www.pmpf.rs.gov.br\/secretaria-de-meio-ambiente\/2009\/06\/05\/lancado-projeto-meu-bairro-mais-verde-2217\/\" \/>\n<meta property=\"og:site_name\" content=\"Secretaria de Meio Ambiente\" \/>\n<meta property=\"article:published_time\" content=\"2009-06-05T06:00:00+00:00\" \/>\n<meta name=\"author\" content=\"mosite\" \/>\n<meta name=\"twitter:card\" content=\"summary_large_image\" \/>\n<meta name=\"twitter:label1\" content=\"Escrito por\" \/>\n\t<meta name=\"twitter:data1\" content=\"mosite\" \/>\n\t<meta name=\"twitter:label2\" content=\"Est. tempo de leitura\" \/>\n\t<meta name=\"twitter:data2\" content=\"1 minuto\" \/>\n<script type=\"application\/ld+json\" class=\"yoast-schema-graph\">{\"@context\":\"https:\/\/schema.org\",\"@graph\":[{\"@type\":\"WebPage\",\"@id\":\"https:\/\/www.pmpf.rs.gov.br\/secretaria-de-meio-ambiente\/2009\/06\/05\/lancado-projeto-meu-bairro-mais-verde-2217\/\",\"url\":\"https:\/\/www.pmpf.rs.gov.br\/secretaria-de-meio-ambiente\/2009\/06\/05\/lancado-projeto-meu-bairro-mais-verde-2217\/\",\"name\":\"Lan\u00e7ado projeto Meu Bairro Mais Verde - Secretaria de Meio Ambiente\",\"isPartOf\":{\"@id\":\"https:\/\/www.pmpf.rs.gov.br\/secretaria-de-meio-ambiente\/#website\"},\"datePublished\":\"2009-06-05T06:00:00+00:00\",\"dateModified\":\"2009-06-05T06:00:00+00:00\",\"author\":{\"@id\":\"https:\/\/www.pmpf.rs.gov.br\/secretaria-de-meio-ambiente\/#\/schema\/person\/0c355b0fa68a7aa986c8594f7a60a2d7\"},\"inLanguage\":\"pt-BR\",\"potentialAction\":[{\"@type\":\"ReadAction\",\"target\":[\"https:\/\/www.pmpf.rs.gov.br\/secretaria-de-meio-ambiente\/2009\/06\/05\/lancado-projeto-meu-bairro-mais-verde-2217\/\"]}]},{\"@type\":\"WebSite\",\"@id\":\"https:\/\/www.pmpf.rs.gov.br\/secretaria-de-meio-ambiente\/#website\",\"url\":\"https:\/\/www.pmpf.rs.gov.br\/secretaria-de-meio-ambiente\/\",\"name\":\"Secretaria de Meio Ambiente\",\"description\":\"S\u00f3 mais um site Prefeitura de Passo Fundo\",\"potentialAction\":[{\"@type\":\"SearchAction\",\"target\":{\"@type\":\"EntryPoint\",\"urlTemplate\":\"https:\/\/www.pmpf.rs.gov.br\/secretaria-de-meio-ambiente\/?s={search_term_string}\"},\"query-input\":{\"@type\":\"PropertyValueSpecification\",\"valueRequired\":true,\"valueName\":\"search_term_string\"}}],\"inLanguage\":\"pt-BR\"},{\"@type\":\"Person\",\"@id\":\"https:\/\/www.pmpf.rs.gov.br\/secretaria-de-meio-ambiente\/#\/schema\/person\/0c355b0fa68a7aa986c8594f7a60a2d7\",\"name\":\"mosite\",\"image\":{\"@type\":\"ImageObject\",\"inLanguage\":\"pt-BR\",\"@id\":\"https:\/\/www.pmpf.rs.gov.br\/secretaria-de-meio-ambiente\/#\/schema\/person\/image\/\",\"url\":\"https:\/\/secure.gravatar.com\/avatar\/63d72595d6cecfe12bd8a94829d5a26c?s=96&d=mm&r=g\",\"contentUrl\":\"https:\/\/secure.gravatar.com\/avatar\/63d72595d6cecfe12bd8a94829d5a26c?s=96&d=mm&r=g\",\"caption\":\"mosite\"},\"sameAs\":[\"http:\/\/example.com\"],\"url\":\"https:\/\/www.pmpf.rs.gov.br\/secretaria-de-meio-ambiente\/author\/mosite\/\"}]}<\/script>\n<!-- \/ Yoast SEO plugin. -->","yoast_head_json":{"title":"Lan\u00e7ado projeto Meu Bairro Mais Verde - Secretaria de Meio Ambiente","robots":{"index":"index","follow":"follow","max-snippet":"max-snippet:-1","max-image-preview":"max-image-preview:large","max-video-preview":"max-video-preview:-1"},"canonical":"https:\/\/www.pmpf.rs.gov.br\/secretaria-de-meio-ambiente\/2009\/06\/05\/lancado-projeto-meu-bairro-mais-verde-2217\/","og_locale":"pt_BR","og_type":"article","og_title":"Lan\u00e7ado projeto Meu Bairro Mais Verde - Secretaria de Meio Ambiente","og_description":"Marcando o Dia Internacional do Meio Ambiente,comemorado em 5 de junho, a administra\u00e7\u00e3o municipal, atrav\u00e9s da secretaria municipal do setor, junto com a Uampaf, lan\u00e7ou o projeto Meu Bairro Mais Verde. A atividade foi realizada no bairro Xangri-l\u00e1, com a participa\u00e7\u00e3o de diversos moradores.","og_url":"https:\/\/www.pmpf.rs.gov.br\/secretaria-de-meio-ambiente\/2009\/06\/05\/lancado-projeto-meu-bairro-mais-verde-2217\/","og_site_name":"Secretaria de Meio Ambiente","article_published_time":"2009-06-05T06:00:00+00:00","author":"mosite","twitter_card":"summary_large_image","twitter_misc":{"Escrito por":"mosite","Est. tempo de leitura":"1 minuto"},"schema":{"@context":"https:\/\/schema.org","@graph":[{"@type":"WebPage","@id":"https:\/\/www.pmpf.rs.gov.br\/secretaria-de-meio-ambiente\/2009\/06\/05\/lancado-projeto-meu-bairro-mais-verde-2217\/","url":"https:\/\/www.pmpf.rs.gov.br\/secretaria-de-meio-ambiente\/2009\/06\/05\/lancado-projeto-meu-bairro-mais-verde-2217\/","name":"Lan\u00e7ado projeto Meu Bairro Mais Verde - Secretaria de Meio Ambiente","isPartOf":{"@id":"https:\/\/www.pmpf.rs.gov.br\/secretaria-de-meio-ambiente\/#website"},"datePublished":"2009-06-05T06:00:00+00:00","dateModified":"2009-06-05T06:00:00+00:00","author":{"@id":"https:\/\/www.pmpf.rs.gov.br\/secretaria-de-meio-ambiente\/#\/schema\/person\/0c355b0fa68a7aa986c8594f7a60a2d7"},"inLanguage":"pt-BR","potentialAction":[{"@type":"ReadAction","target":["https:\/\/www.pmpf.rs.gov.br\/secretaria-de-meio-ambiente\/2009\/06\/05\/lancado-projeto-meu-bairro-mais-verde-2217\/"]}]},{"@type":"WebSite","@id":"https:\/\/www.pmpf.rs.gov.br\/secretaria-de-meio-ambiente\/#website","url":"https:\/\/www.pmpf.rs.gov.br\/secretaria-de-meio-ambiente\/","name":"Secretaria de Meio Ambiente","description":"S\u00f3 mais um site Prefeitura de Passo Fundo","potentialAction":[{"@type":"SearchAction","target":{"@type":"EntryPoint","urlTemplate":"https:\/\/www.pmpf.rs.gov.br\/secretaria-de-meio-ambiente\/?s={search_term_string}"},"query-input":{"@type":"PropertyValueSpecification","valueRequired":true,"valueName":"search_term_string"}}],"inLanguage":"pt-BR"},{"@type":"Person","@id":"https:\/\/www.pmpf.rs.gov.br\/secretaria-de-meio-ambiente\/#\/schema\/person\/0c355b0fa68a7aa986c8594f7a60a2d7","name":"mosite","image":{"@type":"ImageObject","inLanguage":"pt-BR","@id":"https:\/\/www.pmpf.rs.gov.br\/secretaria-de-meio-ambiente\/#\/schema\/person\/image\/","url":"https:\/\/secure.gravatar.com\/avatar\/63d72595d6cecfe12bd8a94829d5a26c?s=96&d=mm&r=g","contentUrl":"https:\/\/secure.gravatar.com\/avatar\/63d72595d6cecfe12bd8a94829d5a26c?s=96&d=mm&r=g","caption":"mosite"},"sameAs":["http:\/\/example.com"],"url":"https:\/\/www.pmpf.rs.gov.br\/secretaria-de-meio-ambiente\/author\/mosite\/"}]}},"_links":{"self":[{"href":"https:\/\/www.pmpf.rs.gov.br\/secretaria-de-meio-ambiente\/wp-json\/wp\/v2\/posts\/438"}],"collection":[{"href":"https:\/\/www.pmpf.rs.gov.br\/secretaria-de-meio-ambiente\/wp-json\/wp\/v2\/posts"}],"about":[{"href":"https:\/\/www.pmpf.rs.gov.br\/secretaria-de-meio-ambiente\/wp-json\/wp\/v2\/types\/post"}],"author":[{"embeddable":true,"href":"https:\/\/www.pmpf.rs.gov.br\/secretaria-de-meio-ambiente\/wp-json\/wp\/v2\/users\/1"}],"replies":[{"embeddable":true,"href":"https:\/\/www.pmpf.rs.gov.br\/secretaria-de-meio-ambiente\/wp-json\/wp\/v2\/comments?post=438"}],"version-history":[{"count":0,"href":"https:\/\/www.pmpf.rs.gov.br\/secretaria-de-meio-ambiente\/wp-json\/wp\/v2\/posts\/438\/revisions"}],"wp:attachment":[{"href":"https:\/\/www.pmpf.rs.gov.br\/secretaria-de-meio-ambiente\/wp-json\/wp\/v2\/media?parent=438"}],"wp:term":[{"taxonomy":"category","embeddable":true,"href":"https:\/\/www.pmpf.rs.gov.br\/secretaria-de-meio-ambiente\/wp-json\/wp\/v2\/categories?post=438"},{"taxonomy":"post_tag","embeddable":true,"href":"https:\/\/www.pmpf.rs.gov.br\/secretaria-de-meio-ambiente\/wp-json\/wp\/v2\/tags?post=438"}],"curies":[{"name":"wp","href":"https:\/\/api.w.org\/{rel}","templated":true}]}}