{"id":409,"date":"2005-03-14T03:00:00","date_gmt":"2005-03-14T06:00:00","guid":{"rendered":"https:\/\/www.pmpf.rs.gov.br\/secretaria-de-meio-ambiente\/2005\/03\/14\/reativada-ronda-ecologica-3043\/"},"modified":"2005-03-14T03:00:00","modified_gmt":"2005-03-14T06:00:00","slug":"reativada-ronda-ecologica-3043","status":"publish","type":"post","link":"https:\/\/www.pmpf.rs.gov.br\/secretaria-de-meio-ambiente\/2005\/03\/14\/reativada-ronda-ecologica-3043\/","title":{"rendered":"Reativada Ronda Ecol\u00f3gica"},"content":{"rendered":"<p style=\"text-align: justify;\"><span style=\"\">A secret\u00e1ria do Meio Ambiente (SMMA), Jana\u00edna de Oliveira nesta segunda-feira, 14, reativou a Ronda Ecol\u00f3gica. Na solenidade estiveram presentes, o Promotor Paulo Cirne, o Major Ant\u00f4nio Gilceu Souza, Capit\u00e3o Paulo C\u00e9sar de Carvalho, o fiscal respons\u00e1vel pela ronda Gilberto Veloy e funcion\u00e1rios da SMMA.<\/span><\/p>\n<p style=\"text-align: justify;\"><span style=\"\"> A Ronda Ecol\u00f3gica vai notificar terrenos baldios, lugares irregulares e polui\u00e7\u00e3o ambiental, atrav\u00e9s do agente fiscal urbano da SMMA, que com um cronograma pr\u00e9-estabelecido, vai percorrer os bairros da cidade para identifica\u00e7\u00e3o destes problemas ambientais. Tem a fun\u00e7\u00e3o de detectar problemas e trabalhar a quest\u00e3o da educa\u00e7\u00e3o ambiental, com o apoio da Patrulha Ambiental.<\/span><\/p>\n<p style=\"text-align: justify;\"><span style=\"\"> \u201c Esta \u00e9 a primeira fase de reativa\u00e7\u00e3o da Ronda, onde a meta principal \u00e9 a educa\u00e7\u00e3o ambiental\u201d explica a secret\u00e1ria Jana\u00edna.<\/span><\/p>\n<p style=\"text-align: justify;\"><span style=\"\"> Al\u00e9m, da Ronda Ecol\u00f3gica a SMMA apresenta outro servi\u00e7o de combate a irregularidades do meio ambiente, a Fiscaliza\u00e7\u00e3o, que atende todas as den\u00fancias da comunidade.<\/span><\/p>\n<p style=\"text-align: justify;\"><span style=\"\"> \u201c Cada comunidade tem seus problemas ambientais, tem sua infra estrutura muitas vezes deficit\u00e1ria tanto da educa\u00e7\u00e3o quanto na fiscaliza\u00e7\u00e3o do meio ambiente. E este ano convidamos a popula\u00e7\u00e3o a interagir na prote\u00e7\u00e3o do meio ambiente juntamente com todos os \u00f3rg\u00e3o p\u00fablicos\u201d, refor\u00e7ou o Major Gilceu.<\/span><\/p>\n<p style=\"text-align: justify;\"><span style=\"\"> As den\u00fancias podem ser feitas pelo telefone (54) 317 2529 &#8211; Secretaria do meio Ambiente, onde ser\u00e3o encaminhadas a Patran.<\/span><\/p>\n<div style=\"text-align: justify;\"> <\/div>\n<div style=\" text-align: center;\">\n<p><img decoding=\"async\" src=\"..\/..\/..\/servicos\/geral\/img\/portal\/smma002.jpg\" \/><br \/>Na solenidade a secret\u00e1ria Jana\u00edna de Oliveira entregou a chave da moto, que foi doada pela promotoria, para o agente fiscal da Ronda Ecol\u00f3gica.<\/p>\n<\/div>\n<div style=\"text-align: justify;\"> <\/div>\n<p \/>\n","protected":false},"excerpt":{"rendered":"<p>Reativada Ronda Ecol\u00f3gica<\/p>\n","protected":false},"author":1,"featured_media":0,"comment_status":"open","ping_status":"open","sticky":false,"template":"","format":"standard","meta":{"footnotes":""},"categories":[],"tags":[],"class_list":["post-409","post","type-post","status-publish","format-standard","hentry"],"yoast_head":"<!-- This site is optimized with the Yoast SEO plugin v23.8 - https:\/\/yoast.com\/wordpress\/plugins\/seo\/ -->\n<title>Reativada Ronda Ecol\u00f3gica - Secretaria de Meio Ambiente<\/title>\n<meta name=\"robots\" content=\"index, follow, max-snippet:-1, max-image-preview:large, max-video-preview:-1\" \/>\n<link rel=\"canonical\" href=\"https:\/\/www.pmpf.rs.gov.br\/secretaria-de-meio-ambiente\/2005\/03\/14\/reativada-ronda-ecologica-3043\/\" \/>\n<meta property=\"og:locale\" content=\"pt_BR\" \/>\n<meta property=\"og:type\" content=\"article\" \/>\n<meta property=\"og:title\" content=\"Reativada Ronda Ecol\u00f3gica - Secretaria de Meio Ambiente\" \/>\n<meta property=\"og:description\" content=\"Reativada Ronda Ecol\u00f3gica\" \/>\n<meta property=\"og:url\" content=\"https:\/\/www.pmpf.rs.gov.br\/secretaria-de-meio-ambiente\/2005\/03\/14\/reativada-ronda-ecologica-3043\/\" \/>\n<meta property=\"og:site_name\" content=\"Secretaria de Meio Ambiente\" \/>\n<meta property=\"article:published_time\" content=\"2005-03-14T06:00:00+00:00\" \/>\n<meta name=\"author\" content=\"mosite\" \/>\n<meta name=\"twitter:card\" content=\"summary_large_image\" \/>\n<meta name=\"twitter:label1\" content=\"Escrito por\" \/>\n\t<meta name=\"twitter:data1\" content=\"mosite\" \/>\n\t<meta name=\"twitter:label2\" content=\"Est. tempo de leitura\" \/>\n\t<meta name=\"twitter:data2\" content=\"1 minuto\" \/>\n<script type=\"application\/ld+json\" class=\"yoast-schema-graph\">{\"@context\":\"https:\/\/schema.org\",\"@graph\":[{\"@type\":\"WebPage\",\"@id\":\"https:\/\/www.pmpf.rs.gov.br\/secretaria-de-meio-ambiente\/2005\/03\/14\/reativada-ronda-ecologica-3043\/\",\"url\":\"https:\/\/www.pmpf.rs.gov.br\/secretaria-de-meio-ambiente\/2005\/03\/14\/reativada-ronda-ecologica-3043\/\",\"name\":\"Reativada Ronda Ecol\u00f3gica - Secretaria de Meio Ambiente\",\"isPartOf\":{\"@id\":\"https:\/\/www.pmpf.rs.gov.br\/secretaria-de-meio-ambiente\/#website\"},\"datePublished\":\"2005-03-14T06:00:00+00:00\",\"dateModified\":\"2005-03-14T06:00:00+00:00\",\"author\":{\"@id\":\"https:\/\/www.pmpf.rs.gov.br\/secretaria-de-meio-ambiente\/#\/schema\/person\/0c355b0fa68a7aa986c8594f7a60a2d7\"},\"inLanguage\":\"pt-BR\",\"potentialAction\":[{\"@type\":\"ReadAction\",\"target\":[\"https:\/\/www.pmpf.rs.gov.br\/secretaria-de-meio-ambiente\/2005\/03\/14\/reativada-ronda-ecologica-3043\/\"]}]},{\"@type\":\"WebSite\",\"@id\":\"https:\/\/www.pmpf.rs.gov.br\/secretaria-de-meio-ambiente\/#website\",\"url\":\"https:\/\/www.pmpf.rs.gov.br\/secretaria-de-meio-ambiente\/\",\"name\":\"Secretaria de Meio Ambiente\",\"description\":\"S\u00f3 mais um site Prefeitura de Passo Fundo\",\"potentialAction\":[{\"@type\":\"SearchAction\",\"target\":{\"@type\":\"EntryPoint\",\"urlTemplate\":\"https:\/\/www.pmpf.rs.gov.br\/secretaria-de-meio-ambiente\/?s={search_term_string}\"},\"query-input\":{\"@type\":\"PropertyValueSpecification\",\"valueRequired\":true,\"valueName\":\"search_term_string\"}}],\"inLanguage\":\"pt-BR\"},{\"@type\":\"Person\",\"@id\":\"https:\/\/www.pmpf.rs.gov.br\/secretaria-de-meio-ambiente\/#\/schema\/person\/0c355b0fa68a7aa986c8594f7a60a2d7\",\"name\":\"mosite\",\"image\":{\"@type\":\"ImageObject\",\"inLanguage\":\"pt-BR\",\"@id\":\"https:\/\/www.pmpf.rs.gov.br\/secretaria-de-meio-ambiente\/#\/schema\/person\/image\/\",\"url\":\"https:\/\/secure.gravatar.com\/avatar\/63d72595d6cecfe12bd8a94829d5a26c?s=96&d=mm&r=g\",\"contentUrl\":\"https:\/\/secure.gravatar.com\/avatar\/63d72595d6cecfe12bd8a94829d5a26c?s=96&d=mm&r=g\",\"caption\":\"mosite\"},\"sameAs\":[\"http:\/\/example.com\"],\"url\":\"https:\/\/www.pmpf.rs.gov.br\/secretaria-de-meio-ambiente\/author\/mosite\/\"}]}<\/script>\n<!-- \/ Yoast SEO plugin. -->","yoast_head_json":{"title":"Reativada Ronda Ecol\u00f3gica - Secretaria de Meio Ambiente","robots":{"index":"index","follow":"follow","max-snippet":"max-snippet:-1","max-image-preview":"max-image-preview:large","max-video-preview":"max-video-preview:-1"},"canonical":"https:\/\/www.pmpf.rs.gov.br\/secretaria-de-meio-ambiente\/2005\/03\/14\/reativada-ronda-ecologica-3043\/","og_locale":"pt_BR","og_type":"article","og_title":"Reativada Ronda Ecol\u00f3gica - Secretaria de Meio Ambiente","og_description":"Reativada Ronda Ecol\u00f3gica","og_url":"https:\/\/www.pmpf.rs.gov.br\/secretaria-de-meio-ambiente\/2005\/03\/14\/reativada-ronda-ecologica-3043\/","og_site_name":"Secretaria de Meio Ambiente","article_published_time":"2005-03-14T06:00:00+00:00","author":"mosite","twitter_card":"summary_large_image","twitter_misc":{"Escrito por":"mosite","Est. tempo de leitura":"1 minuto"},"schema":{"@context":"https:\/\/schema.org","@graph":[{"@type":"WebPage","@id":"https:\/\/www.pmpf.rs.gov.br\/secretaria-de-meio-ambiente\/2005\/03\/14\/reativada-ronda-ecologica-3043\/","url":"https:\/\/www.pmpf.rs.gov.br\/secretaria-de-meio-ambiente\/2005\/03\/14\/reativada-ronda-ecologica-3043\/","name":"Reativada Ronda Ecol\u00f3gica - Secretaria de Meio Ambiente","isPartOf":{"@id":"https:\/\/www.pmpf.rs.gov.br\/secretaria-de-meio-ambiente\/#website"},"datePublished":"2005-03-14T06:00:00+00:00","dateModified":"2005-03-14T06:00:00+00:00","author":{"@id":"https:\/\/www.pmpf.rs.gov.br\/secretaria-de-meio-ambiente\/#\/schema\/person\/0c355b0fa68a7aa986c8594f7a60a2d7"},"inLanguage":"pt-BR","potentialAction":[{"@type":"ReadAction","target":["https:\/\/www.pmpf.rs.gov.br\/secretaria-de-meio-ambiente\/2005\/03\/14\/reativada-ronda-ecologica-3043\/"]}]},{"@type":"WebSite","@id":"https:\/\/www.pmpf.rs.gov.br\/secretaria-de-meio-ambiente\/#website","url":"https:\/\/www.pmpf.rs.gov.br\/secretaria-de-meio-ambiente\/","name":"Secretaria de Meio Ambiente","description":"S\u00f3 mais um site Prefeitura de Passo Fundo","potentialAction":[{"@type":"SearchAction","target":{"@type":"EntryPoint","urlTemplate":"https:\/\/www.pmpf.rs.gov.br\/secretaria-de-meio-ambiente\/?s={search_term_string}"},"query-input":{"@type":"PropertyValueSpecification","valueRequired":true,"valueName":"search_term_string"}}],"inLanguage":"pt-BR"},{"@type":"Person","@id":"https:\/\/www.pmpf.rs.gov.br\/secretaria-de-meio-ambiente\/#\/schema\/person\/0c355b0fa68a7aa986c8594f7a60a2d7","name":"mosite","image":{"@type":"ImageObject","inLanguage":"pt-BR","@id":"https:\/\/www.pmpf.rs.gov.br\/secretaria-de-meio-ambiente\/#\/schema\/person\/image\/","url":"https:\/\/secure.gravatar.com\/avatar\/63d72595d6cecfe12bd8a94829d5a26c?s=96&d=mm&r=g","contentUrl":"https:\/\/secure.gravatar.com\/avatar\/63d72595d6cecfe12bd8a94829d5a26c?s=96&d=mm&r=g","caption":"mosite"},"sameAs":["http:\/\/example.com"],"url":"https:\/\/www.pmpf.rs.gov.br\/secretaria-de-meio-ambiente\/author\/mosite\/"}]}},"_links":{"self":[{"href":"https:\/\/www.pmpf.rs.gov.br\/secretaria-de-meio-ambiente\/wp-json\/wp\/v2\/posts\/409"}],"collection":[{"href":"https:\/\/www.pmpf.rs.gov.br\/secretaria-de-meio-ambiente\/wp-json\/wp\/v2\/posts"}],"about":[{"href":"https:\/\/www.pmpf.rs.gov.br\/secretaria-de-meio-ambiente\/wp-json\/wp\/v2\/types\/post"}],"author":[{"embeddable":true,"href":"https:\/\/www.pmpf.rs.gov.br\/secretaria-de-meio-ambiente\/wp-json\/wp\/v2\/users\/1"}],"replies":[{"embeddable":true,"href":"https:\/\/www.pmpf.rs.gov.br\/secretaria-de-meio-ambiente\/wp-json\/wp\/v2\/comments?post=409"}],"version-history":[{"count":0,"href":"https:\/\/www.pmpf.rs.gov.br\/secretaria-de-meio-ambiente\/wp-json\/wp\/v2\/posts\/409\/revisions"}],"wp:attachment":[{"href":"https:\/\/www.pmpf.rs.gov.br\/secretaria-de-meio-ambiente\/wp-json\/wp\/v2\/media?parent=409"}],"wp:term":[{"taxonomy":"category","embeddable":true,"href":"https:\/\/www.pmpf.rs.gov.br\/secretaria-de-meio-ambiente\/wp-json\/wp\/v2\/categories?post=409"},{"taxonomy":"post_tag","embeddable":true,"href":"https:\/\/www.pmpf.rs.gov.br\/secretaria-de-meio-ambiente\/wp-json\/wp\/v2\/tags?post=409"}],"curies":[{"name":"wp","href":"https:\/\/api.w.org\/{rel}","templated":true}]}}