{"id":408,"date":"2005-05-19T03:00:00","date_gmt":"2005-05-19T06:00:00","guid":{"rendered":"https:\/\/www.pmpf.rs.gov.br\/secretaria-de-meio-ambiente\/2005\/05\/19\/educacao-para-preservar-o-meio-ambiente-3040\/"},"modified":"2005-05-19T03:00:00","modified_gmt":"2005-05-19T06:00:00","slug":"educacao-para-preservar-o-meio-ambiente-3040","status":"publish","type":"post","link":"https:\/\/www.pmpf.rs.gov.br\/secretaria-de-meio-ambiente\/2005\/05\/19\/educacao-para-preservar-o-meio-ambiente-3040\/","title":{"rendered":"Educa\u00e7\u00e3o para preservar o meio ambiente"},"content":{"rendered":"<p style=\"text-align: justify;\"><span style=\"\">A Secretaria do Meio Ambiente vem fazendo esfor\u00e7os, no sentido de integrar-se na comunidade, n\u00e3o como um \u00f3rg\u00e3o apenas repressor, mas sim, educativo. A manifesta\u00e7\u00e3o \u00e9 da secret\u00e1ria municipal do Meio Ambiente,  Jana\u00edna de Oliveira. De acordo com orienta\u00e7\u00e3o do prefeito Airton Dipp, a Secretaria est\u00e1 voltada  para campanhas educativas, e nesse sentido v\u00e1rias escolas t\u00eam recebido visita dos integrantes daquela pasta. S\u00e3o feitas  palestras e distribu\u00eddo material impresso, investindo na crian\u00e7a, como meio garantido da preserva\u00e7\u00e3o do nosso meio ambiente, destacou Janaina de Oliveira.<\/span><\/p>\n<p style=\"text-align: justify;\"><span style=\"\"> Para  a secret\u00e1ria \u201c  \u00e9 impressionante, como as crian\u00e7as gravam os ensinamentos, levando-os para seus pais, irm\u00e3os e demais familiares, e na palestra seguinte d\u00e3o testemunho da conscientiza\u00e7\u00e3o que j\u00e1 est\u00e1 ocorrendo em suas casas.\u201d Janaina Oliveira lembra  que \u201c elas at\u00e9 repreendem os adultos que se comportam de forma impr\u00f3pria com o meio ambiente, e isso garante que no futuro, j\u00e1 adultas, ser\u00e3o portadoras de uma consci\u00eancia melhor sobre o planeta que vivemos.\u201d<\/span><\/p>\n<p style=\"text-align: justify;\"><span style=\"\"> Integra\u00e7\u00e3o<\/span><\/p>\n<p style=\"text-align: justify;\"><span style=\"\"> A secret\u00e1ria Jana\u00edna Oliveira, apela \u00e0 comunidade para que ajude  os \u00f3rg\u00e3os pertinentes, informando e denunciando irregularidades, tais como ve\u00edculos de depositam lixo em locais proibidos, formas de polui\u00e7\u00e3o de sangas , arroios , c\u00f3rregos e rios existentes nos bairros. \u201cA\u00ed- refor\u00e7a a secret\u00e1ria- o apelo especial \u00e9 para os l\u00edderes comunit\u00e1rios, presidentes de bairros e entidades  que est\u00e3o na periferia da cidade e que sabem como ningu\u00e9m das agress\u00f5es ao meio ambiente.\u201d <\/span><\/p>\n<p style=\"text-align: justify;\"><span style=\"\"> A secret\u00e1ria do Meio Ambiente assinala, entretanto, que , \u201c n\u00e3o queremos ser vistos como um \u00f3rg\u00e3o que s\u00f3 multa, autua e pune, atendendo requisi\u00e7\u00f5es do Minist\u00e9rio P\u00fablico; queremos estar unidos com a comunidade, para garantir para as gera\u00e7\u00f5es futuras, a qualidade de vida a partir do nosso meio ambiente\u201d.<\/span><\/p>\n","protected":false},"excerpt":{"rendered":"<p>Educa\u00e7\u00e3o para preservar o meio ambiente<\/p>\n","protected":false},"author":1,"featured_media":0,"comment_status":"open","ping_status":"open","sticky":false,"template":"","format":"standard","meta":{"footnotes":""},"categories":[],"tags":[],"class_list":["post-408","post","type-post","status-publish","format-standard","hentry"],"yoast_head":"<!-- This site is optimized with the Yoast SEO plugin v23.8 - https:\/\/yoast.com\/wordpress\/plugins\/seo\/ -->\n<title>Educa\u00e7\u00e3o para preservar o meio ambiente - Secretaria de Meio Ambiente<\/title>\n<meta name=\"robots\" content=\"index, follow, max-snippet:-1, max-image-preview:large, max-video-preview:-1\" \/>\n<link rel=\"canonical\" href=\"https:\/\/www.pmpf.rs.gov.br\/secretaria-de-meio-ambiente\/2005\/05\/19\/educacao-para-preservar-o-meio-ambiente-3040\/\" \/>\n<meta property=\"og:locale\" content=\"pt_BR\" \/>\n<meta property=\"og:type\" content=\"article\" \/>\n<meta property=\"og:title\" content=\"Educa\u00e7\u00e3o para preservar o meio ambiente - Secretaria de Meio Ambiente\" \/>\n<meta property=\"og:description\" content=\"Educa\u00e7\u00e3o para preservar o meio ambiente\" \/>\n<meta property=\"og:url\" content=\"https:\/\/www.pmpf.rs.gov.br\/secretaria-de-meio-ambiente\/2005\/05\/19\/educacao-para-preservar-o-meio-ambiente-3040\/\" \/>\n<meta property=\"og:site_name\" content=\"Secretaria de Meio Ambiente\" \/>\n<meta property=\"article:published_time\" content=\"2005-05-19T06:00:00+00:00\" \/>\n<meta name=\"author\" content=\"mosite\" \/>\n<meta name=\"twitter:card\" content=\"summary_large_image\" \/>\n<meta name=\"twitter:label1\" content=\"Escrito por\" \/>\n\t<meta name=\"twitter:data1\" content=\"mosite\" \/>\n\t<meta name=\"twitter:label2\" content=\"Est. tempo de leitura\" \/>\n\t<meta name=\"twitter:data2\" content=\"2 minutos\" \/>\n<script type=\"application\/ld+json\" class=\"yoast-schema-graph\">{\"@context\":\"https:\/\/schema.org\",\"@graph\":[{\"@type\":\"WebPage\",\"@id\":\"https:\/\/www.pmpf.rs.gov.br\/secretaria-de-meio-ambiente\/2005\/05\/19\/educacao-para-preservar-o-meio-ambiente-3040\/\",\"url\":\"https:\/\/www.pmpf.rs.gov.br\/secretaria-de-meio-ambiente\/2005\/05\/19\/educacao-para-preservar-o-meio-ambiente-3040\/\",\"name\":\"Educa\u00e7\u00e3o para preservar o meio ambiente - Secretaria de Meio Ambiente\",\"isPartOf\":{\"@id\":\"https:\/\/www.pmpf.rs.gov.br\/secretaria-de-meio-ambiente\/#website\"},\"datePublished\":\"2005-05-19T06:00:00+00:00\",\"dateModified\":\"2005-05-19T06:00:00+00:00\",\"author\":{\"@id\":\"https:\/\/www.pmpf.rs.gov.br\/secretaria-de-meio-ambiente\/#\/schema\/person\/0c355b0fa68a7aa986c8594f7a60a2d7\"},\"inLanguage\":\"pt-BR\",\"potentialAction\":[{\"@type\":\"ReadAction\",\"target\":[\"https:\/\/www.pmpf.rs.gov.br\/secretaria-de-meio-ambiente\/2005\/05\/19\/educacao-para-preservar-o-meio-ambiente-3040\/\"]}]},{\"@type\":\"WebSite\",\"@id\":\"https:\/\/www.pmpf.rs.gov.br\/secretaria-de-meio-ambiente\/#website\",\"url\":\"https:\/\/www.pmpf.rs.gov.br\/secretaria-de-meio-ambiente\/\",\"name\":\"Secretaria de Meio Ambiente\",\"description\":\"S\u00f3 mais um site Prefeitura de Passo Fundo\",\"potentialAction\":[{\"@type\":\"SearchAction\",\"target\":{\"@type\":\"EntryPoint\",\"urlTemplate\":\"https:\/\/www.pmpf.rs.gov.br\/secretaria-de-meio-ambiente\/?s={search_term_string}\"},\"query-input\":{\"@type\":\"PropertyValueSpecification\",\"valueRequired\":true,\"valueName\":\"search_term_string\"}}],\"inLanguage\":\"pt-BR\"},{\"@type\":\"Person\",\"@id\":\"https:\/\/www.pmpf.rs.gov.br\/secretaria-de-meio-ambiente\/#\/schema\/person\/0c355b0fa68a7aa986c8594f7a60a2d7\",\"name\":\"mosite\",\"image\":{\"@type\":\"ImageObject\",\"inLanguage\":\"pt-BR\",\"@id\":\"https:\/\/www.pmpf.rs.gov.br\/secretaria-de-meio-ambiente\/#\/schema\/person\/image\/\",\"url\":\"https:\/\/secure.gravatar.com\/avatar\/63d72595d6cecfe12bd8a94829d5a26c?s=96&d=mm&r=g\",\"contentUrl\":\"https:\/\/secure.gravatar.com\/avatar\/63d72595d6cecfe12bd8a94829d5a26c?s=96&d=mm&r=g\",\"caption\":\"mosite\"},\"sameAs\":[\"http:\/\/example.com\"],\"url\":\"https:\/\/www.pmpf.rs.gov.br\/secretaria-de-meio-ambiente\/author\/mosite\/\"}]}<\/script>\n<!-- \/ Yoast SEO plugin. -->","yoast_head_json":{"title":"Educa\u00e7\u00e3o para preservar o meio ambiente - Secretaria de Meio Ambiente","robots":{"index":"index","follow":"follow","max-snippet":"max-snippet:-1","max-image-preview":"max-image-preview:large","max-video-preview":"max-video-preview:-1"},"canonical":"https:\/\/www.pmpf.rs.gov.br\/secretaria-de-meio-ambiente\/2005\/05\/19\/educacao-para-preservar-o-meio-ambiente-3040\/","og_locale":"pt_BR","og_type":"article","og_title":"Educa\u00e7\u00e3o para preservar o meio ambiente - Secretaria de Meio Ambiente","og_description":"Educa\u00e7\u00e3o para preservar o meio ambiente","og_url":"https:\/\/www.pmpf.rs.gov.br\/secretaria-de-meio-ambiente\/2005\/05\/19\/educacao-para-preservar-o-meio-ambiente-3040\/","og_site_name":"Secretaria de Meio Ambiente","article_published_time":"2005-05-19T06:00:00+00:00","author":"mosite","twitter_card":"summary_large_image","twitter_misc":{"Escrito por":"mosite","Est. tempo de leitura":"2 minutos"},"schema":{"@context":"https:\/\/schema.org","@graph":[{"@type":"WebPage","@id":"https:\/\/www.pmpf.rs.gov.br\/secretaria-de-meio-ambiente\/2005\/05\/19\/educacao-para-preservar-o-meio-ambiente-3040\/","url":"https:\/\/www.pmpf.rs.gov.br\/secretaria-de-meio-ambiente\/2005\/05\/19\/educacao-para-preservar-o-meio-ambiente-3040\/","name":"Educa\u00e7\u00e3o para preservar o meio ambiente - Secretaria de Meio Ambiente","isPartOf":{"@id":"https:\/\/www.pmpf.rs.gov.br\/secretaria-de-meio-ambiente\/#website"},"datePublished":"2005-05-19T06:00:00+00:00","dateModified":"2005-05-19T06:00:00+00:00","author":{"@id":"https:\/\/www.pmpf.rs.gov.br\/secretaria-de-meio-ambiente\/#\/schema\/person\/0c355b0fa68a7aa986c8594f7a60a2d7"},"inLanguage":"pt-BR","potentialAction":[{"@type":"ReadAction","target":["https:\/\/www.pmpf.rs.gov.br\/secretaria-de-meio-ambiente\/2005\/05\/19\/educacao-para-preservar-o-meio-ambiente-3040\/"]}]},{"@type":"WebSite","@id":"https:\/\/www.pmpf.rs.gov.br\/secretaria-de-meio-ambiente\/#website","url":"https:\/\/www.pmpf.rs.gov.br\/secretaria-de-meio-ambiente\/","name":"Secretaria de Meio Ambiente","description":"S\u00f3 mais um site Prefeitura de Passo Fundo","potentialAction":[{"@type":"SearchAction","target":{"@type":"EntryPoint","urlTemplate":"https:\/\/www.pmpf.rs.gov.br\/secretaria-de-meio-ambiente\/?s={search_term_string}"},"query-input":{"@type":"PropertyValueSpecification","valueRequired":true,"valueName":"search_term_string"}}],"inLanguage":"pt-BR"},{"@type":"Person","@id":"https:\/\/www.pmpf.rs.gov.br\/secretaria-de-meio-ambiente\/#\/schema\/person\/0c355b0fa68a7aa986c8594f7a60a2d7","name":"mosite","image":{"@type":"ImageObject","inLanguage":"pt-BR","@id":"https:\/\/www.pmpf.rs.gov.br\/secretaria-de-meio-ambiente\/#\/schema\/person\/image\/","url":"https:\/\/secure.gravatar.com\/avatar\/63d72595d6cecfe12bd8a94829d5a26c?s=96&d=mm&r=g","contentUrl":"https:\/\/secure.gravatar.com\/avatar\/63d72595d6cecfe12bd8a94829d5a26c?s=96&d=mm&r=g","caption":"mosite"},"sameAs":["http:\/\/example.com"],"url":"https:\/\/www.pmpf.rs.gov.br\/secretaria-de-meio-ambiente\/author\/mosite\/"}]}},"_links":{"self":[{"href":"https:\/\/www.pmpf.rs.gov.br\/secretaria-de-meio-ambiente\/wp-json\/wp\/v2\/posts\/408"}],"collection":[{"href":"https:\/\/www.pmpf.rs.gov.br\/secretaria-de-meio-ambiente\/wp-json\/wp\/v2\/posts"}],"about":[{"href":"https:\/\/www.pmpf.rs.gov.br\/secretaria-de-meio-ambiente\/wp-json\/wp\/v2\/types\/post"}],"author":[{"embeddable":true,"href":"https:\/\/www.pmpf.rs.gov.br\/secretaria-de-meio-ambiente\/wp-json\/wp\/v2\/users\/1"}],"replies":[{"embeddable":true,"href":"https:\/\/www.pmpf.rs.gov.br\/secretaria-de-meio-ambiente\/wp-json\/wp\/v2\/comments?post=408"}],"version-history":[{"count":0,"href":"https:\/\/www.pmpf.rs.gov.br\/secretaria-de-meio-ambiente\/wp-json\/wp\/v2\/posts\/408\/revisions"}],"wp:attachment":[{"href":"https:\/\/www.pmpf.rs.gov.br\/secretaria-de-meio-ambiente\/wp-json\/wp\/v2\/media?parent=408"}],"wp:term":[{"taxonomy":"category","embeddable":true,"href":"https:\/\/www.pmpf.rs.gov.br\/secretaria-de-meio-ambiente\/wp-json\/wp\/v2\/categories?post=408"},{"taxonomy":"post_tag","embeddable":true,"href":"https:\/\/www.pmpf.rs.gov.br\/secretaria-de-meio-ambiente\/wp-json\/wp\/v2\/tags?post=408"}],"curies":[{"name":"wp","href":"https:\/\/api.w.org\/{rel}","templated":true}]}}