{"id":351,"date":"2009-06-01T03:00:00","date_gmt":"2009-06-01T06:00:00","guid":{"rendered":"https:\/\/www.pmpf.rs.gov.br\/secretaria-de-meio-ambiente\/2009\/06\/01\/meio-ambiente-ministro-elogia-iniciativas-de-passo-fundo-4726\/"},"modified":"2009-06-01T03:00:00","modified_gmt":"2009-06-01T06:00:00","slug":"meio-ambiente-ministro-elogia-iniciativas-de-passo-fundo-4726","status":"publish","type":"post","link":"https:\/\/www.pmpf.rs.gov.br\/secretaria-de-meio-ambiente\/2009\/06\/01\/meio-ambiente-ministro-elogia-iniciativas-de-passo-fundo-4726\/","title":{"rendered":"Meio Ambiente: Ministro elogia iniciativas de Passo Fundo"},"content":{"rendered":"<div style=\"text-align: justify; \">Representantes da secretaria municipal do Meio Ambiente, e da Reserva Maragato, Glauco Polita e Rog\u00e9rio Guedes estiveram em S\u00e3o Paulo, participando da 5\u00aa edi\u00e7\u00e3o do evento Viva a Mata, no Parque Ibirapuera em S\u00e3o Paulo.\u00a0 Promovido pela SOS Mata Atl\u00e2ntica o evento procura mostrar iniciativas e projetos em prol da conserva\u00e7\u00e3o ambiental de um dos biomas mais amea\u00e7ados do planeta, destacou Glauco Polita.<\/p>\n<p>A programa\u00e7\u00e3o incluiu palestras, debates, pe\u00e7as teatrais, shows musicais, oficinas entre outras atividades. Polita explicou que\u00a0 Passo Fundo marcou presen\u00e7a levando sua experi\u00eancia com \u00e1reas protegidas, onde apresentou a iniciativa de legisla\u00e7\u00e3o que possibilita a cria\u00e7\u00e3o\u00a0 de Reservas Particulares do Patrim\u00f4nio Natural Municipal. Essa a\u00e7\u00e3o foi elogiada pelos\u00a0 participantes do evento, como tamb\u00e9m pelo Ministro do Meio Ambiente Carlos Minc. <\/p>\n<p>Neste evento foram\u00a0 proporcionadas\u00a0 oficinas destinadas aos selecionados no 7\u00ba Edital do Programa de Incentivos \u00e0s Reservas Particulares do Patrim\u00f4nio Natural (RPPN\u2019s) da Mata Atl\u00e2ntica \u00e0 cria\u00e7\u00e3o individual ou em conjunto e plano de manejo, onde a Reserva Maragato foi contemplada com os recursos para realiza\u00e7\u00e3o do seu plano de manejo e que ir\u00e1 nortear as a\u00e7\u00f5es e usos da \u00e1rea para os pr\u00f3ximos 5 anos. A iniciativa da Reserva Maragato fez parte do grupo propostas aprovadas na Ecorregi\u00e3o das Arauc\u00e1rias, tamb\u00e9m sendo a \u00fanica representante contemplada do Rio Grande do Sul. <\/p>\n<p>Glauco Polita, coordenador de Licenciamento e Fiscaliza\u00e7\u00e3o Ambiental da secretaria municipal de Meio Ambiente, tamb\u00e9m participou das oficinas, desenvolvidas por v\u00e1rios \u00f3rg\u00e3os ambientais como dos estados do Rio de Janeiro, Minas Gerais, Esp\u00edrito Santo e do Minist\u00e9rio do Meio Ambiente.\u00a0\u00a0 \u00a0 <\/p><\/div>\n","protected":false},"excerpt":{"rendered":"<p>Representantes da secretaria municipal do Meio Ambiente, e da Reserva Maragato, Glauco Polita e Rog\u00e9rio Guedes estiveram em S\u00e3o Paulo, participando da 5\u00aa edi\u00e7\u00e3o do evento Viva a Mata, no Parque Ibirapuera em S\u00e3o Paulo.  Promovido pela SOS Mata Atl\u00e2ntica o evento procura mostrar iniciativas e projetos em prol da conserva\u00e7\u00e3o ambiental de um dos biomas mais amea\u00e7ados do planeta, destacou Glauco Polita.<\/p>\n","protected":false},"author":1,"featured_media":352,"comment_status":"open","ping_status":"open","sticky":false,"template":"","format":"standard","meta":{"footnotes":""},"categories":[],"tags":[],"class_list":["post-351","post","type-post","status-publish","format-standard","has-post-thumbnail","hentry"],"yoast_head":"<!-- This site is optimized with the Yoast SEO plugin v23.8 - https:\/\/yoast.com\/wordpress\/plugins\/seo\/ -->\n<title>Meio Ambiente: Ministro elogia iniciativas de Passo Fundo - Secretaria de Meio Ambiente<\/title>\n<meta name=\"robots\" content=\"index, follow, max-snippet:-1, max-image-preview:large, max-video-preview:-1\" \/>\n<link rel=\"canonical\" href=\"https:\/\/www.pmpf.rs.gov.br\/secretaria-de-meio-ambiente\/2009\/06\/01\/meio-ambiente-ministro-elogia-iniciativas-de-passo-fundo-4726\/\" \/>\n<meta property=\"og:locale\" content=\"pt_BR\" \/>\n<meta property=\"og:type\" content=\"article\" \/>\n<meta property=\"og:title\" content=\"Meio Ambiente: Ministro elogia iniciativas de Passo Fundo - Secretaria de Meio Ambiente\" \/>\n<meta property=\"og:description\" content=\"Representantes da secretaria municipal do Meio Ambiente, e da Reserva Maragato, Glauco Polita e Rog\u00e9rio Guedes estiveram em S\u00e3o Paulo, participando da 5\u00aa edi\u00e7\u00e3o do evento Viva a Mata, no Parque Ibirapuera em S\u00e3o Paulo. Promovido pela SOS Mata Atl\u00e2ntica o evento procura mostrar iniciativas e projetos em prol da conserva\u00e7\u00e3o ambiental de um dos biomas mais amea\u00e7ados do planeta, destacou Glauco Polita.\" \/>\n<meta property=\"og:url\" content=\"https:\/\/www.pmpf.rs.gov.br\/secretaria-de-meio-ambiente\/2009\/06\/01\/meio-ambiente-ministro-elogia-iniciativas-de-passo-fundo-4726\/\" \/>\n<meta property=\"og:site_name\" content=\"Secretaria de Meio Ambiente\" \/>\n<meta property=\"article:published_time\" content=\"2009-06-01T06:00:00+00:00\" \/>\n<meta property=\"og:image\" content=\"https:\/\/www.pmpf.rs.gov.br\/secretaria-de-meio-ambiente\/wp-content\/uploads\/sites\/48\/2021\/12\/I2013-05-07_062737_c6358.jpg\" \/>\n\t<meta property=\"og:image:width\" content=\"400\" \/>\n\t<meta property=\"og:image:height\" content=\"300\" \/>\n\t<meta property=\"og:image:type\" content=\"image\/jpeg\" \/>\n<meta name=\"author\" content=\"mosite\" \/>\n<meta name=\"twitter:card\" content=\"summary_large_image\" \/>\n<meta name=\"twitter:label1\" content=\"Escrito por\" \/>\n\t<meta name=\"twitter:data1\" content=\"mosite\" \/>\n\t<meta name=\"twitter:label2\" content=\"Est. tempo de leitura\" \/>\n\t<meta name=\"twitter:data2\" content=\"1 minuto\" \/>\n<script type=\"application\/ld+json\" class=\"yoast-schema-graph\">{\"@context\":\"https:\/\/schema.org\",\"@graph\":[{\"@type\":\"WebPage\",\"@id\":\"https:\/\/www.pmpf.rs.gov.br\/secretaria-de-meio-ambiente\/2009\/06\/01\/meio-ambiente-ministro-elogia-iniciativas-de-passo-fundo-4726\/\",\"url\":\"https:\/\/www.pmpf.rs.gov.br\/secretaria-de-meio-ambiente\/2009\/06\/01\/meio-ambiente-ministro-elogia-iniciativas-de-passo-fundo-4726\/\",\"name\":\"Meio Ambiente: Ministro elogia iniciativas de Passo Fundo - Secretaria de Meio Ambiente\",\"isPartOf\":{\"@id\":\"https:\/\/www.pmpf.rs.gov.br\/secretaria-de-meio-ambiente\/#website\"},\"primaryImageOfPage\":{\"@id\":\"https:\/\/www.pmpf.rs.gov.br\/secretaria-de-meio-ambiente\/2009\/06\/01\/meio-ambiente-ministro-elogia-iniciativas-de-passo-fundo-4726\/#primaryimage\"},\"image\":{\"@id\":\"https:\/\/www.pmpf.rs.gov.br\/secretaria-de-meio-ambiente\/2009\/06\/01\/meio-ambiente-ministro-elogia-iniciativas-de-passo-fundo-4726\/#primaryimage\"},\"thumbnailUrl\":\"https:\/\/www.pmpf.rs.gov.br\/secretaria-de-meio-ambiente\/wp-content\/uploads\/sites\/48\/2021\/12\/I2013-05-07_062737_c6358.jpg\",\"datePublished\":\"2009-06-01T06:00:00+00:00\",\"dateModified\":\"2009-06-01T06:00:00+00:00\",\"author\":{\"@id\":\"https:\/\/www.pmpf.rs.gov.br\/secretaria-de-meio-ambiente\/#\/schema\/person\/0c355b0fa68a7aa986c8594f7a60a2d7\"},\"inLanguage\":\"pt-BR\",\"potentialAction\":[{\"@type\":\"ReadAction\",\"target\":[\"https:\/\/www.pmpf.rs.gov.br\/secretaria-de-meio-ambiente\/2009\/06\/01\/meio-ambiente-ministro-elogia-iniciativas-de-passo-fundo-4726\/\"]}]},{\"@type\":\"ImageObject\",\"inLanguage\":\"pt-BR\",\"@id\":\"https:\/\/www.pmpf.rs.gov.br\/secretaria-de-meio-ambiente\/2009\/06\/01\/meio-ambiente-ministro-elogia-iniciativas-de-passo-fundo-4726\/#primaryimage\",\"url\":\"https:\/\/www.pmpf.rs.gov.br\/secretaria-de-meio-ambiente\/wp-content\/uploads\/sites\/48\/2021\/12\/I2013-05-07_062737_c6358.jpg\",\"contentUrl\":\"https:\/\/www.pmpf.rs.gov.br\/secretaria-de-meio-ambiente\/wp-content\/uploads\/sites\/48\/2021\/12\/I2013-05-07_062737_c6358.jpg\",\"width\":400,\"height\":300},{\"@type\":\"WebSite\",\"@id\":\"https:\/\/www.pmpf.rs.gov.br\/secretaria-de-meio-ambiente\/#website\",\"url\":\"https:\/\/www.pmpf.rs.gov.br\/secretaria-de-meio-ambiente\/\",\"name\":\"Secretaria de Meio Ambiente\",\"description\":\"S\u00f3 mais um site Prefeitura de Passo Fundo\",\"potentialAction\":[{\"@type\":\"SearchAction\",\"target\":{\"@type\":\"EntryPoint\",\"urlTemplate\":\"https:\/\/www.pmpf.rs.gov.br\/secretaria-de-meio-ambiente\/?s={search_term_string}\"},\"query-input\":{\"@type\":\"PropertyValueSpecification\",\"valueRequired\":true,\"valueName\":\"search_term_string\"}}],\"inLanguage\":\"pt-BR\"},{\"@type\":\"Person\",\"@id\":\"https:\/\/www.pmpf.rs.gov.br\/secretaria-de-meio-ambiente\/#\/schema\/person\/0c355b0fa68a7aa986c8594f7a60a2d7\",\"name\":\"mosite\",\"image\":{\"@type\":\"ImageObject\",\"inLanguage\":\"pt-BR\",\"@id\":\"https:\/\/www.pmpf.rs.gov.br\/secretaria-de-meio-ambiente\/#\/schema\/person\/image\/\",\"url\":\"https:\/\/secure.gravatar.com\/avatar\/63d72595d6cecfe12bd8a94829d5a26c?s=96&d=mm&r=g\",\"contentUrl\":\"https:\/\/secure.gravatar.com\/avatar\/63d72595d6cecfe12bd8a94829d5a26c?s=96&d=mm&r=g\",\"caption\":\"mosite\"},\"sameAs\":[\"http:\/\/example.com\"],\"url\":\"https:\/\/www.pmpf.rs.gov.br\/secretaria-de-meio-ambiente\/author\/mosite\/\"}]}<\/script>\n<!-- \/ Yoast SEO plugin. -->","yoast_head_json":{"title":"Meio Ambiente: Ministro elogia iniciativas de Passo Fundo - Secretaria de Meio Ambiente","robots":{"index":"index","follow":"follow","max-snippet":"max-snippet:-1","max-image-preview":"max-image-preview:large","max-video-preview":"max-video-preview:-1"},"canonical":"https:\/\/www.pmpf.rs.gov.br\/secretaria-de-meio-ambiente\/2009\/06\/01\/meio-ambiente-ministro-elogia-iniciativas-de-passo-fundo-4726\/","og_locale":"pt_BR","og_type":"article","og_title":"Meio Ambiente: Ministro elogia iniciativas de Passo Fundo - Secretaria de Meio Ambiente","og_description":"Representantes da secretaria municipal do Meio Ambiente, e da Reserva Maragato, Glauco Polita e Rog\u00e9rio Guedes estiveram em S\u00e3o Paulo, participando da 5\u00aa edi\u00e7\u00e3o do evento Viva a Mata, no Parque Ibirapuera em S\u00e3o Paulo. Promovido pela SOS Mata Atl\u00e2ntica o evento procura mostrar iniciativas e projetos em prol da conserva\u00e7\u00e3o ambiental de um dos biomas mais amea\u00e7ados do planeta, destacou Glauco Polita.","og_url":"https:\/\/www.pmpf.rs.gov.br\/secretaria-de-meio-ambiente\/2009\/06\/01\/meio-ambiente-ministro-elogia-iniciativas-de-passo-fundo-4726\/","og_site_name":"Secretaria de Meio Ambiente","article_published_time":"2009-06-01T06:00:00+00:00","og_image":[{"width":400,"height":300,"url":"https:\/\/www.pmpf.rs.gov.br\/secretaria-de-meio-ambiente\/wp-content\/uploads\/sites\/48\/2021\/12\/I2013-05-07_062737_c6358.jpg","type":"image\/jpeg"}],"author":"mosite","twitter_card":"summary_large_image","twitter_misc":{"Escrito por":"mosite","Est. tempo de leitura":"1 minuto"},"schema":{"@context":"https:\/\/schema.org","@graph":[{"@type":"WebPage","@id":"https:\/\/www.pmpf.rs.gov.br\/secretaria-de-meio-ambiente\/2009\/06\/01\/meio-ambiente-ministro-elogia-iniciativas-de-passo-fundo-4726\/","url":"https:\/\/www.pmpf.rs.gov.br\/secretaria-de-meio-ambiente\/2009\/06\/01\/meio-ambiente-ministro-elogia-iniciativas-de-passo-fundo-4726\/","name":"Meio Ambiente: Ministro elogia iniciativas de Passo Fundo - Secretaria de Meio Ambiente","isPartOf":{"@id":"https:\/\/www.pmpf.rs.gov.br\/secretaria-de-meio-ambiente\/#website"},"primaryImageOfPage":{"@id":"https:\/\/www.pmpf.rs.gov.br\/secretaria-de-meio-ambiente\/2009\/06\/01\/meio-ambiente-ministro-elogia-iniciativas-de-passo-fundo-4726\/#primaryimage"},"image":{"@id":"https:\/\/www.pmpf.rs.gov.br\/secretaria-de-meio-ambiente\/2009\/06\/01\/meio-ambiente-ministro-elogia-iniciativas-de-passo-fundo-4726\/#primaryimage"},"thumbnailUrl":"https:\/\/www.pmpf.rs.gov.br\/secretaria-de-meio-ambiente\/wp-content\/uploads\/sites\/48\/2021\/12\/I2013-05-07_062737_c6358.jpg","datePublished":"2009-06-01T06:00:00+00:00","dateModified":"2009-06-01T06:00:00+00:00","author":{"@id":"https:\/\/www.pmpf.rs.gov.br\/secretaria-de-meio-ambiente\/#\/schema\/person\/0c355b0fa68a7aa986c8594f7a60a2d7"},"inLanguage":"pt-BR","potentialAction":[{"@type":"ReadAction","target":["https:\/\/www.pmpf.rs.gov.br\/secretaria-de-meio-ambiente\/2009\/06\/01\/meio-ambiente-ministro-elogia-iniciativas-de-passo-fundo-4726\/"]}]},{"@type":"ImageObject","inLanguage":"pt-BR","@id":"https:\/\/www.pmpf.rs.gov.br\/secretaria-de-meio-ambiente\/2009\/06\/01\/meio-ambiente-ministro-elogia-iniciativas-de-passo-fundo-4726\/#primaryimage","url":"https:\/\/www.pmpf.rs.gov.br\/secretaria-de-meio-ambiente\/wp-content\/uploads\/sites\/48\/2021\/12\/I2013-05-07_062737_c6358.jpg","contentUrl":"https:\/\/www.pmpf.rs.gov.br\/secretaria-de-meio-ambiente\/wp-content\/uploads\/sites\/48\/2021\/12\/I2013-05-07_062737_c6358.jpg","width":400,"height":300},{"@type":"WebSite","@id":"https:\/\/www.pmpf.rs.gov.br\/secretaria-de-meio-ambiente\/#website","url":"https:\/\/www.pmpf.rs.gov.br\/secretaria-de-meio-ambiente\/","name":"Secretaria de Meio Ambiente","description":"S\u00f3 mais um site Prefeitura de Passo Fundo","potentialAction":[{"@type":"SearchAction","target":{"@type":"EntryPoint","urlTemplate":"https:\/\/www.pmpf.rs.gov.br\/secretaria-de-meio-ambiente\/?s={search_term_string}"},"query-input":{"@type":"PropertyValueSpecification","valueRequired":true,"valueName":"search_term_string"}}],"inLanguage":"pt-BR"},{"@type":"Person","@id":"https:\/\/www.pmpf.rs.gov.br\/secretaria-de-meio-ambiente\/#\/schema\/person\/0c355b0fa68a7aa986c8594f7a60a2d7","name":"mosite","image":{"@type":"ImageObject","inLanguage":"pt-BR","@id":"https:\/\/www.pmpf.rs.gov.br\/secretaria-de-meio-ambiente\/#\/schema\/person\/image\/","url":"https:\/\/secure.gravatar.com\/avatar\/63d72595d6cecfe12bd8a94829d5a26c?s=96&d=mm&r=g","contentUrl":"https:\/\/secure.gravatar.com\/avatar\/63d72595d6cecfe12bd8a94829d5a26c?s=96&d=mm&r=g","caption":"mosite"},"sameAs":["http:\/\/example.com"],"url":"https:\/\/www.pmpf.rs.gov.br\/secretaria-de-meio-ambiente\/author\/mosite\/"}]}},"_links":{"self":[{"href":"https:\/\/www.pmpf.rs.gov.br\/secretaria-de-meio-ambiente\/wp-json\/wp\/v2\/posts\/351"}],"collection":[{"href":"https:\/\/www.pmpf.rs.gov.br\/secretaria-de-meio-ambiente\/wp-json\/wp\/v2\/posts"}],"about":[{"href":"https:\/\/www.pmpf.rs.gov.br\/secretaria-de-meio-ambiente\/wp-json\/wp\/v2\/types\/post"}],"author":[{"embeddable":true,"href":"https:\/\/www.pmpf.rs.gov.br\/secretaria-de-meio-ambiente\/wp-json\/wp\/v2\/users\/1"}],"replies":[{"embeddable":true,"href":"https:\/\/www.pmpf.rs.gov.br\/secretaria-de-meio-ambiente\/wp-json\/wp\/v2\/comments?post=351"}],"version-history":[{"count":0,"href":"https:\/\/www.pmpf.rs.gov.br\/secretaria-de-meio-ambiente\/wp-json\/wp\/v2\/posts\/351\/revisions"}],"wp:featuredmedia":[{"embeddable":true,"href":"https:\/\/www.pmpf.rs.gov.br\/secretaria-de-meio-ambiente\/wp-json\/wp\/v2\/media\/352"}],"wp:attachment":[{"href":"https:\/\/www.pmpf.rs.gov.br\/secretaria-de-meio-ambiente\/wp-json\/wp\/v2\/media?parent=351"}],"wp:term":[{"taxonomy":"category","embeddable":true,"href":"https:\/\/www.pmpf.rs.gov.br\/secretaria-de-meio-ambiente\/wp-json\/wp\/v2\/categories?post=351"},{"taxonomy":"post_tag","embeddable":true,"href":"https:\/\/www.pmpf.rs.gov.br\/secretaria-de-meio-ambiente\/wp-json\/wp\/v2\/tags?post=351"}],"curies":[{"name":"wp","href":"https:\/\/api.w.org\/{rel}","templated":true}]}}