{"id":1839,"date":"2026-03-16T10:15:04","date_gmt":"2026-03-16T13:15:04","guid":{"rendered":"https:\/\/www.pmpf.rs.gov.br\/secretaria-de-meio-ambiente\/?p=1839"},"modified":"2026-03-16T10:15:07","modified_gmt":"2026-03-16T13:15:07","slug":"programa-e-o-bicho-reforca-cuidado-e-protecao-aos-animais","status":"publish","type":"post","link":"https:\/\/www.pmpf.rs.gov.br\/secretaria-de-meio-ambiente\/2026\/03\/16\/programa-e-o-bicho-reforca-cuidado-e-protecao-aos-animais\/","title":{"rendered":"Programa \u00c9 o Bicho refor\u00e7a cuidado e prote\u00e7\u00e3o aos animais"},"content":{"rendered":"\n<p><\/p>\n\n\n\n<p>A Prefeitura de Passo Fundo, por meio da Secretaria de Meio Ambiente e da Coordenadoria de Bem-Estar Animal, desenvolve uma s\u00e9rie de a\u00e7\u00f5es voltadas \u00e0 prote\u00e7\u00e3o e ao cuidado com c\u00e3es e gatos por meio do programa \u00c9 o Bicho. A iniciativa garante castra\u00e7\u00f5es gratuitas, atendimentos veterin\u00e1rios e a\u00e7\u00f5es de conscientiza\u00e7\u00e3o junto \u00e0 comunidade, com foco na redu\u00e7\u00e3o do abandono e na promo\u00e7\u00e3o da sa\u00fade animal.<\/p>\n\n\n\n<p>Neste 14 de mar\u00e7o, quando \u00e9 celebrado o Dia Nacional dos Animais, o munic\u00edpio tamb\u00e9m refor\u00e7a a import\u00e2ncia do respeito e da responsabilidade no cuidado com os animais. O programa atende principalmente animais de pessoas inscritas no Cadastro \u00danico (Cad\u00danico) e de protetores independentes, garantindo acesso a procedimentos que contribuem para o controle populacional e para a qualidade de vida dos pets.<\/p>\n\n\n\n<p>De acordo com a coordenadora de Bem-Estar Animal, Maria de Lourdes Secorun, o trabalho realizado pelo munic\u00edpio tem avan\u00e7ado nos \u00faltimos anos e se consolidado como uma pol\u00edtica p\u00fablica importante para a cidade. \u201cHoje n\u00f3s comemoramos o Dia Nacional dos Animais, uma data importante para lembrar o cuidado e o carinho que devemos ter com eles. Pensando nisso, a Prefeitura de Passo Fundo disponibiliza o programa de castra\u00e7\u00e3o para atender os animais tanto de pessoas cadastradas no Cad\u00danico quanto de protetoras, garantindo mais dignidade e cuidados aos animais\u201d, destacou.<\/p>\n\n\n\n<p>O programa tamb\u00e9m conta com um \u00f4nibus que realiza a coleta dos animais para o procedimento e posterior devolu\u00e7\u00e3o aos tutores, al\u00e9m do atendimento veterin\u00e1rio gratuito. \u201c\u00c9 uma forma de garantir melhor qualidade de vida aos animais. Eles s\u00e3o seres que sentem dor, fome e frio, por isso precisamos conscientizar a popula\u00e7\u00e3o de que os cuidados com eles s\u00e3o fundamentais\u201d, acrescentou Maria de Lourdes.<\/p>\n\n\n\n<p>Segundo a coordenadora, o programa vem apresentando resultados expressivos. Desde o in\u00edcio das atividades, j\u00e1 foram realizadas mais de 21,5 mil castra\u00e7\u00f5es em Passo Fundo. Somente no m\u00eas de fevereiro foram cerca de 650 procedimentos, e a expectativa \u00e9 que o n\u00famero seja ainda maior em mar\u00e7o. Al\u00e9m disso, o munic\u00edpio j\u00e1 contabiliza mais de 400 atendimentos veterin\u00e1rios e mais de 200 den\u00fancias registradas em 2026, relacionadas principalmente a situa\u00e7\u00f5es de maus-tratos.<\/p>\n\n\n\n<p>Maria de Lourdes tamb\u00e9m destaca que o avan\u00e7o das a\u00e7\u00f5es \u00e9 resultado do investimento do munic\u00edpio na causa animal. \u201cA Prefeitura tem investido muito nessa \u00e1rea. O prefeito Pedro Almeida tamb\u00e9m disponibilizou um novo espa\u00e7o para a coordenadoria, oferecendo mais seguran\u00e7a e conforto tanto para os animais quanto para as pessoas que buscam atendimento\u201d, afirmou.<\/p>\n\n\n\n<p>Com essas iniciativas, Passo Fundo vem ampliando as pol\u00edticas p\u00fablicas voltadas \u00e0 causa animal e fortalecendo a\u00e7\u00f5es que promovem cuidado, prote\u00e7\u00e3o e conscientiza\u00e7\u00e3o da comunidade sobre o bem-estar dos animais.<\/p>\n","protected":false},"excerpt":{"rendered":"<p>Prefeitura realiza a\u00e7\u00f5es de castra\u00e7\u00e3o e atendimento veterin\u00e1rio gratuito, incentivando a conscientiza\u00e7\u00e3o e o respeito aos animais<\/p>\n","protected":false},"author":24,"featured_media":1840,"comment_status":"closed","ping_status":"closed","sticky":false,"template":"","format":"standard","meta":{"footnotes":""},"categories":[1],"tags":[],"class_list":["post-1839","post","type-post","status-publish","format-standard","has-post-thumbnail","hentry","category-sem-categoria"],"yoast_head":"<!-- This site is optimized with the Yoast SEO plugin v23.8 - https:\/\/yoast.com\/wordpress\/plugins\/seo\/ -->\n<title>Programa \u00c9 o Bicho refor\u00e7a cuidado e prote\u00e7\u00e3o aos animais - Secretaria de Meio Ambiente<\/title>\n<meta name=\"robots\" content=\"index, follow, max-snippet:-1, max-image-preview:large, max-video-preview:-1\" \/>\n<link rel=\"canonical\" href=\"https:\/\/www.pmpf.rs.gov.br\/secretaria-de-meio-ambiente\/2026\/03\/16\/programa-e-o-bicho-reforca-cuidado-e-protecao-aos-animais\/\" \/>\n<meta property=\"og:locale\" content=\"pt_BR\" \/>\n<meta property=\"og:type\" content=\"article\" \/>\n<meta property=\"og:title\" content=\"Programa \u00c9 o Bicho refor\u00e7a cuidado e prote\u00e7\u00e3o aos animais - Secretaria de Meio Ambiente\" \/>\n<meta property=\"og:description\" content=\"Prefeitura realiza a\u00e7\u00f5es de castra\u00e7\u00e3o e atendimento veterin\u00e1rio gratuito, incentivando a conscientiza\u00e7\u00e3o e o respeito aos animais\" \/>\n<meta property=\"og:url\" content=\"https:\/\/www.pmpf.rs.gov.br\/secretaria-de-meio-ambiente\/2026\/03\/16\/programa-e-o-bicho-reforca-cuidado-e-protecao-aos-animais\/\" \/>\n<meta property=\"og:site_name\" content=\"Secretaria de Meio Ambiente\" \/>\n<meta property=\"article:published_time\" content=\"2026-03-16T13:15:04+00:00\" \/>\n<meta property=\"article:modified_time\" content=\"2026-03-16T13:15:07+00:00\" \/>\n<meta name=\"author\" content=\"lilicrivello\" \/>\n<meta name=\"twitter:card\" content=\"summary_large_image\" \/>\n<meta name=\"twitter:label1\" content=\"Escrito por\" \/>\n\t<meta name=\"twitter:data1\" content=\"lilicrivello\" \/>\n\t<meta name=\"twitter:label2\" content=\"Est. tempo de leitura\" \/>\n\t<meta name=\"twitter:data2\" content=\"2 minutos\" \/>\n<script type=\"application\/ld+json\" class=\"yoast-schema-graph\">{\"@context\":\"https:\/\/schema.org\",\"@graph\":[{\"@type\":\"WebPage\",\"@id\":\"https:\/\/www.pmpf.rs.gov.br\/secretaria-de-meio-ambiente\/2026\/03\/16\/programa-e-o-bicho-reforca-cuidado-e-protecao-aos-animais\/\",\"url\":\"https:\/\/www.pmpf.rs.gov.br\/secretaria-de-meio-ambiente\/2026\/03\/16\/programa-e-o-bicho-reforca-cuidado-e-protecao-aos-animais\/\",\"name\":\"Programa \u00c9 o Bicho refor\u00e7a cuidado e prote\u00e7\u00e3o aos animais - Secretaria de Meio Ambiente\",\"isPartOf\":{\"@id\":\"https:\/\/www.pmpf.rs.gov.br\/secretaria-de-meio-ambiente\/#website\"},\"primaryImageOfPage\":{\"@id\":\"https:\/\/www.pmpf.rs.gov.br\/secretaria-de-meio-ambiente\/2026\/03\/16\/programa-e-o-bicho-reforca-cuidado-e-protecao-aos-animais\/#primaryimage\"},\"image\":{\"@id\":\"https:\/\/www.pmpf.rs.gov.br\/secretaria-de-meio-ambiente\/2026\/03\/16\/programa-e-o-bicho-reforca-cuidado-e-protecao-aos-animais\/#primaryimage\"},\"thumbnailUrl\":\"https:\/\/www.pmpf.rs.gov.br\/secretaria-de-meio-ambiente\/wp-content\/uploads\/sites\/48\/2026\/03\/MSF07285-scaled.jpg\",\"datePublished\":\"2026-03-16T13:15:04+00:00\",\"dateModified\":\"2026-03-16T13:15:07+00:00\",\"author\":{\"@id\":\"https:\/\/www.pmpf.rs.gov.br\/secretaria-de-meio-ambiente\/#\/schema\/person\/6e93b0ab2174b69f691ac4f278ba2d0a\"},\"inLanguage\":\"pt-BR\",\"potentialAction\":[{\"@type\":\"ReadAction\",\"target\":[\"https:\/\/www.pmpf.rs.gov.br\/secretaria-de-meio-ambiente\/2026\/03\/16\/programa-e-o-bicho-reforca-cuidado-e-protecao-aos-animais\/\"]}]},{\"@type\":\"ImageObject\",\"inLanguage\":\"pt-BR\",\"@id\":\"https:\/\/www.pmpf.rs.gov.br\/secretaria-de-meio-ambiente\/2026\/03\/16\/programa-e-o-bicho-reforca-cuidado-e-protecao-aos-animais\/#primaryimage\",\"url\":\"https:\/\/www.pmpf.rs.gov.br\/secretaria-de-meio-ambiente\/wp-content\/uploads\/sites\/48\/2026\/03\/MSF07285-scaled.jpg\",\"contentUrl\":\"https:\/\/www.pmpf.rs.gov.br\/secretaria-de-meio-ambiente\/wp-content\/uploads\/sites\/48\/2026\/03\/MSF07285-scaled.jpg\",\"width\":2560,\"height\":1707},{\"@type\":\"WebSite\",\"@id\":\"https:\/\/www.pmpf.rs.gov.br\/secretaria-de-meio-ambiente\/#website\",\"url\":\"https:\/\/www.pmpf.rs.gov.br\/secretaria-de-meio-ambiente\/\",\"name\":\"Secretaria de Meio Ambiente\",\"description\":\"S\u00f3 mais um site Prefeitura de Passo Fundo\",\"potentialAction\":[{\"@type\":\"SearchAction\",\"target\":{\"@type\":\"EntryPoint\",\"urlTemplate\":\"https:\/\/www.pmpf.rs.gov.br\/secretaria-de-meio-ambiente\/?s={search_term_string}\"},\"query-input\":{\"@type\":\"PropertyValueSpecification\",\"valueRequired\":true,\"valueName\":\"search_term_string\"}}],\"inLanguage\":\"pt-BR\"},{\"@type\":\"Person\",\"@id\":\"https:\/\/www.pmpf.rs.gov.br\/secretaria-de-meio-ambiente\/#\/schema\/person\/6e93b0ab2174b69f691ac4f278ba2d0a\",\"name\":\"lilicrivello\",\"image\":{\"@type\":\"ImageObject\",\"inLanguage\":\"pt-BR\",\"@id\":\"https:\/\/www.pmpf.rs.gov.br\/secretaria-de-meio-ambiente\/#\/schema\/person\/image\/\",\"url\":\"https:\/\/secure.gravatar.com\/avatar\/0b546b667388f8edb7b67d70a57b5e46?s=96&d=mm&r=g\",\"contentUrl\":\"https:\/\/secure.gravatar.com\/avatar\/0b546b667388f8edb7b67d70a57b5e46?s=96&d=mm&r=g\",\"caption\":\"lilicrivello\"},\"url\":\"https:\/\/www.pmpf.rs.gov.br\/secretaria-de-meio-ambiente\/author\/lilicrivello\/\"}]}<\/script>\n<!-- \/ Yoast SEO plugin. -->","yoast_head_json":{"title":"Programa \u00c9 o Bicho refor\u00e7a cuidado e prote\u00e7\u00e3o aos animais - Secretaria de Meio Ambiente","robots":{"index":"index","follow":"follow","max-snippet":"max-snippet:-1","max-image-preview":"max-image-preview:large","max-video-preview":"max-video-preview:-1"},"canonical":"https:\/\/www.pmpf.rs.gov.br\/secretaria-de-meio-ambiente\/2026\/03\/16\/programa-e-o-bicho-reforca-cuidado-e-protecao-aos-animais\/","og_locale":"pt_BR","og_type":"article","og_title":"Programa \u00c9 o Bicho refor\u00e7a cuidado e prote\u00e7\u00e3o aos animais - Secretaria de Meio Ambiente","og_description":"Prefeitura realiza a\u00e7\u00f5es de castra\u00e7\u00e3o e atendimento veterin\u00e1rio gratuito, incentivando a conscientiza\u00e7\u00e3o e o respeito aos animais","og_url":"https:\/\/www.pmpf.rs.gov.br\/secretaria-de-meio-ambiente\/2026\/03\/16\/programa-e-o-bicho-reforca-cuidado-e-protecao-aos-animais\/","og_site_name":"Secretaria de Meio Ambiente","article_published_time":"2026-03-16T13:15:04+00:00","article_modified_time":"2026-03-16T13:15:07+00:00","author":"lilicrivello","twitter_card":"summary_large_image","twitter_misc":{"Escrito por":"lilicrivello","Est. tempo de leitura":"2 minutos"},"schema":{"@context":"https:\/\/schema.org","@graph":[{"@type":"WebPage","@id":"https:\/\/www.pmpf.rs.gov.br\/secretaria-de-meio-ambiente\/2026\/03\/16\/programa-e-o-bicho-reforca-cuidado-e-protecao-aos-animais\/","url":"https:\/\/www.pmpf.rs.gov.br\/secretaria-de-meio-ambiente\/2026\/03\/16\/programa-e-o-bicho-reforca-cuidado-e-protecao-aos-animais\/","name":"Programa \u00c9 o Bicho refor\u00e7a cuidado e prote\u00e7\u00e3o aos animais - Secretaria de Meio Ambiente","isPartOf":{"@id":"https:\/\/www.pmpf.rs.gov.br\/secretaria-de-meio-ambiente\/#website"},"primaryImageOfPage":{"@id":"https:\/\/www.pmpf.rs.gov.br\/secretaria-de-meio-ambiente\/2026\/03\/16\/programa-e-o-bicho-reforca-cuidado-e-protecao-aos-animais\/#primaryimage"},"image":{"@id":"https:\/\/www.pmpf.rs.gov.br\/secretaria-de-meio-ambiente\/2026\/03\/16\/programa-e-o-bicho-reforca-cuidado-e-protecao-aos-animais\/#primaryimage"},"thumbnailUrl":"https:\/\/www.pmpf.rs.gov.br\/secretaria-de-meio-ambiente\/wp-content\/uploads\/sites\/48\/2026\/03\/MSF07285-scaled.jpg","datePublished":"2026-03-16T13:15:04+00:00","dateModified":"2026-03-16T13:15:07+00:00","author":{"@id":"https:\/\/www.pmpf.rs.gov.br\/secretaria-de-meio-ambiente\/#\/schema\/person\/6e93b0ab2174b69f691ac4f278ba2d0a"},"inLanguage":"pt-BR","potentialAction":[{"@type":"ReadAction","target":["https:\/\/www.pmpf.rs.gov.br\/secretaria-de-meio-ambiente\/2026\/03\/16\/programa-e-o-bicho-reforca-cuidado-e-protecao-aos-animais\/"]}]},{"@type":"ImageObject","inLanguage":"pt-BR","@id":"https:\/\/www.pmpf.rs.gov.br\/secretaria-de-meio-ambiente\/2026\/03\/16\/programa-e-o-bicho-reforca-cuidado-e-protecao-aos-animais\/#primaryimage","url":"https:\/\/www.pmpf.rs.gov.br\/secretaria-de-meio-ambiente\/wp-content\/uploads\/sites\/48\/2026\/03\/MSF07285-scaled.jpg","contentUrl":"https:\/\/www.pmpf.rs.gov.br\/secretaria-de-meio-ambiente\/wp-content\/uploads\/sites\/48\/2026\/03\/MSF07285-scaled.jpg","width":2560,"height":1707},{"@type":"WebSite","@id":"https:\/\/www.pmpf.rs.gov.br\/secretaria-de-meio-ambiente\/#website","url":"https:\/\/www.pmpf.rs.gov.br\/secretaria-de-meio-ambiente\/","name":"Secretaria de Meio Ambiente","description":"S\u00f3 mais um site Prefeitura de Passo Fundo","potentialAction":[{"@type":"SearchAction","target":{"@type":"EntryPoint","urlTemplate":"https:\/\/www.pmpf.rs.gov.br\/secretaria-de-meio-ambiente\/?s={search_term_string}"},"query-input":{"@type":"PropertyValueSpecification","valueRequired":true,"valueName":"search_term_string"}}],"inLanguage":"pt-BR"},{"@type":"Person","@id":"https:\/\/www.pmpf.rs.gov.br\/secretaria-de-meio-ambiente\/#\/schema\/person\/6e93b0ab2174b69f691ac4f278ba2d0a","name":"lilicrivello","image":{"@type":"ImageObject","inLanguage":"pt-BR","@id":"https:\/\/www.pmpf.rs.gov.br\/secretaria-de-meio-ambiente\/#\/schema\/person\/image\/","url":"https:\/\/secure.gravatar.com\/avatar\/0b546b667388f8edb7b67d70a57b5e46?s=96&d=mm&r=g","contentUrl":"https:\/\/secure.gravatar.com\/avatar\/0b546b667388f8edb7b67d70a57b5e46?s=96&d=mm&r=g","caption":"lilicrivello"},"url":"https:\/\/www.pmpf.rs.gov.br\/secretaria-de-meio-ambiente\/author\/lilicrivello\/"}]}},"_links":{"self":[{"href":"https:\/\/www.pmpf.rs.gov.br\/secretaria-de-meio-ambiente\/wp-json\/wp\/v2\/posts\/1839"}],"collection":[{"href":"https:\/\/www.pmpf.rs.gov.br\/secretaria-de-meio-ambiente\/wp-json\/wp\/v2\/posts"}],"about":[{"href":"https:\/\/www.pmpf.rs.gov.br\/secretaria-de-meio-ambiente\/wp-json\/wp\/v2\/types\/post"}],"author":[{"embeddable":true,"href":"https:\/\/www.pmpf.rs.gov.br\/secretaria-de-meio-ambiente\/wp-json\/wp\/v2\/users\/24"}],"replies":[{"embeddable":true,"href":"https:\/\/www.pmpf.rs.gov.br\/secretaria-de-meio-ambiente\/wp-json\/wp\/v2\/comments?post=1839"}],"version-history":[{"count":1,"href":"https:\/\/www.pmpf.rs.gov.br\/secretaria-de-meio-ambiente\/wp-json\/wp\/v2\/posts\/1839\/revisions"}],"predecessor-version":[{"id":1841,"href":"https:\/\/www.pmpf.rs.gov.br\/secretaria-de-meio-ambiente\/wp-json\/wp\/v2\/posts\/1839\/revisions\/1841"}],"wp:featuredmedia":[{"embeddable":true,"href":"https:\/\/www.pmpf.rs.gov.br\/secretaria-de-meio-ambiente\/wp-json\/wp\/v2\/media\/1840"}],"wp:attachment":[{"href":"https:\/\/www.pmpf.rs.gov.br\/secretaria-de-meio-ambiente\/wp-json\/wp\/v2\/media?parent=1839"}],"wp:term":[{"taxonomy":"category","embeddable":true,"href":"https:\/\/www.pmpf.rs.gov.br\/secretaria-de-meio-ambiente\/wp-json\/wp\/v2\/categories?post=1839"},{"taxonomy":"post_tag","embeddable":true,"href":"https:\/\/www.pmpf.rs.gov.br\/secretaria-de-meio-ambiente\/wp-json\/wp\/v2\/tags?post=1839"}],"curies":[{"name":"wp","href":"https:\/\/api.w.org\/{rel}","templated":true}]}}