{"id":1824,"date":"2025-12-10T09:11:09","date_gmt":"2025-12-10T12:11:09","guid":{"rendered":"https:\/\/www.pmpf.rs.gov.br\/secretaria-de-meio-ambiente\/?p=1824"},"modified":"2025-12-10T09:11:14","modified_gmt":"2025-12-10T12:11:14","slug":"prefeitura-reforca-orientacoes-sobre-uso-correto-dos-conteineres-de-lixo","status":"publish","type":"post","link":"https:\/\/www.pmpf.rs.gov.br\/secretaria-de-meio-ambiente\/2025\/12\/10\/prefeitura-reforca-orientacoes-sobre-uso-correto-dos-conteineres-de-lixo\/","title":{"rendered":"Prefeitura refor\u00e7a orienta\u00e7\u00f5es sobre uso correto dos cont\u00eaineres de lixo"},"content":{"rendered":"\n<p><\/p>\n\n\n\n<p>Com o aumento do volume de res\u00edduos neste fim de ano, a Prefeitura de Passo Fundo, por meio da Codepas, est\u00e1 intensificando o trabalho de coleta e refor\u00e7ando a import\u00e2ncia do uso correto dos cont\u00eaineres instalados em diversos pontos da \u00e1rea central da cidade. Al\u00e9m das coletas di\u00e1rias, feitas de segunda \u00e0 s\u00e1bados, duas equipes atuam exclusivamente na limpeza do entorno dos equipamentos, que muitas vezes ficam com ac\u00famulo de lixo ao redor.<\/p>\n\n\n\n<p>Segundo o presidente da CODEPAS, Cristhiam Thans, grande parte dos problemas registrados ocorre pelo descarte inadequado e a busca dos catadores que desorganizam e jogam os res\u00edduos na via. \u201cMuitas pessoas acabam deixando o lixo fora do cont\u00eainer, mesmo quando ele est\u00e1 vazio ou com espa\u00e7o dispon\u00edvel. Isso gera sujeira, atrai animais e dificulta o trabalho das equipes de limpeza\u201d, explica.<\/p>\n\n\n\n<p>Ele tamb\u00e9m destaca a atua\u00e7\u00e3o de catadores, que ao revirarem os cont\u00eaineres em busca de materiais recicl\u00e1veis, deixam os res\u00edduos espalhados pelas ruas. \u201c\u00c9 importante que a popula\u00e7\u00e3o entenda que o bom uso dos cont\u00eaineres depende de todos. A cidade limpa \u00e9 responsabilidade compartilhada\u201d, afirmou Cristhiam.<\/p>\n\n\n\n<p><strong>A CODEPAS lembra que:<\/strong><\/p>\n\n\n\n<ul class=\"wp-block-list\">\n<li>Lixos devem ser colocados dentro dos cont\u00eaineres, sempre com a tampa fechada.<\/li>\n\n\n\n<li>M\u00f3veis, entulhos e recicl\u00e1veis volumosos n\u00e3o devem ser descartados nos cont\u00eaineres \u2014 nesses casos, o correto \u00e9 utilizar o programa Cidade Limpa.<\/li>\n\n\n\n<li>Papel\u00f5es devem ser dobrados ou compactados, para otimizar o espa\u00e7o.<\/li>\n<\/ul>\n\n\n\n<p>A CODEPAS refor\u00e7a que segue trabalhando com coletas frequentes e a\u00e7\u00f5es de conscientiza\u00e7\u00e3o, mas pede o apoio da popula\u00e7\u00e3o para manter a cidade mais limpa e organizada. Nos pr\u00f3ximos domingos, 14 e 21 de dezembro, haver\u00e1 recolhimento dos res\u00edduos dos cont\u00eaineres como forma de refor\u00e7o na limpeza da cidade.<\/p>\n","protected":false},"excerpt":{"rendered":"<p>Com o aumento do volume de res\u00edduos neste fim de ano, a Prefeitura de Passo Fundo, por meio da Codepas, est\u00e1 intensificando o trabalho de coleta e refor\u00e7ando a import\u00e2ncia do uso [&hellip;]<\/p>\n","protected":false},"author":24,"featured_media":1825,"comment_status":"closed","ping_status":"closed","sticky":false,"template":"","format":"standard","meta":{"footnotes":""},"categories":[1],"tags":[],"class_list":["post-1824","post","type-post","status-publish","format-standard","has-post-thumbnail","hentry","category-sem-categoria"],"yoast_head":"<!-- This site is optimized with the Yoast SEO plugin v23.8 - https:\/\/yoast.com\/wordpress\/plugins\/seo\/ -->\n<title>Prefeitura refor\u00e7a orienta\u00e7\u00f5es sobre uso correto dos cont\u00eaineres de lixo - Secretaria de Meio Ambiente<\/title>\n<meta name=\"robots\" content=\"index, follow, max-snippet:-1, max-image-preview:large, max-video-preview:-1\" \/>\n<link rel=\"canonical\" href=\"https:\/\/www.pmpf.rs.gov.br\/secretaria-de-meio-ambiente\/2025\/12\/10\/prefeitura-reforca-orientacoes-sobre-uso-correto-dos-conteineres-de-lixo\/\" \/>\n<meta property=\"og:locale\" content=\"pt_BR\" \/>\n<meta property=\"og:type\" content=\"article\" \/>\n<meta property=\"og:title\" content=\"Prefeitura refor\u00e7a orienta\u00e7\u00f5es sobre uso correto dos cont\u00eaineres de lixo - Secretaria de Meio Ambiente\" \/>\n<meta property=\"og:description\" content=\"Com o aumento do volume de res\u00edduos neste fim de ano, a Prefeitura de Passo Fundo, por meio da Codepas, est\u00e1 intensificando o trabalho de coleta e refor\u00e7ando a import\u00e2ncia do uso [&hellip;]\" \/>\n<meta property=\"og:url\" content=\"https:\/\/www.pmpf.rs.gov.br\/secretaria-de-meio-ambiente\/2025\/12\/10\/prefeitura-reforca-orientacoes-sobre-uso-correto-dos-conteineres-de-lixo\/\" \/>\n<meta property=\"og:site_name\" content=\"Secretaria de Meio Ambiente\" \/>\n<meta property=\"article:published_time\" content=\"2025-12-10T12:11:09+00:00\" \/>\n<meta property=\"article:modified_time\" content=\"2025-12-10T12:11:14+00:00\" \/>\n<meta name=\"author\" content=\"lilicrivello\" \/>\n<meta name=\"twitter:card\" content=\"summary_large_image\" \/>\n<meta name=\"twitter:label1\" content=\"Escrito por\" \/>\n\t<meta name=\"twitter:data1\" content=\"lilicrivello\" \/>\n\t<meta name=\"twitter:label2\" content=\"Est. tempo de leitura\" \/>\n\t<meta name=\"twitter:data2\" content=\"2 minutos\" \/>\n<script type=\"application\/ld+json\" class=\"yoast-schema-graph\">{\"@context\":\"https:\/\/schema.org\",\"@graph\":[{\"@type\":\"WebPage\",\"@id\":\"https:\/\/www.pmpf.rs.gov.br\/secretaria-de-meio-ambiente\/2025\/12\/10\/prefeitura-reforca-orientacoes-sobre-uso-correto-dos-conteineres-de-lixo\/\",\"url\":\"https:\/\/www.pmpf.rs.gov.br\/secretaria-de-meio-ambiente\/2025\/12\/10\/prefeitura-reforca-orientacoes-sobre-uso-correto-dos-conteineres-de-lixo\/\",\"name\":\"Prefeitura refor\u00e7a orienta\u00e7\u00f5es sobre uso correto dos cont\u00eaineres de lixo - Secretaria de Meio Ambiente\",\"isPartOf\":{\"@id\":\"https:\/\/www.pmpf.rs.gov.br\/secretaria-de-meio-ambiente\/#website\"},\"primaryImageOfPage\":{\"@id\":\"https:\/\/www.pmpf.rs.gov.br\/secretaria-de-meio-ambiente\/2025\/12\/10\/prefeitura-reforca-orientacoes-sobre-uso-correto-dos-conteineres-de-lixo\/#primaryimage\"},\"image\":{\"@id\":\"https:\/\/www.pmpf.rs.gov.br\/secretaria-de-meio-ambiente\/2025\/12\/10\/prefeitura-reforca-orientacoes-sobre-uso-correto-dos-conteineres-de-lixo\/#primaryimage\"},\"thumbnailUrl\":\"https:\/\/www.pmpf.rs.gov.br\/secretaria-de-meio-ambiente\/wp-content\/uploads\/sites\/48\/2025\/12\/WhatsApp-Image-2025-12-10-at-09.02.00.jpeg\",\"datePublished\":\"2025-12-10T12:11:09+00:00\",\"dateModified\":\"2025-12-10T12:11:14+00:00\",\"author\":{\"@id\":\"https:\/\/www.pmpf.rs.gov.br\/secretaria-de-meio-ambiente\/#\/schema\/person\/6e93b0ab2174b69f691ac4f278ba2d0a\"},\"inLanguage\":\"pt-BR\",\"potentialAction\":[{\"@type\":\"ReadAction\",\"target\":[\"https:\/\/www.pmpf.rs.gov.br\/secretaria-de-meio-ambiente\/2025\/12\/10\/prefeitura-reforca-orientacoes-sobre-uso-correto-dos-conteineres-de-lixo\/\"]}]},{\"@type\":\"ImageObject\",\"inLanguage\":\"pt-BR\",\"@id\":\"https:\/\/www.pmpf.rs.gov.br\/secretaria-de-meio-ambiente\/2025\/12\/10\/prefeitura-reforca-orientacoes-sobre-uso-correto-dos-conteineres-de-lixo\/#primaryimage\",\"url\":\"https:\/\/www.pmpf.rs.gov.br\/secretaria-de-meio-ambiente\/wp-content\/uploads\/sites\/48\/2025\/12\/WhatsApp-Image-2025-12-10-at-09.02.00.jpeg\",\"contentUrl\":\"https:\/\/www.pmpf.rs.gov.br\/secretaria-de-meio-ambiente\/wp-content\/uploads\/sites\/48\/2025\/12\/WhatsApp-Image-2025-12-10-at-09.02.00.jpeg\",\"width\":2560,\"height\":1706},{\"@type\":\"WebSite\",\"@id\":\"https:\/\/www.pmpf.rs.gov.br\/secretaria-de-meio-ambiente\/#website\",\"url\":\"https:\/\/www.pmpf.rs.gov.br\/secretaria-de-meio-ambiente\/\",\"name\":\"Secretaria de Meio Ambiente\",\"description\":\"S\u00f3 mais um site Prefeitura de Passo Fundo\",\"potentialAction\":[{\"@type\":\"SearchAction\",\"target\":{\"@type\":\"EntryPoint\",\"urlTemplate\":\"https:\/\/www.pmpf.rs.gov.br\/secretaria-de-meio-ambiente\/?s={search_term_string}\"},\"query-input\":{\"@type\":\"PropertyValueSpecification\",\"valueRequired\":true,\"valueName\":\"search_term_string\"}}],\"inLanguage\":\"pt-BR\"},{\"@type\":\"Person\",\"@id\":\"https:\/\/www.pmpf.rs.gov.br\/secretaria-de-meio-ambiente\/#\/schema\/person\/6e93b0ab2174b69f691ac4f278ba2d0a\",\"name\":\"lilicrivello\",\"image\":{\"@type\":\"ImageObject\",\"inLanguage\":\"pt-BR\",\"@id\":\"https:\/\/www.pmpf.rs.gov.br\/secretaria-de-meio-ambiente\/#\/schema\/person\/image\/\",\"url\":\"https:\/\/secure.gravatar.com\/avatar\/0b546b667388f8edb7b67d70a57b5e46?s=96&d=mm&r=g\",\"contentUrl\":\"https:\/\/secure.gravatar.com\/avatar\/0b546b667388f8edb7b67d70a57b5e46?s=96&d=mm&r=g\",\"caption\":\"lilicrivello\"},\"url\":\"https:\/\/www.pmpf.rs.gov.br\/secretaria-de-meio-ambiente\/author\/lilicrivello\/\"}]}<\/script>\n<!-- \/ Yoast SEO plugin. -->","yoast_head_json":{"title":"Prefeitura refor\u00e7a orienta\u00e7\u00f5es sobre uso correto dos cont\u00eaineres de lixo - Secretaria de Meio Ambiente","robots":{"index":"index","follow":"follow","max-snippet":"max-snippet:-1","max-image-preview":"max-image-preview:large","max-video-preview":"max-video-preview:-1"},"canonical":"https:\/\/www.pmpf.rs.gov.br\/secretaria-de-meio-ambiente\/2025\/12\/10\/prefeitura-reforca-orientacoes-sobre-uso-correto-dos-conteineres-de-lixo\/","og_locale":"pt_BR","og_type":"article","og_title":"Prefeitura refor\u00e7a orienta\u00e7\u00f5es sobre uso correto dos cont\u00eaineres de lixo - Secretaria de Meio Ambiente","og_description":"Com o aumento do volume de res\u00edduos neste fim de ano, a Prefeitura de Passo Fundo, por meio da Codepas, est\u00e1 intensificando o trabalho de coleta e refor\u00e7ando a import\u00e2ncia do uso [&hellip;]","og_url":"https:\/\/www.pmpf.rs.gov.br\/secretaria-de-meio-ambiente\/2025\/12\/10\/prefeitura-reforca-orientacoes-sobre-uso-correto-dos-conteineres-de-lixo\/","og_site_name":"Secretaria de Meio Ambiente","article_published_time":"2025-12-10T12:11:09+00:00","article_modified_time":"2025-12-10T12:11:14+00:00","author":"lilicrivello","twitter_card":"summary_large_image","twitter_misc":{"Escrito por":"lilicrivello","Est. tempo de leitura":"2 minutos"},"schema":{"@context":"https:\/\/schema.org","@graph":[{"@type":"WebPage","@id":"https:\/\/www.pmpf.rs.gov.br\/secretaria-de-meio-ambiente\/2025\/12\/10\/prefeitura-reforca-orientacoes-sobre-uso-correto-dos-conteineres-de-lixo\/","url":"https:\/\/www.pmpf.rs.gov.br\/secretaria-de-meio-ambiente\/2025\/12\/10\/prefeitura-reforca-orientacoes-sobre-uso-correto-dos-conteineres-de-lixo\/","name":"Prefeitura refor\u00e7a orienta\u00e7\u00f5es sobre uso correto dos cont\u00eaineres de lixo - Secretaria de Meio Ambiente","isPartOf":{"@id":"https:\/\/www.pmpf.rs.gov.br\/secretaria-de-meio-ambiente\/#website"},"primaryImageOfPage":{"@id":"https:\/\/www.pmpf.rs.gov.br\/secretaria-de-meio-ambiente\/2025\/12\/10\/prefeitura-reforca-orientacoes-sobre-uso-correto-dos-conteineres-de-lixo\/#primaryimage"},"image":{"@id":"https:\/\/www.pmpf.rs.gov.br\/secretaria-de-meio-ambiente\/2025\/12\/10\/prefeitura-reforca-orientacoes-sobre-uso-correto-dos-conteineres-de-lixo\/#primaryimage"},"thumbnailUrl":"https:\/\/www.pmpf.rs.gov.br\/secretaria-de-meio-ambiente\/wp-content\/uploads\/sites\/48\/2025\/12\/WhatsApp-Image-2025-12-10-at-09.02.00.jpeg","datePublished":"2025-12-10T12:11:09+00:00","dateModified":"2025-12-10T12:11:14+00:00","author":{"@id":"https:\/\/www.pmpf.rs.gov.br\/secretaria-de-meio-ambiente\/#\/schema\/person\/6e93b0ab2174b69f691ac4f278ba2d0a"},"inLanguage":"pt-BR","potentialAction":[{"@type":"ReadAction","target":["https:\/\/www.pmpf.rs.gov.br\/secretaria-de-meio-ambiente\/2025\/12\/10\/prefeitura-reforca-orientacoes-sobre-uso-correto-dos-conteineres-de-lixo\/"]}]},{"@type":"ImageObject","inLanguage":"pt-BR","@id":"https:\/\/www.pmpf.rs.gov.br\/secretaria-de-meio-ambiente\/2025\/12\/10\/prefeitura-reforca-orientacoes-sobre-uso-correto-dos-conteineres-de-lixo\/#primaryimage","url":"https:\/\/www.pmpf.rs.gov.br\/secretaria-de-meio-ambiente\/wp-content\/uploads\/sites\/48\/2025\/12\/WhatsApp-Image-2025-12-10-at-09.02.00.jpeg","contentUrl":"https:\/\/www.pmpf.rs.gov.br\/secretaria-de-meio-ambiente\/wp-content\/uploads\/sites\/48\/2025\/12\/WhatsApp-Image-2025-12-10-at-09.02.00.jpeg","width":2560,"height":1706},{"@type":"WebSite","@id":"https:\/\/www.pmpf.rs.gov.br\/secretaria-de-meio-ambiente\/#website","url":"https:\/\/www.pmpf.rs.gov.br\/secretaria-de-meio-ambiente\/","name":"Secretaria de Meio Ambiente","description":"S\u00f3 mais um site Prefeitura de Passo Fundo","potentialAction":[{"@type":"SearchAction","target":{"@type":"EntryPoint","urlTemplate":"https:\/\/www.pmpf.rs.gov.br\/secretaria-de-meio-ambiente\/?s={search_term_string}"},"query-input":{"@type":"PropertyValueSpecification","valueRequired":true,"valueName":"search_term_string"}}],"inLanguage":"pt-BR"},{"@type":"Person","@id":"https:\/\/www.pmpf.rs.gov.br\/secretaria-de-meio-ambiente\/#\/schema\/person\/6e93b0ab2174b69f691ac4f278ba2d0a","name":"lilicrivello","image":{"@type":"ImageObject","inLanguage":"pt-BR","@id":"https:\/\/www.pmpf.rs.gov.br\/secretaria-de-meio-ambiente\/#\/schema\/person\/image\/","url":"https:\/\/secure.gravatar.com\/avatar\/0b546b667388f8edb7b67d70a57b5e46?s=96&d=mm&r=g","contentUrl":"https:\/\/secure.gravatar.com\/avatar\/0b546b667388f8edb7b67d70a57b5e46?s=96&d=mm&r=g","caption":"lilicrivello"},"url":"https:\/\/www.pmpf.rs.gov.br\/secretaria-de-meio-ambiente\/author\/lilicrivello\/"}]}},"_links":{"self":[{"href":"https:\/\/www.pmpf.rs.gov.br\/secretaria-de-meio-ambiente\/wp-json\/wp\/v2\/posts\/1824"}],"collection":[{"href":"https:\/\/www.pmpf.rs.gov.br\/secretaria-de-meio-ambiente\/wp-json\/wp\/v2\/posts"}],"about":[{"href":"https:\/\/www.pmpf.rs.gov.br\/secretaria-de-meio-ambiente\/wp-json\/wp\/v2\/types\/post"}],"author":[{"embeddable":true,"href":"https:\/\/www.pmpf.rs.gov.br\/secretaria-de-meio-ambiente\/wp-json\/wp\/v2\/users\/24"}],"replies":[{"embeddable":true,"href":"https:\/\/www.pmpf.rs.gov.br\/secretaria-de-meio-ambiente\/wp-json\/wp\/v2\/comments?post=1824"}],"version-history":[{"count":1,"href":"https:\/\/www.pmpf.rs.gov.br\/secretaria-de-meio-ambiente\/wp-json\/wp\/v2\/posts\/1824\/revisions"}],"predecessor-version":[{"id":1826,"href":"https:\/\/www.pmpf.rs.gov.br\/secretaria-de-meio-ambiente\/wp-json\/wp\/v2\/posts\/1824\/revisions\/1826"}],"wp:featuredmedia":[{"embeddable":true,"href":"https:\/\/www.pmpf.rs.gov.br\/secretaria-de-meio-ambiente\/wp-json\/wp\/v2\/media\/1825"}],"wp:attachment":[{"href":"https:\/\/www.pmpf.rs.gov.br\/secretaria-de-meio-ambiente\/wp-json\/wp\/v2\/media?parent=1824"}],"wp:term":[{"taxonomy":"category","embeddable":true,"href":"https:\/\/www.pmpf.rs.gov.br\/secretaria-de-meio-ambiente\/wp-json\/wp\/v2\/categories?post=1824"},{"taxonomy":"post_tag","embeddable":true,"href":"https:\/\/www.pmpf.rs.gov.br\/secretaria-de-meio-ambiente\/wp-json\/wp\/v2\/tags?post=1824"}],"curies":[{"name":"wp","href":"https:\/\/api.w.org\/{rel}","templated":true}]}}