{"id":1816,"date":"2025-10-08T08:37:46","date_gmt":"2025-10-08T11:37:46","guid":{"rendered":"https:\/\/www.pmpf.rs.gov.br\/secretaria-de-meio-ambiente\/?p=1816"},"modified":"2025-10-08T08:39:25","modified_gmt":"2025-10-08T11:39:25","slug":"estudante-da-rede-municipal-representa-passo-fundo-na-conferencia-nacional-infantojuvenil-pelo-meio-ambiente","status":"publish","type":"post","link":"https:\/\/www.pmpf.rs.gov.br\/secretaria-de-meio-ambiente\/2025\/10\/08\/estudante-da-rede-municipal-representa-passo-fundo-na-conferencia-nacional-infantojuvenil-pelo-meio-ambiente\/","title":{"rendered":"Estudante da rede municipal representa Passo Fundo na Confer\u00eancia Nacional Infantojuvenil pelo Meio Ambiente"},"content":{"rendered":"\n<p><br><\/p>\n\n\n\n<p>At\u00e9 o dia 11 de outubro, a capital federal se torna o ponto de encontro de jovens de todo o pa\u00eds comprometidos com o futuro do planeta. Em Bras\u00edlia, ocorre a VI Confer\u00eancia Nacional Infantojuvenil pelo Meio Ambiente (CNIJMA), que re\u00fane delega\u00e7\u00f5es de todos os estados para discutir e propor solu\u00e7\u00f5es voltadas \u00e0 Educa\u00e7\u00e3o Ambiental e \u00e0 Justi\u00e7a Clim\u00e1tica.<\/p>\n\n\n\n<p>Entre os 19 estudantes ga\u00fachos que representam o Rio Grande do Sul est\u00e1 Andrey Neske da Silveira, aluno da Escola Municipal de Ensino Fundamental Dom Jos\u00e9 Gomes, de Passo Fundo. Ele apresenta o projeto \u201cO Eco que h\u00e1 em n\u00f3s \u2013 replantando vida\u201d, iniciativa que vem ganhando destaque por unir estudo, experimenta\u00e7\u00e3o e a\u00e7\u00f5es pr\u00e1ticas de reflorestamento e sensibiliza\u00e7\u00e3o da comunidade para a preserva\u00e7\u00e3o ambiental.<\/p>\n\n\n\n<p>O projeto \u00e9 orientado pela professora Cassieli Elisabete da Silva e nasceu na EMEF Dom Jos\u00e9 Gomes e foi disseminado com a promo\u00e7\u00e3o da etapa municipal da Confer\u00eancia dentro das a\u00e7\u00f5es da Escola P\u00fablica de Sustentabilidade (EPS), programa da Prefeitura de Passo Fundo voltado \u00e0 forma\u00e7\u00e3o ambiental e \u00e0 promo\u00e7\u00e3o de projetos escolares. \u201cVer um projeto da nossa rede chegar \u00e0 etapa nacional \u00e9 motivo de orgulho e mostra que a educa\u00e7\u00e3o ambiental feita em Passo Fundo, por meio da Escola P\u00fablica de Sustentabilidade, \u00e9 capaz de inspirar e transformar\u201d, destaca a coordenadora da EPS, Gabriela de Mello Tagliari.<\/p>\n\n\n\n<p>A delega\u00e7\u00e3o ga\u00facha \u00e9 composta por estudantes de 11 a 14 anos, vindos de escolas p\u00fablicas estaduais e municipais, incluindo institui\u00e7\u00f5es ind\u00edgenas, quilombolas e do campo, representando a diversidade dos territ\u00f3rios e realidades locais. Acompanhados por professores, os jovens participam de oficinas, plen\u00e1rias e atividades culturais, al\u00e9m de contribu\u00edrem para a constru\u00e7\u00e3o da Carta Compromisso da Juventude, documento que reunir\u00e1 as propostas coletivas dos estudantes brasileiros e ser\u00e1 encaminhado \u00e0 COP 30, em Bel\u00e9m (PA).<\/p>\n\n\n\n<p>Com o tema \u201cVamos transformar o Brasil com Educa\u00e7\u00e3o e Justi\u00e7a Clim\u00e1tica\u201d, a confer\u00eancia \u00e9 um espa\u00e7o de di\u00e1logo e protagonismo juvenil, que reconhece o poder das novas gera\u00e7\u00f5es para promover mudan\u00e7as reais em favor da sustentabilidade.<\/p>\n","protected":false},"excerpt":{"rendered":"<p>Projeto da EMEF Dom Jos\u00e9 Gomes integra delega\u00e7\u00e3o ga\u00facha que participa, em Bras\u00edlia, da constru\u00e7\u00e3o da Carta Compromisso da Juventude<\/p>\n","protected":false},"author":24,"featured_media":1818,"comment_status":"closed","ping_status":"closed","sticky":false,"template":"","format":"standard","meta":{"footnotes":""},"categories":[1],"tags":[],"class_list":["post-1816","post","type-post","status-publish","format-standard","has-post-thumbnail","hentry","category-sem-categoria"],"yoast_head":"<!-- This site is optimized with the Yoast SEO plugin v23.8 - https:\/\/yoast.com\/wordpress\/plugins\/seo\/ -->\n<title>Estudante da rede municipal representa Passo Fundo na Confer\u00eancia Nacional Infantojuvenil pelo Meio Ambiente - Secretaria de Meio Ambiente<\/title>\n<meta name=\"robots\" content=\"index, follow, max-snippet:-1, max-image-preview:large, max-video-preview:-1\" \/>\n<link rel=\"canonical\" href=\"https:\/\/www.pmpf.rs.gov.br\/secretaria-de-meio-ambiente\/2025\/10\/08\/estudante-da-rede-municipal-representa-passo-fundo-na-conferencia-nacional-infantojuvenil-pelo-meio-ambiente\/\" \/>\n<meta property=\"og:locale\" content=\"pt_BR\" \/>\n<meta property=\"og:type\" content=\"article\" \/>\n<meta property=\"og:title\" content=\"Estudante da rede municipal representa Passo Fundo na Confer\u00eancia Nacional Infantojuvenil pelo Meio Ambiente - Secretaria de Meio Ambiente\" \/>\n<meta property=\"og:description\" content=\"Projeto da EMEF Dom Jos\u00e9 Gomes integra delega\u00e7\u00e3o ga\u00facha que participa, em Bras\u00edlia, da constru\u00e7\u00e3o da Carta Compromisso da Juventude\" \/>\n<meta property=\"og:url\" content=\"https:\/\/www.pmpf.rs.gov.br\/secretaria-de-meio-ambiente\/2025\/10\/08\/estudante-da-rede-municipal-representa-passo-fundo-na-conferencia-nacional-infantojuvenil-pelo-meio-ambiente\/\" \/>\n<meta property=\"og:site_name\" content=\"Secretaria de Meio Ambiente\" \/>\n<meta property=\"article:published_time\" content=\"2025-10-08T11:37:46+00:00\" \/>\n<meta property=\"article:modified_time\" content=\"2025-10-08T11:39:25+00:00\" \/>\n<meta name=\"author\" content=\"lilicrivello\" \/>\n<meta name=\"twitter:card\" content=\"summary_large_image\" \/>\n<meta name=\"twitter:label1\" content=\"Escrito por\" \/>\n\t<meta name=\"twitter:data1\" content=\"lilicrivello\" \/>\n\t<meta name=\"twitter:label2\" content=\"Est. tempo de leitura\" \/>\n\t<meta name=\"twitter:data2\" content=\"2 minutos\" \/>\n<script type=\"application\/ld+json\" class=\"yoast-schema-graph\">{\"@context\":\"https:\/\/schema.org\",\"@graph\":[{\"@type\":\"WebPage\",\"@id\":\"https:\/\/www.pmpf.rs.gov.br\/secretaria-de-meio-ambiente\/2025\/10\/08\/estudante-da-rede-municipal-representa-passo-fundo-na-conferencia-nacional-infantojuvenil-pelo-meio-ambiente\/\",\"url\":\"https:\/\/www.pmpf.rs.gov.br\/secretaria-de-meio-ambiente\/2025\/10\/08\/estudante-da-rede-municipal-representa-passo-fundo-na-conferencia-nacional-infantojuvenil-pelo-meio-ambiente\/\",\"name\":\"Estudante da rede municipal representa Passo Fundo na Confer\u00eancia Nacional Infantojuvenil pelo Meio Ambiente - Secretaria de Meio Ambiente\",\"isPartOf\":{\"@id\":\"https:\/\/www.pmpf.rs.gov.br\/secretaria-de-meio-ambiente\/#website\"},\"primaryImageOfPage\":{\"@id\":\"https:\/\/www.pmpf.rs.gov.br\/secretaria-de-meio-ambiente\/2025\/10\/08\/estudante-da-rede-municipal-representa-passo-fundo-na-conferencia-nacional-infantojuvenil-pelo-meio-ambiente\/#primaryimage\"},\"image\":{\"@id\":\"https:\/\/www.pmpf.rs.gov.br\/secretaria-de-meio-ambiente\/2025\/10\/08\/estudante-da-rede-municipal-representa-passo-fundo-na-conferencia-nacional-infantojuvenil-pelo-meio-ambiente\/#primaryimage\"},\"thumbnailUrl\":\"https:\/\/www.pmpf.rs.gov.br\/secretaria-de-meio-ambiente\/wp-content\/uploads\/sites\/48\/2025\/10\/07103324_331846_GDO.jpeg\",\"datePublished\":\"2025-10-08T11:37:46+00:00\",\"dateModified\":\"2025-10-08T11:39:25+00:00\",\"author\":{\"@id\":\"https:\/\/www.pmpf.rs.gov.br\/secretaria-de-meio-ambiente\/#\/schema\/person\/6e93b0ab2174b69f691ac4f278ba2d0a\"},\"inLanguage\":\"pt-BR\",\"potentialAction\":[{\"@type\":\"ReadAction\",\"target\":[\"https:\/\/www.pmpf.rs.gov.br\/secretaria-de-meio-ambiente\/2025\/10\/08\/estudante-da-rede-municipal-representa-passo-fundo-na-conferencia-nacional-infantojuvenil-pelo-meio-ambiente\/\"]}]},{\"@type\":\"ImageObject\",\"inLanguage\":\"pt-BR\",\"@id\":\"https:\/\/www.pmpf.rs.gov.br\/secretaria-de-meio-ambiente\/2025\/10\/08\/estudante-da-rede-municipal-representa-passo-fundo-na-conferencia-nacional-infantojuvenil-pelo-meio-ambiente\/#primaryimage\",\"url\":\"https:\/\/www.pmpf.rs.gov.br\/secretaria-de-meio-ambiente\/wp-content\/uploads\/sites\/48\/2025\/10\/07103324_331846_GDO.jpeg\",\"contentUrl\":\"https:\/\/www.pmpf.rs.gov.br\/secretaria-de-meio-ambiente\/wp-content\/uploads\/sites\/48\/2025\/10\/07103324_331846_GDO.jpeg\",\"width\":800,\"height\":373},{\"@type\":\"WebSite\",\"@id\":\"https:\/\/www.pmpf.rs.gov.br\/secretaria-de-meio-ambiente\/#website\",\"url\":\"https:\/\/www.pmpf.rs.gov.br\/secretaria-de-meio-ambiente\/\",\"name\":\"Secretaria de Meio Ambiente\",\"description\":\"S\u00f3 mais um site Prefeitura de Passo Fundo\",\"potentialAction\":[{\"@type\":\"SearchAction\",\"target\":{\"@type\":\"EntryPoint\",\"urlTemplate\":\"https:\/\/www.pmpf.rs.gov.br\/secretaria-de-meio-ambiente\/?s={search_term_string}\"},\"query-input\":{\"@type\":\"PropertyValueSpecification\",\"valueRequired\":true,\"valueName\":\"search_term_string\"}}],\"inLanguage\":\"pt-BR\"},{\"@type\":\"Person\",\"@id\":\"https:\/\/www.pmpf.rs.gov.br\/secretaria-de-meio-ambiente\/#\/schema\/person\/6e93b0ab2174b69f691ac4f278ba2d0a\",\"name\":\"lilicrivello\",\"image\":{\"@type\":\"ImageObject\",\"inLanguage\":\"pt-BR\",\"@id\":\"https:\/\/www.pmpf.rs.gov.br\/secretaria-de-meio-ambiente\/#\/schema\/person\/image\/\",\"url\":\"https:\/\/secure.gravatar.com\/avatar\/0b546b667388f8edb7b67d70a57b5e46?s=96&d=mm&r=g\",\"contentUrl\":\"https:\/\/secure.gravatar.com\/avatar\/0b546b667388f8edb7b67d70a57b5e46?s=96&d=mm&r=g\",\"caption\":\"lilicrivello\"},\"url\":\"https:\/\/www.pmpf.rs.gov.br\/secretaria-de-meio-ambiente\/author\/lilicrivello\/\"}]}<\/script>\n<!-- \/ Yoast SEO plugin. -->","yoast_head_json":{"title":"Estudante da rede municipal representa Passo Fundo na Confer\u00eancia Nacional Infantojuvenil pelo Meio Ambiente - Secretaria de Meio Ambiente","robots":{"index":"index","follow":"follow","max-snippet":"max-snippet:-1","max-image-preview":"max-image-preview:large","max-video-preview":"max-video-preview:-1"},"canonical":"https:\/\/www.pmpf.rs.gov.br\/secretaria-de-meio-ambiente\/2025\/10\/08\/estudante-da-rede-municipal-representa-passo-fundo-na-conferencia-nacional-infantojuvenil-pelo-meio-ambiente\/","og_locale":"pt_BR","og_type":"article","og_title":"Estudante da rede municipal representa Passo Fundo na Confer\u00eancia Nacional Infantojuvenil pelo Meio Ambiente - Secretaria de Meio Ambiente","og_description":"Projeto da EMEF Dom Jos\u00e9 Gomes integra delega\u00e7\u00e3o ga\u00facha que participa, em Bras\u00edlia, da constru\u00e7\u00e3o da Carta Compromisso da Juventude","og_url":"https:\/\/www.pmpf.rs.gov.br\/secretaria-de-meio-ambiente\/2025\/10\/08\/estudante-da-rede-municipal-representa-passo-fundo-na-conferencia-nacional-infantojuvenil-pelo-meio-ambiente\/","og_site_name":"Secretaria de Meio Ambiente","article_published_time":"2025-10-08T11:37:46+00:00","article_modified_time":"2025-10-08T11:39:25+00:00","author":"lilicrivello","twitter_card":"summary_large_image","twitter_misc":{"Escrito por":"lilicrivello","Est. tempo de leitura":"2 minutos"},"schema":{"@context":"https:\/\/schema.org","@graph":[{"@type":"WebPage","@id":"https:\/\/www.pmpf.rs.gov.br\/secretaria-de-meio-ambiente\/2025\/10\/08\/estudante-da-rede-municipal-representa-passo-fundo-na-conferencia-nacional-infantojuvenil-pelo-meio-ambiente\/","url":"https:\/\/www.pmpf.rs.gov.br\/secretaria-de-meio-ambiente\/2025\/10\/08\/estudante-da-rede-municipal-representa-passo-fundo-na-conferencia-nacional-infantojuvenil-pelo-meio-ambiente\/","name":"Estudante da rede municipal representa Passo Fundo na Confer\u00eancia Nacional Infantojuvenil pelo Meio Ambiente - Secretaria de Meio Ambiente","isPartOf":{"@id":"https:\/\/www.pmpf.rs.gov.br\/secretaria-de-meio-ambiente\/#website"},"primaryImageOfPage":{"@id":"https:\/\/www.pmpf.rs.gov.br\/secretaria-de-meio-ambiente\/2025\/10\/08\/estudante-da-rede-municipal-representa-passo-fundo-na-conferencia-nacional-infantojuvenil-pelo-meio-ambiente\/#primaryimage"},"image":{"@id":"https:\/\/www.pmpf.rs.gov.br\/secretaria-de-meio-ambiente\/2025\/10\/08\/estudante-da-rede-municipal-representa-passo-fundo-na-conferencia-nacional-infantojuvenil-pelo-meio-ambiente\/#primaryimage"},"thumbnailUrl":"https:\/\/www.pmpf.rs.gov.br\/secretaria-de-meio-ambiente\/wp-content\/uploads\/sites\/48\/2025\/10\/07103324_331846_GDO.jpeg","datePublished":"2025-10-08T11:37:46+00:00","dateModified":"2025-10-08T11:39:25+00:00","author":{"@id":"https:\/\/www.pmpf.rs.gov.br\/secretaria-de-meio-ambiente\/#\/schema\/person\/6e93b0ab2174b69f691ac4f278ba2d0a"},"inLanguage":"pt-BR","potentialAction":[{"@type":"ReadAction","target":["https:\/\/www.pmpf.rs.gov.br\/secretaria-de-meio-ambiente\/2025\/10\/08\/estudante-da-rede-municipal-representa-passo-fundo-na-conferencia-nacional-infantojuvenil-pelo-meio-ambiente\/"]}]},{"@type":"ImageObject","inLanguage":"pt-BR","@id":"https:\/\/www.pmpf.rs.gov.br\/secretaria-de-meio-ambiente\/2025\/10\/08\/estudante-da-rede-municipal-representa-passo-fundo-na-conferencia-nacional-infantojuvenil-pelo-meio-ambiente\/#primaryimage","url":"https:\/\/www.pmpf.rs.gov.br\/secretaria-de-meio-ambiente\/wp-content\/uploads\/sites\/48\/2025\/10\/07103324_331846_GDO.jpeg","contentUrl":"https:\/\/www.pmpf.rs.gov.br\/secretaria-de-meio-ambiente\/wp-content\/uploads\/sites\/48\/2025\/10\/07103324_331846_GDO.jpeg","width":800,"height":373},{"@type":"WebSite","@id":"https:\/\/www.pmpf.rs.gov.br\/secretaria-de-meio-ambiente\/#website","url":"https:\/\/www.pmpf.rs.gov.br\/secretaria-de-meio-ambiente\/","name":"Secretaria de Meio Ambiente","description":"S\u00f3 mais um site Prefeitura de Passo Fundo","potentialAction":[{"@type":"SearchAction","target":{"@type":"EntryPoint","urlTemplate":"https:\/\/www.pmpf.rs.gov.br\/secretaria-de-meio-ambiente\/?s={search_term_string}"},"query-input":{"@type":"PropertyValueSpecification","valueRequired":true,"valueName":"search_term_string"}}],"inLanguage":"pt-BR"},{"@type":"Person","@id":"https:\/\/www.pmpf.rs.gov.br\/secretaria-de-meio-ambiente\/#\/schema\/person\/6e93b0ab2174b69f691ac4f278ba2d0a","name":"lilicrivello","image":{"@type":"ImageObject","inLanguage":"pt-BR","@id":"https:\/\/www.pmpf.rs.gov.br\/secretaria-de-meio-ambiente\/#\/schema\/person\/image\/","url":"https:\/\/secure.gravatar.com\/avatar\/0b546b667388f8edb7b67d70a57b5e46?s=96&d=mm&r=g","contentUrl":"https:\/\/secure.gravatar.com\/avatar\/0b546b667388f8edb7b67d70a57b5e46?s=96&d=mm&r=g","caption":"lilicrivello"},"url":"https:\/\/www.pmpf.rs.gov.br\/secretaria-de-meio-ambiente\/author\/lilicrivello\/"}]}},"_links":{"self":[{"href":"https:\/\/www.pmpf.rs.gov.br\/secretaria-de-meio-ambiente\/wp-json\/wp\/v2\/posts\/1816"}],"collection":[{"href":"https:\/\/www.pmpf.rs.gov.br\/secretaria-de-meio-ambiente\/wp-json\/wp\/v2\/posts"}],"about":[{"href":"https:\/\/www.pmpf.rs.gov.br\/secretaria-de-meio-ambiente\/wp-json\/wp\/v2\/types\/post"}],"author":[{"embeddable":true,"href":"https:\/\/www.pmpf.rs.gov.br\/secretaria-de-meio-ambiente\/wp-json\/wp\/v2\/users\/24"}],"replies":[{"embeddable":true,"href":"https:\/\/www.pmpf.rs.gov.br\/secretaria-de-meio-ambiente\/wp-json\/wp\/v2\/comments?post=1816"}],"version-history":[{"count":1,"href":"https:\/\/www.pmpf.rs.gov.br\/secretaria-de-meio-ambiente\/wp-json\/wp\/v2\/posts\/1816\/revisions"}],"predecessor-version":[{"id":1817,"href":"https:\/\/www.pmpf.rs.gov.br\/secretaria-de-meio-ambiente\/wp-json\/wp\/v2\/posts\/1816\/revisions\/1817"}],"wp:featuredmedia":[{"embeddable":true,"href":"https:\/\/www.pmpf.rs.gov.br\/secretaria-de-meio-ambiente\/wp-json\/wp\/v2\/media\/1818"}],"wp:attachment":[{"href":"https:\/\/www.pmpf.rs.gov.br\/secretaria-de-meio-ambiente\/wp-json\/wp\/v2\/media?parent=1816"}],"wp:term":[{"taxonomy":"category","embeddable":true,"href":"https:\/\/www.pmpf.rs.gov.br\/secretaria-de-meio-ambiente\/wp-json\/wp\/v2\/categories?post=1816"},{"taxonomy":"post_tag","embeddable":true,"href":"https:\/\/www.pmpf.rs.gov.br\/secretaria-de-meio-ambiente\/wp-json\/wp\/v2\/tags?post=1816"}],"curies":[{"name":"wp","href":"https:\/\/api.w.org\/{rel}","templated":true}]}}