{"id":1797,"date":"2025-08-27T09:20:27","date_gmt":"2025-08-27T12:20:27","guid":{"rendered":"https:\/\/www.pmpf.rs.gov.br\/secretaria-de-meio-ambiente\/?p=1797"},"modified":"2025-08-27T09:20:32","modified_gmt":"2025-08-27T12:20:32","slug":"prefeitura-realiza-acao-de-manejo-arboreo-com-acompanhamento-do-ministerio-publico","status":"publish","type":"post","link":"https:\/\/www.pmpf.rs.gov.br\/secretaria-de-meio-ambiente\/2025\/08\/27\/prefeitura-realiza-acao-de-manejo-arboreo-com-acompanhamento-do-ministerio-publico\/","title":{"rendered":"Prefeitura realiza a\u00e7\u00e3o de manejo arb\u00f3reo com acompanhamento do Minist\u00e9rio P\u00fablico"},"content":{"rendered":"\n<p><\/p>\n\n\n\n<p>A Prefeitura de Passo Fundo, por meio das secretarias de Servi\u00e7os Gerais e de Meio Ambiente (SMAM), realizou, nesta ter\u00e7a-feira (26), uma a\u00e7\u00e3o de manejo arb\u00f3reo com o acompanhamento do Minist\u00e9rio P\u00fablico e apoio da RGE. O trabalho envolveu podas de manuten\u00e7\u00e3o, plantio de mudas, sempre com foco na preserva\u00e7\u00e3o da arboriza\u00e7\u00e3o urbana e na seguran\u00e7a da popula\u00e7\u00e3o.<\/p>\n\n\n\n<p>A interven\u00e7\u00e3o ocorreu em pontos estrat\u00e9gicos da cidade, com destaque para a Pra\u00e7a Tamandar\u00e9, tamb\u00e9m conhecida como Pra\u00e7a dos Pl\u00e1tanos, onde \u00e1rvores de grande porte demandam aten\u00e7\u00e3o especial devido ao risco de queda de galhos. As atividades se estenderam tamb\u00e9m para o entorno da Rua Teixeira Soares, no trecho entre a Paissandu e a Uruguai, que teve o tr\u00e2nsito parcialmente bloqueado pela Guarda Municipal para garantir a seguran\u00e7a dos trabalhadores e motoristas.<\/p>\n\n\n\n<p>O promotor de Justi\u00e7a, Paulo Cirne, destacou a relev\u00e2ncia do trabalho. \u201cA a\u00e7\u00e3o realizada pela Prefeitura Municipal na Pra\u00e7a Tamandar\u00e9, tamb\u00e9m conhecida como Pra\u00e7a dos Pl\u00e1tanos, \u00e9 de fundamental import\u00e2ncia para a preserva\u00e7\u00e3o das \u00e1rvores centen\u00e1rias que circundam toda a \u00e1rea em quest\u00e3o. Justamente pelo longo tempo transcorrido desde o plantio, as \u00e1rvores necessitam ser atendidas para extra\u00e7\u00e3o de ervas de passarinho e galhos podres, que podem causar acidentes com pedestres e ve\u00edculos, entre outras a\u00e7\u00f5es para prolongar um pouco mais o tempo de sobreviv\u00eancia dos pl\u00e1tanos. Para assegurar a reposi\u00e7\u00e3o das \u00e1rvores que necessitar\u00e3o ser removidas nos pr\u00f3ximos anos, diversas mudas foram plantadas nos \u00faltimos anos, assim como neste ano. Diante disso, a administra\u00e7\u00e3o municipal est\u00e1 de parab\u00e9ns pelas a\u00e7\u00f5es desenvolvidas, as quais s\u00e3o fundamentais para manter esse bel\u00edssimo cart\u00e3o postal da nossa cidade preservado\u201d, declarou o promotor.<\/p>\n\n\n\n<p>O secret\u00e1rio de Servi\u00e7os Gerais, Alexandre de Melo, destacou que a a\u00e7\u00e3o foi organizada com o envolvimento de entidades para refor\u00e7ar a transpar\u00eancia e o cuidado com o patrim\u00f4nio natural da cidade. \u201cTodo o levantamento arb\u00f3reo foi feito pela equipe t\u00e9cnica da SMAM, que emitiu relat\u00f3rios apontando as necessidades de interven\u00e7\u00e3o. Assim, conseguimos atuar de forma planejada, assegurando o equil\u00edbrio entre preserva\u00e7\u00e3o e seguran\u00e7a. O objetivo destas a\u00e7\u00f5es \u00e9 tamb\u00e9m o replantio: no ano passado, foram 15 mudas de pl\u00e1tanos somente na Pra\u00e7a Tamandar\u00e9, e nesta a\u00e7\u00e3o de hoje outras cinco mudas foram replantadas, garantindo n\u00e3o apenas a restaura\u00e7\u00e3o ecol\u00f3gica, mas tamb\u00e9m as caracter\u00edsticas arb\u00f3reas da Pra\u00e7a Tamandar\u00e9 e a sua hist\u00f3ria\u201d, afirmou.<\/p>\n\n\n\n<p>Mello lembrou ainda que o manejo dos pl\u00e1tanos da Pra\u00e7a Tamandar\u00e9 ocorre anualmente durante o inverno, per\u00edodo em que as \u00e1rvores perdem suas folhas como uma adapta\u00e7\u00e3o natural ao frio e \u00e0 menor quantidade de luz solar. \u201cOs servi\u00e7os est\u00e3o concentrados na Rua Teixeira Soares, onde estamos realizando a remo\u00e7\u00e3o de galhos secos e de plantas parasitas, prevenindo riscos e cuidando da longevidade dos pl\u00e1tanos\u201d, completou.<\/p>\n\n\n\n<p>O ge\u00f3grafo e coordenador da SMAM, Glauco Polita, explicou que as podas t\u00eam car\u00e1ter preventivo e que o plantio j\u00e1 prev\u00ea o futuro da arboriza\u00e7\u00e3o em \u00e1reas de maior circula\u00e7\u00e3o. \u201cNa Pra\u00e7a Tamandar\u00e9, estamos fazendo podas de manuten\u00e7\u00e3o para reduzir o risco de queda de galhos fr\u00e1geis. Tamb\u00e9m realizamos o plantio de mudas de pl\u00e1tano, pensando na substitui\u00e7\u00e3o gradual das \u00e1rvores senis que, em breve, precisar\u00e3o ser trocadas para garantir a seguran\u00e7a dos frequentadores e a prote\u00e7\u00e3o do patrim\u00f4nio. Em locais de grande movimento, como a Tamandar\u00e9, o cuidado precisa ser redobrado\u201d, destacou.<\/p>\n\n\n\n<p>Polita ressaltou ainda a import\u00e2ncia do di\u00e1logo com a comunidade. \u201cConversamos com os moradores e usu\u00e1rios da pra\u00e7a, que compreenderam e agradeceram pela manuten\u00e7\u00e3o. Esse ser\u00e1 um trabalho cont\u00ednuo, n\u00e3o apenas na Tamandar\u00e9, mas em outras pra\u00e7as da cidade. O olhar da comunidade \u00e9 essencial, e n\u00f3s estamos sempre \u00e0 disposi\u00e7\u00e3o para dialogar, pois tudo que fazemos tem como objetivo proporcionar qualidade de vida e seguran\u00e7a para as pessoas e suas fam\u00edlias\u201d, frisou.<\/p>\n\n\n\n<p>A Prefeitura refor\u00e7a que a\u00e7\u00f5es de manejo arb\u00f3reo como esta continuar\u00e3o sendo realizadas periodicamente em diferentes espa\u00e7os p\u00fablicos, sempre com a participa\u00e7\u00e3o de \u00f3rg\u00e3os de controle e entidades ligadas ao meio ambiente.<\/p>\n","protected":false},"excerpt":{"rendered":"<p>Interven\u00e7\u00f5es buscam garantir seguran\u00e7a da popula\u00e7\u00e3o e manuten\u00e7\u00e3o da arboriza\u00e7\u00e3o urbana<\/p>\n","protected":false},"author":24,"featured_media":1798,"comment_status":"closed","ping_status":"closed","sticky":false,"template":"","format":"standard","meta":{"footnotes":""},"categories":[1],"tags":[],"class_list":["post-1797","post","type-post","status-publish","format-standard","has-post-thumbnail","hentry","category-sem-categoria"],"yoast_head":"<!-- This site is optimized with the Yoast SEO plugin v23.8 - https:\/\/yoast.com\/wordpress\/plugins\/seo\/ -->\n<title>Prefeitura realiza a\u00e7\u00e3o de manejo arb\u00f3reo com acompanhamento do Minist\u00e9rio P\u00fablico - Secretaria de Meio Ambiente<\/title>\n<meta name=\"robots\" content=\"index, follow, max-snippet:-1, max-image-preview:large, max-video-preview:-1\" \/>\n<link rel=\"canonical\" href=\"https:\/\/www.pmpf.rs.gov.br\/secretaria-de-meio-ambiente\/2025\/08\/27\/prefeitura-realiza-acao-de-manejo-arboreo-com-acompanhamento-do-ministerio-publico\/\" \/>\n<meta property=\"og:locale\" content=\"pt_BR\" \/>\n<meta property=\"og:type\" content=\"article\" \/>\n<meta property=\"og:title\" content=\"Prefeitura realiza a\u00e7\u00e3o de manejo arb\u00f3reo com acompanhamento do Minist\u00e9rio P\u00fablico - Secretaria de Meio Ambiente\" \/>\n<meta property=\"og:description\" content=\"Interven\u00e7\u00f5es buscam garantir seguran\u00e7a da popula\u00e7\u00e3o e manuten\u00e7\u00e3o da arboriza\u00e7\u00e3o urbana\" \/>\n<meta property=\"og:url\" content=\"https:\/\/www.pmpf.rs.gov.br\/secretaria-de-meio-ambiente\/2025\/08\/27\/prefeitura-realiza-acao-de-manejo-arboreo-com-acompanhamento-do-ministerio-publico\/\" \/>\n<meta property=\"og:site_name\" content=\"Secretaria de Meio Ambiente\" \/>\n<meta property=\"article:published_time\" content=\"2025-08-27T12:20:27+00:00\" \/>\n<meta property=\"article:modified_time\" content=\"2025-08-27T12:20:32+00:00\" \/>\n<meta name=\"author\" content=\"lilicrivello\" \/>\n<meta name=\"twitter:card\" content=\"summary_large_image\" \/>\n<meta name=\"twitter:label1\" content=\"Escrito por\" \/>\n\t<meta name=\"twitter:data1\" content=\"lilicrivello\" \/>\n\t<meta name=\"twitter:label2\" content=\"Est. tempo de leitura\" \/>\n\t<meta name=\"twitter:data2\" content=\"4 minutos\" \/>\n<script type=\"application\/ld+json\" class=\"yoast-schema-graph\">{\"@context\":\"https:\/\/schema.org\",\"@graph\":[{\"@type\":\"WebPage\",\"@id\":\"https:\/\/www.pmpf.rs.gov.br\/secretaria-de-meio-ambiente\/2025\/08\/27\/prefeitura-realiza-acao-de-manejo-arboreo-com-acompanhamento-do-ministerio-publico\/\",\"url\":\"https:\/\/www.pmpf.rs.gov.br\/secretaria-de-meio-ambiente\/2025\/08\/27\/prefeitura-realiza-acao-de-manejo-arboreo-com-acompanhamento-do-ministerio-publico\/\",\"name\":\"Prefeitura realiza a\u00e7\u00e3o de manejo arb\u00f3reo com acompanhamento do Minist\u00e9rio P\u00fablico - Secretaria de Meio Ambiente\",\"isPartOf\":{\"@id\":\"https:\/\/www.pmpf.rs.gov.br\/secretaria-de-meio-ambiente\/#website\"},\"primaryImageOfPage\":{\"@id\":\"https:\/\/www.pmpf.rs.gov.br\/secretaria-de-meio-ambiente\/2025\/08\/27\/prefeitura-realiza-acao-de-manejo-arboreo-com-acompanhamento-do-ministerio-publico\/#primaryimage\"},\"image\":{\"@id\":\"https:\/\/www.pmpf.rs.gov.br\/secretaria-de-meio-ambiente\/2025\/08\/27\/prefeitura-realiza-acao-de-manejo-arboreo-com-acompanhamento-do-ministerio-publico\/#primaryimage\"},\"thumbnailUrl\":\"https:\/\/www.pmpf.rs.gov.br\/secretaria-de-meio-ambiente\/wp-content\/uploads\/sites\/48\/2025\/08\/WhatsApp-Image-2025-08-26-at-13.48.07.jpeg\",\"datePublished\":\"2025-08-27T12:20:27+00:00\",\"dateModified\":\"2025-08-27T12:20:32+00:00\",\"author\":{\"@id\":\"https:\/\/www.pmpf.rs.gov.br\/secretaria-de-meio-ambiente\/#\/schema\/person\/6e93b0ab2174b69f691ac4f278ba2d0a\"},\"inLanguage\":\"pt-BR\",\"potentialAction\":[{\"@type\":\"ReadAction\",\"target\":[\"https:\/\/www.pmpf.rs.gov.br\/secretaria-de-meio-ambiente\/2025\/08\/27\/prefeitura-realiza-acao-de-manejo-arboreo-com-acompanhamento-do-ministerio-publico\/\"]}]},{\"@type\":\"ImageObject\",\"inLanguage\":\"pt-BR\",\"@id\":\"https:\/\/www.pmpf.rs.gov.br\/secretaria-de-meio-ambiente\/2025\/08\/27\/prefeitura-realiza-acao-de-manejo-arboreo-com-acompanhamento-do-ministerio-publico\/#primaryimage\",\"url\":\"https:\/\/www.pmpf.rs.gov.br\/secretaria-de-meio-ambiente\/wp-content\/uploads\/sites\/48\/2025\/08\/WhatsApp-Image-2025-08-26-at-13.48.07.jpeg\",\"contentUrl\":\"https:\/\/www.pmpf.rs.gov.br\/secretaria-de-meio-ambiente\/wp-content\/uploads\/sites\/48\/2025\/08\/WhatsApp-Image-2025-08-26-at-13.48.07.jpeg\",\"width\":1600,\"height\":1070},{\"@type\":\"WebSite\",\"@id\":\"https:\/\/www.pmpf.rs.gov.br\/secretaria-de-meio-ambiente\/#website\",\"url\":\"https:\/\/www.pmpf.rs.gov.br\/secretaria-de-meio-ambiente\/\",\"name\":\"Secretaria de Meio Ambiente\",\"description\":\"S\u00f3 mais um site Prefeitura de Passo Fundo\",\"potentialAction\":[{\"@type\":\"SearchAction\",\"target\":{\"@type\":\"EntryPoint\",\"urlTemplate\":\"https:\/\/www.pmpf.rs.gov.br\/secretaria-de-meio-ambiente\/?s={search_term_string}\"},\"query-input\":{\"@type\":\"PropertyValueSpecification\",\"valueRequired\":true,\"valueName\":\"search_term_string\"}}],\"inLanguage\":\"pt-BR\"},{\"@type\":\"Person\",\"@id\":\"https:\/\/www.pmpf.rs.gov.br\/secretaria-de-meio-ambiente\/#\/schema\/person\/6e93b0ab2174b69f691ac4f278ba2d0a\",\"name\":\"lilicrivello\",\"image\":{\"@type\":\"ImageObject\",\"inLanguage\":\"pt-BR\",\"@id\":\"https:\/\/www.pmpf.rs.gov.br\/secretaria-de-meio-ambiente\/#\/schema\/person\/image\/\",\"url\":\"https:\/\/secure.gravatar.com\/avatar\/0b546b667388f8edb7b67d70a57b5e46?s=96&d=mm&r=g\",\"contentUrl\":\"https:\/\/secure.gravatar.com\/avatar\/0b546b667388f8edb7b67d70a57b5e46?s=96&d=mm&r=g\",\"caption\":\"lilicrivello\"},\"url\":\"https:\/\/www.pmpf.rs.gov.br\/secretaria-de-meio-ambiente\/author\/lilicrivello\/\"}]}<\/script>\n<!-- \/ Yoast SEO plugin. -->","yoast_head_json":{"title":"Prefeitura realiza a\u00e7\u00e3o de manejo arb\u00f3reo com acompanhamento do Minist\u00e9rio P\u00fablico - Secretaria de Meio Ambiente","robots":{"index":"index","follow":"follow","max-snippet":"max-snippet:-1","max-image-preview":"max-image-preview:large","max-video-preview":"max-video-preview:-1"},"canonical":"https:\/\/www.pmpf.rs.gov.br\/secretaria-de-meio-ambiente\/2025\/08\/27\/prefeitura-realiza-acao-de-manejo-arboreo-com-acompanhamento-do-ministerio-publico\/","og_locale":"pt_BR","og_type":"article","og_title":"Prefeitura realiza a\u00e7\u00e3o de manejo arb\u00f3reo com acompanhamento do Minist\u00e9rio P\u00fablico - Secretaria de Meio Ambiente","og_description":"Interven\u00e7\u00f5es buscam garantir seguran\u00e7a da popula\u00e7\u00e3o e manuten\u00e7\u00e3o da arboriza\u00e7\u00e3o urbana","og_url":"https:\/\/www.pmpf.rs.gov.br\/secretaria-de-meio-ambiente\/2025\/08\/27\/prefeitura-realiza-acao-de-manejo-arboreo-com-acompanhamento-do-ministerio-publico\/","og_site_name":"Secretaria de Meio Ambiente","article_published_time":"2025-08-27T12:20:27+00:00","article_modified_time":"2025-08-27T12:20:32+00:00","author":"lilicrivello","twitter_card":"summary_large_image","twitter_misc":{"Escrito por":"lilicrivello","Est. tempo de leitura":"4 minutos"},"schema":{"@context":"https:\/\/schema.org","@graph":[{"@type":"WebPage","@id":"https:\/\/www.pmpf.rs.gov.br\/secretaria-de-meio-ambiente\/2025\/08\/27\/prefeitura-realiza-acao-de-manejo-arboreo-com-acompanhamento-do-ministerio-publico\/","url":"https:\/\/www.pmpf.rs.gov.br\/secretaria-de-meio-ambiente\/2025\/08\/27\/prefeitura-realiza-acao-de-manejo-arboreo-com-acompanhamento-do-ministerio-publico\/","name":"Prefeitura realiza a\u00e7\u00e3o de manejo arb\u00f3reo com acompanhamento do Minist\u00e9rio P\u00fablico - Secretaria de Meio Ambiente","isPartOf":{"@id":"https:\/\/www.pmpf.rs.gov.br\/secretaria-de-meio-ambiente\/#website"},"primaryImageOfPage":{"@id":"https:\/\/www.pmpf.rs.gov.br\/secretaria-de-meio-ambiente\/2025\/08\/27\/prefeitura-realiza-acao-de-manejo-arboreo-com-acompanhamento-do-ministerio-publico\/#primaryimage"},"image":{"@id":"https:\/\/www.pmpf.rs.gov.br\/secretaria-de-meio-ambiente\/2025\/08\/27\/prefeitura-realiza-acao-de-manejo-arboreo-com-acompanhamento-do-ministerio-publico\/#primaryimage"},"thumbnailUrl":"https:\/\/www.pmpf.rs.gov.br\/secretaria-de-meio-ambiente\/wp-content\/uploads\/sites\/48\/2025\/08\/WhatsApp-Image-2025-08-26-at-13.48.07.jpeg","datePublished":"2025-08-27T12:20:27+00:00","dateModified":"2025-08-27T12:20:32+00:00","author":{"@id":"https:\/\/www.pmpf.rs.gov.br\/secretaria-de-meio-ambiente\/#\/schema\/person\/6e93b0ab2174b69f691ac4f278ba2d0a"},"inLanguage":"pt-BR","potentialAction":[{"@type":"ReadAction","target":["https:\/\/www.pmpf.rs.gov.br\/secretaria-de-meio-ambiente\/2025\/08\/27\/prefeitura-realiza-acao-de-manejo-arboreo-com-acompanhamento-do-ministerio-publico\/"]}]},{"@type":"ImageObject","inLanguage":"pt-BR","@id":"https:\/\/www.pmpf.rs.gov.br\/secretaria-de-meio-ambiente\/2025\/08\/27\/prefeitura-realiza-acao-de-manejo-arboreo-com-acompanhamento-do-ministerio-publico\/#primaryimage","url":"https:\/\/www.pmpf.rs.gov.br\/secretaria-de-meio-ambiente\/wp-content\/uploads\/sites\/48\/2025\/08\/WhatsApp-Image-2025-08-26-at-13.48.07.jpeg","contentUrl":"https:\/\/www.pmpf.rs.gov.br\/secretaria-de-meio-ambiente\/wp-content\/uploads\/sites\/48\/2025\/08\/WhatsApp-Image-2025-08-26-at-13.48.07.jpeg","width":1600,"height":1070},{"@type":"WebSite","@id":"https:\/\/www.pmpf.rs.gov.br\/secretaria-de-meio-ambiente\/#website","url":"https:\/\/www.pmpf.rs.gov.br\/secretaria-de-meio-ambiente\/","name":"Secretaria de Meio Ambiente","description":"S\u00f3 mais um site Prefeitura de Passo Fundo","potentialAction":[{"@type":"SearchAction","target":{"@type":"EntryPoint","urlTemplate":"https:\/\/www.pmpf.rs.gov.br\/secretaria-de-meio-ambiente\/?s={search_term_string}"},"query-input":{"@type":"PropertyValueSpecification","valueRequired":true,"valueName":"search_term_string"}}],"inLanguage":"pt-BR"},{"@type":"Person","@id":"https:\/\/www.pmpf.rs.gov.br\/secretaria-de-meio-ambiente\/#\/schema\/person\/6e93b0ab2174b69f691ac4f278ba2d0a","name":"lilicrivello","image":{"@type":"ImageObject","inLanguage":"pt-BR","@id":"https:\/\/www.pmpf.rs.gov.br\/secretaria-de-meio-ambiente\/#\/schema\/person\/image\/","url":"https:\/\/secure.gravatar.com\/avatar\/0b546b667388f8edb7b67d70a57b5e46?s=96&d=mm&r=g","contentUrl":"https:\/\/secure.gravatar.com\/avatar\/0b546b667388f8edb7b67d70a57b5e46?s=96&d=mm&r=g","caption":"lilicrivello"},"url":"https:\/\/www.pmpf.rs.gov.br\/secretaria-de-meio-ambiente\/author\/lilicrivello\/"}]}},"_links":{"self":[{"href":"https:\/\/www.pmpf.rs.gov.br\/secretaria-de-meio-ambiente\/wp-json\/wp\/v2\/posts\/1797"}],"collection":[{"href":"https:\/\/www.pmpf.rs.gov.br\/secretaria-de-meio-ambiente\/wp-json\/wp\/v2\/posts"}],"about":[{"href":"https:\/\/www.pmpf.rs.gov.br\/secretaria-de-meio-ambiente\/wp-json\/wp\/v2\/types\/post"}],"author":[{"embeddable":true,"href":"https:\/\/www.pmpf.rs.gov.br\/secretaria-de-meio-ambiente\/wp-json\/wp\/v2\/users\/24"}],"replies":[{"embeddable":true,"href":"https:\/\/www.pmpf.rs.gov.br\/secretaria-de-meio-ambiente\/wp-json\/wp\/v2\/comments?post=1797"}],"version-history":[{"count":1,"href":"https:\/\/www.pmpf.rs.gov.br\/secretaria-de-meio-ambiente\/wp-json\/wp\/v2\/posts\/1797\/revisions"}],"predecessor-version":[{"id":1799,"href":"https:\/\/www.pmpf.rs.gov.br\/secretaria-de-meio-ambiente\/wp-json\/wp\/v2\/posts\/1797\/revisions\/1799"}],"wp:featuredmedia":[{"embeddable":true,"href":"https:\/\/www.pmpf.rs.gov.br\/secretaria-de-meio-ambiente\/wp-json\/wp\/v2\/media\/1798"}],"wp:attachment":[{"href":"https:\/\/www.pmpf.rs.gov.br\/secretaria-de-meio-ambiente\/wp-json\/wp\/v2\/media?parent=1797"}],"wp:term":[{"taxonomy":"category","embeddable":true,"href":"https:\/\/www.pmpf.rs.gov.br\/secretaria-de-meio-ambiente\/wp-json\/wp\/v2\/categories?post=1797"},{"taxonomy":"post_tag","embeddable":true,"href":"https:\/\/www.pmpf.rs.gov.br\/secretaria-de-meio-ambiente\/wp-json\/wp\/v2\/tags?post=1797"}],"curies":[{"name":"wp","href":"https:\/\/api.w.org\/{rel}","templated":true}]}}