{"id":1794,"date":"2025-08-20T11:12:02","date_gmt":"2025-08-20T14:12:02","guid":{"rendered":"https:\/\/www.pmpf.rs.gov.br\/secretaria-de-meio-ambiente\/?p=1794"},"modified":"2025-08-20T11:12:07","modified_gmt":"2025-08-20T14:12:07","slug":"prefeitura-de-passo-fundo-inova-ao-utilizar-o-biocombustivel-be8-bevant-em-parte-da-frota-de-veiculos","status":"publish","type":"post","link":"https:\/\/www.pmpf.rs.gov.br\/secretaria-de-meio-ambiente\/2025\/08\/20\/prefeitura-de-passo-fundo-inova-ao-utilizar-o-biocombustivel-be8-bevant-em-parte-da-frota-de-veiculos\/","title":{"rendered":"Prefeitura de Passo Fundo inova ao utilizar o biocombust\u00edvel Be8 BeVant\u00ae em parte da frota de ve\u00edculos"},"content":{"rendered":"\n<p><\/p>\n\n\n\n<p>Uma a\u00e7\u00e3o in\u00e9dita vai garantir que a Prefeitura de Passo Fundo (RS) passe a utilizar biocombust\u00edvel em parte de sua frota de ve\u00edculos, diminuindo a emiss\u00e3o de gases poluentes e reafirmando a busca por uma cidade mais sustent\u00e1vel. Em ato realizado nesta quarta-feira (20\/08), o Munic\u00edpio e a empresa Be8 assinaram um contrato que prev\u00ea a utiliza\u00e7\u00e3o do novo biocombust\u00edvel Be8 BeVant\u00ae em 17 ve\u00edculos e m\u00e1quinas da frota.<\/p>\n\n\n\n<p>Todos os meses, a Prefeitura consumir\u00e1 aproximadamente 10 mil litros do biocombust\u00edvel para abastecer 11 caminh\u00f5es, uma motoniveladora e duas retroescavadeiras da Secretaria de Obras, um micro-\u00f4nibus da Secretaria de Sa\u00fade, uma picape da Secretaria de Meio Ambiente e um ve\u00edculo do gabinete do prefeito. O produto substituir\u00e1 o diesel nos ve\u00edculos e m\u00e1quinas, reduzindo de imediato a emiss\u00e3o de gases que prejudicam a sa\u00fade e o meio ambiente.<\/p>\n\n\n\n<p>O prefeito Pedro Almeida destacou o incentivo a projetos que geram desenvolvimento econ\u00f4mico e social de forma sustent\u00e1vel. \u201cHoje celebramos uma parceria que coloca Passo Fundo no mapa da inova\u00e7\u00e3o e refor\u00e7a nossa meta de sermos uma cidade sustent\u00e1vel, com menos polui\u00e7\u00e3o e mais qualidade de vida para todos\u201d, afirmou o prefeito.<\/p>\n\n\n\n<p>O presidente da Be8, Erasmo Carlos Battistella, enfatizou que \u00e9 uma honra para a empresa, que nasceu em Passo Fundo, fazer parte de um projeto inovador com o produto desenvolvido em seus laborat\u00f3rios. \u201cMais uma vez Passo Fundo sai na frente como refer\u00eancia de uma cidade que avan\u00e7a em tecnologia de forma sustent\u00e1vel e que reduz suas emiss\u00f5es no curto prazo para proporcionar uma cidade mais saud\u00e1vel para toda a sua popula\u00e7\u00e3o\u201d, disse o presidente da Be8.<\/p>\n\n\n\n<p>Inovador, o novo biocombust\u00edvel foi criado para substituir totalmente o diesel comum, especialmente em ve\u00edculos e m\u00e1quinas. Ele j\u00e1 foi testado por montadoras, fabricantes de motores e m\u00e1quinas agr\u00edcolas. Al\u00e9m de n\u00e3o emitir poluentes como o diesel f\u00f3ssil, oferece o mesmo desempenho e autonomia aos ve\u00edculos e equipamentos.<\/p>\n\n\n\n<p><strong>Economia Circular<br><\/strong>Uma das principais mat\u00e9rias-primas para a produ\u00e7\u00e3o do Be8 BeVant \u00e9 o \u00f3leo de cozinha usado (UCO, na sigla em ingl\u00eas) proveniente do sistema de coleta p\u00fablica de res\u00edduos, estabelecimentos comerciais e resid\u00eancias de Passo Fundo como parte do Programa Be8 Ser Sustent\u00e1vel criado pela empresa.<\/p>\n\n\n\n<p>\u201c\u00c9 um exemplo not\u00e1vel de Economia Circular porque d\u00e1 um destino sustent\u00e1vel a um res\u00edduo que de outra forma poderia ter um descarte inadequado na natureza\u201d, destaca Battistella. \u201c\u00c9 ineg\u00e1vel o benef\u00edcio duplo que a a\u00e7\u00e3o oferece ao aproveitar um res\u00edduo da cidade para gerar energia renov\u00e1vel para a pr\u00f3pria cidade, que tem assim um ambiente mais limpo e saud\u00e1vel\u201d, completa.<\/p>\n\n\n\n<p>O programa mant\u00e9m parceiras coma Cooperativa Amigos do Meio Ambiente (COAMA) e a Associa\u00e7\u00e3o das Entidades do Projeto TransformA\u00e7\u00e3o e se baseia em&nbsp;tr\u00eas pilares: o cuidado com o meio ambiente, com a destina\u00e7\u00e3o correta do \u00f3leo vegetal usado; social, com a inclus\u00e3o e valoriza\u00e7\u00e3o da Cooperativa e seus integrantes, e econ\u00f4mico, no provimento de renda com a venda do material coletado.<\/p>\n\n\n\n<p>Mais de 15 cooperativas de catadores no Rio Grande do Sul participam da iniciativa, com apoio de capacita\u00e7\u00f5es realizadas em parceria com o&nbsp;Sebrae-RS. Al\u00e9m dos benef\u00edcios ambientais, o projeto&nbsp;promove a profissionaliza\u00e7\u00e3o dos cooperados e estimula a economia circular em comunidades locais.<\/p>\n\n\n\n<p><strong>Be8 BeVant<br><\/strong>O Be8 BeVant tem potencial de reduzir at\u00e9 99% das emiss\u00f5es do tanque \u00e0 roda quando comparado ao diesel de origem f\u00f3ssil. Com maior teor de \u00e9ster, ele reduz at\u00e9 50% as emiss\u00f5es de CO (mon\u00f3xido de carbono), at\u00e9 85% a emiss\u00e3o de materiais particulados e em at\u00e9 90% de fuma\u00e7a preta. A qualidade \u00e9 comprovada com maior lubricidade considerando ULSD (Ultra Low Sulfur Diesel) m\u00e1ximo de 2 ppm, o teor de monoglicer\u00eddio \u00e9 abaixo de 0,25%, a contamina\u00e7\u00e3o total residual fica abaixo de 2 ppm e apresenta 35% menos teor de \u00e1gua.<\/p>\n\n\n\n<p>\u00c9 indicado para atender as demandas dos setores de log\u00edstica, de transportes coletivos e de cargas nos modais rodovi\u00e1rio, hidrovi\u00e1rio, mar\u00edtimo e ferrovi\u00e1rio, assim como equipamentos para a produ\u00e7\u00e3o de min\u00e9rios.<\/p>\n","protected":false},"excerpt":{"rendered":"<p>Utiliza\u00e7\u00e3o do novo biocombust\u00edvel em 17 ve\u00edculos e m\u00e1quinas da frota vai substituir o diesel f\u00f3ssil e reduzir gases de efeito estufa (GEE)<\/p>\n","protected":false},"author":24,"featured_media":1795,"comment_status":"closed","ping_status":"closed","sticky":false,"template":"","format":"standard","meta":{"footnotes":""},"categories":[1],"tags":[],"class_list":["post-1794","post","type-post","status-publish","format-standard","has-post-thumbnail","hentry","category-sem-categoria"],"yoast_head":"<!-- This site is optimized with the Yoast SEO plugin v23.8 - https:\/\/yoast.com\/wordpress\/plugins\/seo\/ -->\n<title>Prefeitura de Passo Fundo inova ao utilizar o biocombust\u00edvel Be8 BeVant\u00ae em parte da frota de ve\u00edculos - Secretaria de Meio Ambiente<\/title>\n<meta name=\"robots\" content=\"index, follow, max-snippet:-1, max-image-preview:large, max-video-preview:-1\" \/>\n<link rel=\"canonical\" href=\"https:\/\/www.pmpf.rs.gov.br\/secretaria-de-meio-ambiente\/2025\/08\/20\/prefeitura-de-passo-fundo-inova-ao-utilizar-o-biocombustivel-be8-bevant-em-parte-da-frota-de-veiculos\/\" \/>\n<meta property=\"og:locale\" content=\"pt_BR\" \/>\n<meta property=\"og:type\" content=\"article\" \/>\n<meta property=\"og:title\" content=\"Prefeitura de Passo Fundo inova ao utilizar o biocombust\u00edvel Be8 BeVant\u00ae em parte da frota de ve\u00edculos - Secretaria de Meio Ambiente\" \/>\n<meta property=\"og:description\" content=\"Utiliza\u00e7\u00e3o do novo biocombust\u00edvel em 17 ve\u00edculos e m\u00e1quinas da frota vai substituir o diesel f\u00f3ssil e reduzir gases de efeito estufa (GEE)\" \/>\n<meta property=\"og:url\" content=\"https:\/\/www.pmpf.rs.gov.br\/secretaria-de-meio-ambiente\/2025\/08\/20\/prefeitura-de-passo-fundo-inova-ao-utilizar-o-biocombustivel-be8-bevant-em-parte-da-frota-de-veiculos\/\" \/>\n<meta property=\"og:site_name\" content=\"Secretaria de Meio Ambiente\" \/>\n<meta property=\"article:published_time\" content=\"2025-08-20T14:12:02+00:00\" \/>\n<meta property=\"article:modified_time\" content=\"2025-08-20T14:12:07+00:00\" \/>\n<meta name=\"author\" content=\"lilicrivello\" \/>\n<meta name=\"twitter:card\" content=\"summary_large_image\" \/>\n<meta name=\"twitter:label1\" content=\"Escrito por\" \/>\n\t<meta name=\"twitter:data1\" content=\"lilicrivello\" \/>\n\t<meta name=\"twitter:label2\" content=\"Est. tempo de leitura\" \/>\n\t<meta name=\"twitter:data2\" content=\"4 minutos\" \/>\n<script type=\"application\/ld+json\" class=\"yoast-schema-graph\">{\"@context\":\"https:\/\/schema.org\",\"@graph\":[{\"@type\":\"WebPage\",\"@id\":\"https:\/\/www.pmpf.rs.gov.br\/secretaria-de-meio-ambiente\/2025\/08\/20\/prefeitura-de-passo-fundo-inova-ao-utilizar-o-biocombustivel-be8-bevant-em-parte-da-frota-de-veiculos\/\",\"url\":\"https:\/\/www.pmpf.rs.gov.br\/secretaria-de-meio-ambiente\/2025\/08\/20\/prefeitura-de-passo-fundo-inova-ao-utilizar-o-biocombustivel-be8-bevant-em-parte-da-frota-de-veiculos\/\",\"name\":\"Prefeitura de Passo Fundo inova ao utilizar o biocombust\u00edvel Be8 BeVant\u00ae em parte da frota de ve\u00edculos - Secretaria de Meio Ambiente\",\"isPartOf\":{\"@id\":\"https:\/\/www.pmpf.rs.gov.br\/secretaria-de-meio-ambiente\/#website\"},\"primaryImageOfPage\":{\"@id\":\"https:\/\/www.pmpf.rs.gov.br\/secretaria-de-meio-ambiente\/2025\/08\/20\/prefeitura-de-passo-fundo-inova-ao-utilizar-o-biocombustivel-be8-bevant-em-parte-da-frota-de-veiculos\/#primaryimage\"},\"image\":{\"@id\":\"https:\/\/www.pmpf.rs.gov.br\/secretaria-de-meio-ambiente\/2025\/08\/20\/prefeitura-de-passo-fundo-inova-ao-utilizar-o-biocombustivel-be8-bevant-em-parte-da-frota-de-veiculos\/#primaryimage\"},\"thumbnailUrl\":\"https:\/\/www.pmpf.rs.gov.br\/secretaria-de-meio-ambiente\/wp-content\/uploads\/sites\/48\/2025\/08\/MSF00137-scaled.jpg\",\"datePublished\":\"2025-08-20T14:12:02+00:00\",\"dateModified\":\"2025-08-20T14:12:07+00:00\",\"author\":{\"@id\":\"https:\/\/www.pmpf.rs.gov.br\/secretaria-de-meio-ambiente\/#\/schema\/person\/6e93b0ab2174b69f691ac4f278ba2d0a\"},\"inLanguage\":\"pt-BR\",\"potentialAction\":[{\"@type\":\"ReadAction\",\"target\":[\"https:\/\/www.pmpf.rs.gov.br\/secretaria-de-meio-ambiente\/2025\/08\/20\/prefeitura-de-passo-fundo-inova-ao-utilizar-o-biocombustivel-be8-bevant-em-parte-da-frota-de-veiculos\/\"]}]},{\"@type\":\"ImageObject\",\"inLanguage\":\"pt-BR\",\"@id\":\"https:\/\/www.pmpf.rs.gov.br\/secretaria-de-meio-ambiente\/2025\/08\/20\/prefeitura-de-passo-fundo-inova-ao-utilizar-o-biocombustivel-be8-bevant-em-parte-da-frota-de-veiculos\/#primaryimage\",\"url\":\"https:\/\/www.pmpf.rs.gov.br\/secretaria-de-meio-ambiente\/wp-content\/uploads\/sites\/48\/2025\/08\/MSF00137-scaled.jpg\",\"contentUrl\":\"https:\/\/www.pmpf.rs.gov.br\/secretaria-de-meio-ambiente\/wp-content\/uploads\/sites\/48\/2025\/08\/MSF00137-scaled.jpg\",\"width\":2560,\"height\":1707},{\"@type\":\"WebSite\",\"@id\":\"https:\/\/www.pmpf.rs.gov.br\/secretaria-de-meio-ambiente\/#website\",\"url\":\"https:\/\/www.pmpf.rs.gov.br\/secretaria-de-meio-ambiente\/\",\"name\":\"Secretaria de Meio Ambiente\",\"description\":\"S\u00f3 mais um site Prefeitura de Passo Fundo\",\"potentialAction\":[{\"@type\":\"SearchAction\",\"target\":{\"@type\":\"EntryPoint\",\"urlTemplate\":\"https:\/\/www.pmpf.rs.gov.br\/secretaria-de-meio-ambiente\/?s={search_term_string}\"},\"query-input\":{\"@type\":\"PropertyValueSpecification\",\"valueRequired\":true,\"valueName\":\"search_term_string\"}}],\"inLanguage\":\"pt-BR\"},{\"@type\":\"Person\",\"@id\":\"https:\/\/www.pmpf.rs.gov.br\/secretaria-de-meio-ambiente\/#\/schema\/person\/6e93b0ab2174b69f691ac4f278ba2d0a\",\"name\":\"lilicrivello\",\"image\":{\"@type\":\"ImageObject\",\"inLanguage\":\"pt-BR\",\"@id\":\"https:\/\/www.pmpf.rs.gov.br\/secretaria-de-meio-ambiente\/#\/schema\/person\/image\/\",\"url\":\"https:\/\/secure.gravatar.com\/avatar\/0b546b667388f8edb7b67d70a57b5e46?s=96&d=mm&r=g\",\"contentUrl\":\"https:\/\/secure.gravatar.com\/avatar\/0b546b667388f8edb7b67d70a57b5e46?s=96&d=mm&r=g\",\"caption\":\"lilicrivello\"},\"url\":\"https:\/\/www.pmpf.rs.gov.br\/secretaria-de-meio-ambiente\/author\/lilicrivello\/\"}]}<\/script>\n<!-- \/ Yoast SEO plugin. -->","yoast_head_json":{"title":"Prefeitura de Passo Fundo inova ao utilizar o biocombust\u00edvel Be8 BeVant\u00ae em parte da frota de ve\u00edculos - Secretaria de Meio Ambiente","robots":{"index":"index","follow":"follow","max-snippet":"max-snippet:-1","max-image-preview":"max-image-preview:large","max-video-preview":"max-video-preview:-1"},"canonical":"https:\/\/www.pmpf.rs.gov.br\/secretaria-de-meio-ambiente\/2025\/08\/20\/prefeitura-de-passo-fundo-inova-ao-utilizar-o-biocombustivel-be8-bevant-em-parte-da-frota-de-veiculos\/","og_locale":"pt_BR","og_type":"article","og_title":"Prefeitura de Passo Fundo inova ao utilizar o biocombust\u00edvel Be8 BeVant\u00ae em parte da frota de ve\u00edculos - Secretaria de Meio Ambiente","og_description":"Utiliza\u00e7\u00e3o do novo biocombust\u00edvel em 17 ve\u00edculos e m\u00e1quinas da frota vai substituir o diesel f\u00f3ssil e reduzir gases de efeito estufa (GEE)","og_url":"https:\/\/www.pmpf.rs.gov.br\/secretaria-de-meio-ambiente\/2025\/08\/20\/prefeitura-de-passo-fundo-inova-ao-utilizar-o-biocombustivel-be8-bevant-em-parte-da-frota-de-veiculos\/","og_site_name":"Secretaria de Meio Ambiente","article_published_time":"2025-08-20T14:12:02+00:00","article_modified_time":"2025-08-20T14:12:07+00:00","author":"lilicrivello","twitter_card":"summary_large_image","twitter_misc":{"Escrito por":"lilicrivello","Est. tempo de leitura":"4 minutos"},"schema":{"@context":"https:\/\/schema.org","@graph":[{"@type":"WebPage","@id":"https:\/\/www.pmpf.rs.gov.br\/secretaria-de-meio-ambiente\/2025\/08\/20\/prefeitura-de-passo-fundo-inova-ao-utilizar-o-biocombustivel-be8-bevant-em-parte-da-frota-de-veiculos\/","url":"https:\/\/www.pmpf.rs.gov.br\/secretaria-de-meio-ambiente\/2025\/08\/20\/prefeitura-de-passo-fundo-inova-ao-utilizar-o-biocombustivel-be8-bevant-em-parte-da-frota-de-veiculos\/","name":"Prefeitura de Passo Fundo inova ao utilizar o biocombust\u00edvel Be8 BeVant\u00ae em parte da frota de ve\u00edculos - Secretaria de Meio Ambiente","isPartOf":{"@id":"https:\/\/www.pmpf.rs.gov.br\/secretaria-de-meio-ambiente\/#website"},"primaryImageOfPage":{"@id":"https:\/\/www.pmpf.rs.gov.br\/secretaria-de-meio-ambiente\/2025\/08\/20\/prefeitura-de-passo-fundo-inova-ao-utilizar-o-biocombustivel-be8-bevant-em-parte-da-frota-de-veiculos\/#primaryimage"},"image":{"@id":"https:\/\/www.pmpf.rs.gov.br\/secretaria-de-meio-ambiente\/2025\/08\/20\/prefeitura-de-passo-fundo-inova-ao-utilizar-o-biocombustivel-be8-bevant-em-parte-da-frota-de-veiculos\/#primaryimage"},"thumbnailUrl":"https:\/\/www.pmpf.rs.gov.br\/secretaria-de-meio-ambiente\/wp-content\/uploads\/sites\/48\/2025\/08\/MSF00137-scaled.jpg","datePublished":"2025-08-20T14:12:02+00:00","dateModified":"2025-08-20T14:12:07+00:00","author":{"@id":"https:\/\/www.pmpf.rs.gov.br\/secretaria-de-meio-ambiente\/#\/schema\/person\/6e93b0ab2174b69f691ac4f278ba2d0a"},"inLanguage":"pt-BR","potentialAction":[{"@type":"ReadAction","target":["https:\/\/www.pmpf.rs.gov.br\/secretaria-de-meio-ambiente\/2025\/08\/20\/prefeitura-de-passo-fundo-inova-ao-utilizar-o-biocombustivel-be8-bevant-em-parte-da-frota-de-veiculos\/"]}]},{"@type":"ImageObject","inLanguage":"pt-BR","@id":"https:\/\/www.pmpf.rs.gov.br\/secretaria-de-meio-ambiente\/2025\/08\/20\/prefeitura-de-passo-fundo-inova-ao-utilizar-o-biocombustivel-be8-bevant-em-parte-da-frota-de-veiculos\/#primaryimage","url":"https:\/\/www.pmpf.rs.gov.br\/secretaria-de-meio-ambiente\/wp-content\/uploads\/sites\/48\/2025\/08\/MSF00137-scaled.jpg","contentUrl":"https:\/\/www.pmpf.rs.gov.br\/secretaria-de-meio-ambiente\/wp-content\/uploads\/sites\/48\/2025\/08\/MSF00137-scaled.jpg","width":2560,"height":1707},{"@type":"WebSite","@id":"https:\/\/www.pmpf.rs.gov.br\/secretaria-de-meio-ambiente\/#website","url":"https:\/\/www.pmpf.rs.gov.br\/secretaria-de-meio-ambiente\/","name":"Secretaria de Meio Ambiente","description":"S\u00f3 mais um site Prefeitura de Passo Fundo","potentialAction":[{"@type":"SearchAction","target":{"@type":"EntryPoint","urlTemplate":"https:\/\/www.pmpf.rs.gov.br\/secretaria-de-meio-ambiente\/?s={search_term_string}"},"query-input":{"@type":"PropertyValueSpecification","valueRequired":true,"valueName":"search_term_string"}}],"inLanguage":"pt-BR"},{"@type":"Person","@id":"https:\/\/www.pmpf.rs.gov.br\/secretaria-de-meio-ambiente\/#\/schema\/person\/6e93b0ab2174b69f691ac4f278ba2d0a","name":"lilicrivello","image":{"@type":"ImageObject","inLanguage":"pt-BR","@id":"https:\/\/www.pmpf.rs.gov.br\/secretaria-de-meio-ambiente\/#\/schema\/person\/image\/","url":"https:\/\/secure.gravatar.com\/avatar\/0b546b667388f8edb7b67d70a57b5e46?s=96&d=mm&r=g","contentUrl":"https:\/\/secure.gravatar.com\/avatar\/0b546b667388f8edb7b67d70a57b5e46?s=96&d=mm&r=g","caption":"lilicrivello"},"url":"https:\/\/www.pmpf.rs.gov.br\/secretaria-de-meio-ambiente\/author\/lilicrivello\/"}]}},"_links":{"self":[{"href":"https:\/\/www.pmpf.rs.gov.br\/secretaria-de-meio-ambiente\/wp-json\/wp\/v2\/posts\/1794"}],"collection":[{"href":"https:\/\/www.pmpf.rs.gov.br\/secretaria-de-meio-ambiente\/wp-json\/wp\/v2\/posts"}],"about":[{"href":"https:\/\/www.pmpf.rs.gov.br\/secretaria-de-meio-ambiente\/wp-json\/wp\/v2\/types\/post"}],"author":[{"embeddable":true,"href":"https:\/\/www.pmpf.rs.gov.br\/secretaria-de-meio-ambiente\/wp-json\/wp\/v2\/users\/24"}],"replies":[{"embeddable":true,"href":"https:\/\/www.pmpf.rs.gov.br\/secretaria-de-meio-ambiente\/wp-json\/wp\/v2\/comments?post=1794"}],"version-history":[{"count":1,"href":"https:\/\/www.pmpf.rs.gov.br\/secretaria-de-meio-ambiente\/wp-json\/wp\/v2\/posts\/1794\/revisions"}],"predecessor-version":[{"id":1796,"href":"https:\/\/www.pmpf.rs.gov.br\/secretaria-de-meio-ambiente\/wp-json\/wp\/v2\/posts\/1794\/revisions\/1796"}],"wp:featuredmedia":[{"embeddable":true,"href":"https:\/\/www.pmpf.rs.gov.br\/secretaria-de-meio-ambiente\/wp-json\/wp\/v2\/media\/1795"}],"wp:attachment":[{"href":"https:\/\/www.pmpf.rs.gov.br\/secretaria-de-meio-ambiente\/wp-json\/wp\/v2\/media?parent=1794"}],"wp:term":[{"taxonomy":"category","embeddable":true,"href":"https:\/\/www.pmpf.rs.gov.br\/secretaria-de-meio-ambiente\/wp-json\/wp\/v2\/categories?post=1794"},{"taxonomy":"post_tag","embeddable":true,"href":"https:\/\/www.pmpf.rs.gov.br\/secretaria-de-meio-ambiente\/wp-json\/wp\/v2\/tags?post=1794"}],"curies":[{"name":"wp","href":"https:\/\/api.w.org\/{rel}","templated":true}]}}