{"id":1791,"date":"2025-08-14T09:41:24","date_gmt":"2025-08-14T12:41:24","guid":{"rendered":"https:\/\/www.pmpf.rs.gov.br\/secretaria-de-meio-ambiente\/?p=1791"},"modified":"2025-08-14T09:41:30","modified_gmt":"2025-08-14T12:41:30","slug":"projeto-da-emef-dom-jose-gomes-vai-a-etapa-nacional-da-conferencia-infantojuvenil-pelo-meio-ambiente","status":"publish","type":"post","link":"https:\/\/www.pmpf.rs.gov.br\/secretaria-de-meio-ambiente\/2025\/08\/14\/projeto-da-emef-dom-jose-gomes-vai-a-etapa-nacional-da-conferencia-infantojuvenil-pelo-meio-ambiente\/","title":{"rendered":"Projeto da EMEF Dom Jos\u00e9 Gomes vai \u00e0 etapa nacional da Confer\u00eancia Infantojuvenil pelo Meio Ambiente"},"content":{"rendered":"\n<p><\/p>\n\n\n\n<p>A educa\u00e7\u00e3o ambiental promovida pela Prefeitura de Passo Fundo ganhou proje\u00e7\u00e3o nacional. O projeto \u201cO Eco que h\u00e1 em n\u00f3s \u2013 replantando vida\u201d, da EMEF Dom Jos\u00e9 Gomes, foi selecionado nesta quarta-feira (13) para representar o munic\u00edpio na etapa nacional da VI Confer\u00eancia Nacional Infantojuvenil pelo Meio Ambiente (CNIJMA). Entre as iniciativas ga\u00fachas que chegaram \u00e0 fase estadual, o trabalho da escola municipal est\u00e1 entre os que avan\u00e7am \u00e0 etapa final \u2014 passo que o credencia a concorrer \u00e0 apresenta\u00e7\u00e3o durante a COP 30, em Bel\u00e9m (PA).<\/p>\n\n\n\n<p>A classifica\u00e7\u00e3o \u00e9 resultado da etapa municipal realizada pela Escola P\u00fablica de Sustentabilidade (EPS) \u2014 projeto da Prefeitura de Passo Fundo \u2014 que centralizou a participa\u00e7\u00e3o das escolas interessadas, organizou as apresenta\u00e7\u00f5es e efetuou as inscri\u00e7\u00f5es no sistema do MEC. Na fase municipal, tamb\u00e9m foram classificados para a etapa estadual: &#8220;Hortec&#8221; (EMEF Helena Salton, desenvolvido com apoio da Escola P\u00fablica de Sustentabilidade); Projeto da EMEF Santo Agostinho (realizado internamente pela escola).<br>Na etapa estadual, realizada em Porto Alegre, Passo Fundo esteve representada pelas professoras: Gabriela de Mello Tagliari (Escola P\u00fablica de Sustentabilidade\/EMEF Helena Salton); Maria Helena Marquetti (EMEF Santo Agostinho); Cassieli Elisabete da Silva (EMEF Dom Jos\u00e9 Gomes).<br>J\u00e1 os alunos delegados foram: Davi Rocha Nespolo (EMEF Helena Salton); Isadora da Rocha Benites (EMEF Santo Agostinho); Andrey Neske da Silveira (EMEF Dom Jos\u00e9 Gomes).<\/p>\n\n\n\n<p>Para a coordenadora da EPS, Gabriela Tagliari, a conquista consolida o papel da rede municipal na forma\u00e7\u00e3o ambiental.\u201cA Confer\u00eancia Infantojuvenil \u00e9 um espa\u00e7o de protagonismo dos nossos estudantes, onde eles apresentam ideias e solu\u00e7\u00f5es para problemas ambientais reais. Ver um projeto da nossa rede chegar \u00e0 etapa nacional \u00e9 motivo de orgulho e mostra que a educa\u00e7\u00e3o ambiental feita em Passo Fundo \u2014 por meio da Escola P\u00fablica de Sustentabilidade, projeto da Prefeitura \u2014 \u00e9 capaz de inspirar e transformar.\u201d<\/p>\n\n\n\n<p>O projeto da Dom Jos\u00e9 Gomes, orientado pela professora Cassieli Elisabete da Silva, tem como foco o reflorestamento e a sensibiliza\u00e7\u00e3o da comunidade para a preserva\u00e7\u00e3o, unindo estudo, experimenta\u00e7\u00e3o e a\u00e7\u00f5es pr\u00e1ticas. O estudante Andrey Neske da Silveira \u00e9 o delegado que representou a escola na confer\u00eancia e que foi selecionado para representar Passo Fundo na etapa nacional.<\/p>\n\n\n\n<p>Em 2025, o tema da CNIJMA \u00e9 \u201cVamos transformar o Brasil com Educa\u00e7\u00e3o e Justi\u00e7a Clim\u00e1tica\u201d, em alinhamento \u00e0 COP 30.<\/p>\n","protected":false},"excerpt":{"rendered":"<p>A educa\u00e7\u00e3o ambiental promovida pela Prefeitura de Passo Fundo ganhou proje\u00e7\u00e3o nacional. O projeto \u201cO Eco que h\u00e1 em n\u00f3s \u2013 replantando vida\u201d, da EMEF Dom Jos\u00e9 Gomes, foi selecionado nesta quarta-feira [&hellip;]<\/p>\n","protected":false},"author":24,"featured_media":1792,"comment_status":"closed","ping_status":"closed","sticky":false,"template":"","format":"standard","meta":{"footnotes":""},"categories":[1],"tags":[],"class_list":["post-1791","post","type-post","status-publish","format-standard","has-post-thumbnail","hentry","category-sem-categoria"],"yoast_head":"<!-- This site is optimized with the Yoast SEO plugin v23.8 - https:\/\/yoast.com\/wordpress\/plugins\/seo\/ -->\n<title>Projeto da EMEF Dom Jos\u00e9 Gomes vai \u00e0 etapa nacional da Confer\u00eancia Infantojuvenil pelo Meio Ambiente - Secretaria de Meio Ambiente<\/title>\n<meta name=\"robots\" content=\"index, follow, max-snippet:-1, max-image-preview:large, max-video-preview:-1\" \/>\n<link rel=\"canonical\" href=\"https:\/\/www.pmpf.rs.gov.br\/secretaria-de-meio-ambiente\/2025\/08\/14\/projeto-da-emef-dom-jose-gomes-vai-a-etapa-nacional-da-conferencia-infantojuvenil-pelo-meio-ambiente\/\" \/>\n<meta property=\"og:locale\" content=\"pt_BR\" \/>\n<meta property=\"og:type\" content=\"article\" \/>\n<meta property=\"og:title\" content=\"Projeto da EMEF Dom Jos\u00e9 Gomes vai \u00e0 etapa nacional da Confer\u00eancia Infantojuvenil pelo Meio Ambiente - Secretaria de Meio Ambiente\" \/>\n<meta property=\"og:description\" content=\"A educa\u00e7\u00e3o ambiental promovida pela Prefeitura de Passo Fundo ganhou proje\u00e7\u00e3o nacional. O projeto \u201cO Eco que h\u00e1 em n\u00f3s \u2013 replantando vida\u201d, da EMEF Dom Jos\u00e9 Gomes, foi selecionado nesta quarta-feira [&hellip;]\" \/>\n<meta property=\"og:url\" content=\"https:\/\/www.pmpf.rs.gov.br\/secretaria-de-meio-ambiente\/2025\/08\/14\/projeto-da-emef-dom-jose-gomes-vai-a-etapa-nacional-da-conferencia-infantojuvenil-pelo-meio-ambiente\/\" \/>\n<meta property=\"og:site_name\" content=\"Secretaria de Meio Ambiente\" \/>\n<meta property=\"article:published_time\" content=\"2025-08-14T12:41:24+00:00\" \/>\n<meta property=\"article:modified_time\" content=\"2025-08-14T12:41:30+00:00\" \/>\n<meta name=\"author\" content=\"lilicrivello\" \/>\n<meta name=\"twitter:card\" content=\"summary_large_image\" \/>\n<meta name=\"twitter:label1\" content=\"Escrito por\" \/>\n\t<meta name=\"twitter:data1\" content=\"lilicrivello\" \/>\n\t<meta name=\"twitter:label2\" content=\"Est. tempo de leitura\" \/>\n\t<meta name=\"twitter:data2\" content=\"2 minutos\" \/>\n<script type=\"application\/ld+json\" class=\"yoast-schema-graph\">{\"@context\":\"https:\/\/schema.org\",\"@graph\":[{\"@type\":\"WebPage\",\"@id\":\"https:\/\/www.pmpf.rs.gov.br\/secretaria-de-meio-ambiente\/2025\/08\/14\/projeto-da-emef-dom-jose-gomes-vai-a-etapa-nacional-da-conferencia-infantojuvenil-pelo-meio-ambiente\/\",\"url\":\"https:\/\/www.pmpf.rs.gov.br\/secretaria-de-meio-ambiente\/2025\/08\/14\/projeto-da-emef-dom-jose-gomes-vai-a-etapa-nacional-da-conferencia-infantojuvenil-pelo-meio-ambiente\/\",\"name\":\"Projeto da EMEF Dom Jos\u00e9 Gomes vai \u00e0 etapa nacional da Confer\u00eancia Infantojuvenil pelo Meio Ambiente - Secretaria de Meio Ambiente\",\"isPartOf\":{\"@id\":\"https:\/\/www.pmpf.rs.gov.br\/secretaria-de-meio-ambiente\/#website\"},\"primaryImageOfPage\":{\"@id\":\"https:\/\/www.pmpf.rs.gov.br\/secretaria-de-meio-ambiente\/2025\/08\/14\/projeto-da-emef-dom-jose-gomes-vai-a-etapa-nacional-da-conferencia-infantojuvenil-pelo-meio-ambiente\/#primaryimage\"},\"image\":{\"@id\":\"https:\/\/www.pmpf.rs.gov.br\/secretaria-de-meio-ambiente\/2025\/08\/14\/projeto-da-emef-dom-jose-gomes-vai-a-etapa-nacional-da-conferencia-infantojuvenil-pelo-meio-ambiente\/#primaryimage\"},\"thumbnailUrl\":\"https:\/\/www.pmpf.rs.gov.br\/secretaria-de-meio-ambiente\/wp-content\/uploads\/sites\/48\/2025\/08\/WhatsApp-Image-2025-08-14-at-09.39.31.jpeg\",\"datePublished\":\"2025-08-14T12:41:24+00:00\",\"dateModified\":\"2025-08-14T12:41:30+00:00\",\"author\":{\"@id\":\"https:\/\/www.pmpf.rs.gov.br\/secretaria-de-meio-ambiente\/#\/schema\/person\/6e93b0ab2174b69f691ac4f278ba2d0a\"},\"inLanguage\":\"pt-BR\",\"potentialAction\":[{\"@type\":\"ReadAction\",\"target\":[\"https:\/\/www.pmpf.rs.gov.br\/secretaria-de-meio-ambiente\/2025\/08\/14\/projeto-da-emef-dom-jose-gomes-vai-a-etapa-nacional-da-conferencia-infantojuvenil-pelo-meio-ambiente\/\"]}]},{\"@type\":\"ImageObject\",\"inLanguage\":\"pt-BR\",\"@id\":\"https:\/\/www.pmpf.rs.gov.br\/secretaria-de-meio-ambiente\/2025\/08\/14\/projeto-da-emef-dom-jose-gomes-vai-a-etapa-nacional-da-conferencia-infantojuvenil-pelo-meio-ambiente\/#primaryimage\",\"url\":\"https:\/\/www.pmpf.rs.gov.br\/secretaria-de-meio-ambiente\/wp-content\/uploads\/sites\/48\/2025\/08\/WhatsApp-Image-2025-08-14-at-09.39.31.jpeg\",\"contentUrl\":\"https:\/\/www.pmpf.rs.gov.br\/secretaria-de-meio-ambiente\/wp-content\/uploads\/sites\/48\/2025\/08\/WhatsApp-Image-2025-08-14-at-09.39.31.jpeg\",\"width\":960,\"height\":1280},{\"@type\":\"WebSite\",\"@id\":\"https:\/\/www.pmpf.rs.gov.br\/secretaria-de-meio-ambiente\/#website\",\"url\":\"https:\/\/www.pmpf.rs.gov.br\/secretaria-de-meio-ambiente\/\",\"name\":\"Secretaria de Meio Ambiente\",\"description\":\"S\u00f3 mais um site Prefeitura de Passo Fundo\",\"potentialAction\":[{\"@type\":\"SearchAction\",\"target\":{\"@type\":\"EntryPoint\",\"urlTemplate\":\"https:\/\/www.pmpf.rs.gov.br\/secretaria-de-meio-ambiente\/?s={search_term_string}\"},\"query-input\":{\"@type\":\"PropertyValueSpecification\",\"valueRequired\":true,\"valueName\":\"search_term_string\"}}],\"inLanguage\":\"pt-BR\"},{\"@type\":\"Person\",\"@id\":\"https:\/\/www.pmpf.rs.gov.br\/secretaria-de-meio-ambiente\/#\/schema\/person\/6e93b0ab2174b69f691ac4f278ba2d0a\",\"name\":\"lilicrivello\",\"image\":{\"@type\":\"ImageObject\",\"inLanguage\":\"pt-BR\",\"@id\":\"https:\/\/www.pmpf.rs.gov.br\/secretaria-de-meio-ambiente\/#\/schema\/person\/image\/\",\"url\":\"https:\/\/secure.gravatar.com\/avatar\/0b546b667388f8edb7b67d70a57b5e46?s=96&d=mm&r=g\",\"contentUrl\":\"https:\/\/secure.gravatar.com\/avatar\/0b546b667388f8edb7b67d70a57b5e46?s=96&d=mm&r=g\",\"caption\":\"lilicrivello\"},\"url\":\"https:\/\/www.pmpf.rs.gov.br\/secretaria-de-meio-ambiente\/author\/lilicrivello\/\"}]}<\/script>\n<!-- \/ Yoast SEO plugin. -->","yoast_head_json":{"title":"Projeto da EMEF Dom Jos\u00e9 Gomes vai \u00e0 etapa nacional da Confer\u00eancia Infantojuvenil pelo Meio Ambiente - Secretaria de Meio Ambiente","robots":{"index":"index","follow":"follow","max-snippet":"max-snippet:-1","max-image-preview":"max-image-preview:large","max-video-preview":"max-video-preview:-1"},"canonical":"https:\/\/www.pmpf.rs.gov.br\/secretaria-de-meio-ambiente\/2025\/08\/14\/projeto-da-emef-dom-jose-gomes-vai-a-etapa-nacional-da-conferencia-infantojuvenil-pelo-meio-ambiente\/","og_locale":"pt_BR","og_type":"article","og_title":"Projeto da EMEF Dom Jos\u00e9 Gomes vai \u00e0 etapa nacional da Confer\u00eancia Infantojuvenil pelo Meio Ambiente - Secretaria de Meio Ambiente","og_description":"A educa\u00e7\u00e3o ambiental promovida pela Prefeitura de Passo Fundo ganhou proje\u00e7\u00e3o nacional. O projeto \u201cO Eco que h\u00e1 em n\u00f3s \u2013 replantando vida\u201d, da EMEF Dom Jos\u00e9 Gomes, foi selecionado nesta quarta-feira [&hellip;]","og_url":"https:\/\/www.pmpf.rs.gov.br\/secretaria-de-meio-ambiente\/2025\/08\/14\/projeto-da-emef-dom-jose-gomes-vai-a-etapa-nacional-da-conferencia-infantojuvenil-pelo-meio-ambiente\/","og_site_name":"Secretaria de Meio Ambiente","article_published_time":"2025-08-14T12:41:24+00:00","article_modified_time":"2025-08-14T12:41:30+00:00","author":"lilicrivello","twitter_card":"summary_large_image","twitter_misc":{"Escrito por":"lilicrivello","Est. tempo de leitura":"2 minutos"},"schema":{"@context":"https:\/\/schema.org","@graph":[{"@type":"WebPage","@id":"https:\/\/www.pmpf.rs.gov.br\/secretaria-de-meio-ambiente\/2025\/08\/14\/projeto-da-emef-dom-jose-gomes-vai-a-etapa-nacional-da-conferencia-infantojuvenil-pelo-meio-ambiente\/","url":"https:\/\/www.pmpf.rs.gov.br\/secretaria-de-meio-ambiente\/2025\/08\/14\/projeto-da-emef-dom-jose-gomes-vai-a-etapa-nacional-da-conferencia-infantojuvenil-pelo-meio-ambiente\/","name":"Projeto da EMEF Dom Jos\u00e9 Gomes vai \u00e0 etapa nacional da Confer\u00eancia Infantojuvenil pelo Meio Ambiente - Secretaria de Meio Ambiente","isPartOf":{"@id":"https:\/\/www.pmpf.rs.gov.br\/secretaria-de-meio-ambiente\/#website"},"primaryImageOfPage":{"@id":"https:\/\/www.pmpf.rs.gov.br\/secretaria-de-meio-ambiente\/2025\/08\/14\/projeto-da-emef-dom-jose-gomes-vai-a-etapa-nacional-da-conferencia-infantojuvenil-pelo-meio-ambiente\/#primaryimage"},"image":{"@id":"https:\/\/www.pmpf.rs.gov.br\/secretaria-de-meio-ambiente\/2025\/08\/14\/projeto-da-emef-dom-jose-gomes-vai-a-etapa-nacional-da-conferencia-infantojuvenil-pelo-meio-ambiente\/#primaryimage"},"thumbnailUrl":"https:\/\/www.pmpf.rs.gov.br\/secretaria-de-meio-ambiente\/wp-content\/uploads\/sites\/48\/2025\/08\/WhatsApp-Image-2025-08-14-at-09.39.31.jpeg","datePublished":"2025-08-14T12:41:24+00:00","dateModified":"2025-08-14T12:41:30+00:00","author":{"@id":"https:\/\/www.pmpf.rs.gov.br\/secretaria-de-meio-ambiente\/#\/schema\/person\/6e93b0ab2174b69f691ac4f278ba2d0a"},"inLanguage":"pt-BR","potentialAction":[{"@type":"ReadAction","target":["https:\/\/www.pmpf.rs.gov.br\/secretaria-de-meio-ambiente\/2025\/08\/14\/projeto-da-emef-dom-jose-gomes-vai-a-etapa-nacional-da-conferencia-infantojuvenil-pelo-meio-ambiente\/"]}]},{"@type":"ImageObject","inLanguage":"pt-BR","@id":"https:\/\/www.pmpf.rs.gov.br\/secretaria-de-meio-ambiente\/2025\/08\/14\/projeto-da-emef-dom-jose-gomes-vai-a-etapa-nacional-da-conferencia-infantojuvenil-pelo-meio-ambiente\/#primaryimage","url":"https:\/\/www.pmpf.rs.gov.br\/secretaria-de-meio-ambiente\/wp-content\/uploads\/sites\/48\/2025\/08\/WhatsApp-Image-2025-08-14-at-09.39.31.jpeg","contentUrl":"https:\/\/www.pmpf.rs.gov.br\/secretaria-de-meio-ambiente\/wp-content\/uploads\/sites\/48\/2025\/08\/WhatsApp-Image-2025-08-14-at-09.39.31.jpeg","width":960,"height":1280},{"@type":"WebSite","@id":"https:\/\/www.pmpf.rs.gov.br\/secretaria-de-meio-ambiente\/#website","url":"https:\/\/www.pmpf.rs.gov.br\/secretaria-de-meio-ambiente\/","name":"Secretaria de Meio Ambiente","description":"S\u00f3 mais um site Prefeitura de Passo Fundo","potentialAction":[{"@type":"SearchAction","target":{"@type":"EntryPoint","urlTemplate":"https:\/\/www.pmpf.rs.gov.br\/secretaria-de-meio-ambiente\/?s={search_term_string}"},"query-input":{"@type":"PropertyValueSpecification","valueRequired":true,"valueName":"search_term_string"}}],"inLanguage":"pt-BR"},{"@type":"Person","@id":"https:\/\/www.pmpf.rs.gov.br\/secretaria-de-meio-ambiente\/#\/schema\/person\/6e93b0ab2174b69f691ac4f278ba2d0a","name":"lilicrivello","image":{"@type":"ImageObject","inLanguage":"pt-BR","@id":"https:\/\/www.pmpf.rs.gov.br\/secretaria-de-meio-ambiente\/#\/schema\/person\/image\/","url":"https:\/\/secure.gravatar.com\/avatar\/0b546b667388f8edb7b67d70a57b5e46?s=96&d=mm&r=g","contentUrl":"https:\/\/secure.gravatar.com\/avatar\/0b546b667388f8edb7b67d70a57b5e46?s=96&d=mm&r=g","caption":"lilicrivello"},"url":"https:\/\/www.pmpf.rs.gov.br\/secretaria-de-meio-ambiente\/author\/lilicrivello\/"}]}},"_links":{"self":[{"href":"https:\/\/www.pmpf.rs.gov.br\/secretaria-de-meio-ambiente\/wp-json\/wp\/v2\/posts\/1791"}],"collection":[{"href":"https:\/\/www.pmpf.rs.gov.br\/secretaria-de-meio-ambiente\/wp-json\/wp\/v2\/posts"}],"about":[{"href":"https:\/\/www.pmpf.rs.gov.br\/secretaria-de-meio-ambiente\/wp-json\/wp\/v2\/types\/post"}],"author":[{"embeddable":true,"href":"https:\/\/www.pmpf.rs.gov.br\/secretaria-de-meio-ambiente\/wp-json\/wp\/v2\/users\/24"}],"replies":[{"embeddable":true,"href":"https:\/\/www.pmpf.rs.gov.br\/secretaria-de-meio-ambiente\/wp-json\/wp\/v2\/comments?post=1791"}],"version-history":[{"count":1,"href":"https:\/\/www.pmpf.rs.gov.br\/secretaria-de-meio-ambiente\/wp-json\/wp\/v2\/posts\/1791\/revisions"}],"predecessor-version":[{"id":1793,"href":"https:\/\/www.pmpf.rs.gov.br\/secretaria-de-meio-ambiente\/wp-json\/wp\/v2\/posts\/1791\/revisions\/1793"}],"wp:featuredmedia":[{"embeddable":true,"href":"https:\/\/www.pmpf.rs.gov.br\/secretaria-de-meio-ambiente\/wp-json\/wp\/v2\/media\/1792"}],"wp:attachment":[{"href":"https:\/\/www.pmpf.rs.gov.br\/secretaria-de-meio-ambiente\/wp-json\/wp\/v2\/media?parent=1791"}],"wp:term":[{"taxonomy":"category","embeddable":true,"href":"https:\/\/www.pmpf.rs.gov.br\/secretaria-de-meio-ambiente\/wp-json\/wp\/v2\/categories?post=1791"},{"taxonomy":"post_tag","embeddable":true,"href":"https:\/\/www.pmpf.rs.gov.br\/secretaria-de-meio-ambiente\/wp-json\/wp\/v2\/tags?post=1791"}],"curies":[{"name":"wp","href":"https:\/\/api.w.org\/{rel}","templated":true}]}}