{"id":1788,"date":"2025-07-25T16:30:52","date_gmt":"2025-07-25T19:30:52","guid":{"rendered":"https:\/\/www.pmpf.rs.gov.br\/secretaria-de-meio-ambiente\/?p=1788"},"modified":"2025-07-25T16:30:58","modified_gmt":"2025-07-25T19:30:58","slug":"novo-ambulatorio-veterinario-municipal-completa-um-mes-de-funcionamento","status":"publish","type":"post","link":"https:\/\/www.pmpf.rs.gov.br\/secretaria-de-meio-ambiente\/2025\/07\/25\/novo-ambulatorio-veterinario-municipal-completa-um-mes-de-funcionamento\/","title":{"rendered":"Novo ambulat\u00f3rio veterin\u00e1rio municipal completa um m\u00eas de funcionamento"},"content":{"rendered":"\n<p><\/p>\n\n\n\n<p>O novo espa\u00e7o do ambulat\u00f3rio veterin\u00e1rio municipal completou, nesta sexta-feira (25), um m\u00eas de funcionamento. Durante o per\u00edodo, foram realizados cerca de 380 atendimentos cl\u00ednicos de c\u00e3es e gatos, um crescimento de 20% com rela\u00e7\u00e3o \u00e0 estrutura anterior.<\/p>\n\n\n\n<p>A nova sede, onde tamb\u00e9m fica a Coordenadoria de Bem-Estar Animal, tem contribu\u00eddo, ainda, para ampliar o alcance da popula\u00e7\u00e3o ao servi\u00e7o de castra\u00e7\u00f5es. Em julho, quase 300 procedimentos gratuitos foram realizados pela Prefeitura, elevando o total hist\u00f3rico do programa para mais de 18 mil cirurgias desde sua implementa\u00e7\u00e3o, em 2014.<\/p>\n\n\n\n<p>Para o prefeito Pedro Almeida, os primeiros resultados confirmam o impacto positivo da entrega do espa\u00e7o. \u201cEste local foi planejado com muito carinho para reunirmos e qualificarmos os servi\u00e7os prestados para a comunidade. Com uma localiza\u00e7\u00e3o mais facilitada e uma estrutura mais ampla, conseguimos facilitar o acesso. Tamb\u00e9m refor\u00e7amos as equipes, o que garantiu a expans\u00e3o dos n\u00fameros\u201d, disse.<\/p>\n\n\n\n<p>O secret\u00e1rio de Meio Ambiente, Diorges de Oliveira, destacou que o novo espa\u00e7o tem possibilitado uma resposta mais eficiente \u00e0s demandas da popula\u00e7\u00e3o. \u201cA causa animal vem exigindo pol\u00edticas p\u00fablicas em defesa dos animais que hoje est\u00e3o inseridos nas familias.<br>Por esta raz\u00e3o, estamos investindo recursos p\u00fablicos para melhorar os servi\u00e7os de atendimento. Um exemplo \u00e9 a nova coordenadoria, um espa\u00e7o moderno, amplo, com dois ambulat\u00f3rios para atender melhor \u00e0s demandas da causa animal&#8221;, afirmou.<\/p>\n\n\n\n<p>O Edemar \u00e9 tutor da cachorrinha pitoca, que, por ser idosa, precisa de consultas cl\u00ednicas frequentes. \u201cFicou muito bom. Fui atendido muito bem, desde a recep\u00e7\u00e3o at\u00e9 a consulta com a veterin\u00e1ria, e sa\u00edmos daqui muito felizes\u201d, contou.<\/p>\n\n\n\n<p>A nova sede do ambulat\u00f3rio veterin\u00e1rio municipal e da Coordenadoria do Bem-Estar Animal refor\u00e7a o compromisso de Passo Fundo com a causa animal, proporcionando estrutura adequada aos animais e seus tutores. O espa\u00e7o fica na Avenida Brasil Oeste, n\u00ba 2001, no Bairro Boqueir\u00e3o.<\/p>\n","protected":false},"excerpt":{"rendered":"<p>O novo espa\u00e7o do ambulat\u00f3rio veterin\u00e1rio municipal completou, nesta sexta-feira (25), um m\u00eas de funcionamento. Durante o per\u00edodo, foram realizados cerca de 380 atendimentos cl\u00ednicos de c\u00e3es e gatos, um crescimento de [&hellip;]<\/p>\n","protected":false},"author":6,"featured_media":1789,"comment_status":"closed","ping_status":"closed","sticky":false,"template":"","format":"standard","meta":{"footnotes":""},"categories":[1],"tags":[],"class_list":["post-1788","post","type-post","status-publish","format-standard","has-post-thumbnail","hentry","category-sem-categoria"],"yoast_head":"<!-- This site is optimized with the Yoast SEO plugin v23.8 - https:\/\/yoast.com\/wordpress\/plugins\/seo\/ -->\n<title>Novo ambulat\u00f3rio veterin\u00e1rio municipal completa um m\u00eas de funcionamento - Secretaria de Meio Ambiente<\/title>\n<meta name=\"robots\" content=\"index, follow, max-snippet:-1, max-image-preview:large, max-video-preview:-1\" \/>\n<link rel=\"canonical\" href=\"https:\/\/www.pmpf.rs.gov.br\/secretaria-de-meio-ambiente\/2025\/07\/25\/novo-ambulatorio-veterinario-municipal-completa-um-mes-de-funcionamento\/\" \/>\n<meta property=\"og:locale\" content=\"pt_BR\" \/>\n<meta property=\"og:type\" content=\"article\" \/>\n<meta property=\"og:title\" content=\"Novo ambulat\u00f3rio veterin\u00e1rio municipal completa um m\u00eas de funcionamento - Secretaria de Meio Ambiente\" \/>\n<meta property=\"og:description\" content=\"O novo espa\u00e7o do ambulat\u00f3rio veterin\u00e1rio municipal completou, nesta sexta-feira (25), um m\u00eas de funcionamento. Durante o per\u00edodo, foram realizados cerca de 380 atendimentos cl\u00ednicos de c\u00e3es e gatos, um crescimento de [&hellip;]\" \/>\n<meta property=\"og:url\" content=\"https:\/\/www.pmpf.rs.gov.br\/secretaria-de-meio-ambiente\/2025\/07\/25\/novo-ambulatorio-veterinario-municipal-completa-um-mes-de-funcionamento\/\" \/>\n<meta property=\"og:site_name\" content=\"Secretaria de Meio Ambiente\" \/>\n<meta property=\"article:published_time\" content=\"2025-07-25T19:30:52+00:00\" \/>\n<meta property=\"article:modified_time\" content=\"2025-07-25T19:30:58+00:00\" \/>\n<meta name=\"author\" content=\"andressazorzetto07\" \/>\n<meta name=\"twitter:card\" content=\"summary_large_image\" \/>\n<meta name=\"twitter:label1\" content=\"Escrito por\" \/>\n\t<meta name=\"twitter:data1\" content=\"andressazorzetto07\" \/>\n\t<meta name=\"twitter:label2\" content=\"Est. tempo de leitura\" \/>\n\t<meta name=\"twitter:data2\" content=\"2 minutos\" \/>\n<script type=\"application\/ld+json\" class=\"yoast-schema-graph\">{\"@context\":\"https:\/\/schema.org\",\"@graph\":[{\"@type\":\"WebPage\",\"@id\":\"https:\/\/www.pmpf.rs.gov.br\/secretaria-de-meio-ambiente\/2025\/07\/25\/novo-ambulatorio-veterinario-municipal-completa-um-mes-de-funcionamento\/\",\"url\":\"https:\/\/www.pmpf.rs.gov.br\/secretaria-de-meio-ambiente\/2025\/07\/25\/novo-ambulatorio-veterinario-municipal-completa-um-mes-de-funcionamento\/\",\"name\":\"Novo ambulat\u00f3rio veterin\u00e1rio municipal completa um m\u00eas de funcionamento - Secretaria de Meio Ambiente\",\"isPartOf\":{\"@id\":\"https:\/\/www.pmpf.rs.gov.br\/secretaria-de-meio-ambiente\/#website\"},\"primaryImageOfPage\":{\"@id\":\"https:\/\/www.pmpf.rs.gov.br\/secretaria-de-meio-ambiente\/2025\/07\/25\/novo-ambulatorio-veterinario-municipal-completa-um-mes-de-funcionamento\/#primaryimage\"},\"image\":{\"@id\":\"https:\/\/www.pmpf.rs.gov.br\/secretaria-de-meio-ambiente\/2025\/07\/25\/novo-ambulatorio-veterinario-municipal-completa-um-mes-de-funcionamento\/#primaryimage\"},\"thumbnailUrl\":\"https:\/\/www.pmpf.rs.gov.br\/secretaria-de-meio-ambiente\/wp-content\/uploads\/sites\/48\/2025\/07\/WhatsApp-Image-2025-07-25-at-16.15.29.jpeg\",\"datePublished\":\"2025-07-25T19:30:52+00:00\",\"dateModified\":\"2025-07-25T19:30:58+00:00\",\"author\":{\"@id\":\"https:\/\/www.pmpf.rs.gov.br\/secretaria-de-meio-ambiente\/#\/schema\/person\/30ee1d1bd74da1469b01fcf086e43351\"},\"inLanguage\":\"pt-BR\",\"potentialAction\":[{\"@type\":\"ReadAction\",\"target\":[\"https:\/\/www.pmpf.rs.gov.br\/secretaria-de-meio-ambiente\/2025\/07\/25\/novo-ambulatorio-veterinario-municipal-completa-um-mes-de-funcionamento\/\"]}]},{\"@type\":\"ImageObject\",\"inLanguage\":\"pt-BR\",\"@id\":\"https:\/\/www.pmpf.rs.gov.br\/secretaria-de-meio-ambiente\/2025\/07\/25\/novo-ambulatorio-veterinario-municipal-completa-um-mes-de-funcionamento\/#primaryimage\",\"url\":\"https:\/\/www.pmpf.rs.gov.br\/secretaria-de-meio-ambiente\/wp-content\/uploads\/sites\/48\/2025\/07\/WhatsApp-Image-2025-07-25-at-16.15.29.jpeg\",\"contentUrl\":\"https:\/\/www.pmpf.rs.gov.br\/secretaria-de-meio-ambiente\/wp-content\/uploads\/sites\/48\/2025\/07\/WhatsApp-Image-2025-07-25-at-16.15.29.jpeg\",\"width\":1600,\"height\":1066},{\"@type\":\"WebSite\",\"@id\":\"https:\/\/www.pmpf.rs.gov.br\/secretaria-de-meio-ambiente\/#website\",\"url\":\"https:\/\/www.pmpf.rs.gov.br\/secretaria-de-meio-ambiente\/\",\"name\":\"Secretaria de Meio Ambiente\",\"description\":\"S\u00f3 mais um site Prefeitura de Passo Fundo\",\"potentialAction\":[{\"@type\":\"SearchAction\",\"target\":{\"@type\":\"EntryPoint\",\"urlTemplate\":\"https:\/\/www.pmpf.rs.gov.br\/secretaria-de-meio-ambiente\/?s={search_term_string}\"},\"query-input\":{\"@type\":\"PropertyValueSpecification\",\"valueRequired\":true,\"valueName\":\"search_term_string\"}}],\"inLanguage\":\"pt-BR\"},{\"@type\":\"Person\",\"@id\":\"https:\/\/www.pmpf.rs.gov.br\/secretaria-de-meio-ambiente\/#\/schema\/person\/30ee1d1bd74da1469b01fcf086e43351\",\"name\":\"andressazorzetto07\",\"image\":{\"@type\":\"ImageObject\",\"inLanguage\":\"pt-BR\",\"@id\":\"https:\/\/www.pmpf.rs.gov.br\/secretaria-de-meio-ambiente\/#\/schema\/person\/image\/\",\"url\":\"https:\/\/secure.gravatar.com\/avatar\/14c5458ed79dc81da99a13b9ff5f9f19?s=96&d=mm&r=g\",\"contentUrl\":\"https:\/\/secure.gravatar.com\/avatar\/14c5458ed79dc81da99a13b9ff5f9f19?s=96&d=mm&r=g\",\"caption\":\"andressazorzetto07\"},\"url\":\"https:\/\/www.pmpf.rs.gov.br\/secretaria-de-meio-ambiente\/author\/andressazorzetto07\/\"}]}<\/script>\n<!-- \/ Yoast SEO plugin. -->","yoast_head_json":{"title":"Novo ambulat\u00f3rio veterin\u00e1rio municipal completa um m\u00eas de funcionamento - Secretaria de Meio Ambiente","robots":{"index":"index","follow":"follow","max-snippet":"max-snippet:-1","max-image-preview":"max-image-preview:large","max-video-preview":"max-video-preview:-1"},"canonical":"https:\/\/www.pmpf.rs.gov.br\/secretaria-de-meio-ambiente\/2025\/07\/25\/novo-ambulatorio-veterinario-municipal-completa-um-mes-de-funcionamento\/","og_locale":"pt_BR","og_type":"article","og_title":"Novo ambulat\u00f3rio veterin\u00e1rio municipal completa um m\u00eas de funcionamento - Secretaria de Meio Ambiente","og_description":"O novo espa\u00e7o do ambulat\u00f3rio veterin\u00e1rio municipal completou, nesta sexta-feira (25), um m\u00eas de funcionamento. Durante o per\u00edodo, foram realizados cerca de 380 atendimentos cl\u00ednicos de c\u00e3es e gatos, um crescimento de [&hellip;]","og_url":"https:\/\/www.pmpf.rs.gov.br\/secretaria-de-meio-ambiente\/2025\/07\/25\/novo-ambulatorio-veterinario-municipal-completa-um-mes-de-funcionamento\/","og_site_name":"Secretaria de Meio Ambiente","article_published_time":"2025-07-25T19:30:52+00:00","article_modified_time":"2025-07-25T19:30:58+00:00","author":"andressazorzetto07","twitter_card":"summary_large_image","twitter_misc":{"Escrito por":"andressazorzetto07","Est. tempo de leitura":"2 minutos"},"schema":{"@context":"https:\/\/schema.org","@graph":[{"@type":"WebPage","@id":"https:\/\/www.pmpf.rs.gov.br\/secretaria-de-meio-ambiente\/2025\/07\/25\/novo-ambulatorio-veterinario-municipal-completa-um-mes-de-funcionamento\/","url":"https:\/\/www.pmpf.rs.gov.br\/secretaria-de-meio-ambiente\/2025\/07\/25\/novo-ambulatorio-veterinario-municipal-completa-um-mes-de-funcionamento\/","name":"Novo ambulat\u00f3rio veterin\u00e1rio municipal completa um m\u00eas de funcionamento - Secretaria de Meio Ambiente","isPartOf":{"@id":"https:\/\/www.pmpf.rs.gov.br\/secretaria-de-meio-ambiente\/#website"},"primaryImageOfPage":{"@id":"https:\/\/www.pmpf.rs.gov.br\/secretaria-de-meio-ambiente\/2025\/07\/25\/novo-ambulatorio-veterinario-municipal-completa-um-mes-de-funcionamento\/#primaryimage"},"image":{"@id":"https:\/\/www.pmpf.rs.gov.br\/secretaria-de-meio-ambiente\/2025\/07\/25\/novo-ambulatorio-veterinario-municipal-completa-um-mes-de-funcionamento\/#primaryimage"},"thumbnailUrl":"https:\/\/www.pmpf.rs.gov.br\/secretaria-de-meio-ambiente\/wp-content\/uploads\/sites\/48\/2025\/07\/WhatsApp-Image-2025-07-25-at-16.15.29.jpeg","datePublished":"2025-07-25T19:30:52+00:00","dateModified":"2025-07-25T19:30:58+00:00","author":{"@id":"https:\/\/www.pmpf.rs.gov.br\/secretaria-de-meio-ambiente\/#\/schema\/person\/30ee1d1bd74da1469b01fcf086e43351"},"inLanguage":"pt-BR","potentialAction":[{"@type":"ReadAction","target":["https:\/\/www.pmpf.rs.gov.br\/secretaria-de-meio-ambiente\/2025\/07\/25\/novo-ambulatorio-veterinario-municipal-completa-um-mes-de-funcionamento\/"]}]},{"@type":"ImageObject","inLanguage":"pt-BR","@id":"https:\/\/www.pmpf.rs.gov.br\/secretaria-de-meio-ambiente\/2025\/07\/25\/novo-ambulatorio-veterinario-municipal-completa-um-mes-de-funcionamento\/#primaryimage","url":"https:\/\/www.pmpf.rs.gov.br\/secretaria-de-meio-ambiente\/wp-content\/uploads\/sites\/48\/2025\/07\/WhatsApp-Image-2025-07-25-at-16.15.29.jpeg","contentUrl":"https:\/\/www.pmpf.rs.gov.br\/secretaria-de-meio-ambiente\/wp-content\/uploads\/sites\/48\/2025\/07\/WhatsApp-Image-2025-07-25-at-16.15.29.jpeg","width":1600,"height":1066},{"@type":"WebSite","@id":"https:\/\/www.pmpf.rs.gov.br\/secretaria-de-meio-ambiente\/#website","url":"https:\/\/www.pmpf.rs.gov.br\/secretaria-de-meio-ambiente\/","name":"Secretaria de Meio Ambiente","description":"S\u00f3 mais um site Prefeitura de Passo Fundo","potentialAction":[{"@type":"SearchAction","target":{"@type":"EntryPoint","urlTemplate":"https:\/\/www.pmpf.rs.gov.br\/secretaria-de-meio-ambiente\/?s={search_term_string}"},"query-input":{"@type":"PropertyValueSpecification","valueRequired":true,"valueName":"search_term_string"}}],"inLanguage":"pt-BR"},{"@type":"Person","@id":"https:\/\/www.pmpf.rs.gov.br\/secretaria-de-meio-ambiente\/#\/schema\/person\/30ee1d1bd74da1469b01fcf086e43351","name":"andressazorzetto07","image":{"@type":"ImageObject","inLanguage":"pt-BR","@id":"https:\/\/www.pmpf.rs.gov.br\/secretaria-de-meio-ambiente\/#\/schema\/person\/image\/","url":"https:\/\/secure.gravatar.com\/avatar\/14c5458ed79dc81da99a13b9ff5f9f19?s=96&d=mm&r=g","contentUrl":"https:\/\/secure.gravatar.com\/avatar\/14c5458ed79dc81da99a13b9ff5f9f19?s=96&d=mm&r=g","caption":"andressazorzetto07"},"url":"https:\/\/www.pmpf.rs.gov.br\/secretaria-de-meio-ambiente\/author\/andressazorzetto07\/"}]}},"_links":{"self":[{"href":"https:\/\/www.pmpf.rs.gov.br\/secretaria-de-meio-ambiente\/wp-json\/wp\/v2\/posts\/1788"}],"collection":[{"href":"https:\/\/www.pmpf.rs.gov.br\/secretaria-de-meio-ambiente\/wp-json\/wp\/v2\/posts"}],"about":[{"href":"https:\/\/www.pmpf.rs.gov.br\/secretaria-de-meio-ambiente\/wp-json\/wp\/v2\/types\/post"}],"author":[{"embeddable":true,"href":"https:\/\/www.pmpf.rs.gov.br\/secretaria-de-meio-ambiente\/wp-json\/wp\/v2\/users\/6"}],"replies":[{"embeddable":true,"href":"https:\/\/www.pmpf.rs.gov.br\/secretaria-de-meio-ambiente\/wp-json\/wp\/v2\/comments?post=1788"}],"version-history":[{"count":1,"href":"https:\/\/www.pmpf.rs.gov.br\/secretaria-de-meio-ambiente\/wp-json\/wp\/v2\/posts\/1788\/revisions"}],"predecessor-version":[{"id":1790,"href":"https:\/\/www.pmpf.rs.gov.br\/secretaria-de-meio-ambiente\/wp-json\/wp\/v2\/posts\/1788\/revisions\/1790"}],"wp:featuredmedia":[{"embeddable":true,"href":"https:\/\/www.pmpf.rs.gov.br\/secretaria-de-meio-ambiente\/wp-json\/wp\/v2\/media\/1789"}],"wp:attachment":[{"href":"https:\/\/www.pmpf.rs.gov.br\/secretaria-de-meio-ambiente\/wp-json\/wp\/v2\/media?parent=1788"}],"wp:term":[{"taxonomy":"category","embeddable":true,"href":"https:\/\/www.pmpf.rs.gov.br\/secretaria-de-meio-ambiente\/wp-json\/wp\/v2\/categories?post=1788"},{"taxonomy":"post_tag","embeddable":true,"href":"https:\/\/www.pmpf.rs.gov.br\/secretaria-de-meio-ambiente\/wp-json\/wp\/v2\/tags?post=1788"}],"curies":[{"name":"wp","href":"https:\/\/api.w.org\/{rel}","templated":true}]}}