{"id":1785,"date":"2025-07-11T08:40:31","date_gmt":"2025-07-11T11:40:31","guid":{"rendered":"https:\/\/www.pmpf.rs.gov.br\/secretaria-de-meio-ambiente\/?p=1785"},"modified":"2025-07-11T08:40:36","modified_gmt":"2025-07-11T11:40:36","slug":"coordenadoria-de-bem-estar-animal-da-prefeitura-registra-aumento-de-20-nos-atendimentos","status":"publish","type":"post","link":"https:\/\/www.pmpf.rs.gov.br\/secretaria-de-meio-ambiente\/2025\/07\/11\/coordenadoria-de-bem-estar-animal-da-prefeitura-registra-aumento-de-20-nos-atendimentos\/","title":{"rendered":"Coordenadoria de Bem-Estar Animal da Prefeitura registra aumento de 20% nos atendimentos"},"content":{"rendered":"\n<p><\/p>\n\n\n\n<p>Desde a inaugura\u00e7\u00e3o da nova sede da Coordenadoria de Bem-Estar Animal, da Prefeitura de Passo Fundo, os n\u00fameros de atendimentos v\u00eam crescendo de forma significativa, demonstrando a relev\u00e2ncia da estrutura e das pol\u00edticas p\u00fablicas voltadas \u00e0 causa animal no munic\u00edpio.<\/p>\n\n\n\n<p>Segundo a coordenadora Maria de Lourdes Secorum, o ambulat\u00f3rio veterin\u00e1rio j\u00e1 registrou um aumento de 20% na demanda por atendimentos cl\u00ednicos, reflexo da amplia\u00e7\u00e3o da estrutura e da maior visibilidade do servi\u00e7o junto \u00e0 popula\u00e7\u00e3o. \u201cTemos percebido que a comunidade est\u00e1 mais pr\u00f3xima da Coordenadoria, buscando orienta\u00e7\u00f5es, cuidados veterin\u00e1rios e informa\u00e7\u00f5es sobre os nossos programas. Isso mostra que estamos no caminho certo\u201d, avaliou.<\/p>\n\n\n\n<p>Al\u00e9m dos atendimentos cl\u00ednicos, outros servi\u00e7os oferecidos pela Coordenadoria, como as castra\u00e7\u00f5es e o recebimento de den\u00fancias de maus-tratos, tamb\u00e9m apresentaram crescimento de 40% na procura. \u201cAs pessoas est\u00e3o mais conscientes e atentas ao bem-estar dos animais. Isso nos fortalece enquanto servi\u00e7o p\u00fablico e nos motiva a continuar avan\u00e7ando\u201d, refor\u00e7ou Maria de Lourdes.<\/p>\n\n\n\n<p>O espa\u00e7o da nova sede, que foi planejado para oferecer condi\u00e7\u00f5es mais adequadas de acolhimento e atendimento aos animais, tamb\u00e9m tem despertado o interesse de outros munic\u00edpios. Nos \u00faltimos meses, a Coordenadoria tem recebido diversas visitas t\u00e9cnicas de gestores de cidades da regi\u00e3o que buscam conhecer de perto a estrutura f\u00edsica, o funcionamento do ambulat\u00f3rio e as pol\u00edticas p\u00fablicas adotadas em Passo Fundo.<\/p>\n\n\n\n<p>Entre os programas mais elogiados pelos visitantes est\u00e1 o Acolhe Pet, uma iniciativa que visa o cuidado e a reintegra\u00e7\u00e3o de animais em situa\u00e7\u00e3o de vulnerabilidade. \u201cEsse \u00e9 um programa que tem chamado muito a aten\u00e7\u00e3o. Ele demonstra a sensibilidade da gest\u00e3o municipal para com os animais que est\u00e3o nas ruas, v\u00edtimas de abandono ou maus-tratos\u201d, comentou a coordenadora.<\/p>\n\n\n\n<p>A Coordenadoria de Bem-Estar Animal tem a\u00e7\u00f5es voltadas para a promo\u00e7\u00e3o da sa\u00fade animal, controle populacional, fiscaliza\u00e7\u00e3o e educa\u00e7\u00e3o da comunidade sobre guarda respons\u00e1vel.<\/p>\n","protected":false},"excerpt":{"rendered":"<p>Desde a inaugura\u00e7\u00e3o da nova sede da Coordenadoria de Bem-Estar Animal, da Prefeitura de Passo Fundo, os n\u00fameros de atendimentos v\u00eam crescendo de forma significativa, demonstrando a relev\u00e2ncia da estrutura e das [&hellip;]<\/p>\n","protected":false},"author":24,"featured_media":1786,"comment_status":"closed","ping_status":"closed","sticky":false,"template":"","format":"standard","meta":{"footnotes":""},"categories":[1],"tags":[],"class_list":["post-1785","post","type-post","status-publish","format-standard","has-post-thumbnail","hentry","category-sem-categoria"],"yoast_head":"<!-- This site is optimized with the Yoast SEO plugin v23.8 - https:\/\/yoast.com\/wordpress\/plugins\/seo\/ -->\n<title>Coordenadoria de Bem-Estar Animal da Prefeitura registra aumento de 20% nos atendimentos - Secretaria de Meio Ambiente<\/title>\n<meta name=\"robots\" content=\"index, follow, max-snippet:-1, max-image-preview:large, max-video-preview:-1\" \/>\n<link rel=\"canonical\" href=\"https:\/\/www.pmpf.rs.gov.br\/secretaria-de-meio-ambiente\/2025\/07\/11\/coordenadoria-de-bem-estar-animal-da-prefeitura-registra-aumento-de-20-nos-atendimentos\/\" \/>\n<meta property=\"og:locale\" content=\"pt_BR\" \/>\n<meta property=\"og:type\" content=\"article\" \/>\n<meta property=\"og:title\" content=\"Coordenadoria de Bem-Estar Animal da Prefeitura registra aumento de 20% nos atendimentos - Secretaria de Meio Ambiente\" \/>\n<meta property=\"og:description\" content=\"Desde a inaugura\u00e7\u00e3o da nova sede da Coordenadoria de Bem-Estar Animal, da Prefeitura de Passo Fundo, os n\u00fameros de atendimentos v\u00eam crescendo de forma significativa, demonstrando a relev\u00e2ncia da estrutura e das [&hellip;]\" \/>\n<meta property=\"og:url\" content=\"https:\/\/www.pmpf.rs.gov.br\/secretaria-de-meio-ambiente\/2025\/07\/11\/coordenadoria-de-bem-estar-animal-da-prefeitura-registra-aumento-de-20-nos-atendimentos\/\" \/>\n<meta property=\"og:site_name\" content=\"Secretaria de Meio Ambiente\" \/>\n<meta property=\"article:published_time\" content=\"2025-07-11T11:40:31+00:00\" \/>\n<meta property=\"article:modified_time\" content=\"2025-07-11T11:40:36+00:00\" \/>\n<meta name=\"author\" content=\"lilicrivello\" \/>\n<meta name=\"twitter:card\" content=\"summary_large_image\" \/>\n<meta name=\"twitter:label1\" content=\"Escrito por\" \/>\n\t<meta name=\"twitter:data1\" content=\"lilicrivello\" \/>\n\t<meta name=\"twitter:label2\" content=\"Est. tempo de leitura\" \/>\n\t<meta name=\"twitter:data2\" content=\"2 minutos\" \/>\n<script type=\"application\/ld+json\" class=\"yoast-schema-graph\">{\"@context\":\"https:\/\/schema.org\",\"@graph\":[{\"@type\":\"WebPage\",\"@id\":\"https:\/\/www.pmpf.rs.gov.br\/secretaria-de-meio-ambiente\/2025\/07\/11\/coordenadoria-de-bem-estar-animal-da-prefeitura-registra-aumento-de-20-nos-atendimentos\/\",\"url\":\"https:\/\/www.pmpf.rs.gov.br\/secretaria-de-meio-ambiente\/2025\/07\/11\/coordenadoria-de-bem-estar-animal-da-prefeitura-registra-aumento-de-20-nos-atendimentos\/\",\"name\":\"Coordenadoria de Bem-Estar Animal da Prefeitura registra aumento de 20% nos atendimentos - Secretaria de Meio Ambiente\",\"isPartOf\":{\"@id\":\"https:\/\/www.pmpf.rs.gov.br\/secretaria-de-meio-ambiente\/#website\"},\"primaryImageOfPage\":{\"@id\":\"https:\/\/www.pmpf.rs.gov.br\/secretaria-de-meio-ambiente\/2025\/07\/11\/coordenadoria-de-bem-estar-animal-da-prefeitura-registra-aumento-de-20-nos-atendimentos\/#primaryimage\"},\"image\":{\"@id\":\"https:\/\/www.pmpf.rs.gov.br\/secretaria-de-meio-ambiente\/2025\/07\/11\/coordenadoria-de-bem-estar-animal-da-prefeitura-registra-aumento-de-20-nos-atendimentos\/#primaryimage\"},\"thumbnailUrl\":\"https:\/\/www.pmpf.rs.gov.br\/secretaria-de-meio-ambiente\/wp-content\/uploads\/sites\/48\/2025\/07\/WhatsApp-Image-2025-07-10-at-16.01.21.jpeg\",\"datePublished\":\"2025-07-11T11:40:31+00:00\",\"dateModified\":\"2025-07-11T11:40:36+00:00\",\"author\":{\"@id\":\"https:\/\/www.pmpf.rs.gov.br\/secretaria-de-meio-ambiente\/#\/schema\/person\/6e93b0ab2174b69f691ac4f278ba2d0a\"},\"inLanguage\":\"pt-BR\",\"potentialAction\":[{\"@type\":\"ReadAction\",\"target\":[\"https:\/\/www.pmpf.rs.gov.br\/secretaria-de-meio-ambiente\/2025\/07\/11\/coordenadoria-de-bem-estar-animal-da-prefeitura-registra-aumento-de-20-nos-atendimentos\/\"]}]},{\"@type\":\"ImageObject\",\"inLanguage\":\"pt-BR\",\"@id\":\"https:\/\/www.pmpf.rs.gov.br\/secretaria-de-meio-ambiente\/2025\/07\/11\/coordenadoria-de-bem-estar-animal-da-prefeitura-registra-aumento-de-20-nos-atendimentos\/#primaryimage\",\"url\":\"https:\/\/www.pmpf.rs.gov.br\/secretaria-de-meio-ambiente\/wp-content\/uploads\/sites\/48\/2025\/07\/WhatsApp-Image-2025-07-10-at-16.01.21.jpeg\",\"contentUrl\":\"https:\/\/www.pmpf.rs.gov.br\/secretaria-de-meio-ambiente\/wp-content\/uploads\/sites\/48\/2025\/07\/WhatsApp-Image-2025-07-10-at-16.01.21.jpeg\",\"width\":900,\"height\":1600},{\"@type\":\"WebSite\",\"@id\":\"https:\/\/www.pmpf.rs.gov.br\/secretaria-de-meio-ambiente\/#website\",\"url\":\"https:\/\/www.pmpf.rs.gov.br\/secretaria-de-meio-ambiente\/\",\"name\":\"Secretaria de Meio Ambiente\",\"description\":\"S\u00f3 mais um site Prefeitura de Passo Fundo\",\"potentialAction\":[{\"@type\":\"SearchAction\",\"target\":{\"@type\":\"EntryPoint\",\"urlTemplate\":\"https:\/\/www.pmpf.rs.gov.br\/secretaria-de-meio-ambiente\/?s={search_term_string}\"},\"query-input\":{\"@type\":\"PropertyValueSpecification\",\"valueRequired\":true,\"valueName\":\"search_term_string\"}}],\"inLanguage\":\"pt-BR\"},{\"@type\":\"Person\",\"@id\":\"https:\/\/www.pmpf.rs.gov.br\/secretaria-de-meio-ambiente\/#\/schema\/person\/6e93b0ab2174b69f691ac4f278ba2d0a\",\"name\":\"lilicrivello\",\"image\":{\"@type\":\"ImageObject\",\"inLanguage\":\"pt-BR\",\"@id\":\"https:\/\/www.pmpf.rs.gov.br\/secretaria-de-meio-ambiente\/#\/schema\/person\/image\/\",\"url\":\"https:\/\/secure.gravatar.com\/avatar\/0b546b667388f8edb7b67d70a57b5e46?s=96&d=mm&r=g\",\"contentUrl\":\"https:\/\/secure.gravatar.com\/avatar\/0b546b667388f8edb7b67d70a57b5e46?s=96&d=mm&r=g\",\"caption\":\"lilicrivello\"},\"url\":\"https:\/\/www.pmpf.rs.gov.br\/secretaria-de-meio-ambiente\/author\/lilicrivello\/\"}]}<\/script>\n<!-- \/ Yoast SEO plugin. -->","yoast_head_json":{"title":"Coordenadoria de Bem-Estar Animal da Prefeitura registra aumento de 20% nos atendimentos - Secretaria de Meio Ambiente","robots":{"index":"index","follow":"follow","max-snippet":"max-snippet:-1","max-image-preview":"max-image-preview:large","max-video-preview":"max-video-preview:-1"},"canonical":"https:\/\/www.pmpf.rs.gov.br\/secretaria-de-meio-ambiente\/2025\/07\/11\/coordenadoria-de-bem-estar-animal-da-prefeitura-registra-aumento-de-20-nos-atendimentos\/","og_locale":"pt_BR","og_type":"article","og_title":"Coordenadoria de Bem-Estar Animal da Prefeitura registra aumento de 20% nos atendimentos - Secretaria de Meio Ambiente","og_description":"Desde a inaugura\u00e7\u00e3o da nova sede da Coordenadoria de Bem-Estar Animal, da Prefeitura de Passo Fundo, os n\u00fameros de atendimentos v\u00eam crescendo de forma significativa, demonstrando a relev\u00e2ncia da estrutura e das [&hellip;]","og_url":"https:\/\/www.pmpf.rs.gov.br\/secretaria-de-meio-ambiente\/2025\/07\/11\/coordenadoria-de-bem-estar-animal-da-prefeitura-registra-aumento-de-20-nos-atendimentos\/","og_site_name":"Secretaria de Meio Ambiente","article_published_time":"2025-07-11T11:40:31+00:00","article_modified_time":"2025-07-11T11:40:36+00:00","author":"lilicrivello","twitter_card":"summary_large_image","twitter_misc":{"Escrito por":"lilicrivello","Est. tempo de leitura":"2 minutos"},"schema":{"@context":"https:\/\/schema.org","@graph":[{"@type":"WebPage","@id":"https:\/\/www.pmpf.rs.gov.br\/secretaria-de-meio-ambiente\/2025\/07\/11\/coordenadoria-de-bem-estar-animal-da-prefeitura-registra-aumento-de-20-nos-atendimentos\/","url":"https:\/\/www.pmpf.rs.gov.br\/secretaria-de-meio-ambiente\/2025\/07\/11\/coordenadoria-de-bem-estar-animal-da-prefeitura-registra-aumento-de-20-nos-atendimentos\/","name":"Coordenadoria de Bem-Estar Animal da Prefeitura registra aumento de 20% nos atendimentos - Secretaria de Meio Ambiente","isPartOf":{"@id":"https:\/\/www.pmpf.rs.gov.br\/secretaria-de-meio-ambiente\/#website"},"primaryImageOfPage":{"@id":"https:\/\/www.pmpf.rs.gov.br\/secretaria-de-meio-ambiente\/2025\/07\/11\/coordenadoria-de-bem-estar-animal-da-prefeitura-registra-aumento-de-20-nos-atendimentos\/#primaryimage"},"image":{"@id":"https:\/\/www.pmpf.rs.gov.br\/secretaria-de-meio-ambiente\/2025\/07\/11\/coordenadoria-de-bem-estar-animal-da-prefeitura-registra-aumento-de-20-nos-atendimentos\/#primaryimage"},"thumbnailUrl":"https:\/\/www.pmpf.rs.gov.br\/secretaria-de-meio-ambiente\/wp-content\/uploads\/sites\/48\/2025\/07\/WhatsApp-Image-2025-07-10-at-16.01.21.jpeg","datePublished":"2025-07-11T11:40:31+00:00","dateModified":"2025-07-11T11:40:36+00:00","author":{"@id":"https:\/\/www.pmpf.rs.gov.br\/secretaria-de-meio-ambiente\/#\/schema\/person\/6e93b0ab2174b69f691ac4f278ba2d0a"},"inLanguage":"pt-BR","potentialAction":[{"@type":"ReadAction","target":["https:\/\/www.pmpf.rs.gov.br\/secretaria-de-meio-ambiente\/2025\/07\/11\/coordenadoria-de-bem-estar-animal-da-prefeitura-registra-aumento-de-20-nos-atendimentos\/"]}]},{"@type":"ImageObject","inLanguage":"pt-BR","@id":"https:\/\/www.pmpf.rs.gov.br\/secretaria-de-meio-ambiente\/2025\/07\/11\/coordenadoria-de-bem-estar-animal-da-prefeitura-registra-aumento-de-20-nos-atendimentos\/#primaryimage","url":"https:\/\/www.pmpf.rs.gov.br\/secretaria-de-meio-ambiente\/wp-content\/uploads\/sites\/48\/2025\/07\/WhatsApp-Image-2025-07-10-at-16.01.21.jpeg","contentUrl":"https:\/\/www.pmpf.rs.gov.br\/secretaria-de-meio-ambiente\/wp-content\/uploads\/sites\/48\/2025\/07\/WhatsApp-Image-2025-07-10-at-16.01.21.jpeg","width":900,"height":1600},{"@type":"WebSite","@id":"https:\/\/www.pmpf.rs.gov.br\/secretaria-de-meio-ambiente\/#website","url":"https:\/\/www.pmpf.rs.gov.br\/secretaria-de-meio-ambiente\/","name":"Secretaria de Meio Ambiente","description":"S\u00f3 mais um site Prefeitura de Passo Fundo","potentialAction":[{"@type":"SearchAction","target":{"@type":"EntryPoint","urlTemplate":"https:\/\/www.pmpf.rs.gov.br\/secretaria-de-meio-ambiente\/?s={search_term_string}"},"query-input":{"@type":"PropertyValueSpecification","valueRequired":true,"valueName":"search_term_string"}}],"inLanguage":"pt-BR"},{"@type":"Person","@id":"https:\/\/www.pmpf.rs.gov.br\/secretaria-de-meio-ambiente\/#\/schema\/person\/6e93b0ab2174b69f691ac4f278ba2d0a","name":"lilicrivello","image":{"@type":"ImageObject","inLanguage":"pt-BR","@id":"https:\/\/www.pmpf.rs.gov.br\/secretaria-de-meio-ambiente\/#\/schema\/person\/image\/","url":"https:\/\/secure.gravatar.com\/avatar\/0b546b667388f8edb7b67d70a57b5e46?s=96&d=mm&r=g","contentUrl":"https:\/\/secure.gravatar.com\/avatar\/0b546b667388f8edb7b67d70a57b5e46?s=96&d=mm&r=g","caption":"lilicrivello"},"url":"https:\/\/www.pmpf.rs.gov.br\/secretaria-de-meio-ambiente\/author\/lilicrivello\/"}]}},"_links":{"self":[{"href":"https:\/\/www.pmpf.rs.gov.br\/secretaria-de-meio-ambiente\/wp-json\/wp\/v2\/posts\/1785"}],"collection":[{"href":"https:\/\/www.pmpf.rs.gov.br\/secretaria-de-meio-ambiente\/wp-json\/wp\/v2\/posts"}],"about":[{"href":"https:\/\/www.pmpf.rs.gov.br\/secretaria-de-meio-ambiente\/wp-json\/wp\/v2\/types\/post"}],"author":[{"embeddable":true,"href":"https:\/\/www.pmpf.rs.gov.br\/secretaria-de-meio-ambiente\/wp-json\/wp\/v2\/users\/24"}],"replies":[{"embeddable":true,"href":"https:\/\/www.pmpf.rs.gov.br\/secretaria-de-meio-ambiente\/wp-json\/wp\/v2\/comments?post=1785"}],"version-history":[{"count":1,"href":"https:\/\/www.pmpf.rs.gov.br\/secretaria-de-meio-ambiente\/wp-json\/wp\/v2\/posts\/1785\/revisions"}],"predecessor-version":[{"id":1787,"href":"https:\/\/www.pmpf.rs.gov.br\/secretaria-de-meio-ambiente\/wp-json\/wp\/v2\/posts\/1785\/revisions\/1787"}],"wp:featuredmedia":[{"embeddable":true,"href":"https:\/\/www.pmpf.rs.gov.br\/secretaria-de-meio-ambiente\/wp-json\/wp\/v2\/media\/1786"}],"wp:attachment":[{"href":"https:\/\/www.pmpf.rs.gov.br\/secretaria-de-meio-ambiente\/wp-json\/wp\/v2\/media?parent=1785"}],"wp:term":[{"taxonomy":"category","embeddable":true,"href":"https:\/\/www.pmpf.rs.gov.br\/secretaria-de-meio-ambiente\/wp-json\/wp\/v2\/categories?post=1785"},{"taxonomy":"post_tag","embeddable":true,"href":"https:\/\/www.pmpf.rs.gov.br\/secretaria-de-meio-ambiente\/wp-json\/wp\/v2\/tags?post=1785"}],"curies":[{"name":"wp","href":"https:\/\/api.w.org\/{rel}","templated":true}]}}