{"id":1765,"date":"2025-06-09T08:00:50","date_gmt":"2025-06-09T11:00:50","guid":{"rendered":"https:\/\/www.pmpf.rs.gov.br\/secretaria-de-meio-ambiente\/?p=1765"},"modified":"2025-06-09T08:00:56","modified_gmt":"2025-06-09T11:00:56","slug":"semana-do-meio-ambiente-promove-acoes-praticas-e-educativas-com-escolas-da-rede-publica-de-passo-fundo","status":"publish","type":"post","link":"https:\/\/www.pmpf.rs.gov.br\/secretaria-de-meio-ambiente\/2025\/06\/09\/semana-do-meio-ambiente-promove-acoes-praticas-e-educativas-com-escolas-da-rede-publica-de-passo-fundo\/","title":{"rendered":"Semana do Meio Ambiente promove a\u00e7\u00f5es pr\u00e1ticas e educativas com escolas da rede p\u00fablica de Passo Fundo"},"content":{"rendered":"\n<p><\/p>\n\n\n\n<p>A Semana do Meio Ambiente promovida pela Prefeitura de Passo Fundo, por meio das Secretarias do Meio Ambiente (SMAM) e Educa\u00e7\u00e3o (SME), segue movimentando estudantes e comunidades escolares com uma programa\u00e7\u00e3o voltada \u00e0 sustentabilidade. Nesta quarta-feira (4), quatro atividades marcaram o dia, levando informa\u00e7\u00e3o, conscientiza\u00e7\u00e3o e a\u00e7\u00f5es pr\u00e1ticas para crian\u00e7as e adolescentes.<\/p>\n\n\n\n<p>Logo no in\u00edcio da manh\u00e3, os alunos da EMEF Le\u00e3o Nunes de Castro participaram de uma roda de conversa sobre o bem-estar animal, que contou com a presen\u00e7a do Grupo de Estudos sobre Animais Silvestres (GEAS) da Universidade de Passo Fundo (UPF), da Coordenadora do Bem-Estar Animal da SMAM e de policiais da PATRAM. A atividade abordou os cuidados com animais silvestres e dom\u00e9sticos e, em seguida, os alunos se tornaram \u201cDetetives do Parque\u201d, com uma a\u00e7\u00e3o de limpeza no Parque Ambiental Banhado da Vergueiro, realizando o recolhimento e a cataloga\u00e7\u00e3o de res\u00edduos como forma de proteger a fauna e a flora local.<\/p>\n\n\n\n<p>A professora de Ci\u00eancias da rede municipal e coordenadora da futura Escola P\u00fablica de Sustentabilidade Gabriela Tagliari, acompanhou a atividade e destacou o envolvimento dos estudantes. \u201cNesta atividade, os alunos s\u00e3o exploradores e fazem uma limpeza no parque, retirando pl\u00e1sticos, retirando papel e fazendo um levantamento, buscando a preserva\u00e7\u00e3o, entendendo sobre conscientiza\u00e7\u00e3o. E al\u00e9m disso, a gente tem v\u00e1rias atividades durante toda a semana do Meio Ambiente, que vai ser conclu\u00edda com a inaugura\u00e7\u00e3o da Escola P\u00fablica de Sustentabilidade na sexta-feira. Estas a\u00e7\u00f5es da semana do Meio Ambiente marcam todas as a\u00e7\u00f5es futuras que a Escola de Sustentabilidade vai fazer pelo bem do Meio Ambiente\u201d, afirmou.<\/p>\n\n\n\n<p>Na sequ\u00eancia, os alunos da EMEF Urbano Ribas acompanharam a palestra \u201cCaminho dos Res\u00edduos de Passo Fundo\u201d, conduzida pelo coordenador de Gerenciamento de Res\u00edduos da SMAM, Luiz Fabr\u00edcio. A atividade destacou a import\u00e2ncia da separa\u00e7\u00e3o correta do lixo e o impacto direto disso na limpeza urbana. Ap\u00f3s o encontro, os estudantes participaram de uma trilha pedag\u00f3gica pelo parque para conhecer as esp\u00e9cies de fauna e flora nativas.<\/p>\n\n\n\n<p>Durante a tarde, a SMAM recebeu estudantes da EMEF Zeferino Dem\u00e9trio Costi para uma conversa sobre os impactos do uso de descart\u00e1veis em espa\u00e7os p\u00fablicos e a import\u00e2ncia da coleta seletiva, refor\u00e7ando o papel de cada cidad\u00e3o na redu\u00e7\u00e3o dos res\u00edduos produzidos na cidade.<\/p>\n\n\n\n<p>Encerrando o dia, foi realizada a oficina de ch\u00e1s e PANCs (Plantas Aliment\u00edcias N\u00e3o Convencionais), ministrada pela professora Solange Dieterich, da UPF. A atividade foi voltada aos alunos da EMEI Rita Sirotski e envolveu pr\u00e1ticas de explora\u00e7\u00e3o sensorial e educativa com as crian\u00e7as da educa\u00e7\u00e3o infantil, refor\u00e7ando a import\u00e2ncia da alimenta\u00e7\u00e3o saud\u00e1vel e dos benef\u00edcios das plantas para o bem-estar.<\/p>\n","protected":false},"excerpt":{"rendered":"<p>A Semana do Meio Ambiente promovida pela Prefeitura de Passo Fundo, por meio das Secretarias do Meio Ambiente (SMAM) e Educa\u00e7\u00e3o (SME), segue movimentando estudantes e comunidades escolares com uma programa\u00e7\u00e3o voltada [&hellip;]<\/p>\n","protected":false},"author":24,"featured_media":1766,"comment_status":"closed","ping_status":"closed","sticky":false,"template":"","format":"standard","meta":{"footnotes":""},"categories":[1],"tags":[],"class_list":["post-1765","post","type-post","status-publish","format-standard","has-post-thumbnail","hentry","category-sem-categoria"],"yoast_head":"<!-- This site is optimized with the Yoast SEO plugin v23.8 - https:\/\/yoast.com\/wordpress\/plugins\/seo\/ -->\n<title>Semana do Meio Ambiente promove a\u00e7\u00f5es pr\u00e1ticas e educativas com escolas da rede p\u00fablica de Passo Fundo - Secretaria de Meio Ambiente<\/title>\n<meta name=\"robots\" content=\"index, follow, max-snippet:-1, max-image-preview:large, max-video-preview:-1\" \/>\n<link rel=\"canonical\" href=\"https:\/\/www.pmpf.rs.gov.br\/secretaria-de-meio-ambiente\/2025\/06\/09\/semana-do-meio-ambiente-promove-acoes-praticas-e-educativas-com-escolas-da-rede-publica-de-passo-fundo\/\" \/>\n<meta property=\"og:locale\" content=\"pt_BR\" \/>\n<meta property=\"og:type\" content=\"article\" \/>\n<meta property=\"og:title\" content=\"Semana do Meio Ambiente promove a\u00e7\u00f5es pr\u00e1ticas e educativas com escolas da rede p\u00fablica de Passo Fundo - Secretaria de Meio Ambiente\" \/>\n<meta property=\"og:description\" content=\"A Semana do Meio Ambiente promovida pela Prefeitura de Passo Fundo, por meio das Secretarias do Meio Ambiente (SMAM) e Educa\u00e7\u00e3o (SME), segue movimentando estudantes e comunidades escolares com uma programa\u00e7\u00e3o voltada [&hellip;]\" \/>\n<meta property=\"og:url\" content=\"https:\/\/www.pmpf.rs.gov.br\/secretaria-de-meio-ambiente\/2025\/06\/09\/semana-do-meio-ambiente-promove-acoes-praticas-e-educativas-com-escolas-da-rede-publica-de-passo-fundo\/\" \/>\n<meta property=\"og:site_name\" content=\"Secretaria de Meio Ambiente\" \/>\n<meta property=\"article:published_time\" content=\"2025-06-09T11:00:50+00:00\" \/>\n<meta property=\"article:modified_time\" content=\"2025-06-09T11:00:56+00:00\" \/>\n<meta name=\"author\" content=\"lilicrivello\" \/>\n<meta name=\"twitter:card\" content=\"summary_large_image\" \/>\n<meta name=\"twitter:label1\" content=\"Escrito por\" \/>\n\t<meta name=\"twitter:data1\" content=\"lilicrivello\" \/>\n\t<meta name=\"twitter:label2\" content=\"Est. tempo de leitura\" \/>\n\t<meta name=\"twitter:data2\" content=\"2 minutos\" \/>\n<script type=\"application\/ld+json\" class=\"yoast-schema-graph\">{\"@context\":\"https:\/\/schema.org\",\"@graph\":[{\"@type\":\"WebPage\",\"@id\":\"https:\/\/www.pmpf.rs.gov.br\/secretaria-de-meio-ambiente\/2025\/06\/09\/semana-do-meio-ambiente-promove-acoes-praticas-e-educativas-com-escolas-da-rede-publica-de-passo-fundo\/\",\"url\":\"https:\/\/www.pmpf.rs.gov.br\/secretaria-de-meio-ambiente\/2025\/06\/09\/semana-do-meio-ambiente-promove-acoes-praticas-e-educativas-com-escolas-da-rede-publica-de-passo-fundo\/\",\"name\":\"Semana do Meio Ambiente promove a\u00e7\u00f5es pr\u00e1ticas e educativas com escolas da rede p\u00fablica de Passo Fundo - Secretaria de Meio Ambiente\",\"isPartOf\":{\"@id\":\"https:\/\/www.pmpf.rs.gov.br\/secretaria-de-meio-ambiente\/#website\"},\"primaryImageOfPage\":{\"@id\":\"https:\/\/www.pmpf.rs.gov.br\/secretaria-de-meio-ambiente\/2025\/06\/09\/semana-do-meio-ambiente-promove-acoes-praticas-e-educativas-com-escolas-da-rede-publica-de-passo-fundo\/#primaryimage\"},\"image\":{\"@id\":\"https:\/\/www.pmpf.rs.gov.br\/secretaria-de-meio-ambiente\/2025\/06\/09\/semana-do-meio-ambiente-promove-acoes-praticas-e-educativas-com-escolas-da-rede-publica-de-passo-fundo\/#primaryimage\"},\"thumbnailUrl\":\"https:\/\/www.pmpf.rs.gov.br\/secretaria-de-meio-ambiente\/wp-content\/uploads\/sites\/48\/2025\/06\/WhatsApp-Image-2025-06-04-at-16.40.10.jpeg\",\"datePublished\":\"2025-06-09T11:00:50+00:00\",\"dateModified\":\"2025-06-09T11:00:56+00:00\",\"author\":{\"@id\":\"https:\/\/www.pmpf.rs.gov.br\/secretaria-de-meio-ambiente\/#\/schema\/person\/6e93b0ab2174b69f691ac4f278ba2d0a\"},\"inLanguage\":\"pt-BR\",\"potentialAction\":[{\"@type\":\"ReadAction\",\"target\":[\"https:\/\/www.pmpf.rs.gov.br\/secretaria-de-meio-ambiente\/2025\/06\/09\/semana-do-meio-ambiente-promove-acoes-praticas-e-educativas-com-escolas-da-rede-publica-de-passo-fundo\/\"]}]},{\"@type\":\"ImageObject\",\"inLanguage\":\"pt-BR\",\"@id\":\"https:\/\/www.pmpf.rs.gov.br\/secretaria-de-meio-ambiente\/2025\/06\/09\/semana-do-meio-ambiente-promove-acoes-praticas-e-educativas-com-escolas-da-rede-publica-de-passo-fundo\/#primaryimage\",\"url\":\"https:\/\/www.pmpf.rs.gov.br\/secretaria-de-meio-ambiente\/wp-content\/uploads\/sites\/48\/2025\/06\/WhatsApp-Image-2025-06-04-at-16.40.10.jpeg\",\"contentUrl\":\"https:\/\/www.pmpf.rs.gov.br\/secretaria-de-meio-ambiente\/wp-content\/uploads\/sites\/48\/2025\/06\/WhatsApp-Image-2025-06-04-at-16.40.10.jpeg\",\"width\":1600,\"height\":1066},{\"@type\":\"WebSite\",\"@id\":\"https:\/\/www.pmpf.rs.gov.br\/secretaria-de-meio-ambiente\/#website\",\"url\":\"https:\/\/www.pmpf.rs.gov.br\/secretaria-de-meio-ambiente\/\",\"name\":\"Secretaria de Meio Ambiente\",\"description\":\"S\u00f3 mais um site Prefeitura de Passo Fundo\",\"potentialAction\":[{\"@type\":\"SearchAction\",\"target\":{\"@type\":\"EntryPoint\",\"urlTemplate\":\"https:\/\/www.pmpf.rs.gov.br\/secretaria-de-meio-ambiente\/?s={search_term_string}\"},\"query-input\":{\"@type\":\"PropertyValueSpecification\",\"valueRequired\":true,\"valueName\":\"search_term_string\"}}],\"inLanguage\":\"pt-BR\"},{\"@type\":\"Person\",\"@id\":\"https:\/\/www.pmpf.rs.gov.br\/secretaria-de-meio-ambiente\/#\/schema\/person\/6e93b0ab2174b69f691ac4f278ba2d0a\",\"name\":\"lilicrivello\",\"image\":{\"@type\":\"ImageObject\",\"inLanguage\":\"pt-BR\",\"@id\":\"https:\/\/www.pmpf.rs.gov.br\/secretaria-de-meio-ambiente\/#\/schema\/person\/image\/\",\"url\":\"https:\/\/secure.gravatar.com\/avatar\/0b546b667388f8edb7b67d70a57b5e46?s=96&d=mm&r=g\",\"contentUrl\":\"https:\/\/secure.gravatar.com\/avatar\/0b546b667388f8edb7b67d70a57b5e46?s=96&d=mm&r=g\",\"caption\":\"lilicrivello\"},\"url\":\"https:\/\/www.pmpf.rs.gov.br\/secretaria-de-meio-ambiente\/author\/lilicrivello\/\"}]}<\/script>\n<!-- \/ Yoast SEO plugin. -->","yoast_head_json":{"title":"Semana do Meio Ambiente promove a\u00e7\u00f5es pr\u00e1ticas e educativas com escolas da rede p\u00fablica de Passo Fundo - Secretaria de Meio Ambiente","robots":{"index":"index","follow":"follow","max-snippet":"max-snippet:-1","max-image-preview":"max-image-preview:large","max-video-preview":"max-video-preview:-1"},"canonical":"https:\/\/www.pmpf.rs.gov.br\/secretaria-de-meio-ambiente\/2025\/06\/09\/semana-do-meio-ambiente-promove-acoes-praticas-e-educativas-com-escolas-da-rede-publica-de-passo-fundo\/","og_locale":"pt_BR","og_type":"article","og_title":"Semana do Meio Ambiente promove a\u00e7\u00f5es pr\u00e1ticas e educativas com escolas da rede p\u00fablica de Passo Fundo - Secretaria de Meio Ambiente","og_description":"A Semana do Meio Ambiente promovida pela Prefeitura de Passo Fundo, por meio das Secretarias do Meio Ambiente (SMAM) e Educa\u00e7\u00e3o (SME), segue movimentando estudantes e comunidades escolares com uma programa\u00e7\u00e3o voltada [&hellip;]","og_url":"https:\/\/www.pmpf.rs.gov.br\/secretaria-de-meio-ambiente\/2025\/06\/09\/semana-do-meio-ambiente-promove-acoes-praticas-e-educativas-com-escolas-da-rede-publica-de-passo-fundo\/","og_site_name":"Secretaria de Meio Ambiente","article_published_time":"2025-06-09T11:00:50+00:00","article_modified_time":"2025-06-09T11:00:56+00:00","author":"lilicrivello","twitter_card":"summary_large_image","twitter_misc":{"Escrito por":"lilicrivello","Est. tempo de leitura":"2 minutos"},"schema":{"@context":"https:\/\/schema.org","@graph":[{"@type":"WebPage","@id":"https:\/\/www.pmpf.rs.gov.br\/secretaria-de-meio-ambiente\/2025\/06\/09\/semana-do-meio-ambiente-promove-acoes-praticas-e-educativas-com-escolas-da-rede-publica-de-passo-fundo\/","url":"https:\/\/www.pmpf.rs.gov.br\/secretaria-de-meio-ambiente\/2025\/06\/09\/semana-do-meio-ambiente-promove-acoes-praticas-e-educativas-com-escolas-da-rede-publica-de-passo-fundo\/","name":"Semana do Meio Ambiente promove a\u00e7\u00f5es pr\u00e1ticas e educativas com escolas da rede p\u00fablica de Passo Fundo - Secretaria de Meio Ambiente","isPartOf":{"@id":"https:\/\/www.pmpf.rs.gov.br\/secretaria-de-meio-ambiente\/#website"},"primaryImageOfPage":{"@id":"https:\/\/www.pmpf.rs.gov.br\/secretaria-de-meio-ambiente\/2025\/06\/09\/semana-do-meio-ambiente-promove-acoes-praticas-e-educativas-com-escolas-da-rede-publica-de-passo-fundo\/#primaryimage"},"image":{"@id":"https:\/\/www.pmpf.rs.gov.br\/secretaria-de-meio-ambiente\/2025\/06\/09\/semana-do-meio-ambiente-promove-acoes-praticas-e-educativas-com-escolas-da-rede-publica-de-passo-fundo\/#primaryimage"},"thumbnailUrl":"https:\/\/www.pmpf.rs.gov.br\/secretaria-de-meio-ambiente\/wp-content\/uploads\/sites\/48\/2025\/06\/WhatsApp-Image-2025-06-04-at-16.40.10.jpeg","datePublished":"2025-06-09T11:00:50+00:00","dateModified":"2025-06-09T11:00:56+00:00","author":{"@id":"https:\/\/www.pmpf.rs.gov.br\/secretaria-de-meio-ambiente\/#\/schema\/person\/6e93b0ab2174b69f691ac4f278ba2d0a"},"inLanguage":"pt-BR","potentialAction":[{"@type":"ReadAction","target":["https:\/\/www.pmpf.rs.gov.br\/secretaria-de-meio-ambiente\/2025\/06\/09\/semana-do-meio-ambiente-promove-acoes-praticas-e-educativas-com-escolas-da-rede-publica-de-passo-fundo\/"]}]},{"@type":"ImageObject","inLanguage":"pt-BR","@id":"https:\/\/www.pmpf.rs.gov.br\/secretaria-de-meio-ambiente\/2025\/06\/09\/semana-do-meio-ambiente-promove-acoes-praticas-e-educativas-com-escolas-da-rede-publica-de-passo-fundo\/#primaryimage","url":"https:\/\/www.pmpf.rs.gov.br\/secretaria-de-meio-ambiente\/wp-content\/uploads\/sites\/48\/2025\/06\/WhatsApp-Image-2025-06-04-at-16.40.10.jpeg","contentUrl":"https:\/\/www.pmpf.rs.gov.br\/secretaria-de-meio-ambiente\/wp-content\/uploads\/sites\/48\/2025\/06\/WhatsApp-Image-2025-06-04-at-16.40.10.jpeg","width":1600,"height":1066},{"@type":"WebSite","@id":"https:\/\/www.pmpf.rs.gov.br\/secretaria-de-meio-ambiente\/#website","url":"https:\/\/www.pmpf.rs.gov.br\/secretaria-de-meio-ambiente\/","name":"Secretaria de Meio Ambiente","description":"S\u00f3 mais um site Prefeitura de Passo Fundo","potentialAction":[{"@type":"SearchAction","target":{"@type":"EntryPoint","urlTemplate":"https:\/\/www.pmpf.rs.gov.br\/secretaria-de-meio-ambiente\/?s={search_term_string}"},"query-input":{"@type":"PropertyValueSpecification","valueRequired":true,"valueName":"search_term_string"}}],"inLanguage":"pt-BR"},{"@type":"Person","@id":"https:\/\/www.pmpf.rs.gov.br\/secretaria-de-meio-ambiente\/#\/schema\/person\/6e93b0ab2174b69f691ac4f278ba2d0a","name":"lilicrivello","image":{"@type":"ImageObject","inLanguage":"pt-BR","@id":"https:\/\/www.pmpf.rs.gov.br\/secretaria-de-meio-ambiente\/#\/schema\/person\/image\/","url":"https:\/\/secure.gravatar.com\/avatar\/0b546b667388f8edb7b67d70a57b5e46?s=96&d=mm&r=g","contentUrl":"https:\/\/secure.gravatar.com\/avatar\/0b546b667388f8edb7b67d70a57b5e46?s=96&d=mm&r=g","caption":"lilicrivello"},"url":"https:\/\/www.pmpf.rs.gov.br\/secretaria-de-meio-ambiente\/author\/lilicrivello\/"}]}},"_links":{"self":[{"href":"https:\/\/www.pmpf.rs.gov.br\/secretaria-de-meio-ambiente\/wp-json\/wp\/v2\/posts\/1765"}],"collection":[{"href":"https:\/\/www.pmpf.rs.gov.br\/secretaria-de-meio-ambiente\/wp-json\/wp\/v2\/posts"}],"about":[{"href":"https:\/\/www.pmpf.rs.gov.br\/secretaria-de-meio-ambiente\/wp-json\/wp\/v2\/types\/post"}],"author":[{"embeddable":true,"href":"https:\/\/www.pmpf.rs.gov.br\/secretaria-de-meio-ambiente\/wp-json\/wp\/v2\/users\/24"}],"replies":[{"embeddable":true,"href":"https:\/\/www.pmpf.rs.gov.br\/secretaria-de-meio-ambiente\/wp-json\/wp\/v2\/comments?post=1765"}],"version-history":[{"count":1,"href":"https:\/\/www.pmpf.rs.gov.br\/secretaria-de-meio-ambiente\/wp-json\/wp\/v2\/posts\/1765\/revisions"}],"predecessor-version":[{"id":1767,"href":"https:\/\/www.pmpf.rs.gov.br\/secretaria-de-meio-ambiente\/wp-json\/wp\/v2\/posts\/1765\/revisions\/1767"}],"wp:featuredmedia":[{"embeddable":true,"href":"https:\/\/www.pmpf.rs.gov.br\/secretaria-de-meio-ambiente\/wp-json\/wp\/v2\/media\/1766"}],"wp:attachment":[{"href":"https:\/\/www.pmpf.rs.gov.br\/secretaria-de-meio-ambiente\/wp-json\/wp\/v2\/media?parent=1765"}],"wp:term":[{"taxonomy":"category","embeddable":true,"href":"https:\/\/www.pmpf.rs.gov.br\/secretaria-de-meio-ambiente\/wp-json\/wp\/v2\/categories?post=1765"},{"taxonomy":"post_tag","embeddable":true,"href":"https:\/\/www.pmpf.rs.gov.br\/secretaria-de-meio-ambiente\/wp-json\/wp\/v2\/tags?post=1765"}],"curies":[{"name":"wp","href":"https:\/\/api.w.org\/{rel}","templated":true}]}}