{"id":1746,"date":"2025-05-29T11:21:23","date_gmt":"2025-05-29T14:21:23","guid":{"rendered":"https:\/\/www.pmpf.rs.gov.br\/secretaria-de-meio-ambiente\/?p=1746"},"modified":"2025-05-29T11:21:25","modified_gmt":"2025-05-29T14:21:25","slug":"prefeitura-ampliara-estrutura-para-atendimento-e-cuidado-com-animais-em-passo-fundo","status":"publish","type":"post","link":"https:\/\/www.pmpf.rs.gov.br\/secretaria-de-meio-ambiente\/2025\/05\/29\/prefeitura-ampliara-estrutura-para-atendimento-e-cuidado-com-animais-em-passo-fundo\/","title":{"rendered":"Prefeitura ampliar\u00e1 estrutura para atendimento e cuidado com animais em Passo Fundo"},"content":{"rendered":"\n<p><\/p>\n\n\n\n<p>A Prefeitura de Passo Fundo, por meio da Secretaria de Meio Ambiente, est\u00e1 ampliando significativamente a estrutura dedicada \u00e0 causa animal com a entrega de um novo espa\u00e7o que abrigar\u00e1 o ambulat\u00f3rio veterin\u00e1rio e toda a estrutura da Coordenadoria do Bem-Estar Animal. Localizado na Avenida Brasil, no bairro Boqueir\u00e3o, o local reunir\u00e1 servi\u00e7os fundamentais para o atendimento de c\u00e3es e gatos, com acesso facilitado para a popula\u00e7\u00e3o.<\/p>\n\n\n\n<p>Durante a visita ao novo local, o prefeito Pedro Almeida ressaltou o empenho da gest\u00e3o municipal em valorizar a causa animal. \u201cEstamos conhecendo o novo espa\u00e7o da Coordenadoria do Bem-Estar Animal, que tamb\u00e9m abrigar\u00e1 dois consult\u00f3rios veterin\u00e1rios e em um novo local. Estamos investindo em estrutura, oferecendo melhores condi\u00e7\u00f5es para os nossos profissionais e fortalecendo a causa animal, que tanto merece\u201d, destacou o prefeito.<\/p>\n\n\n\n<p>No novo ambiente, que passa a contar com dois m\u00e9dicos-veterin\u00e1rios, ser\u00e3o oferecidas consultas cl\u00ednicas gratuitas para avalia\u00e7\u00e3o de sa\u00fade dos animais, com uma m\u00e9dia mensal de 300 atendimentos. Conforme estabelece a Resolu\u00e7\u00e3o N\u00ba 1.275\/2019 do Conselho Federal de Medicina Veterin\u00e1ria, os ambulat\u00f3rios s\u00e3o autorizados a realizar procedimentos ambulatoriais de baixa complexidade, como curativos, aplica\u00e7\u00e3o de medicamentos, suturas superficiais, coletas para exames, fluidoterapia, entre outros. Tamb\u00e9m \u00e9 permitida a utiliza\u00e7\u00e3o de sedativos e anest\u00e9sicos locais, desde que sob supervis\u00e3o permanente do m\u00e9dico-veterin\u00e1rio. J\u00e1 procedimentos cir\u00fargicos, anestesia geral e interna\u00e7\u00f5es s\u00e3o proibidos.<\/p>\n\n\n\n<p>O secret\u00e1rio de Meio Ambiente, Diorges Oliveira, destaca que o novo espa\u00e7o \u00e9 um avan\u00e7o importante para a pol\u00edtica de bem-estar animal no munic\u00edpio. \u201cEstamos consolidando um espa\u00e7o completo, com estrutura adequada para o trabalho t\u00e9cnico, atendimento aos animais e acolhimento da popula\u00e7\u00e3o. A Coordenadoria do Bem-Estar Animal tem se fortalecido e, com esse novo ambiente, ampliaremos ainda mais os atendimentos e as a\u00e7\u00f5es educativas e de fiscaliza\u00e7\u00e3o. Nosso compromisso \u00e9 com o cuidado e o respeito \u00e0 vida animal,\u201d afirmou o secret\u00e1rio.<\/p>\n\n\n\n<p>Al\u00e9m do ambulat\u00f3rio, o espa\u00e7o sediar\u00e1 toda a estrutura administrativa da Coordenadoria do Bem-Estar Animal, o setor de fiscaliza\u00e7\u00e3o ambiental, que contar\u00e1 com o refor\u00e7o de novos fiscais, e os principais programas municipais de prote\u00e7\u00e3o animal, como o \u00c9 o Bicho, de castra\u00e7\u00e3o gratuita de c\u00e3es e gatos, o Acolhe Pet, o Banco de Ra\u00e7\u00e3o, o Cadastro para Castra\u00e7\u00e3o e o canal para den\u00fancias de maus-tratos.<\/p>\n\n\n\n<p>A expectativa \u00e9 de que o novo ambiente seja entregue \u00e0 comunidade nas pr\u00f3ximas semanas, ampliando a capacidade de atendimento.<\/p>\n","protected":false},"excerpt":{"rendered":"<p>A Prefeitura de Passo Fundo, por meio da Secretaria de Meio Ambiente, est\u00e1 ampliando significativamente a estrutura dedicada \u00e0 causa animal com a entrega de um novo espa\u00e7o que abrigar\u00e1 o ambulat\u00f3rio [&hellip;]<\/p>\n","protected":false},"author":24,"featured_media":1747,"comment_status":"closed","ping_status":"closed","sticky":false,"template":"","format":"standard","meta":{"footnotes":""},"categories":[1],"tags":[],"class_list":["post-1746","post","type-post","status-publish","format-standard","has-post-thumbnail","hentry","category-sem-categoria"],"yoast_head":"<!-- This site is optimized with the Yoast SEO plugin v23.8 - https:\/\/yoast.com\/wordpress\/plugins\/seo\/ -->\n<title>Prefeitura ampliar\u00e1 estrutura para atendimento e cuidado com animais em Passo Fundo - Secretaria de Meio Ambiente<\/title>\n<meta name=\"robots\" content=\"index, follow, max-snippet:-1, max-image-preview:large, max-video-preview:-1\" \/>\n<link rel=\"canonical\" href=\"https:\/\/www.pmpf.rs.gov.br\/secretaria-de-meio-ambiente\/2025\/05\/29\/prefeitura-ampliara-estrutura-para-atendimento-e-cuidado-com-animais-em-passo-fundo\/\" \/>\n<meta property=\"og:locale\" content=\"pt_BR\" \/>\n<meta property=\"og:type\" content=\"article\" \/>\n<meta property=\"og:title\" content=\"Prefeitura ampliar\u00e1 estrutura para atendimento e cuidado com animais em Passo Fundo - Secretaria de Meio Ambiente\" \/>\n<meta property=\"og:description\" content=\"A Prefeitura de Passo Fundo, por meio da Secretaria de Meio Ambiente, est\u00e1 ampliando significativamente a estrutura dedicada \u00e0 causa animal com a entrega de um novo espa\u00e7o que abrigar\u00e1 o ambulat\u00f3rio [&hellip;]\" \/>\n<meta property=\"og:url\" content=\"https:\/\/www.pmpf.rs.gov.br\/secretaria-de-meio-ambiente\/2025\/05\/29\/prefeitura-ampliara-estrutura-para-atendimento-e-cuidado-com-animais-em-passo-fundo\/\" \/>\n<meta property=\"og:site_name\" content=\"Secretaria de Meio Ambiente\" \/>\n<meta property=\"article:published_time\" content=\"2025-05-29T14:21:23+00:00\" \/>\n<meta property=\"article:modified_time\" content=\"2025-05-29T14:21:25+00:00\" \/>\n<meta name=\"author\" content=\"lilicrivello\" \/>\n<meta name=\"twitter:card\" content=\"summary_large_image\" \/>\n<meta name=\"twitter:label1\" content=\"Escrito por\" \/>\n\t<meta name=\"twitter:data1\" content=\"lilicrivello\" \/>\n\t<meta name=\"twitter:label2\" content=\"Est. tempo de leitura\" \/>\n\t<meta name=\"twitter:data2\" content=\"2 minutos\" \/>\n<script type=\"application\/ld+json\" class=\"yoast-schema-graph\">{\"@context\":\"https:\/\/schema.org\",\"@graph\":[{\"@type\":\"WebPage\",\"@id\":\"https:\/\/www.pmpf.rs.gov.br\/secretaria-de-meio-ambiente\/2025\/05\/29\/prefeitura-ampliara-estrutura-para-atendimento-e-cuidado-com-animais-em-passo-fundo\/\",\"url\":\"https:\/\/www.pmpf.rs.gov.br\/secretaria-de-meio-ambiente\/2025\/05\/29\/prefeitura-ampliara-estrutura-para-atendimento-e-cuidado-com-animais-em-passo-fundo\/\",\"name\":\"Prefeitura ampliar\u00e1 estrutura para atendimento e cuidado com animais em Passo Fundo - Secretaria de Meio Ambiente\",\"isPartOf\":{\"@id\":\"https:\/\/www.pmpf.rs.gov.br\/secretaria-de-meio-ambiente\/#website\"},\"primaryImageOfPage\":{\"@id\":\"https:\/\/www.pmpf.rs.gov.br\/secretaria-de-meio-ambiente\/2025\/05\/29\/prefeitura-ampliara-estrutura-para-atendimento-e-cuidado-com-animais-em-passo-fundo\/#primaryimage\"},\"image\":{\"@id\":\"https:\/\/www.pmpf.rs.gov.br\/secretaria-de-meio-ambiente\/2025\/05\/29\/prefeitura-ampliara-estrutura-para-atendimento-e-cuidado-com-animais-em-passo-fundo\/#primaryimage\"},\"thumbnailUrl\":\"https:\/\/www.pmpf.rs.gov.br\/secretaria-de-meio-ambiente\/wp-content\/uploads\/sites\/48\/2025\/05\/WhatsApp-Image-2025-05-29-at-11.15.45.jpeg\",\"datePublished\":\"2025-05-29T14:21:23+00:00\",\"dateModified\":\"2025-05-29T14:21:25+00:00\",\"author\":{\"@id\":\"https:\/\/www.pmpf.rs.gov.br\/secretaria-de-meio-ambiente\/#\/schema\/person\/6e93b0ab2174b69f691ac4f278ba2d0a\"},\"inLanguage\":\"pt-BR\",\"potentialAction\":[{\"@type\":\"ReadAction\",\"target\":[\"https:\/\/www.pmpf.rs.gov.br\/secretaria-de-meio-ambiente\/2025\/05\/29\/prefeitura-ampliara-estrutura-para-atendimento-e-cuidado-com-animais-em-passo-fundo\/\"]}]},{\"@type\":\"ImageObject\",\"inLanguage\":\"pt-BR\",\"@id\":\"https:\/\/www.pmpf.rs.gov.br\/secretaria-de-meio-ambiente\/2025\/05\/29\/prefeitura-ampliara-estrutura-para-atendimento-e-cuidado-com-animais-em-passo-fundo\/#primaryimage\",\"url\":\"https:\/\/www.pmpf.rs.gov.br\/secretaria-de-meio-ambiente\/wp-content\/uploads\/sites\/48\/2025\/05\/WhatsApp-Image-2025-05-29-at-11.15.45.jpeg\",\"contentUrl\":\"https:\/\/www.pmpf.rs.gov.br\/secretaria-de-meio-ambiente\/wp-content\/uploads\/sites\/48\/2025\/05\/WhatsApp-Image-2025-05-29-at-11.15.45.jpeg\",\"width\":1600,\"height\":1066},{\"@type\":\"WebSite\",\"@id\":\"https:\/\/www.pmpf.rs.gov.br\/secretaria-de-meio-ambiente\/#website\",\"url\":\"https:\/\/www.pmpf.rs.gov.br\/secretaria-de-meio-ambiente\/\",\"name\":\"Secretaria de Meio Ambiente\",\"description\":\"S\u00f3 mais um site Prefeitura de Passo Fundo\",\"potentialAction\":[{\"@type\":\"SearchAction\",\"target\":{\"@type\":\"EntryPoint\",\"urlTemplate\":\"https:\/\/www.pmpf.rs.gov.br\/secretaria-de-meio-ambiente\/?s={search_term_string}\"},\"query-input\":{\"@type\":\"PropertyValueSpecification\",\"valueRequired\":true,\"valueName\":\"search_term_string\"}}],\"inLanguage\":\"pt-BR\"},{\"@type\":\"Person\",\"@id\":\"https:\/\/www.pmpf.rs.gov.br\/secretaria-de-meio-ambiente\/#\/schema\/person\/6e93b0ab2174b69f691ac4f278ba2d0a\",\"name\":\"lilicrivello\",\"image\":{\"@type\":\"ImageObject\",\"inLanguage\":\"pt-BR\",\"@id\":\"https:\/\/www.pmpf.rs.gov.br\/secretaria-de-meio-ambiente\/#\/schema\/person\/image\/\",\"url\":\"https:\/\/secure.gravatar.com\/avatar\/0b546b667388f8edb7b67d70a57b5e46?s=96&d=mm&r=g\",\"contentUrl\":\"https:\/\/secure.gravatar.com\/avatar\/0b546b667388f8edb7b67d70a57b5e46?s=96&d=mm&r=g\",\"caption\":\"lilicrivello\"},\"url\":\"https:\/\/www.pmpf.rs.gov.br\/secretaria-de-meio-ambiente\/author\/lilicrivello\/\"}]}<\/script>\n<!-- \/ Yoast SEO plugin. -->","yoast_head_json":{"title":"Prefeitura ampliar\u00e1 estrutura para atendimento e cuidado com animais em Passo Fundo - Secretaria de Meio Ambiente","robots":{"index":"index","follow":"follow","max-snippet":"max-snippet:-1","max-image-preview":"max-image-preview:large","max-video-preview":"max-video-preview:-1"},"canonical":"https:\/\/www.pmpf.rs.gov.br\/secretaria-de-meio-ambiente\/2025\/05\/29\/prefeitura-ampliara-estrutura-para-atendimento-e-cuidado-com-animais-em-passo-fundo\/","og_locale":"pt_BR","og_type":"article","og_title":"Prefeitura ampliar\u00e1 estrutura para atendimento e cuidado com animais em Passo Fundo - Secretaria de Meio Ambiente","og_description":"A Prefeitura de Passo Fundo, por meio da Secretaria de Meio Ambiente, est\u00e1 ampliando significativamente a estrutura dedicada \u00e0 causa animal com a entrega de um novo espa\u00e7o que abrigar\u00e1 o ambulat\u00f3rio [&hellip;]","og_url":"https:\/\/www.pmpf.rs.gov.br\/secretaria-de-meio-ambiente\/2025\/05\/29\/prefeitura-ampliara-estrutura-para-atendimento-e-cuidado-com-animais-em-passo-fundo\/","og_site_name":"Secretaria de Meio Ambiente","article_published_time":"2025-05-29T14:21:23+00:00","article_modified_time":"2025-05-29T14:21:25+00:00","author":"lilicrivello","twitter_card":"summary_large_image","twitter_misc":{"Escrito por":"lilicrivello","Est. tempo de leitura":"2 minutos"},"schema":{"@context":"https:\/\/schema.org","@graph":[{"@type":"WebPage","@id":"https:\/\/www.pmpf.rs.gov.br\/secretaria-de-meio-ambiente\/2025\/05\/29\/prefeitura-ampliara-estrutura-para-atendimento-e-cuidado-com-animais-em-passo-fundo\/","url":"https:\/\/www.pmpf.rs.gov.br\/secretaria-de-meio-ambiente\/2025\/05\/29\/prefeitura-ampliara-estrutura-para-atendimento-e-cuidado-com-animais-em-passo-fundo\/","name":"Prefeitura ampliar\u00e1 estrutura para atendimento e cuidado com animais em Passo Fundo - Secretaria de Meio Ambiente","isPartOf":{"@id":"https:\/\/www.pmpf.rs.gov.br\/secretaria-de-meio-ambiente\/#website"},"primaryImageOfPage":{"@id":"https:\/\/www.pmpf.rs.gov.br\/secretaria-de-meio-ambiente\/2025\/05\/29\/prefeitura-ampliara-estrutura-para-atendimento-e-cuidado-com-animais-em-passo-fundo\/#primaryimage"},"image":{"@id":"https:\/\/www.pmpf.rs.gov.br\/secretaria-de-meio-ambiente\/2025\/05\/29\/prefeitura-ampliara-estrutura-para-atendimento-e-cuidado-com-animais-em-passo-fundo\/#primaryimage"},"thumbnailUrl":"https:\/\/www.pmpf.rs.gov.br\/secretaria-de-meio-ambiente\/wp-content\/uploads\/sites\/48\/2025\/05\/WhatsApp-Image-2025-05-29-at-11.15.45.jpeg","datePublished":"2025-05-29T14:21:23+00:00","dateModified":"2025-05-29T14:21:25+00:00","author":{"@id":"https:\/\/www.pmpf.rs.gov.br\/secretaria-de-meio-ambiente\/#\/schema\/person\/6e93b0ab2174b69f691ac4f278ba2d0a"},"inLanguage":"pt-BR","potentialAction":[{"@type":"ReadAction","target":["https:\/\/www.pmpf.rs.gov.br\/secretaria-de-meio-ambiente\/2025\/05\/29\/prefeitura-ampliara-estrutura-para-atendimento-e-cuidado-com-animais-em-passo-fundo\/"]}]},{"@type":"ImageObject","inLanguage":"pt-BR","@id":"https:\/\/www.pmpf.rs.gov.br\/secretaria-de-meio-ambiente\/2025\/05\/29\/prefeitura-ampliara-estrutura-para-atendimento-e-cuidado-com-animais-em-passo-fundo\/#primaryimage","url":"https:\/\/www.pmpf.rs.gov.br\/secretaria-de-meio-ambiente\/wp-content\/uploads\/sites\/48\/2025\/05\/WhatsApp-Image-2025-05-29-at-11.15.45.jpeg","contentUrl":"https:\/\/www.pmpf.rs.gov.br\/secretaria-de-meio-ambiente\/wp-content\/uploads\/sites\/48\/2025\/05\/WhatsApp-Image-2025-05-29-at-11.15.45.jpeg","width":1600,"height":1066},{"@type":"WebSite","@id":"https:\/\/www.pmpf.rs.gov.br\/secretaria-de-meio-ambiente\/#website","url":"https:\/\/www.pmpf.rs.gov.br\/secretaria-de-meio-ambiente\/","name":"Secretaria de Meio Ambiente","description":"S\u00f3 mais um site Prefeitura de Passo Fundo","potentialAction":[{"@type":"SearchAction","target":{"@type":"EntryPoint","urlTemplate":"https:\/\/www.pmpf.rs.gov.br\/secretaria-de-meio-ambiente\/?s={search_term_string}"},"query-input":{"@type":"PropertyValueSpecification","valueRequired":true,"valueName":"search_term_string"}}],"inLanguage":"pt-BR"},{"@type":"Person","@id":"https:\/\/www.pmpf.rs.gov.br\/secretaria-de-meio-ambiente\/#\/schema\/person\/6e93b0ab2174b69f691ac4f278ba2d0a","name":"lilicrivello","image":{"@type":"ImageObject","inLanguage":"pt-BR","@id":"https:\/\/www.pmpf.rs.gov.br\/secretaria-de-meio-ambiente\/#\/schema\/person\/image\/","url":"https:\/\/secure.gravatar.com\/avatar\/0b546b667388f8edb7b67d70a57b5e46?s=96&d=mm&r=g","contentUrl":"https:\/\/secure.gravatar.com\/avatar\/0b546b667388f8edb7b67d70a57b5e46?s=96&d=mm&r=g","caption":"lilicrivello"},"url":"https:\/\/www.pmpf.rs.gov.br\/secretaria-de-meio-ambiente\/author\/lilicrivello\/"}]}},"_links":{"self":[{"href":"https:\/\/www.pmpf.rs.gov.br\/secretaria-de-meio-ambiente\/wp-json\/wp\/v2\/posts\/1746"}],"collection":[{"href":"https:\/\/www.pmpf.rs.gov.br\/secretaria-de-meio-ambiente\/wp-json\/wp\/v2\/posts"}],"about":[{"href":"https:\/\/www.pmpf.rs.gov.br\/secretaria-de-meio-ambiente\/wp-json\/wp\/v2\/types\/post"}],"author":[{"embeddable":true,"href":"https:\/\/www.pmpf.rs.gov.br\/secretaria-de-meio-ambiente\/wp-json\/wp\/v2\/users\/24"}],"replies":[{"embeddable":true,"href":"https:\/\/www.pmpf.rs.gov.br\/secretaria-de-meio-ambiente\/wp-json\/wp\/v2\/comments?post=1746"}],"version-history":[{"count":1,"href":"https:\/\/www.pmpf.rs.gov.br\/secretaria-de-meio-ambiente\/wp-json\/wp\/v2\/posts\/1746\/revisions"}],"predecessor-version":[{"id":1748,"href":"https:\/\/www.pmpf.rs.gov.br\/secretaria-de-meio-ambiente\/wp-json\/wp\/v2\/posts\/1746\/revisions\/1748"}],"wp:featuredmedia":[{"embeddable":true,"href":"https:\/\/www.pmpf.rs.gov.br\/secretaria-de-meio-ambiente\/wp-json\/wp\/v2\/media\/1747"}],"wp:attachment":[{"href":"https:\/\/www.pmpf.rs.gov.br\/secretaria-de-meio-ambiente\/wp-json\/wp\/v2\/media?parent=1746"}],"wp:term":[{"taxonomy":"category","embeddable":true,"href":"https:\/\/www.pmpf.rs.gov.br\/secretaria-de-meio-ambiente\/wp-json\/wp\/v2\/categories?post=1746"},{"taxonomy":"post_tag","embeddable":true,"href":"https:\/\/www.pmpf.rs.gov.br\/secretaria-de-meio-ambiente\/wp-json\/wp\/v2\/tags?post=1746"}],"curies":[{"name":"wp","href":"https:\/\/api.w.org\/{rel}","templated":true}]}}