{"id":1677,"date":"2024-06-20T09:45:53","date_gmt":"2024-06-20T12:45:53","guid":{"rendered":"https:\/\/www.pmpf.rs.gov.br\/secretaria-de-meio-ambiente\/?p=1677"},"modified":"2024-06-20T09:45:57","modified_gmt":"2024-06-20T12:45:57","slug":"comissao-municipal-de-mudancas-climaticas-reuniao-reforca-a-importancia-de-acoes-conjuntas-entre-o-poder-publico-e-a-sociedade","status":"publish","type":"post","link":"https:\/\/www.pmpf.rs.gov.br\/secretaria-de-meio-ambiente\/2024\/06\/20\/comissao-municipal-de-mudancas-climaticas-reuniao-reforca-a-importancia-de-acoes-conjuntas-entre-o-poder-publico-e-a-sociedade\/","title":{"rendered":"Comiss\u00e3o Municipal de Mudan\u00e7as Clim\u00e1ticas: reuni\u00e3o refor\u00e7a a import\u00e2ncia de a\u00e7\u00f5es conjuntas entre o poder p\u00fablico e a sociedade"},"content":{"rendered":"\n<p><\/p>\n\n\n\n<p>A Comiss\u00e3o Municipal de Mudan\u00e7as Clim\u00e1ticas de Passo Fundo realizou, nesta quarta-feira (19), mais uma reuni\u00e3o com foco no enfrentamento dos desafios clim\u00e1ticos e nas solu\u00e7\u00f5es sustent\u00e1veis para o futuro. No Sebrae, com a presen\u00e7a do prefeito Pedro Almeida, o grupo, composto pelo poder p\u00fablico, entidades e institui\u00e7\u00f5es de ensino, refor\u00e7ou a import\u00e2ncia da colabora\u00e7\u00e3o e di\u00e1logo cont\u00ednuo entre todos os setores da sociedade.<\/p>\n\n\n\n<p>\u201cO nosso munic\u00edpio n\u00e3o foi t\u00e3o prejudicado neste momento cr\u00edtico do estado, e isto nos d\u00e1 ainda mais uma responsabilidade: ser uma cidade que possa demonstrar coer\u00eancia nas suas a\u00e7\u00f5es de futuro. Que tenhamos de forma clara, at\u00e9 dezembro deste ano, o que precisamos acelerar. Fica este compromisso\u201d, disse o prefeito.<\/p>\n\n\n\n<p>A Comiss\u00e3o Municipal de Mudan\u00e7as Clim\u00e1ticas foi criada no ano passado, a partir de um cadastro feito pela Prefeitura junto ao Governo do Estado tendo em vista o decreto estadual n\u00ba 56.939\/2023, que instituiu o Sistema de Monitoramento de Conv\u00eanios Administrativos dos munic\u00edpios que fazem parte do programa ProClima2050. O programa do Rio Grande do Sul \u00e9 um passo significativo para a implementa\u00e7\u00e3o de a\u00e7\u00f5es clim\u00e1ticas coordenadas, efetivas e compartilhadas entre o governo estadual e as cidades ga\u00fachas, ratificando o Acordo de Paris, voltado \u00e0 redu\u00e7\u00e3o dos gases de efeito estufa.<\/p>\n\n\n\n<p>Conforme o ge\u00f3grafo Glauco Polita, servidor da Secretaria de Meio Ambiente, \u201ca tarefa do Munic\u00edpio \u00e9 mapear os atores e a\u00e7\u00f5es desenvolvidas, bem como estabelecer iniciativas priorit\u00e1rias e a proje\u00e7\u00e3o de cen\u00e1rios, refletindo sobre como Passo Fundo quer chegar em 2050\u201d.<br>Entre as pautas j\u00e1 tratadas pela Comiss\u00e3o, est\u00e3o: a identifica\u00e7\u00e3o da realidade local; o acompanhamento e participa\u00e7\u00e3o na elabora\u00e7\u00e3o do Plano Municipal de Conting\u00eancia; e as discuss\u00f5es referentes aos planos municipais de Res\u00edduos S\u00f3lidos, Desenvolvimento Integrado, Saneamento, Mata Atl\u00e2ntica, Mobilidade Urbana e Macro e Micro Drenagem.<\/p>\n\n\n\n<p>Professor da Universidade de Passo Fundo, o arquiteto e urbanista Marcos Frandaloso ponderou que, durante as reuni\u00f5es, j\u00e1 foi poss\u00edvel visualizar uma s\u00e9rie de a\u00e7\u00f5es a serem executadas. \u201cPrecisamos trabalhar isso de forma a estabelecer um plano de a\u00e7\u00f5es de maneira concentrada\u201d, considerou.<br>Para o secret\u00e1rio executivo de Planejamento da Agenda 21, Ademar Marques, Passo Fundo j\u00e1 est\u00e1 \u00e0 frente de outros munic\u00edpios. \u201cN\u00e3o partimos do zero. Essa \u00e9 a diferen\u00e7a. Temos uma vantagem porque j\u00e1 existe uma sinergia na cidade\u201d, mencionando documentos como o Plano de Gest\u00e3o Integrada de Res\u00edduos S\u00f3lidos.<\/p>\n\n\n\n<p>O prefeito sublinhou, ainda, a import\u00e2ncia de a comunidade compreender o trabalho desenvolvido pela Comiss\u00e3o. &#8220;Desde que a Comiss\u00e3o foi formada, s\u00e3o realizadas reuni\u00f5es regulares todos os meses. Neste encontro, tivemos uma presta\u00e7\u00e3o de contas do trabalho realizado pela Comiss\u00e3o durante o per\u00edodo e novas provoca\u00e7\u00f5es para que ampliemos as a\u00e7\u00f5es feitas por Passo Fundo&#8221; explicou.<\/p>\n","protected":false},"excerpt":{"rendered":"<p>Trabalho da Comiss\u00e3o tem no enfrentamento dos desafios clim\u00e1ticos e nas solu\u00e7\u00f5es sustent\u00e1veis para o futuro<\/p>\n","protected":false},"author":6,"featured_media":1678,"comment_status":"closed","ping_status":"closed","sticky":false,"template":"","format":"standard","meta":{"footnotes":""},"categories":[1],"tags":[],"class_list":["post-1677","post","type-post","status-publish","format-standard","has-post-thumbnail","hentry","category-sem-categoria"],"yoast_head":"<!-- This site is optimized with the Yoast SEO plugin v23.8 - https:\/\/yoast.com\/wordpress\/plugins\/seo\/ -->\n<title>Comiss\u00e3o Municipal de Mudan\u00e7as Clim\u00e1ticas: reuni\u00e3o refor\u00e7a a import\u00e2ncia de a\u00e7\u00f5es conjuntas entre o poder p\u00fablico e a sociedade - Secretaria de Meio Ambiente<\/title>\n<meta name=\"robots\" content=\"index, follow, max-snippet:-1, max-image-preview:large, max-video-preview:-1\" \/>\n<link rel=\"canonical\" href=\"https:\/\/www.pmpf.rs.gov.br\/secretaria-de-meio-ambiente\/2024\/06\/20\/comissao-municipal-de-mudancas-climaticas-reuniao-reforca-a-importancia-de-acoes-conjuntas-entre-o-poder-publico-e-a-sociedade\/\" \/>\n<meta property=\"og:locale\" content=\"pt_BR\" \/>\n<meta property=\"og:type\" content=\"article\" \/>\n<meta property=\"og:title\" content=\"Comiss\u00e3o Municipal de Mudan\u00e7as Clim\u00e1ticas: reuni\u00e3o refor\u00e7a a import\u00e2ncia de a\u00e7\u00f5es conjuntas entre o poder p\u00fablico e a sociedade - Secretaria de Meio Ambiente\" \/>\n<meta property=\"og:description\" content=\"Trabalho da Comiss\u00e3o tem no enfrentamento dos desafios clim\u00e1ticos e nas solu\u00e7\u00f5es sustent\u00e1veis para o futuro\" \/>\n<meta property=\"og:url\" content=\"https:\/\/www.pmpf.rs.gov.br\/secretaria-de-meio-ambiente\/2024\/06\/20\/comissao-municipal-de-mudancas-climaticas-reuniao-reforca-a-importancia-de-acoes-conjuntas-entre-o-poder-publico-e-a-sociedade\/\" \/>\n<meta property=\"og:site_name\" content=\"Secretaria de Meio Ambiente\" \/>\n<meta property=\"article:published_time\" content=\"2024-06-20T12:45:53+00:00\" \/>\n<meta property=\"article:modified_time\" content=\"2024-06-20T12:45:57+00:00\" \/>\n<meta name=\"author\" content=\"andressazorzetto07\" \/>\n<meta name=\"twitter:card\" content=\"summary_large_image\" \/>\n<meta name=\"twitter:label1\" content=\"Escrito por\" \/>\n\t<meta name=\"twitter:data1\" content=\"andressazorzetto07\" \/>\n\t<meta name=\"twitter:label2\" content=\"Est. tempo de leitura\" \/>\n\t<meta name=\"twitter:data2\" content=\"3 minutos\" \/>\n<script type=\"application\/ld+json\" class=\"yoast-schema-graph\">{\"@context\":\"https:\/\/schema.org\",\"@graph\":[{\"@type\":\"WebPage\",\"@id\":\"https:\/\/www.pmpf.rs.gov.br\/secretaria-de-meio-ambiente\/2024\/06\/20\/comissao-municipal-de-mudancas-climaticas-reuniao-reforca-a-importancia-de-acoes-conjuntas-entre-o-poder-publico-e-a-sociedade\/\",\"url\":\"https:\/\/www.pmpf.rs.gov.br\/secretaria-de-meio-ambiente\/2024\/06\/20\/comissao-municipal-de-mudancas-climaticas-reuniao-reforca-a-importancia-de-acoes-conjuntas-entre-o-poder-publico-e-a-sociedade\/\",\"name\":\"Comiss\u00e3o Municipal de Mudan\u00e7as Clim\u00e1ticas: reuni\u00e3o refor\u00e7a a import\u00e2ncia de a\u00e7\u00f5es conjuntas entre o poder p\u00fablico e a sociedade - Secretaria de Meio Ambiente\",\"isPartOf\":{\"@id\":\"https:\/\/www.pmpf.rs.gov.br\/secretaria-de-meio-ambiente\/#website\"},\"primaryImageOfPage\":{\"@id\":\"https:\/\/www.pmpf.rs.gov.br\/secretaria-de-meio-ambiente\/2024\/06\/20\/comissao-municipal-de-mudancas-climaticas-reuniao-reforca-a-importancia-de-acoes-conjuntas-entre-o-poder-publico-e-a-sociedade\/#primaryimage\"},\"image\":{\"@id\":\"https:\/\/www.pmpf.rs.gov.br\/secretaria-de-meio-ambiente\/2024\/06\/20\/comissao-municipal-de-mudancas-climaticas-reuniao-reforca-a-importancia-de-acoes-conjuntas-entre-o-poder-publico-e-a-sociedade\/#primaryimage\"},\"thumbnailUrl\":\"https:\/\/www.pmpf.rs.gov.br\/secretaria-de-meio-ambiente\/wp-content\/uploads\/sites\/48\/2024\/06\/JHP03243-scaled.jpg\",\"datePublished\":\"2024-06-20T12:45:53+00:00\",\"dateModified\":\"2024-06-20T12:45:57+00:00\",\"author\":{\"@id\":\"https:\/\/www.pmpf.rs.gov.br\/secretaria-de-meio-ambiente\/#\/schema\/person\/30ee1d1bd74da1469b01fcf086e43351\"},\"inLanguage\":\"pt-BR\",\"potentialAction\":[{\"@type\":\"ReadAction\",\"target\":[\"https:\/\/www.pmpf.rs.gov.br\/secretaria-de-meio-ambiente\/2024\/06\/20\/comissao-municipal-de-mudancas-climaticas-reuniao-reforca-a-importancia-de-acoes-conjuntas-entre-o-poder-publico-e-a-sociedade\/\"]}]},{\"@type\":\"ImageObject\",\"inLanguage\":\"pt-BR\",\"@id\":\"https:\/\/www.pmpf.rs.gov.br\/secretaria-de-meio-ambiente\/2024\/06\/20\/comissao-municipal-de-mudancas-climaticas-reuniao-reforca-a-importancia-de-acoes-conjuntas-entre-o-poder-publico-e-a-sociedade\/#primaryimage\",\"url\":\"https:\/\/www.pmpf.rs.gov.br\/secretaria-de-meio-ambiente\/wp-content\/uploads\/sites\/48\/2024\/06\/JHP03243-scaled.jpg\",\"contentUrl\":\"https:\/\/www.pmpf.rs.gov.br\/secretaria-de-meio-ambiente\/wp-content\/uploads\/sites\/48\/2024\/06\/JHP03243-scaled.jpg\",\"width\":2560,\"height\":1707},{\"@type\":\"WebSite\",\"@id\":\"https:\/\/www.pmpf.rs.gov.br\/secretaria-de-meio-ambiente\/#website\",\"url\":\"https:\/\/www.pmpf.rs.gov.br\/secretaria-de-meio-ambiente\/\",\"name\":\"Secretaria de Meio Ambiente\",\"description\":\"S\u00f3 mais um site Prefeitura de Passo Fundo\",\"potentialAction\":[{\"@type\":\"SearchAction\",\"target\":{\"@type\":\"EntryPoint\",\"urlTemplate\":\"https:\/\/www.pmpf.rs.gov.br\/secretaria-de-meio-ambiente\/?s={search_term_string}\"},\"query-input\":{\"@type\":\"PropertyValueSpecification\",\"valueRequired\":true,\"valueName\":\"search_term_string\"}}],\"inLanguage\":\"pt-BR\"},{\"@type\":\"Person\",\"@id\":\"https:\/\/www.pmpf.rs.gov.br\/secretaria-de-meio-ambiente\/#\/schema\/person\/30ee1d1bd74da1469b01fcf086e43351\",\"name\":\"andressazorzetto07\",\"image\":{\"@type\":\"ImageObject\",\"inLanguage\":\"pt-BR\",\"@id\":\"https:\/\/www.pmpf.rs.gov.br\/secretaria-de-meio-ambiente\/#\/schema\/person\/image\/\",\"url\":\"https:\/\/secure.gravatar.com\/avatar\/14c5458ed79dc81da99a13b9ff5f9f19?s=96&d=mm&r=g\",\"contentUrl\":\"https:\/\/secure.gravatar.com\/avatar\/14c5458ed79dc81da99a13b9ff5f9f19?s=96&d=mm&r=g\",\"caption\":\"andressazorzetto07\"},\"url\":\"https:\/\/www.pmpf.rs.gov.br\/secretaria-de-meio-ambiente\/author\/andressazorzetto07\/\"}]}<\/script>\n<!-- \/ Yoast SEO plugin. -->","yoast_head_json":{"title":"Comiss\u00e3o Municipal de Mudan\u00e7as Clim\u00e1ticas: reuni\u00e3o refor\u00e7a a import\u00e2ncia de a\u00e7\u00f5es conjuntas entre o poder p\u00fablico e a sociedade - Secretaria de Meio Ambiente","robots":{"index":"index","follow":"follow","max-snippet":"max-snippet:-1","max-image-preview":"max-image-preview:large","max-video-preview":"max-video-preview:-1"},"canonical":"https:\/\/www.pmpf.rs.gov.br\/secretaria-de-meio-ambiente\/2024\/06\/20\/comissao-municipal-de-mudancas-climaticas-reuniao-reforca-a-importancia-de-acoes-conjuntas-entre-o-poder-publico-e-a-sociedade\/","og_locale":"pt_BR","og_type":"article","og_title":"Comiss\u00e3o Municipal de Mudan\u00e7as Clim\u00e1ticas: reuni\u00e3o refor\u00e7a a import\u00e2ncia de a\u00e7\u00f5es conjuntas entre o poder p\u00fablico e a sociedade - Secretaria de Meio Ambiente","og_description":"Trabalho da Comiss\u00e3o tem no enfrentamento dos desafios clim\u00e1ticos e nas solu\u00e7\u00f5es sustent\u00e1veis para o futuro","og_url":"https:\/\/www.pmpf.rs.gov.br\/secretaria-de-meio-ambiente\/2024\/06\/20\/comissao-municipal-de-mudancas-climaticas-reuniao-reforca-a-importancia-de-acoes-conjuntas-entre-o-poder-publico-e-a-sociedade\/","og_site_name":"Secretaria de Meio Ambiente","article_published_time":"2024-06-20T12:45:53+00:00","article_modified_time":"2024-06-20T12:45:57+00:00","author":"andressazorzetto07","twitter_card":"summary_large_image","twitter_misc":{"Escrito por":"andressazorzetto07","Est. tempo de leitura":"3 minutos"},"schema":{"@context":"https:\/\/schema.org","@graph":[{"@type":"WebPage","@id":"https:\/\/www.pmpf.rs.gov.br\/secretaria-de-meio-ambiente\/2024\/06\/20\/comissao-municipal-de-mudancas-climaticas-reuniao-reforca-a-importancia-de-acoes-conjuntas-entre-o-poder-publico-e-a-sociedade\/","url":"https:\/\/www.pmpf.rs.gov.br\/secretaria-de-meio-ambiente\/2024\/06\/20\/comissao-municipal-de-mudancas-climaticas-reuniao-reforca-a-importancia-de-acoes-conjuntas-entre-o-poder-publico-e-a-sociedade\/","name":"Comiss\u00e3o Municipal de Mudan\u00e7as Clim\u00e1ticas: reuni\u00e3o refor\u00e7a a import\u00e2ncia de a\u00e7\u00f5es conjuntas entre o poder p\u00fablico e a sociedade - Secretaria de Meio Ambiente","isPartOf":{"@id":"https:\/\/www.pmpf.rs.gov.br\/secretaria-de-meio-ambiente\/#website"},"primaryImageOfPage":{"@id":"https:\/\/www.pmpf.rs.gov.br\/secretaria-de-meio-ambiente\/2024\/06\/20\/comissao-municipal-de-mudancas-climaticas-reuniao-reforca-a-importancia-de-acoes-conjuntas-entre-o-poder-publico-e-a-sociedade\/#primaryimage"},"image":{"@id":"https:\/\/www.pmpf.rs.gov.br\/secretaria-de-meio-ambiente\/2024\/06\/20\/comissao-municipal-de-mudancas-climaticas-reuniao-reforca-a-importancia-de-acoes-conjuntas-entre-o-poder-publico-e-a-sociedade\/#primaryimage"},"thumbnailUrl":"https:\/\/www.pmpf.rs.gov.br\/secretaria-de-meio-ambiente\/wp-content\/uploads\/sites\/48\/2024\/06\/JHP03243-scaled.jpg","datePublished":"2024-06-20T12:45:53+00:00","dateModified":"2024-06-20T12:45:57+00:00","author":{"@id":"https:\/\/www.pmpf.rs.gov.br\/secretaria-de-meio-ambiente\/#\/schema\/person\/30ee1d1bd74da1469b01fcf086e43351"},"inLanguage":"pt-BR","potentialAction":[{"@type":"ReadAction","target":["https:\/\/www.pmpf.rs.gov.br\/secretaria-de-meio-ambiente\/2024\/06\/20\/comissao-municipal-de-mudancas-climaticas-reuniao-reforca-a-importancia-de-acoes-conjuntas-entre-o-poder-publico-e-a-sociedade\/"]}]},{"@type":"ImageObject","inLanguage":"pt-BR","@id":"https:\/\/www.pmpf.rs.gov.br\/secretaria-de-meio-ambiente\/2024\/06\/20\/comissao-municipal-de-mudancas-climaticas-reuniao-reforca-a-importancia-de-acoes-conjuntas-entre-o-poder-publico-e-a-sociedade\/#primaryimage","url":"https:\/\/www.pmpf.rs.gov.br\/secretaria-de-meio-ambiente\/wp-content\/uploads\/sites\/48\/2024\/06\/JHP03243-scaled.jpg","contentUrl":"https:\/\/www.pmpf.rs.gov.br\/secretaria-de-meio-ambiente\/wp-content\/uploads\/sites\/48\/2024\/06\/JHP03243-scaled.jpg","width":2560,"height":1707},{"@type":"WebSite","@id":"https:\/\/www.pmpf.rs.gov.br\/secretaria-de-meio-ambiente\/#website","url":"https:\/\/www.pmpf.rs.gov.br\/secretaria-de-meio-ambiente\/","name":"Secretaria de Meio Ambiente","description":"S\u00f3 mais um site Prefeitura de Passo Fundo","potentialAction":[{"@type":"SearchAction","target":{"@type":"EntryPoint","urlTemplate":"https:\/\/www.pmpf.rs.gov.br\/secretaria-de-meio-ambiente\/?s={search_term_string}"},"query-input":{"@type":"PropertyValueSpecification","valueRequired":true,"valueName":"search_term_string"}}],"inLanguage":"pt-BR"},{"@type":"Person","@id":"https:\/\/www.pmpf.rs.gov.br\/secretaria-de-meio-ambiente\/#\/schema\/person\/30ee1d1bd74da1469b01fcf086e43351","name":"andressazorzetto07","image":{"@type":"ImageObject","inLanguage":"pt-BR","@id":"https:\/\/www.pmpf.rs.gov.br\/secretaria-de-meio-ambiente\/#\/schema\/person\/image\/","url":"https:\/\/secure.gravatar.com\/avatar\/14c5458ed79dc81da99a13b9ff5f9f19?s=96&d=mm&r=g","contentUrl":"https:\/\/secure.gravatar.com\/avatar\/14c5458ed79dc81da99a13b9ff5f9f19?s=96&d=mm&r=g","caption":"andressazorzetto07"},"url":"https:\/\/www.pmpf.rs.gov.br\/secretaria-de-meio-ambiente\/author\/andressazorzetto07\/"}]}},"_links":{"self":[{"href":"https:\/\/www.pmpf.rs.gov.br\/secretaria-de-meio-ambiente\/wp-json\/wp\/v2\/posts\/1677"}],"collection":[{"href":"https:\/\/www.pmpf.rs.gov.br\/secretaria-de-meio-ambiente\/wp-json\/wp\/v2\/posts"}],"about":[{"href":"https:\/\/www.pmpf.rs.gov.br\/secretaria-de-meio-ambiente\/wp-json\/wp\/v2\/types\/post"}],"author":[{"embeddable":true,"href":"https:\/\/www.pmpf.rs.gov.br\/secretaria-de-meio-ambiente\/wp-json\/wp\/v2\/users\/6"}],"replies":[{"embeddable":true,"href":"https:\/\/www.pmpf.rs.gov.br\/secretaria-de-meio-ambiente\/wp-json\/wp\/v2\/comments?post=1677"}],"version-history":[{"count":1,"href":"https:\/\/www.pmpf.rs.gov.br\/secretaria-de-meio-ambiente\/wp-json\/wp\/v2\/posts\/1677\/revisions"}],"predecessor-version":[{"id":1679,"href":"https:\/\/www.pmpf.rs.gov.br\/secretaria-de-meio-ambiente\/wp-json\/wp\/v2\/posts\/1677\/revisions\/1679"}],"wp:featuredmedia":[{"embeddable":true,"href":"https:\/\/www.pmpf.rs.gov.br\/secretaria-de-meio-ambiente\/wp-json\/wp\/v2\/media\/1678"}],"wp:attachment":[{"href":"https:\/\/www.pmpf.rs.gov.br\/secretaria-de-meio-ambiente\/wp-json\/wp\/v2\/media?parent=1677"}],"wp:term":[{"taxonomy":"category","embeddable":true,"href":"https:\/\/www.pmpf.rs.gov.br\/secretaria-de-meio-ambiente\/wp-json\/wp\/v2\/categories?post=1677"},{"taxonomy":"post_tag","embeddable":true,"href":"https:\/\/www.pmpf.rs.gov.br\/secretaria-de-meio-ambiente\/wp-json\/wp\/v2\/tags?post=1677"}],"curies":[{"name":"wp","href":"https:\/\/api.w.org\/{rel}","templated":true}]}}