{"id":1668,"date":"2024-05-16T09:48:33","date_gmt":"2024-05-16T12:48:33","guid":{"rendered":"https:\/\/www.pmpf.rs.gov.br\/secretaria-de-meio-ambiente\/?p=1668"},"modified":"2024-05-16T09:48:37","modified_gmt":"2024-05-16T12:48:37","slug":"acoes-do-municipio-incentivam-trabalhadores-das-cooperativas-de-reciclagem","status":"publish","type":"post","link":"https:\/\/www.pmpf.rs.gov.br\/secretaria-de-meio-ambiente\/2024\/05\/16\/acoes-do-municipio-incentivam-trabalhadores-das-cooperativas-de-reciclagem\/","title":{"rendered":"A\u00e7\u00f5es do Munic\u00edpio incentivam trabalhadores das cooperativas de reciclagem"},"content":{"rendered":"\n<p>A Prefeitura vem desenvolvendo, nos \u00faltimos anos, uma s\u00e9rie de a\u00e7\u00f5es pensando na valoriza\u00e7\u00e3o dos trabalhadores da reciclagem em Passo Fundo. Desde 2017, o Munic\u00edpio possui contrato com as cooperativas Recibela, Coama e Cootraempo, que somam cerca de 100 trabalhadores. Al\u00e9m de impactar na quantidade de res\u00edduos reciclados, o contrato possibilitou melhores condi\u00e7\u00f5es de trabalho e aumento da renda dos recicladores.<\/p>\n\n\n\n<p>O investimento constante na valoriza\u00e7\u00e3o dos trabalhadores inclui a aquisi\u00e7\u00e3o de equipamentos para melhoria do trabalho, como empilhadeiras, prensas hidr\u00e1ulicas e, ainda, melhorias nas estruturas f\u00edsicas das cooperativas. A partir de 2023, o Munic\u00edpio come\u00e7ou a fazer tamb\u00e9m a entrega mensal de sacolas econ\u00f4micas aos cooperados.<\/p>\n\n\n\n<p>O prefeito Pedro Almeida visitou, nesta quarta-feira (15), um equipamento p\u00fablico que est\u00e1 em constru\u00e7\u00e3o na Vila Popular e ter\u00e1 como finalidade o acolhimento de crian\u00e7as e adolescentes vinculados ao Projeto TransformA\u00e7\u00e3o, que presta assessoria \u00e0s tr\u00eas cooperativas de recicladores de Passo Fundo. A obra \u00e9 resultado de doa\u00e7\u00e3o para o Munic\u00edpio por parte de um casal de empres\u00e1rios e teve seu projeto desenvolvido pela L\u00e2ngaro Arquitetura.<\/p>\n\n\n\n<p>\u201cO trabalho dos recicladores \u00e9 fundamental para a cidade e precisa ser valorizado. A Prefeitura segue avan\u00e7ando em pol\u00edticas p\u00fablicas para melhorar as condi\u00e7\u00f5es das atividades e dar suporte aos trabalhadores. Esta obra que visitamos hoje \u00e9 resultado de um investimento privado, de dois empres\u00e1rios que compreendem a realidade desta comunidade e tamb\u00e9m a relev\u00e2ncia do papel social dos nossos recicladores\u201d, afirmou o prefeito Pedro. Os empres\u00e1rios doaram para o Munic\u00edpio o terreno e tamb\u00e9m a edifica\u00e7\u00e3o, que beneficiar\u00e1 dezenas de fam\u00edlias.<\/p>\n\n\n\n<p>Conforme a Irm\u00e3 Jaqueline Zilli, vice-presidente do Projeto TransformA\u00e7\u00e3o, o novo pavilh\u00e3o ir\u00e1 potencializar as a\u00e7\u00f5es do Programa Crian\u00e7a e Adolescente \u201cTransformando a vida com Arte\u201d. Este programa atende um p\u00fablico de crian\u00e7as e adolescentes na faixa et\u00e1ria dos seis aos 15 anos, com atividades art\u00edsticas, culturais e educativas. O programa beneficia cerca de 45 crian\u00e7as e adolescentes da Vila Popular, a maioria filhos e\/ou netos de trabalhadores da reciclagem. As a\u00e7\u00f5es do programa incluem oficinas de socializa\u00e7\u00e3o e projeto de vida, inclus\u00e3o digital, musicaliza\u00e7\u00e3o, culin\u00e1ria, leitura, esportes e outras atividades l\u00fadicas. \u201cS\u00e3o desenvolvidas, ainda, a\u00e7\u00f5es de integra\u00e7\u00e3o dos usu\u00e1rios com a comunidade. O prop\u00f3sito deste programa \u00e9 oferecer um espa\u00e7o de socializa\u00e7\u00e3o e fortalecimento de v\u00ednculos com \u00eanfase na humaniza\u00e7\u00e3o, na oferta de a\u00e7\u00f5es, atividades e ferramentas que possam transformar a vida de seus usu\u00e1rios pela supera\u00e7\u00e3o da viol\u00eancia e inclus\u00e3o social. Atrav\u00e9s deste programa, o Projeto TransformA\u00e7\u00e3o realiza atividades que envolvem tamb\u00e9m as fam\u00edlias, especialmente as mulheres, que na sua maioria respondem pela organiza\u00e7\u00e3o familiar.<\/p>\n\n\n\n<p>O novo pavilh\u00e3o contar\u00e1 com salas de atividades m\u00faltiplas, englobando sala de m\u00fasica, sala de inform\u00e1tica e salas multiuso que podem ser integradas com o espa\u00e7o da biblioteca, em um edif\u00edcio t\u00e9rreo de 540 m\u00b2. O conjunto conta tamb\u00e9m com horta e espa\u00e7os de educa\u00e7\u00e3o e lazer no p\u00e1tio interno da edifica\u00e7\u00e3o. Ainda, o projeto foi concebido visando baixa necessidade de manuten\u00e7\u00e3o e a autossufici\u00eancia do edif\u00edcio e, para isso, ter\u00e1 um conjunto de placas fotovoltaicas e cisterna de 30 mil litros.<\/p>\n\n\n\n<p><strong>Dados da reciclagem em Passo Fundo<\/strong><\/p>\n\n\n\n<p>Com o trabalho das cooperativas, somente em 2023 j\u00e1 foram reaproveitadas cerca de duas mil toneladas de res\u00edduos recicl\u00e1veis que, desta forma, n\u00e3o precisaram ser encaminhados para o aterro sanit\u00e1rio, em Victor Graeff. Este n\u00famero \u00e9 muito maior se somado \u00e0 quantidade de materiais recolhidos pelos demais recicladores que n\u00e3o pertencem \u00e0s entidades.<\/p>\n\n\n\n<p>O trabalho dos recicladores e o contrato da Prefeitura com cooperativas possibilitaram que Passo Fundo atingisse a marca de 6% dos res\u00edduos s\u00f3lidos produzidos pela popula\u00e7\u00e3o reciclados. O \u00edndice apontado pela Secretaria Municipal de Meio Ambiente \u00e9 superior ao do pa\u00eds, que, de acordo com o Sistema Nacional de Informa\u00e7\u00f5es sobre Saneamento (SNIS), corresponde a 4%.<\/p>\n","protected":false},"excerpt":{"rendered":"<p>Prefeito Pedro visitou nesta quarta-feira a obra do novo pavilh\u00e3o do projeto TransformA\u00e7\u00e3o, que ir\u00e1 beneficiar fam\u00edlias dos recicladores com atividades educativas e culturais<\/p>\n","protected":false},"author":24,"featured_media":1669,"comment_status":"closed","ping_status":"closed","sticky":false,"template":"","format":"standard","meta":{"footnotes":""},"categories":[1],"tags":[],"class_list":["post-1668","post","type-post","status-publish","format-standard","has-post-thumbnail","hentry","category-sem-categoria"],"yoast_head":"<!-- This site is optimized with the Yoast SEO plugin v23.8 - https:\/\/yoast.com\/wordpress\/plugins\/seo\/ -->\n<title>A\u00e7\u00f5es do Munic\u00edpio incentivam trabalhadores das cooperativas de reciclagem - Secretaria de Meio Ambiente<\/title>\n<meta name=\"robots\" content=\"index, follow, max-snippet:-1, max-image-preview:large, max-video-preview:-1\" \/>\n<link rel=\"canonical\" href=\"https:\/\/www.pmpf.rs.gov.br\/secretaria-de-meio-ambiente\/2024\/05\/16\/acoes-do-municipio-incentivam-trabalhadores-das-cooperativas-de-reciclagem\/\" \/>\n<meta property=\"og:locale\" content=\"pt_BR\" \/>\n<meta property=\"og:type\" content=\"article\" \/>\n<meta property=\"og:title\" content=\"A\u00e7\u00f5es do Munic\u00edpio incentivam trabalhadores das cooperativas de reciclagem - Secretaria de Meio Ambiente\" \/>\n<meta property=\"og:description\" content=\"Prefeito Pedro visitou nesta quarta-feira a obra do novo pavilh\u00e3o do projeto TransformA\u00e7\u00e3o, que ir\u00e1 beneficiar fam\u00edlias dos recicladores com atividades educativas e culturais\" \/>\n<meta property=\"og:url\" content=\"https:\/\/www.pmpf.rs.gov.br\/secretaria-de-meio-ambiente\/2024\/05\/16\/acoes-do-municipio-incentivam-trabalhadores-das-cooperativas-de-reciclagem\/\" \/>\n<meta property=\"og:site_name\" content=\"Secretaria de Meio Ambiente\" \/>\n<meta property=\"article:published_time\" content=\"2024-05-16T12:48:33+00:00\" \/>\n<meta property=\"article:modified_time\" content=\"2024-05-16T12:48:37+00:00\" \/>\n<meta name=\"author\" content=\"lilicrivello\" \/>\n<meta name=\"twitter:card\" content=\"summary_large_image\" \/>\n<meta name=\"twitter:label1\" content=\"Escrito por\" \/>\n\t<meta name=\"twitter:data1\" content=\"lilicrivello\" \/>\n\t<meta name=\"twitter:label2\" content=\"Est. tempo de leitura\" \/>\n\t<meta name=\"twitter:data2\" content=\"3 minutos\" \/>\n<script type=\"application\/ld+json\" class=\"yoast-schema-graph\">{\"@context\":\"https:\/\/schema.org\",\"@graph\":[{\"@type\":\"WebPage\",\"@id\":\"https:\/\/www.pmpf.rs.gov.br\/secretaria-de-meio-ambiente\/2024\/05\/16\/acoes-do-municipio-incentivam-trabalhadores-das-cooperativas-de-reciclagem\/\",\"url\":\"https:\/\/www.pmpf.rs.gov.br\/secretaria-de-meio-ambiente\/2024\/05\/16\/acoes-do-municipio-incentivam-trabalhadores-das-cooperativas-de-reciclagem\/\",\"name\":\"A\u00e7\u00f5es do Munic\u00edpio incentivam trabalhadores das cooperativas de reciclagem - Secretaria de Meio Ambiente\",\"isPartOf\":{\"@id\":\"https:\/\/www.pmpf.rs.gov.br\/secretaria-de-meio-ambiente\/#website\"},\"primaryImageOfPage\":{\"@id\":\"https:\/\/www.pmpf.rs.gov.br\/secretaria-de-meio-ambiente\/2024\/05\/16\/acoes-do-municipio-incentivam-trabalhadores-das-cooperativas-de-reciclagem\/#primaryimage\"},\"image\":{\"@id\":\"https:\/\/www.pmpf.rs.gov.br\/secretaria-de-meio-ambiente\/2024\/05\/16\/acoes-do-municipio-incentivam-trabalhadores-das-cooperativas-de-reciclagem\/#primaryimage\"},\"thumbnailUrl\":\"https:\/\/www.pmpf.rs.gov.br\/secretaria-de-meio-ambiente\/wp-content\/uploads\/sites\/48\/2024\/05\/WhatsApp-Image-2024-05-16-at-07.25.15.jpeg\",\"datePublished\":\"2024-05-16T12:48:33+00:00\",\"dateModified\":\"2024-05-16T12:48:37+00:00\",\"author\":{\"@id\":\"https:\/\/www.pmpf.rs.gov.br\/secretaria-de-meio-ambiente\/#\/schema\/person\/6e93b0ab2174b69f691ac4f278ba2d0a\"},\"inLanguage\":\"pt-BR\",\"potentialAction\":[{\"@type\":\"ReadAction\",\"target\":[\"https:\/\/www.pmpf.rs.gov.br\/secretaria-de-meio-ambiente\/2024\/05\/16\/acoes-do-municipio-incentivam-trabalhadores-das-cooperativas-de-reciclagem\/\"]}]},{\"@type\":\"ImageObject\",\"inLanguage\":\"pt-BR\",\"@id\":\"https:\/\/www.pmpf.rs.gov.br\/secretaria-de-meio-ambiente\/2024\/05\/16\/acoes-do-municipio-incentivam-trabalhadores-das-cooperativas-de-reciclagem\/#primaryimage\",\"url\":\"https:\/\/www.pmpf.rs.gov.br\/secretaria-de-meio-ambiente\/wp-content\/uploads\/sites\/48\/2024\/05\/WhatsApp-Image-2024-05-16-at-07.25.15.jpeg\",\"contentUrl\":\"https:\/\/www.pmpf.rs.gov.br\/secretaria-de-meio-ambiente\/wp-content\/uploads\/sites\/48\/2024\/05\/WhatsApp-Image-2024-05-16-at-07.25.15.jpeg\",\"width\":1280,\"height\":720},{\"@type\":\"WebSite\",\"@id\":\"https:\/\/www.pmpf.rs.gov.br\/secretaria-de-meio-ambiente\/#website\",\"url\":\"https:\/\/www.pmpf.rs.gov.br\/secretaria-de-meio-ambiente\/\",\"name\":\"Secretaria de Meio Ambiente\",\"description\":\"S\u00f3 mais um site Prefeitura de Passo Fundo\",\"potentialAction\":[{\"@type\":\"SearchAction\",\"target\":{\"@type\":\"EntryPoint\",\"urlTemplate\":\"https:\/\/www.pmpf.rs.gov.br\/secretaria-de-meio-ambiente\/?s={search_term_string}\"},\"query-input\":{\"@type\":\"PropertyValueSpecification\",\"valueRequired\":true,\"valueName\":\"search_term_string\"}}],\"inLanguage\":\"pt-BR\"},{\"@type\":\"Person\",\"@id\":\"https:\/\/www.pmpf.rs.gov.br\/secretaria-de-meio-ambiente\/#\/schema\/person\/6e93b0ab2174b69f691ac4f278ba2d0a\",\"name\":\"lilicrivello\",\"image\":{\"@type\":\"ImageObject\",\"inLanguage\":\"pt-BR\",\"@id\":\"https:\/\/www.pmpf.rs.gov.br\/secretaria-de-meio-ambiente\/#\/schema\/person\/image\/\",\"url\":\"https:\/\/secure.gravatar.com\/avatar\/0b546b667388f8edb7b67d70a57b5e46?s=96&d=mm&r=g\",\"contentUrl\":\"https:\/\/secure.gravatar.com\/avatar\/0b546b667388f8edb7b67d70a57b5e46?s=96&d=mm&r=g\",\"caption\":\"lilicrivello\"},\"url\":\"https:\/\/www.pmpf.rs.gov.br\/secretaria-de-meio-ambiente\/author\/lilicrivello\/\"}]}<\/script>\n<!-- \/ Yoast SEO plugin. -->","yoast_head_json":{"title":"A\u00e7\u00f5es do Munic\u00edpio incentivam trabalhadores das cooperativas de reciclagem - Secretaria de Meio Ambiente","robots":{"index":"index","follow":"follow","max-snippet":"max-snippet:-1","max-image-preview":"max-image-preview:large","max-video-preview":"max-video-preview:-1"},"canonical":"https:\/\/www.pmpf.rs.gov.br\/secretaria-de-meio-ambiente\/2024\/05\/16\/acoes-do-municipio-incentivam-trabalhadores-das-cooperativas-de-reciclagem\/","og_locale":"pt_BR","og_type":"article","og_title":"A\u00e7\u00f5es do Munic\u00edpio incentivam trabalhadores das cooperativas de reciclagem - Secretaria de Meio Ambiente","og_description":"Prefeito Pedro visitou nesta quarta-feira a obra do novo pavilh\u00e3o do projeto TransformA\u00e7\u00e3o, que ir\u00e1 beneficiar fam\u00edlias dos recicladores com atividades educativas e culturais","og_url":"https:\/\/www.pmpf.rs.gov.br\/secretaria-de-meio-ambiente\/2024\/05\/16\/acoes-do-municipio-incentivam-trabalhadores-das-cooperativas-de-reciclagem\/","og_site_name":"Secretaria de Meio Ambiente","article_published_time":"2024-05-16T12:48:33+00:00","article_modified_time":"2024-05-16T12:48:37+00:00","author":"lilicrivello","twitter_card":"summary_large_image","twitter_misc":{"Escrito por":"lilicrivello","Est. tempo de leitura":"3 minutos"},"schema":{"@context":"https:\/\/schema.org","@graph":[{"@type":"WebPage","@id":"https:\/\/www.pmpf.rs.gov.br\/secretaria-de-meio-ambiente\/2024\/05\/16\/acoes-do-municipio-incentivam-trabalhadores-das-cooperativas-de-reciclagem\/","url":"https:\/\/www.pmpf.rs.gov.br\/secretaria-de-meio-ambiente\/2024\/05\/16\/acoes-do-municipio-incentivam-trabalhadores-das-cooperativas-de-reciclagem\/","name":"A\u00e7\u00f5es do Munic\u00edpio incentivam trabalhadores das cooperativas de reciclagem - Secretaria de Meio Ambiente","isPartOf":{"@id":"https:\/\/www.pmpf.rs.gov.br\/secretaria-de-meio-ambiente\/#website"},"primaryImageOfPage":{"@id":"https:\/\/www.pmpf.rs.gov.br\/secretaria-de-meio-ambiente\/2024\/05\/16\/acoes-do-municipio-incentivam-trabalhadores-das-cooperativas-de-reciclagem\/#primaryimage"},"image":{"@id":"https:\/\/www.pmpf.rs.gov.br\/secretaria-de-meio-ambiente\/2024\/05\/16\/acoes-do-municipio-incentivam-trabalhadores-das-cooperativas-de-reciclagem\/#primaryimage"},"thumbnailUrl":"https:\/\/www.pmpf.rs.gov.br\/secretaria-de-meio-ambiente\/wp-content\/uploads\/sites\/48\/2024\/05\/WhatsApp-Image-2024-05-16-at-07.25.15.jpeg","datePublished":"2024-05-16T12:48:33+00:00","dateModified":"2024-05-16T12:48:37+00:00","author":{"@id":"https:\/\/www.pmpf.rs.gov.br\/secretaria-de-meio-ambiente\/#\/schema\/person\/6e93b0ab2174b69f691ac4f278ba2d0a"},"inLanguage":"pt-BR","potentialAction":[{"@type":"ReadAction","target":["https:\/\/www.pmpf.rs.gov.br\/secretaria-de-meio-ambiente\/2024\/05\/16\/acoes-do-municipio-incentivam-trabalhadores-das-cooperativas-de-reciclagem\/"]}]},{"@type":"ImageObject","inLanguage":"pt-BR","@id":"https:\/\/www.pmpf.rs.gov.br\/secretaria-de-meio-ambiente\/2024\/05\/16\/acoes-do-municipio-incentivam-trabalhadores-das-cooperativas-de-reciclagem\/#primaryimage","url":"https:\/\/www.pmpf.rs.gov.br\/secretaria-de-meio-ambiente\/wp-content\/uploads\/sites\/48\/2024\/05\/WhatsApp-Image-2024-05-16-at-07.25.15.jpeg","contentUrl":"https:\/\/www.pmpf.rs.gov.br\/secretaria-de-meio-ambiente\/wp-content\/uploads\/sites\/48\/2024\/05\/WhatsApp-Image-2024-05-16-at-07.25.15.jpeg","width":1280,"height":720},{"@type":"WebSite","@id":"https:\/\/www.pmpf.rs.gov.br\/secretaria-de-meio-ambiente\/#website","url":"https:\/\/www.pmpf.rs.gov.br\/secretaria-de-meio-ambiente\/","name":"Secretaria de Meio Ambiente","description":"S\u00f3 mais um site Prefeitura de Passo Fundo","potentialAction":[{"@type":"SearchAction","target":{"@type":"EntryPoint","urlTemplate":"https:\/\/www.pmpf.rs.gov.br\/secretaria-de-meio-ambiente\/?s={search_term_string}"},"query-input":{"@type":"PropertyValueSpecification","valueRequired":true,"valueName":"search_term_string"}}],"inLanguage":"pt-BR"},{"@type":"Person","@id":"https:\/\/www.pmpf.rs.gov.br\/secretaria-de-meio-ambiente\/#\/schema\/person\/6e93b0ab2174b69f691ac4f278ba2d0a","name":"lilicrivello","image":{"@type":"ImageObject","inLanguage":"pt-BR","@id":"https:\/\/www.pmpf.rs.gov.br\/secretaria-de-meio-ambiente\/#\/schema\/person\/image\/","url":"https:\/\/secure.gravatar.com\/avatar\/0b546b667388f8edb7b67d70a57b5e46?s=96&d=mm&r=g","contentUrl":"https:\/\/secure.gravatar.com\/avatar\/0b546b667388f8edb7b67d70a57b5e46?s=96&d=mm&r=g","caption":"lilicrivello"},"url":"https:\/\/www.pmpf.rs.gov.br\/secretaria-de-meio-ambiente\/author\/lilicrivello\/"}]}},"_links":{"self":[{"href":"https:\/\/www.pmpf.rs.gov.br\/secretaria-de-meio-ambiente\/wp-json\/wp\/v2\/posts\/1668"}],"collection":[{"href":"https:\/\/www.pmpf.rs.gov.br\/secretaria-de-meio-ambiente\/wp-json\/wp\/v2\/posts"}],"about":[{"href":"https:\/\/www.pmpf.rs.gov.br\/secretaria-de-meio-ambiente\/wp-json\/wp\/v2\/types\/post"}],"author":[{"embeddable":true,"href":"https:\/\/www.pmpf.rs.gov.br\/secretaria-de-meio-ambiente\/wp-json\/wp\/v2\/users\/24"}],"replies":[{"embeddable":true,"href":"https:\/\/www.pmpf.rs.gov.br\/secretaria-de-meio-ambiente\/wp-json\/wp\/v2\/comments?post=1668"}],"version-history":[{"count":1,"href":"https:\/\/www.pmpf.rs.gov.br\/secretaria-de-meio-ambiente\/wp-json\/wp\/v2\/posts\/1668\/revisions"}],"predecessor-version":[{"id":1670,"href":"https:\/\/www.pmpf.rs.gov.br\/secretaria-de-meio-ambiente\/wp-json\/wp\/v2\/posts\/1668\/revisions\/1670"}],"wp:featuredmedia":[{"embeddable":true,"href":"https:\/\/www.pmpf.rs.gov.br\/secretaria-de-meio-ambiente\/wp-json\/wp\/v2\/media\/1669"}],"wp:attachment":[{"href":"https:\/\/www.pmpf.rs.gov.br\/secretaria-de-meio-ambiente\/wp-json\/wp\/v2\/media?parent=1668"}],"wp:term":[{"taxonomy":"category","embeddable":true,"href":"https:\/\/www.pmpf.rs.gov.br\/secretaria-de-meio-ambiente\/wp-json\/wp\/v2\/categories?post=1668"},{"taxonomy":"post_tag","embeddable":true,"href":"https:\/\/www.pmpf.rs.gov.br\/secretaria-de-meio-ambiente\/wp-json\/wp\/v2\/tags?post=1668"}],"curies":[{"name":"wp","href":"https:\/\/api.w.org\/{rel}","templated":true}]}}