{"id":1661,"date":"2024-04-10T16:05:22","date_gmt":"2024-04-10T19:05:22","guid":{"rendered":"https:\/\/www.pmpf.rs.gov.br\/secretaria-de-meio-ambiente\/?p=1661"},"modified":"2024-04-10T16:05:24","modified_gmt":"2024-04-10T19:05:24","slug":"enilson-goncalves-assume-a-secretaria-de-meio-ambiente","status":"publish","type":"post","link":"https:\/\/www.pmpf.rs.gov.br\/secretaria-de-meio-ambiente\/2024\/04\/10\/enilson-goncalves-assume-a-secretaria-de-meio-ambiente\/","title":{"rendered":"En\u00edlson Gon\u00e7alves assume a Secretaria de Meio Ambiente"},"content":{"rendered":"\n<p>O Prefeito Pedro anunciou nesta ter\u00e7a-feira (09) o nome de En\u00edlson Gon\u00e7alves (Uni\u00e3o Brasil) como novo titular da Secretaria de Meio Ambiente, em substitui\u00e7\u00e3o a Rafael Colussi.<\/p>\n\n\n\n<p>En\u00edlson j\u00e1 ocupou o cargo na pasta, de 2013 a 2016. \u201cEstou muito honrado com o convite para que eu voltasse \u00e0 pasta depois de um tempo. A ideia \u00e9 que a gente possa dar continuidade no processo que a Prefeitura vem fazendo j\u00e1 na sua pol\u00edtica ambiental e contribuir com a pauta t\u00e3o importante para a cidade, porque ela \u00e9 uma pauta que n\u00e3o \u00e9 somente uma pasta do meio ambiente, ela \u00e9 uma pasta transversal, ocupa a realidade de todas as secretarias\u201d, declara.<\/p>\n\n\n\n<p>O secret\u00e1rio aponta que a preocupa\u00e7\u00e3o da popula\u00e7\u00e3o hoje est\u00e1 cada vez mais acentuada com a rela\u00e7\u00e3o ambiental. \u201cVamos trabalhar com a continuidade da rela\u00e7\u00e3o dos animais, das rela\u00e7\u00f5es com as entidades e dos setores ambientalistas para que se reforcem, para que a gente possa dar continuidade ao trabalho comandado pelo Prefeito Pedro, que pediu uma aten\u00e7\u00e3o especial para a quest\u00e3o da reciclagem dos res\u00edduos s\u00f3lidos, com a finalidade de buscar solu\u00e7\u00f5es sustent\u00e1veis e criativas para qualificar o atendimento, gerando renda e cuidando melhor da nossa cidade\u201d, frisa Gon\u00e7alves.<\/p>\n\n\n\n<p>Formado em Filosofia pela UFRGS, Mestre pela Universidade Federal de Pelotas\/RS e Mestre pela Universidade Federal da Fronteira Sul\/Chapec\u00f3\/SC, Gon\u00e7alves tem experi\u00eancia em diversas \u00e1reas de gest\u00e3o de pessoas, processos de planejamento, capta\u00e7\u00e3o de recursos e projetos executivos. Tamb\u00e9m possui experi\u00eancia em assessoria pol\u00edtica e gest\u00e3o ambiental, gerenciar controle de informa\u00e7\u00f5es, auxiliar na execu\u00e7\u00e3o de tarefas administrativas e em mesas de negocia\u00e7\u00f5es, al\u00e9m de coordena\u00e7\u00e3o e controle de diversas equipes em m\u00faltiplas atividades simult\u00e2neas. Foi diretor da FEPAM.<\/p>\n","protected":false},"excerpt":{"rendered":"<p>An\u00fancio foi feito pelo Prefeito Pedro nesta ter\u00e7a-feira<\/p>\n","protected":false},"author":24,"featured_media":0,"comment_status":"closed","ping_status":"closed","sticky":false,"template":"","format":"standard","meta":{"footnotes":""},"categories":[1],"tags":[],"class_list":["post-1661","post","type-post","status-publish","format-standard","hentry","category-sem-categoria"],"yoast_head":"<!-- This site is optimized with the Yoast SEO plugin v23.8 - https:\/\/yoast.com\/wordpress\/plugins\/seo\/ -->\n<title>En\u00edlson Gon\u00e7alves assume a Secretaria de Meio Ambiente - Secretaria de Meio Ambiente<\/title>\n<meta name=\"robots\" content=\"index, follow, max-snippet:-1, max-image-preview:large, max-video-preview:-1\" \/>\n<link rel=\"canonical\" href=\"https:\/\/www.pmpf.rs.gov.br\/secretaria-de-meio-ambiente\/2024\/04\/10\/enilson-goncalves-assume-a-secretaria-de-meio-ambiente\/\" \/>\n<meta property=\"og:locale\" content=\"pt_BR\" \/>\n<meta property=\"og:type\" content=\"article\" \/>\n<meta property=\"og:title\" content=\"En\u00edlson Gon\u00e7alves assume a Secretaria de Meio Ambiente - Secretaria de Meio Ambiente\" \/>\n<meta property=\"og:description\" content=\"An\u00fancio foi feito pelo Prefeito Pedro nesta ter\u00e7a-feira\" \/>\n<meta property=\"og:url\" content=\"https:\/\/www.pmpf.rs.gov.br\/secretaria-de-meio-ambiente\/2024\/04\/10\/enilson-goncalves-assume-a-secretaria-de-meio-ambiente\/\" \/>\n<meta property=\"og:site_name\" content=\"Secretaria de Meio Ambiente\" \/>\n<meta property=\"article:published_time\" content=\"2024-04-10T19:05:22+00:00\" \/>\n<meta property=\"article:modified_time\" content=\"2024-04-10T19:05:24+00:00\" \/>\n<meta name=\"author\" content=\"lilicrivello\" \/>\n<meta name=\"twitter:card\" content=\"summary_large_image\" \/>\n<meta name=\"twitter:label1\" content=\"Escrito por\" \/>\n\t<meta name=\"twitter:data1\" content=\"lilicrivello\" \/>\n\t<meta name=\"twitter:label2\" content=\"Est. tempo de leitura\" \/>\n\t<meta name=\"twitter:data2\" content=\"2 minutos\" \/>\n<script type=\"application\/ld+json\" class=\"yoast-schema-graph\">{\"@context\":\"https:\/\/schema.org\",\"@graph\":[{\"@type\":\"WebPage\",\"@id\":\"https:\/\/www.pmpf.rs.gov.br\/secretaria-de-meio-ambiente\/2024\/04\/10\/enilson-goncalves-assume-a-secretaria-de-meio-ambiente\/\",\"url\":\"https:\/\/www.pmpf.rs.gov.br\/secretaria-de-meio-ambiente\/2024\/04\/10\/enilson-goncalves-assume-a-secretaria-de-meio-ambiente\/\",\"name\":\"En\u00edlson Gon\u00e7alves assume a Secretaria de Meio Ambiente - Secretaria de Meio Ambiente\",\"isPartOf\":{\"@id\":\"https:\/\/www.pmpf.rs.gov.br\/secretaria-de-meio-ambiente\/#website\"},\"datePublished\":\"2024-04-10T19:05:22+00:00\",\"dateModified\":\"2024-04-10T19:05:24+00:00\",\"author\":{\"@id\":\"https:\/\/www.pmpf.rs.gov.br\/secretaria-de-meio-ambiente\/#\/schema\/person\/6e93b0ab2174b69f691ac4f278ba2d0a\"},\"inLanguage\":\"pt-BR\",\"potentialAction\":[{\"@type\":\"ReadAction\",\"target\":[\"https:\/\/www.pmpf.rs.gov.br\/secretaria-de-meio-ambiente\/2024\/04\/10\/enilson-goncalves-assume-a-secretaria-de-meio-ambiente\/\"]}]},{\"@type\":\"WebSite\",\"@id\":\"https:\/\/www.pmpf.rs.gov.br\/secretaria-de-meio-ambiente\/#website\",\"url\":\"https:\/\/www.pmpf.rs.gov.br\/secretaria-de-meio-ambiente\/\",\"name\":\"Secretaria de Meio Ambiente\",\"description\":\"S\u00f3 mais um site Prefeitura de Passo Fundo\",\"potentialAction\":[{\"@type\":\"SearchAction\",\"target\":{\"@type\":\"EntryPoint\",\"urlTemplate\":\"https:\/\/www.pmpf.rs.gov.br\/secretaria-de-meio-ambiente\/?s={search_term_string}\"},\"query-input\":{\"@type\":\"PropertyValueSpecification\",\"valueRequired\":true,\"valueName\":\"search_term_string\"}}],\"inLanguage\":\"pt-BR\"},{\"@type\":\"Person\",\"@id\":\"https:\/\/www.pmpf.rs.gov.br\/secretaria-de-meio-ambiente\/#\/schema\/person\/6e93b0ab2174b69f691ac4f278ba2d0a\",\"name\":\"lilicrivello\",\"image\":{\"@type\":\"ImageObject\",\"inLanguage\":\"pt-BR\",\"@id\":\"https:\/\/www.pmpf.rs.gov.br\/secretaria-de-meio-ambiente\/#\/schema\/person\/image\/\",\"url\":\"https:\/\/secure.gravatar.com\/avatar\/0b546b667388f8edb7b67d70a57b5e46?s=96&d=mm&r=g\",\"contentUrl\":\"https:\/\/secure.gravatar.com\/avatar\/0b546b667388f8edb7b67d70a57b5e46?s=96&d=mm&r=g\",\"caption\":\"lilicrivello\"},\"url\":\"https:\/\/www.pmpf.rs.gov.br\/secretaria-de-meio-ambiente\/author\/lilicrivello\/\"}]}<\/script>\n<!-- \/ Yoast SEO plugin. -->","yoast_head_json":{"title":"En\u00edlson Gon\u00e7alves assume a Secretaria de Meio Ambiente - Secretaria de Meio Ambiente","robots":{"index":"index","follow":"follow","max-snippet":"max-snippet:-1","max-image-preview":"max-image-preview:large","max-video-preview":"max-video-preview:-1"},"canonical":"https:\/\/www.pmpf.rs.gov.br\/secretaria-de-meio-ambiente\/2024\/04\/10\/enilson-goncalves-assume-a-secretaria-de-meio-ambiente\/","og_locale":"pt_BR","og_type":"article","og_title":"En\u00edlson Gon\u00e7alves assume a Secretaria de Meio Ambiente - Secretaria de Meio Ambiente","og_description":"An\u00fancio foi feito pelo Prefeito Pedro nesta ter\u00e7a-feira","og_url":"https:\/\/www.pmpf.rs.gov.br\/secretaria-de-meio-ambiente\/2024\/04\/10\/enilson-goncalves-assume-a-secretaria-de-meio-ambiente\/","og_site_name":"Secretaria de Meio Ambiente","article_published_time":"2024-04-10T19:05:22+00:00","article_modified_time":"2024-04-10T19:05:24+00:00","author":"lilicrivello","twitter_card":"summary_large_image","twitter_misc":{"Escrito por":"lilicrivello","Est. tempo de leitura":"2 minutos"},"schema":{"@context":"https:\/\/schema.org","@graph":[{"@type":"WebPage","@id":"https:\/\/www.pmpf.rs.gov.br\/secretaria-de-meio-ambiente\/2024\/04\/10\/enilson-goncalves-assume-a-secretaria-de-meio-ambiente\/","url":"https:\/\/www.pmpf.rs.gov.br\/secretaria-de-meio-ambiente\/2024\/04\/10\/enilson-goncalves-assume-a-secretaria-de-meio-ambiente\/","name":"En\u00edlson Gon\u00e7alves assume a Secretaria de Meio Ambiente - Secretaria de Meio Ambiente","isPartOf":{"@id":"https:\/\/www.pmpf.rs.gov.br\/secretaria-de-meio-ambiente\/#website"},"datePublished":"2024-04-10T19:05:22+00:00","dateModified":"2024-04-10T19:05:24+00:00","author":{"@id":"https:\/\/www.pmpf.rs.gov.br\/secretaria-de-meio-ambiente\/#\/schema\/person\/6e93b0ab2174b69f691ac4f278ba2d0a"},"inLanguage":"pt-BR","potentialAction":[{"@type":"ReadAction","target":["https:\/\/www.pmpf.rs.gov.br\/secretaria-de-meio-ambiente\/2024\/04\/10\/enilson-goncalves-assume-a-secretaria-de-meio-ambiente\/"]}]},{"@type":"WebSite","@id":"https:\/\/www.pmpf.rs.gov.br\/secretaria-de-meio-ambiente\/#website","url":"https:\/\/www.pmpf.rs.gov.br\/secretaria-de-meio-ambiente\/","name":"Secretaria de Meio Ambiente","description":"S\u00f3 mais um site Prefeitura de Passo Fundo","potentialAction":[{"@type":"SearchAction","target":{"@type":"EntryPoint","urlTemplate":"https:\/\/www.pmpf.rs.gov.br\/secretaria-de-meio-ambiente\/?s={search_term_string}"},"query-input":{"@type":"PropertyValueSpecification","valueRequired":true,"valueName":"search_term_string"}}],"inLanguage":"pt-BR"},{"@type":"Person","@id":"https:\/\/www.pmpf.rs.gov.br\/secretaria-de-meio-ambiente\/#\/schema\/person\/6e93b0ab2174b69f691ac4f278ba2d0a","name":"lilicrivello","image":{"@type":"ImageObject","inLanguage":"pt-BR","@id":"https:\/\/www.pmpf.rs.gov.br\/secretaria-de-meio-ambiente\/#\/schema\/person\/image\/","url":"https:\/\/secure.gravatar.com\/avatar\/0b546b667388f8edb7b67d70a57b5e46?s=96&d=mm&r=g","contentUrl":"https:\/\/secure.gravatar.com\/avatar\/0b546b667388f8edb7b67d70a57b5e46?s=96&d=mm&r=g","caption":"lilicrivello"},"url":"https:\/\/www.pmpf.rs.gov.br\/secretaria-de-meio-ambiente\/author\/lilicrivello\/"}]}},"_links":{"self":[{"href":"https:\/\/www.pmpf.rs.gov.br\/secretaria-de-meio-ambiente\/wp-json\/wp\/v2\/posts\/1661"}],"collection":[{"href":"https:\/\/www.pmpf.rs.gov.br\/secretaria-de-meio-ambiente\/wp-json\/wp\/v2\/posts"}],"about":[{"href":"https:\/\/www.pmpf.rs.gov.br\/secretaria-de-meio-ambiente\/wp-json\/wp\/v2\/types\/post"}],"author":[{"embeddable":true,"href":"https:\/\/www.pmpf.rs.gov.br\/secretaria-de-meio-ambiente\/wp-json\/wp\/v2\/users\/24"}],"replies":[{"embeddable":true,"href":"https:\/\/www.pmpf.rs.gov.br\/secretaria-de-meio-ambiente\/wp-json\/wp\/v2\/comments?post=1661"}],"version-history":[{"count":1,"href":"https:\/\/www.pmpf.rs.gov.br\/secretaria-de-meio-ambiente\/wp-json\/wp\/v2\/posts\/1661\/revisions"}],"predecessor-version":[{"id":1662,"href":"https:\/\/www.pmpf.rs.gov.br\/secretaria-de-meio-ambiente\/wp-json\/wp\/v2\/posts\/1661\/revisions\/1662"}],"wp:attachment":[{"href":"https:\/\/www.pmpf.rs.gov.br\/secretaria-de-meio-ambiente\/wp-json\/wp\/v2\/media?parent=1661"}],"wp:term":[{"taxonomy":"category","embeddable":true,"href":"https:\/\/www.pmpf.rs.gov.br\/secretaria-de-meio-ambiente\/wp-json\/wp\/v2\/categories?post=1661"},{"taxonomy":"post_tag","embeddable":true,"href":"https:\/\/www.pmpf.rs.gov.br\/secretaria-de-meio-ambiente\/wp-json\/wp\/v2\/tags?post=1661"}],"curies":[{"name":"wp","href":"https:\/\/api.w.org\/{rel}","templated":true}]}}