{"id":1655,"date":"2023-12-28T16:15:47","date_gmt":"2023-12-28T19:15:47","guid":{"rendered":"https:\/\/www.pmpf.rs.gov.br\/secretaria-de-meio-ambiente\/?p=1655"},"modified":"2023-12-28T16:17:27","modified_gmt":"2023-12-28T19:17:27","slug":"prefeitura-da-posse-aos-novos-membros-do-conselho-municipal-do-meio-ambiente","status":"publish","type":"post","link":"https:\/\/www.pmpf.rs.gov.br\/secretaria-de-meio-ambiente\/2023\/12\/28\/prefeitura-da-posse-aos-novos-membros-do-conselho-municipal-do-meio-ambiente\/","title":{"rendered":"Prefeitura d\u00e1 posse aos novos membros do Conselho Municipal do Meio Ambiente"},"content":{"rendered":"\n<p>A Prefeitura deu posse nesta quinta-feira (28) aos novos membros do Conselho Municipal do Meio Ambiente (CMMA). S\u00e3o 18 conselheiros governamentais e n\u00e3o governamentais que integram por dois anos o colegiado.<\/p>\n\n\n\n<p>De acordo com o secret\u00e1rio de Meio Ambiente, Rafael Colussi, os empossados devem estimular a participa\u00e7\u00e3o da sociedade civil no processo de preserva\u00e7\u00e3o, conserva\u00e7\u00e3o, recupera\u00e7\u00e3o e melhoria da qualidade do meio ambiente, acompanhar a fiscaliza\u00e7\u00e3o dos recursos financeiros e materiais destinados ao Fundo Municipal do Meio Ambiente. \u201cPor dois anos, este grupo ter\u00e1 como princ\u00edpio o di\u00e1logo para trabalhar pelas quest\u00f5es da cidade envolvendo as pautas ambientais. Tivemos 54 entidades inscritas para participarem, um n\u00famero recorde, pois viram que as quest\u00f5es ambientais est\u00e3o ocorrendo de forma acelerada na cidade. Teremos um trabalho de muito debate por pautas importantes para a cidade que v\u00e3o precisar do entendimento e a sensibilidade de cada um dos conselheiros\u201d, pontua o secret\u00e1rio.<\/p>\n\n\n\n<p>Para o prefeito Pedro Almeida, as quest\u00f5es ambientais fortalecem o desenvolvimento da cidade em todas as \u00e1reas. \u201cPasso Fundo continua avan\u00e7ando, especialmente na \u00e1rea do meio ambiente e o conselho \u00e9 muito t\u00e3o importante, pois est\u00e1 diretamente ligado \u00e0s respostas ambientais, de preserva\u00e7\u00e3o da vida e da natureza, da \u00e1gua, todo esse potencial que n\u00f3s temos aqui no munic\u00edpio e que precisam ser requisitada, repensada, fortalecida, e tamb\u00e9m, obviamente, o que se quer pensar para o futuro da cidade passa sempre pelo conselho do meio ambiente, isso \u00e9 estrat\u00e9gia da cidade que desenvolve. Passo Fundo tem sido um bom exemplo de cidade de m\u00e9dio porte nessa \u00e1rea tamb\u00e9m\u201d, pondera o prefeito<\/p>\n\n\n\n<p><strong>Representantes governamentais<br><\/strong>1) Secretaria do Meio Ambiente \u2013 SMAM<br>Titular: Rafael Colussi<br>Suplente: Glauco Roberto Marins Polita<br>2) Secretaria de Inova\u00e7\u00e3o \u2013 SEINOVA<br>Titular: Barbara Maria Fritzen Gomes<br>Suplente: Iv\u00e2nia Regina de Oliveira<br>3) Secretaria de Planejamento \u2013 SEPLAN<br>Titular: Sibeli Fiori<br>Suplente: Marielen Colpani<br>4) Secretaria de Gabinete \u2013 GAB<br>Titular: Gledison Henrique Branco<br>Suplente: Bradimir da Silva<br>5) Secretaria de Agricultura e Desenvolvimento Rural \u2013 SMADER<br>Titular: Felipe Dal Paz<br>Suplente: Bet\u00e2nia dos Santos Lodi<br>6) Empresa Brasileira de Pesquisa Agropecu\u00e1ria \u2013 EMBRAPA<br>Titular: Rafael Bueno Colvero<br>Suplente: Joseani Mesquita Antunes<br>7) 3\u00ba Batalh\u00e3o Ambiental da Brigada Militar \u2013 BABM<br>Titular: Leandro da Cruz G\u00f3is<br>Suplente: Thobias Dal Ponte<br>8) Empresa de Assist\u00eancia T\u00e9cnica e Extens\u00e3o Rural \u2013 EMATER<br>Titular: Ivandro Barreto de Mello<br>Suplente: Oriberto Adami<br>9) Universidade Federal da Fronteira Sul \u2013 UFFS<br>Titular: Edson Comim<br>Suplente: Berti Levi Hammarstrom<\/p>\n\n\n\n<p><strong>Representantes n\u00e3o-governamentais<br><\/strong>1) Associa\u00e7\u00e3o Amigo Bicho &#8211; AMIGO BICHO<br>Titular: Juliana Bolzan<br>Suplente: Izabela Borguetti Folle<br>2) Associa\u00e7\u00e3o Passo-fundense de Prote\u00e7\u00e3o aos Animais \u2013 COMPATA<br>Titular: Carlos Raya Nedel<br>Suplente: Luciano de Lazari<br>3) Associa\u00e7\u00e3o Ambientalista Rosel\u00e2ndia \u2013 ROSEL\u00c2NDIA<br>Titular: Gilnei Fuchina<br>Suplente: Kauleo de Oliveira de Freitas<br>4) Be8<br>Titular: Ana Cristina Curia<br>Suplente: Queli Enilda de Brum<br>5) Associa\u00e7\u00e3o de Moradores da Comunidade Vila Berthier \u2013 AMBERT<br>Titular: Felipe Favreto Manfroi<br>Suplente: Adriana da Rocha Ancines<br>6) Funda\u00e7\u00e3o Universidade de Passo Fundo \u2013 UPF<br>Titular: Andrei Luiz Lodea<br>Suplente: Marit\u00e2nia Morgan Pavan<br>7) Faculdade IDEAU \u2013 IDEAU<br>Titular: Katia Trevizan<br>Suplente: Barbara Thaisi Lago<br>8) Associa\u00e7\u00e3o dos Revendedores de Insumos Agr\u00edcolas \u2013 ARIA\/CIMBALAGENS<br>Titular: Sandra Rodrigu\u00eas<br>Suplente: Dana Santin<br>9) Associa\u00e7\u00e3o para a Conserva\u00e7\u00e3o da Vida Silvestre \u2013 CONVIDAS<br>Titular: Nestore Codenotti<br>Suplente: Luizandro Ferrari<\/p>\n","protected":false},"excerpt":{"rendered":"<p>Entre as atribui\u00e7\u00f5es dos conselheiros est\u00e1 propor ao Poder P\u00fablico diretrizes da pol\u00edtica municipal para o meio ambiente<\/p>\n","protected":false},"author":24,"featured_media":1656,"comment_status":"closed","ping_status":"closed","sticky":false,"template":"","format":"standard","meta":{"footnotes":""},"categories":[1],"tags":[],"class_list":["post-1655","post","type-post","status-publish","format-standard","has-post-thumbnail","hentry","category-sem-categoria"],"yoast_head":"<!-- This site is optimized with the Yoast SEO plugin v23.8 - https:\/\/yoast.com\/wordpress\/plugins\/seo\/ -->\n<title>Prefeitura d\u00e1 posse aos novos membros do Conselho Municipal do Meio Ambiente - Secretaria de Meio Ambiente<\/title>\n<meta name=\"robots\" content=\"index, follow, max-snippet:-1, max-image-preview:large, max-video-preview:-1\" \/>\n<link rel=\"canonical\" href=\"https:\/\/www.pmpf.rs.gov.br\/secretaria-de-meio-ambiente\/2023\/12\/28\/prefeitura-da-posse-aos-novos-membros-do-conselho-municipal-do-meio-ambiente\/\" \/>\n<meta property=\"og:locale\" content=\"pt_BR\" \/>\n<meta property=\"og:type\" content=\"article\" \/>\n<meta property=\"og:title\" content=\"Prefeitura d\u00e1 posse aos novos membros do Conselho Municipal do Meio Ambiente - Secretaria de Meio Ambiente\" \/>\n<meta property=\"og:description\" content=\"Entre as atribui\u00e7\u00f5es dos conselheiros est\u00e1 propor ao Poder P\u00fablico diretrizes da pol\u00edtica municipal para o meio ambiente\" \/>\n<meta property=\"og:url\" content=\"https:\/\/www.pmpf.rs.gov.br\/secretaria-de-meio-ambiente\/2023\/12\/28\/prefeitura-da-posse-aos-novos-membros-do-conselho-municipal-do-meio-ambiente\/\" \/>\n<meta property=\"og:site_name\" content=\"Secretaria de Meio Ambiente\" \/>\n<meta property=\"article:published_time\" content=\"2023-12-28T19:15:47+00:00\" \/>\n<meta property=\"article:modified_time\" content=\"2023-12-28T19:17:27+00:00\" \/>\n<meta property=\"og:image\" content=\"https:\/\/www.pmpf.rs.gov.br\/secretaria-de-meio-ambiente\/wp-content\/uploads\/sites\/48\/2023\/12\/WhatsApp-Image-2023-12-28-at-16.14.03-scaled.jpeg\" \/>\n\t<meta property=\"og:image:width\" content=\"2560\" \/>\n\t<meta property=\"og:image:height\" content=\"1707\" \/>\n\t<meta property=\"og:image:type\" content=\"image\/jpeg\" \/>\n<meta name=\"author\" content=\"lilicrivello\" \/>\n<meta name=\"twitter:card\" content=\"summary_large_image\" \/>\n<meta name=\"twitter:label1\" content=\"Escrito por\" \/>\n\t<meta name=\"twitter:data1\" content=\"lilicrivello\" \/>\n\t<meta name=\"twitter:label2\" content=\"Est. tempo de leitura\" \/>\n\t<meta name=\"twitter:data2\" content=\"3 minutos\" \/>\n<script type=\"application\/ld+json\" class=\"yoast-schema-graph\">{\"@context\":\"https:\/\/schema.org\",\"@graph\":[{\"@type\":\"WebPage\",\"@id\":\"https:\/\/www.pmpf.rs.gov.br\/secretaria-de-meio-ambiente\/2023\/12\/28\/prefeitura-da-posse-aos-novos-membros-do-conselho-municipal-do-meio-ambiente\/\",\"url\":\"https:\/\/www.pmpf.rs.gov.br\/secretaria-de-meio-ambiente\/2023\/12\/28\/prefeitura-da-posse-aos-novos-membros-do-conselho-municipal-do-meio-ambiente\/\",\"name\":\"Prefeitura d\u00e1 posse aos novos membros do Conselho Municipal do Meio Ambiente - Secretaria de Meio Ambiente\",\"isPartOf\":{\"@id\":\"https:\/\/www.pmpf.rs.gov.br\/secretaria-de-meio-ambiente\/#website\"},\"primaryImageOfPage\":{\"@id\":\"https:\/\/www.pmpf.rs.gov.br\/secretaria-de-meio-ambiente\/2023\/12\/28\/prefeitura-da-posse-aos-novos-membros-do-conselho-municipal-do-meio-ambiente\/#primaryimage\"},\"image\":{\"@id\":\"https:\/\/www.pmpf.rs.gov.br\/secretaria-de-meio-ambiente\/2023\/12\/28\/prefeitura-da-posse-aos-novos-membros-do-conselho-municipal-do-meio-ambiente\/#primaryimage\"},\"thumbnailUrl\":\"https:\/\/www.pmpf.rs.gov.br\/secretaria-de-meio-ambiente\/wp-content\/uploads\/sites\/48\/2023\/12\/WhatsApp-Image-2023-12-28-at-16.14.03-scaled.jpeg\",\"datePublished\":\"2023-12-28T19:15:47+00:00\",\"dateModified\":\"2023-12-28T19:17:27+00:00\",\"author\":{\"@id\":\"https:\/\/www.pmpf.rs.gov.br\/secretaria-de-meio-ambiente\/#\/schema\/person\/6e93b0ab2174b69f691ac4f278ba2d0a\"},\"inLanguage\":\"pt-BR\",\"potentialAction\":[{\"@type\":\"ReadAction\",\"target\":[\"https:\/\/www.pmpf.rs.gov.br\/secretaria-de-meio-ambiente\/2023\/12\/28\/prefeitura-da-posse-aos-novos-membros-do-conselho-municipal-do-meio-ambiente\/\"]}]},{\"@type\":\"ImageObject\",\"inLanguage\":\"pt-BR\",\"@id\":\"https:\/\/www.pmpf.rs.gov.br\/secretaria-de-meio-ambiente\/2023\/12\/28\/prefeitura-da-posse-aos-novos-membros-do-conselho-municipal-do-meio-ambiente\/#primaryimage\",\"url\":\"https:\/\/www.pmpf.rs.gov.br\/secretaria-de-meio-ambiente\/wp-content\/uploads\/sites\/48\/2023\/12\/WhatsApp-Image-2023-12-28-at-16.14.03-scaled.jpeg\",\"contentUrl\":\"https:\/\/www.pmpf.rs.gov.br\/secretaria-de-meio-ambiente\/wp-content\/uploads\/sites\/48\/2023\/12\/WhatsApp-Image-2023-12-28-at-16.14.03-scaled.jpeg\",\"width\":2560,\"height\":1707},{\"@type\":\"WebSite\",\"@id\":\"https:\/\/www.pmpf.rs.gov.br\/secretaria-de-meio-ambiente\/#website\",\"url\":\"https:\/\/www.pmpf.rs.gov.br\/secretaria-de-meio-ambiente\/\",\"name\":\"Secretaria de Meio Ambiente\",\"description\":\"S\u00f3 mais um site Prefeitura de Passo Fundo\",\"potentialAction\":[{\"@type\":\"SearchAction\",\"target\":{\"@type\":\"EntryPoint\",\"urlTemplate\":\"https:\/\/www.pmpf.rs.gov.br\/secretaria-de-meio-ambiente\/?s={search_term_string}\"},\"query-input\":{\"@type\":\"PropertyValueSpecification\",\"valueRequired\":true,\"valueName\":\"search_term_string\"}}],\"inLanguage\":\"pt-BR\"},{\"@type\":\"Person\",\"@id\":\"https:\/\/www.pmpf.rs.gov.br\/secretaria-de-meio-ambiente\/#\/schema\/person\/6e93b0ab2174b69f691ac4f278ba2d0a\",\"name\":\"lilicrivello\",\"image\":{\"@type\":\"ImageObject\",\"inLanguage\":\"pt-BR\",\"@id\":\"https:\/\/www.pmpf.rs.gov.br\/secretaria-de-meio-ambiente\/#\/schema\/person\/image\/\",\"url\":\"https:\/\/secure.gravatar.com\/avatar\/0b546b667388f8edb7b67d70a57b5e46?s=96&d=mm&r=g\",\"contentUrl\":\"https:\/\/secure.gravatar.com\/avatar\/0b546b667388f8edb7b67d70a57b5e46?s=96&d=mm&r=g\",\"caption\":\"lilicrivello\"},\"url\":\"https:\/\/www.pmpf.rs.gov.br\/secretaria-de-meio-ambiente\/author\/lilicrivello\/\"}]}<\/script>\n<!-- \/ Yoast SEO plugin. -->","yoast_head_json":{"title":"Prefeitura d\u00e1 posse aos novos membros do Conselho Municipal do Meio Ambiente - Secretaria de Meio Ambiente","robots":{"index":"index","follow":"follow","max-snippet":"max-snippet:-1","max-image-preview":"max-image-preview:large","max-video-preview":"max-video-preview:-1"},"canonical":"https:\/\/www.pmpf.rs.gov.br\/secretaria-de-meio-ambiente\/2023\/12\/28\/prefeitura-da-posse-aos-novos-membros-do-conselho-municipal-do-meio-ambiente\/","og_locale":"pt_BR","og_type":"article","og_title":"Prefeitura d\u00e1 posse aos novos membros do Conselho Municipal do Meio Ambiente - Secretaria de Meio Ambiente","og_description":"Entre as atribui\u00e7\u00f5es dos conselheiros est\u00e1 propor ao Poder P\u00fablico diretrizes da pol\u00edtica municipal para o meio ambiente","og_url":"https:\/\/www.pmpf.rs.gov.br\/secretaria-de-meio-ambiente\/2023\/12\/28\/prefeitura-da-posse-aos-novos-membros-do-conselho-municipal-do-meio-ambiente\/","og_site_name":"Secretaria de Meio Ambiente","article_published_time":"2023-12-28T19:15:47+00:00","article_modified_time":"2023-12-28T19:17:27+00:00","og_image":[{"width":2560,"height":1707,"url":"https:\/\/www.pmpf.rs.gov.br\/secretaria-de-meio-ambiente\/wp-content\/uploads\/sites\/48\/2023\/12\/WhatsApp-Image-2023-12-28-at-16.14.03-scaled.jpeg","type":"image\/jpeg"}],"author":"lilicrivello","twitter_card":"summary_large_image","twitter_misc":{"Escrito por":"lilicrivello","Est. tempo de leitura":"3 minutos"},"schema":{"@context":"https:\/\/schema.org","@graph":[{"@type":"WebPage","@id":"https:\/\/www.pmpf.rs.gov.br\/secretaria-de-meio-ambiente\/2023\/12\/28\/prefeitura-da-posse-aos-novos-membros-do-conselho-municipal-do-meio-ambiente\/","url":"https:\/\/www.pmpf.rs.gov.br\/secretaria-de-meio-ambiente\/2023\/12\/28\/prefeitura-da-posse-aos-novos-membros-do-conselho-municipal-do-meio-ambiente\/","name":"Prefeitura d\u00e1 posse aos novos membros do Conselho Municipal do Meio Ambiente - Secretaria de Meio Ambiente","isPartOf":{"@id":"https:\/\/www.pmpf.rs.gov.br\/secretaria-de-meio-ambiente\/#website"},"primaryImageOfPage":{"@id":"https:\/\/www.pmpf.rs.gov.br\/secretaria-de-meio-ambiente\/2023\/12\/28\/prefeitura-da-posse-aos-novos-membros-do-conselho-municipal-do-meio-ambiente\/#primaryimage"},"image":{"@id":"https:\/\/www.pmpf.rs.gov.br\/secretaria-de-meio-ambiente\/2023\/12\/28\/prefeitura-da-posse-aos-novos-membros-do-conselho-municipal-do-meio-ambiente\/#primaryimage"},"thumbnailUrl":"https:\/\/www.pmpf.rs.gov.br\/secretaria-de-meio-ambiente\/wp-content\/uploads\/sites\/48\/2023\/12\/WhatsApp-Image-2023-12-28-at-16.14.03-scaled.jpeg","datePublished":"2023-12-28T19:15:47+00:00","dateModified":"2023-12-28T19:17:27+00:00","author":{"@id":"https:\/\/www.pmpf.rs.gov.br\/secretaria-de-meio-ambiente\/#\/schema\/person\/6e93b0ab2174b69f691ac4f278ba2d0a"},"inLanguage":"pt-BR","potentialAction":[{"@type":"ReadAction","target":["https:\/\/www.pmpf.rs.gov.br\/secretaria-de-meio-ambiente\/2023\/12\/28\/prefeitura-da-posse-aos-novos-membros-do-conselho-municipal-do-meio-ambiente\/"]}]},{"@type":"ImageObject","inLanguage":"pt-BR","@id":"https:\/\/www.pmpf.rs.gov.br\/secretaria-de-meio-ambiente\/2023\/12\/28\/prefeitura-da-posse-aos-novos-membros-do-conselho-municipal-do-meio-ambiente\/#primaryimage","url":"https:\/\/www.pmpf.rs.gov.br\/secretaria-de-meio-ambiente\/wp-content\/uploads\/sites\/48\/2023\/12\/WhatsApp-Image-2023-12-28-at-16.14.03-scaled.jpeg","contentUrl":"https:\/\/www.pmpf.rs.gov.br\/secretaria-de-meio-ambiente\/wp-content\/uploads\/sites\/48\/2023\/12\/WhatsApp-Image-2023-12-28-at-16.14.03-scaled.jpeg","width":2560,"height":1707},{"@type":"WebSite","@id":"https:\/\/www.pmpf.rs.gov.br\/secretaria-de-meio-ambiente\/#website","url":"https:\/\/www.pmpf.rs.gov.br\/secretaria-de-meio-ambiente\/","name":"Secretaria de Meio Ambiente","description":"S\u00f3 mais um site Prefeitura de Passo Fundo","potentialAction":[{"@type":"SearchAction","target":{"@type":"EntryPoint","urlTemplate":"https:\/\/www.pmpf.rs.gov.br\/secretaria-de-meio-ambiente\/?s={search_term_string}"},"query-input":{"@type":"PropertyValueSpecification","valueRequired":true,"valueName":"search_term_string"}}],"inLanguage":"pt-BR"},{"@type":"Person","@id":"https:\/\/www.pmpf.rs.gov.br\/secretaria-de-meio-ambiente\/#\/schema\/person\/6e93b0ab2174b69f691ac4f278ba2d0a","name":"lilicrivello","image":{"@type":"ImageObject","inLanguage":"pt-BR","@id":"https:\/\/www.pmpf.rs.gov.br\/secretaria-de-meio-ambiente\/#\/schema\/person\/image\/","url":"https:\/\/secure.gravatar.com\/avatar\/0b546b667388f8edb7b67d70a57b5e46?s=96&d=mm&r=g","contentUrl":"https:\/\/secure.gravatar.com\/avatar\/0b546b667388f8edb7b67d70a57b5e46?s=96&d=mm&r=g","caption":"lilicrivello"},"url":"https:\/\/www.pmpf.rs.gov.br\/secretaria-de-meio-ambiente\/author\/lilicrivello\/"}]}},"_links":{"self":[{"href":"https:\/\/www.pmpf.rs.gov.br\/secretaria-de-meio-ambiente\/wp-json\/wp\/v2\/posts\/1655"}],"collection":[{"href":"https:\/\/www.pmpf.rs.gov.br\/secretaria-de-meio-ambiente\/wp-json\/wp\/v2\/posts"}],"about":[{"href":"https:\/\/www.pmpf.rs.gov.br\/secretaria-de-meio-ambiente\/wp-json\/wp\/v2\/types\/post"}],"author":[{"embeddable":true,"href":"https:\/\/www.pmpf.rs.gov.br\/secretaria-de-meio-ambiente\/wp-json\/wp\/v2\/users\/24"}],"replies":[{"embeddable":true,"href":"https:\/\/www.pmpf.rs.gov.br\/secretaria-de-meio-ambiente\/wp-json\/wp\/v2\/comments?post=1655"}],"version-history":[{"count":3,"href":"https:\/\/www.pmpf.rs.gov.br\/secretaria-de-meio-ambiente\/wp-json\/wp\/v2\/posts\/1655\/revisions"}],"predecessor-version":[{"id":1659,"href":"https:\/\/www.pmpf.rs.gov.br\/secretaria-de-meio-ambiente\/wp-json\/wp\/v2\/posts\/1655\/revisions\/1659"}],"wp:featuredmedia":[{"embeddable":true,"href":"https:\/\/www.pmpf.rs.gov.br\/secretaria-de-meio-ambiente\/wp-json\/wp\/v2\/media\/1656"}],"wp:attachment":[{"href":"https:\/\/www.pmpf.rs.gov.br\/secretaria-de-meio-ambiente\/wp-json\/wp\/v2\/media?parent=1655"}],"wp:term":[{"taxonomy":"category","embeddable":true,"href":"https:\/\/www.pmpf.rs.gov.br\/secretaria-de-meio-ambiente\/wp-json\/wp\/v2\/categories?post=1655"},{"taxonomy":"post_tag","embeddable":true,"href":"https:\/\/www.pmpf.rs.gov.br\/secretaria-de-meio-ambiente\/wp-json\/wp\/v2\/tags?post=1655"}],"curies":[{"name":"wp","href":"https:\/\/api.w.org\/{rel}","templated":true}]}}