{"id":1640,"date":"2023-09-08T10:32:27","date_gmt":"2023-09-08T13:32:27","guid":{"rendered":"https:\/\/www.pmpf.rs.gov.br\/secretaria-de-meio-ambiente\/?p=1640"},"modified":"2023-09-08T10:35:45","modified_gmt":"2023-09-08T13:35:45","slug":"coordenadoria-de-bem-estar-animal-da-prefeitura-realiza-campanha-para-arrecadar-racao","status":"publish","type":"post","link":"https:\/\/www.pmpf.rs.gov.br\/secretaria-de-meio-ambiente\/2023\/09\/08\/coordenadoria-de-bem-estar-animal-da-prefeitura-realiza-campanha-para-arrecadar-racao\/","title":{"rendered":"Coordenadoria de Bem-Estar Animal da Prefeitura realiza campanha para arrecadar ra\u00e7\u00e3o"},"content":{"rendered":"\n<p><\/p>\n\n\n\n<p>As inunda\u00e7\u00f5es provocadas pelas chuvas em Passo Fundo trouxeram danos a muitas fam\u00edlias. Junto com a campanha Passo Fundo Solid\u00e1ria, que arrecada donativos para auxiliar a comunidade, a Coordenadoria de Bem-Estar Animal da Prefeitura de Passo Fundo iniciou uma mobiliza\u00e7\u00e3o a fim de unir doa\u00e7\u00f5es aos animais.<\/p>\n\n\n\n<p>S\u00e3o arrecadados ra\u00e7\u00e3o, casinhas, medicamentos, cobertores e roupinhas, que, posteriormente, ser\u00e3o encaminhados a fam\u00edlias que precisam. \u00c9 poss\u00edvel fazer a entrega na Secretaria de Meio Ambiente, que fica na Rua Thom\u00e9 Mendes, 183 (Parque Banhado da Vergueiro), e em empresas parceiras da a\u00e7\u00e3o.<\/p>\n\n\n\n<p>De acordo com o secret\u00e1rio de Meio Ambiente, Rafael Colussi, as doa\u00e7\u00f5es contribuir\u00e3o, sobretudo, com as comunidades que sofreram alagamentos. \u201cMuitas pessoas est\u00e3o passando por momentos dif\u00edceis e muitas outras querem ajudar e t\u00eam nos procurado para saber como. Ent\u00e3o, tamb\u00e9m decidimos fazer essa mobiliza\u00e7\u00e3o focada nos animais, de forma paralela \u00e0 campanha Passo Fundo Solid\u00e1ria\u201d, disse, enfatizando que, durante as chuvas, a secretaria atuou efetuando resgates e orientando a comunidade acerca da seguran\u00e7a dos animais.<\/p>\n\n\n\n<p>Mais informa\u00e7\u00f5es sobre o processo de arrecada\u00e7\u00e3o podem ser obtidas com a Coordenadoria de Bem-Estar Animal pelo telefone 54 3313-3542.<\/p>\n","protected":false},"excerpt":{"rendered":"<p>Donativos ir\u00e3o para fam\u00edlias e animais que tiveram preju\u00edzos com as chuvas e inunda\u00e7\u00f5es. Tamb\u00e9m \u00e9 poss\u00edvel contribuir com casinhas, medicamentos, cobertores e roupinhas<\/p>\n","protected":false},"author":6,"featured_media":1641,"comment_status":"closed","ping_status":"closed","sticky":true,"template":"","format":"standard","meta":{"footnotes":""},"categories":[1],"tags":[],"class_list":["post-1640","post","type-post","status-publish","format-standard","has-post-thumbnail","hentry","category-sem-categoria"],"yoast_head":"<!-- This site is optimized with the Yoast SEO plugin v23.8 - https:\/\/yoast.com\/wordpress\/plugins\/seo\/ -->\n<title>Coordenadoria de Bem-Estar Animal da Prefeitura realiza campanha para arrecadar ra\u00e7\u00e3o - Secretaria de Meio Ambiente<\/title>\n<meta name=\"robots\" content=\"index, follow, max-snippet:-1, max-image-preview:large, max-video-preview:-1\" \/>\n<link rel=\"canonical\" href=\"https:\/\/www.pmpf.rs.gov.br\/secretaria-de-meio-ambiente\/2023\/09\/08\/coordenadoria-de-bem-estar-animal-da-prefeitura-realiza-campanha-para-arrecadar-racao\/\" \/>\n<meta property=\"og:locale\" content=\"pt_BR\" \/>\n<meta property=\"og:type\" content=\"article\" \/>\n<meta property=\"og:title\" content=\"Coordenadoria de Bem-Estar Animal da Prefeitura realiza campanha para arrecadar ra\u00e7\u00e3o - Secretaria de Meio Ambiente\" \/>\n<meta property=\"og:description\" content=\"Donativos ir\u00e3o para fam\u00edlias e animais que tiveram preju\u00edzos com as chuvas e inunda\u00e7\u00f5es. Tamb\u00e9m \u00e9 poss\u00edvel contribuir com casinhas, medicamentos, cobertores e roupinhas\" \/>\n<meta property=\"og:url\" content=\"https:\/\/www.pmpf.rs.gov.br\/secretaria-de-meio-ambiente\/2023\/09\/08\/coordenadoria-de-bem-estar-animal-da-prefeitura-realiza-campanha-para-arrecadar-racao\/\" \/>\n<meta property=\"og:site_name\" content=\"Secretaria de Meio Ambiente\" \/>\n<meta property=\"article:published_time\" content=\"2023-09-08T13:32:27+00:00\" \/>\n<meta property=\"article:modified_time\" content=\"2023-09-08T13:35:45+00:00\" \/>\n<meta property=\"og:image\" content=\"https:\/\/www.pmpf.rs.gov.br\/secretaria-de-meio-ambiente\/wp-content\/uploads\/sites\/48\/2023\/09\/campanha-animais.jpg\" \/>\n\t<meta property=\"og:image:width\" content=\"1204\" \/>\n\t<meta property=\"og:image:height\" content=\"1600\" \/>\n\t<meta property=\"og:image:type\" content=\"image\/jpeg\" \/>\n<meta name=\"author\" content=\"andressazorzetto07\" \/>\n<meta name=\"twitter:card\" content=\"summary_large_image\" \/>\n<meta name=\"twitter:label1\" content=\"Escrito por\" \/>\n\t<meta name=\"twitter:data1\" content=\"andressazorzetto07\" \/>\n\t<meta name=\"twitter:label2\" content=\"Est. tempo de leitura\" \/>\n\t<meta name=\"twitter:data2\" content=\"1 minuto\" \/>\n<script type=\"application\/ld+json\" class=\"yoast-schema-graph\">{\"@context\":\"https:\/\/schema.org\",\"@graph\":[{\"@type\":\"WebPage\",\"@id\":\"https:\/\/www.pmpf.rs.gov.br\/secretaria-de-meio-ambiente\/2023\/09\/08\/coordenadoria-de-bem-estar-animal-da-prefeitura-realiza-campanha-para-arrecadar-racao\/\",\"url\":\"https:\/\/www.pmpf.rs.gov.br\/secretaria-de-meio-ambiente\/2023\/09\/08\/coordenadoria-de-bem-estar-animal-da-prefeitura-realiza-campanha-para-arrecadar-racao\/\",\"name\":\"Coordenadoria de Bem-Estar Animal da Prefeitura realiza campanha para arrecadar ra\u00e7\u00e3o - Secretaria de Meio Ambiente\",\"isPartOf\":{\"@id\":\"https:\/\/www.pmpf.rs.gov.br\/secretaria-de-meio-ambiente\/#website\"},\"primaryImageOfPage\":{\"@id\":\"https:\/\/www.pmpf.rs.gov.br\/secretaria-de-meio-ambiente\/2023\/09\/08\/coordenadoria-de-bem-estar-animal-da-prefeitura-realiza-campanha-para-arrecadar-racao\/#primaryimage\"},\"image\":{\"@id\":\"https:\/\/www.pmpf.rs.gov.br\/secretaria-de-meio-ambiente\/2023\/09\/08\/coordenadoria-de-bem-estar-animal-da-prefeitura-realiza-campanha-para-arrecadar-racao\/#primaryimage\"},\"thumbnailUrl\":\"https:\/\/www.pmpf.rs.gov.br\/secretaria-de-meio-ambiente\/wp-content\/uploads\/sites\/48\/2023\/09\/campanha-animais.jpg\",\"datePublished\":\"2023-09-08T13:32:27+00:00\",\"dateModified\":\"2023-09-08T13:35:45+00:00\",\"author\":{\"@id\":\"https:\/\/www.pmpf.rs.gov.br\/secretaria-de-meio-ambiente\/#\/schema\/person\/30ee1d1bd74da1469b01fcf086e43351\"},\"inLanguage\":\"pt-BR\",\"potentialAction\":[{\"@type\":\"ReadAction\",\"target\":[\"https:\/\/www.pmpf.rs.gov.br\/secretaria-de-meio-ambiente\/2023\/09\/08\/coordenadoria-de-bem-estar-animal-da-prefeitura-realiza-campanha-para-arrecadar-racao\/\"]}]},{\"@type\":\"ImageObject\",\"inLanguage\":\"pt-BR\",\"@id\":\"https:\/\/www.pmpf.rs.gov.br\/secretaria-de-meio-ambiente\/2023\/09\/08\/coordenadoria-de-bem-estar-animal-da-prefeitura-realiza-campanha-para-arrecadar-racao\/#primaryimage\",\"url\":\"https:\/\/www.pmpf.rs.gov.br\/secretaria-de-meio-ambiente\/wp-content\/uploads\/sites\/48\/2023\/09\/campanha-animais.jpg\",\"contentUrl\":\"https:\/\/www.pmpf.rs.gov.br\/secretaria-de-meio-ambiente\/wp-content\/uploads\/sites\/48\/2023\/09\/campanha-animais.jpg\",\"width\":1204,\"height\":1600},{\"@type\":\"WebSite\",\"@id\":\"https:\/\/www.pmpf.rs.gov.br\/secretaria-de-meio-ambiente\/#website\",\"url\":\"https:\/\/www.pmpf.rs.gov.br\/secretaria-de-meio-ambiente\/\",\"name\":\"Secretaria de Meio Ambiente\",\"description\":\"S\u00f3 mais um site Prefeitura de Passo Fundo\",\"potentialAction\":[{\"@type\":\"SearchAction\",\"target\":{\"@type\":\"EntryPoint\",\"urlTemplate\":\"https:\/\/www.pmpf.rs.gov.br\/secretaria-de-meio-ambiente\/?s={search_term_string}\"},\"query-input\":{\"@type\":\"PropertyValueSpecification\",\"valueRequired\":true,\"valueName\":\"search_term_string\"}}],\"inLanguage\":\"pt-BR\"},{\"@type\":\"Person\",\"@id\":\"https:\/\/www.pmpf.rs.gov.br\/secretaria-de-meio-ambiente\/#\/schema\/person\/30ee1d1bd74da1469b01fcf086e43351\",\"name\":\"andressazorzetto07\",\"image\":{\"@type\":\"ImageObject\",\"inLanguage\":\"pt-BR\",\"@id\":\"https:\/\/www.pmpf.rs.gov.br\/secretaria-de-meio-ambiente\/#\/schema\/person\/image\/\",\"url\":\"https:\/\/secure.gravatar.com\/avatar\/14c5458ed79dc81da99a13b9ff5f9f19?s=96&d=mm&r=g\",\"contentUrl\":\"https:\/\/secure.gravatar.com\/avatar\/14c5458ed79dc81da99a13b9ff5f9f19?s=96&d=mm&r=g\",\"caption\":\"andressazorzetto07\"},\"url\":\"https:\/\/www.pmpf.rs.gov.br\/secretaria-de-meio-ambiente\/author\/andressazorzetto07\/\"}]}<\/script>\n<!-- \/ Yoast SEO plugin. -->","yoast_head_json":{"title":"Coordenadoria de Bem-Estar Animal da Prefeitura realiza campanha para arrecadar ra\u00e7\u00e3o - Secretaria de Meio Ambiente","robots":{"index":"index","follow":"follow","max-snippet":"max-snippet:-1","max-image-preview":"max-image-preview:large","max-video-preview":"max-video-preview:-1"},"canonical":"https:\/\/www.pmpf.rs.gov.br\/secretaria-de-meio-ambiente\/2023\/09\/08\/coordenadoria-de-bem-estar-animal-da-prefeitura-realiza-campanha-para-arrecadar-racao\/","og_locale":"pt_BR","og_type":"article","og_title":"Coordenadoria de Bem-Estar Animal da Prefeitura realiza campanha para arrecadar ra\u00e7\u00e3o - Secretaria de Meio Ambiente","og_description":"Donativos ir\u00e3o para fam\u00edlias e animais que tiveram preju\u00edzos com as chuvas e inunda\u00e7\u00f5es. Tamb\u00e9m \u00e9 poss\u00edvel contribuir com casinhas, medicamentos, cobertores e roupinhas","og_url":"https:\/\/www.pmpf.rs.gov.br\/secretaria-de-meio-ambiente\/2023\/09\/08\/coordenadoria-de-bem-estar-animal-da-prefeitura-realiza-campanha-para-arrecadar-racao\/","og_site_name":"Secretaria de Meio Ambiente","article_published_time":"2023-09-08T13:32:27+00:00","article_modified_time":"2023-09-08T13:35:45+00:00","og_image":[{"width":1204,"height":1600,"url":"https:\/\/www.pmpf.rs.gov.br\/secretaria-de-meio-ambiente\/wp-content\/uploads\/sites\/48\/2023\/09\/campanha-animais.jpg","type":"image\/jpeg"}],"author":"andressazorzetto07","twitter_card":"summary_large_image","twitter_misc":{"Escrito por":"andressazorzetto07","Est. tempo de leitura":"1 minuto"},"schema":{"@context":"https:\/\/schema.org","@graph":[{"@type":"WebPage","@id":"https:\/\/www.pmpf.rs.gov.br\/secretaria-de-meio-ambiente\/2023\/09\/08\/coordenadoria-de-bem-estar-animal-da-prefeitura-realiza-campanha-para-arrecadar-racao\/","url":"https:\/\/www.pmpf.rs.gov.br\/secretaria-de-meio-ambiente\/2023\/09\/08\/coordenadoria-de-bem-estar-animal-da-prefeitura-realiza-campanha-para-arrecadar-racao\/","name":"Coordenadoria de Bem-Estar Animal da Prefeitura realiza campanha para arrecadar ra\u00e7\u00e3o - Secretaria de Meio Ambiente","isPartOf":{"@id":"https:\/\/www.pmpf.rs.gov.br\/secretaria-de-meio-ambiente\/#website"},"primaryImageOfPage":{"@id":"https:\/\/www.pmpf.rs.gov.br\/secretaria-de-meio-ambiente\/2023\/09\/08\/coordenadoria-de-bem-estar-animal-da-prefeitura-realiza-campanha-para-arrecadar-racao\/#primaryimage"},"image":{"@id":"https:\/\/www.pmpf.rs.gov.br\/secretaria-de-meio-ambiente\/2023\/09\/08\/coordenadoria-de-bem-estar-animal-da-prefeitura-realiza-campanha-para-arrecadar-racao\/#primaryimage"},"thumbnailUrl":"https:\/\/www.pmpf.rs.gov.br\/secretaria-de-meio-ambiente\/wp-content\/uploads\/sites\/48\/2023\/09\/campanha-animais.jpg","datePublished":"2023-09-08T13:32:27+00:00","dateModified":"2023-09-08T13:35:45+00:00","author":{"@id":"https:\/\/www.pmpf.rs.gov.br\/secretaria-de-meio-ambiente\/#\/schema\/person\/30ee1d1bd74da1469b01fcf086e43351"},"inLanguage":"pt-BR","potentialAction":[{"@type":"ReadAction","target":["https:\/\/www.pmpf.rs.gov.br\/secretaria-de-meio-ambiente\/2023\/09\/08\/coordenadoria-de-bem-estar-animal-da-prefeitura-realiza-campanha-para-arrecadar-racao\/"]}]},{"@type":"ImageObject","inLanguage":"pt-BR","@id":"https:\/\/www.pmpf.rs.gov.br\/secretaria-de-meio-ambiente\/2023\/09\/08\/coordenadoria-de-bem-estar-animal-da-prefeitura-realiza-campanha-para-arrecadar-racao\/#primaryimage","url":"https:\/\/www.pmpf.rs.gov.br\/secretaria-de-meio-ambiente\/wp-content\/uploads\/sites\/48\/2023\/09\/campanha-animais.jpg","contentUrl":"https:\/\/www.pmpf.rs.gov.br\/secretaria-de-meio-ambiente\/wp-content\/uploads\/sites\/48\/2023\/09\/campanha-animais.jpg","width":1204,"height":1600},{"@type":"WebSite","@id":"https:\/\/www.pmpf.rs.gov.br\/secretaria-de-meio-ambiente\/#website","url":"https:\/\/www.pmpf.rs.gov.br\/secretaria-de-meio-ambiente\/","name":"Secretaria de Meio Ambiente","description":"S\u00f3 mais um site Prefeitura de Passo Fundo","potentialAction":[{"@type":"SearchAction","target":{"@type":"EntryPoint","urlTemplate":"https:\/\/www.pmpf.rs.gov.br\/secretaria-de-meio-ambiente\/?s={search_term_string}"},"query-input":{"@type":"PropertyValueSpecification","valueRequired":true,"valueName":"search_term_string"}}],"inLanguage":"pt-BR"},{"@type":"Person","@id":"https:\/\/www.pmpf.rs.gov.br\/secretaria-de-meio-ambiente\/#\/schema\/person\/30ee1d1bd74da1469b01fcf086e43351","name":"andressazorzetto07","image":{"@type":"ImageObject","inLanguage":"pt-BR","@id":"https:\/\/www.pmpf.rs.gov.br\/secretaria-de-meio-ambiente\/#\/schema\/person\/image\/","url":"https:\/\/secure.gravatar.com\/avatar\/14c5458ed79dc81da99a13b9ff5f9f19?s=96&d=mm&r=g","contentUrl":"https:\/\/secure.gravatar.com\/avatar\/14c5458ed79dc81da99a13b9ff5f9f19?s=96&d=mm&r=g","caption":"andressazorzetto07"},"url":"https:\/\/www.pmpf.rs.gov.br\/secretaria-de-meio-ambiente\/author\/andressazorzetto07\/"}]}},"_links":{"self":[{"href":"https:\/\/www.pmpf.rs.gov.br\/secretaria-de-meio-ambiente\/wp-json\/wp\/v2\/posts\/1640"}],"collection":[{"href":"https:\/\/www.pmpf.rs.gov.br\/secretaria-de-meio-ambiente\/wp-json\/wp\/v2\/posts"}],"about":[{"href":"https:\/\/www.pmpf.rs.gov.br\/secretaria-de-meio-ambiente\/wp-json\/wp\/v2\/types\/post"}],"author":[{"embeddable":true,"href":"https:\/\/www.pmpf.rs.gov.br\/secretaria-de-meio-ambiente\/wp-json\/wp\/v2\/users\/6"}],"replies":[{"embeddable":true,"href":"https:\/\/www.pmpf.rs.gov.br\/secretaria-de-meio-ambiente\/wp-json\/wp\/v2\/comments?post=1640"}],"version-history":[{"count":1,"href":"https:\/\/www.pmpf.rs.gov.br\/secretaria-de-meio-ambiente\/wp-json\/wp\/v2\/posts\/1640\/revisions"}],"predecessor-version":[{"id":1642,"href":"https:\/\/www.pmpf.rs.gov.br\/secretaria-de-meio-ambiente\/wp-json\/wp\/v2\/posts\/1640\/revisions\/1642"}],"wp:featuredmedia":[{"embeddable":true,"href":"https:\/\/www.pmpf.rs.gov.br\/secretaria-de-meio-ambiente\/wp-json\/wp\/v2\/media\/1641"}],"wp:attachment":[{"href":"https:\/\/www.pmpf.rs.gov.br\/secretaria-de-meio-ambiente\/wp-json\/wp\/v2\/media?parent=1640"}],"wp:term":[{"taxonomy":"category","embeddable":true,"href":"https:\/\/www.pmpf.rs.gov.br\/secretaria-de-meio-ambiente\/wp-json\/wp\/v2\/categories?post=1640"},{"taxonomy":"post_tag","embeddable":true,"href":"https:\/\/www.pmpf.rs.gov.br\/secretaria-de-meio-ambiente\/wp-json\/wp\/v2\/tags?post=1640"}],"curies":[{"name":"wp","href":"https:\/\/api.w.org\/{rel}","templated":true}]}}