{"id":1634,"date":"2023-07-25T08:55:29","date_gmt":"2023-07-25T11:55:29","guid":{"rendered":"https:\/\/www.pmpf.rs.gov.br\/secretaria-de-meio-ambiente\/?p=1634"},"modified":"2023-07-25T16:20:17","modified_gmt":"2023-07-25T19:20:17","slug":"prefeitura-lanca-campanha-de-conscientizacao-sobre-abandono-e-maus-tratos-de-animais","status":"publish","type":"post","link":"https:\/\/www.pmpf.rs.gov.br\/secretaria-de-meio-ambiente\/2023\/07\/25\/prefeitura-lanca-campanha-de-conscientizacao-sobre-abandono-e-maus-tratos-de-animais\/","title":{"rendered":"Prefeitura lan\u00e7a campanha de conscientiza\u00e7\u00e3o sobre abandono e maus-tratos de animais"},"content":{"rendered":"\n<p><\/p>\n\n\n\n<p>A Prefeitura de Passo Fundo lan\u00e7ou, nesta segunda-feira (24), uma campanha de conscientiza\u00e7\u00e3o sobre abandono e maus-tratos de animais. A mobiliza\u00e7\u00e3o contar\u00e1 com informa\u00e7\u00f5es nas redes sociais e a afixa\u00e7\u00e3o de placas em locais estrat\u00e9gicos da cidade, entre outras atividades propostas pela Coordenadoria de Bem-estar Animal.<\/p>\n\n\n\n<p>De acordo com o prefeito Pedro Almeida, o objetivo \u00e9 sensibilizar a popula\u00e7\u00e3o acerca da import\u00e2ncia da prote\u00e7\u00e3o e da garantia dos direitos dos animais. \u201cDesenvolvemos, em Passo Fundo, uma s\u00e9rie de pol\u00edticas p\u00fablicas voltadas aos animais, como as castra\u00e7\u00f5es gratuitas e o acolhimento de c\u00e3es e gatos em lares tempor\u00e1rios. Temos uma equipe de fiscaliza\u00e7\u00e3o de den\u00fancias e situa\u00e7\u00f5es de abandono e maus-tratos. Mas precisamos das pessoas para fortalecer as a\u00e7\u00f5es, mostrando que a cidade est\u00e1 atenta e tem essa bandeira\u201d, destaca.<\/p>\n\n\n\n<p>O abandono e maus-tratos s\u00e3o crimes na Lei Federal 9.605\/98 e tiveram aumento da pena a partir da Lei Federal 14.064\/20, chamada de Lei Sans\u00e3o. Todos os dias, s\u00e3o recebidas pela Coordenadoria de Bem-estar da Secretaria de Meio Ambiente cerca de 20 den\u00fancias de maus-tratos.<\/p>\n\n\n\n<p>Conforme o secret\u00e1rio da pasta, Rafael Colussi, o setor de fiscaliza\u00e7\u00e3o atua de forma administrativa, com veterin\u00e1rios, fiscais e motoristas, verificando as situa\u00e7\u00f5es e aplicando medidas conforme o que \u00e9 assegurado pela lei. Tamb\u00e9m tem o apoio da Brigada Militar e da Pol\u00edcia Civil em casos espec\u00edficos, como aqueles que demandam a retirada de animais. \u201cO Munic\u00edpio deve atuar notificando, cobrando prazos para solu\u00e7\u00f5es e multando os respons\u00e1veis. Se forem constatadas situa\u00e7\u00f5es graves, os animais s\u00e3o retirados imediatamente. Tudo precisa ser documentado e comprovado\u201d, justifica.<\/p>\n\n\n\n<p>Colussi enfatiza que as den\u00fancias s\u00e3o an\u00f4nimas e devem ser feitas pelos canais corretos e oficiais, contendo informa\u00e7\u00f5es concretas sobre os casos. \u201c\u00c9 fundamental que as pessoas entendam este processo a fim de que as situa\u00e7\u00f5es de maus-tratos sejam reportadas aos \u00f3rg\u00e3os competentes de maneira correta e de que medidas sejam tomadas o mais r\u00e1pido poss\u00edvel. Hoje, por exemplo, \u00e9 comum vermos informa\u00e7\u00f5es sendo repassadas via redes sociais. No entanto, as den\u00fancias precisam ser realizadas pelos contatos oficiais para que sejam atendidas\u201d, pontua.<\/p>\n\n\n\n<p>A campanha contra maus-tratos foi apresentada \u00e0 rede de prote\u00e7\u00e3o na semana passada, durante o I F\u00f3rum de Bem-estar Animal. O evento reuniu agentes p\u00fablicos e protetores de Passo Fundo e abordou pol\u00edticas p\u00fablicas e a\u00e7\u00f5es voltadas \u00e0 causa.<\/p>\n\n\n\n<p>Na oportunidade, o prefeito Pedro Almeida tamb\u00e9m anunciou a amplia\u00e7\u00e3o de recursos do Munic\u00edpio em castra\u00e7\u00f5es a partir do programa \u00c9 o Bicho, que ter\u00e1 recorde em 2023 com capacidade financeira para chegar a 4 mil procedimentos. Al\u00e9m disso, comunicou que o Acolhe Pet ser\u00e1 dobrado e poder\u00e1 contar com 30 protetores cadastrados para oferecer lar tempor\u00e1rio e informou uma destina\u00e7\u00e3o de R$ 100 mil do Munic\u00edpio para o Fundo de Bem-estar Animal, cujo recurso poder\u00e1 ser utilizado de acordo com as a\u00e7\u00f5es deliberadas.<\/p>\n\n\n\n<p><strong>S\u00e3o exemplos de maus-tratos contra animais:<br><\/strong>&#8211; Abandonar, espancar, golpear, mutilar e envenenar;<br>&#8211; Manter preso permanentemente em correntes curtas que impe\u00e7am a locomo\u00e7\u00e3o do animal;<br>&#8211; Manter em local anti-higi\u00eanico;<br>&#8211; N\u00e3o abrigar do sol, da chuva e do frio;<br>&#8211; Deixar sem ventila\u00e7\u00e3o e luz solar;<br>&#8211; N\u00e3o dar \u00e1gua e comida diariamente;<br>&#8211; Negar assist\u00eancia veterin\u00e1ria ao animal doente ou ferido;<br>&#8211; Obrigar a trabalho excessivo ou superior \u00e0 sua for\u00e7a;<br>&#8211; Utilizar animais para procria\u00e7\u00e3o de forma constante.<\/p>\n\n\n\n<p><strong>Contatos para den\u00fancias:<br><\/strong>Secretaria de Meio Ambiente &#8211; (54) 3312 9201 | (54) 3317-2529 | bea@pmpf.rs.gov.br<br>3\u00ba Batalh\u00e3o da Brigada Militar (PATRAM) &#8211; (54) 3335-8350<br>Minist\u00e9rio P\u00fablico Estadual &#8211; (54) 3313-5330 | mppassofundo@mprs.mp.br<br>Secretaria Estadual do Meio Ambiente (SEMA) para animais silvestres &#8211; (54) 3312-4202<\/p>\n\n\n\n<p><strong>Foto: Michel Sanderi<\/strong><\/p>\n","protected":false},"excerpt":{"rendered":"<p>Mobiliza\u00e7\u00e3o contar\u00e1 com informa\u00e7\u00f5es nas redes sociais e a afixa\u00e7\u00e3o de placas em locais estrat\u00e9gicos da cidade, entre outras atividades<\/p>\n","protected":false},"author":6,"featured_media":1635,"comment_status":"closed","ping_status":"closed","sticky":true,"template":"","format":"standard","meta":{"footnotes":""},"categories":[1],"tags":[],"class_list":["post-1634","post","type-post","status-publish","format-standard","has-post-thumbnail","hentry","category-sem-categoria"],"yoast_head":"<!-- This site is optimized with the Yoast SEO plugin v23.8 - https:\/\/yoast.com\/wordpress\/plugins\/seo\/ -->\n<title>Prefeitura lan\u00e7a campanha de conscientiza\u00e7\u00e3o sobre abandono e maus-tratos de animais - Secretaria de Meio Ambiente<\/title>\n<meta name=\"robots\" content=\"index, follow, max-snippet:-1, max-image-preview:large, max-video-preview:-1\" \/>\n<link rel=\"canonical\" href=\"https:\/\/www.pmpf.rs.gov.br\/secretaria-de-meio-ambiente\/2023\/07\/25\/prefeitura-lanca-campanha-de-conscientizacao-sobre-abandono-e-maus-tratos-de-animais\/\" \/>\n<meta property=\"og:locale\" content=\"pt_BR\" \/>\n<meta property=\"og:type\" content=\"article\" \/>\n<meta property=\"og:title\" content=\"Prefeitura lan\u00e7a campanha de conscientiza\u00e7\u00e3o sobre abandono e maus-tratos de animais - Secretaria de Meio Ambiente\" \/>\n<meta property=\"og:description\" content=\"Mobiliza\u00e7\u00e3o contar\u00e1 com informa\u00e7\u00f5es nas redes sociais e a afixa\u00e7\u00e3o de placas em locais estrat\u00e9gicos da cidade, entre outras atividades\" \/>\n<meta property=\"og:url\" content=\"https:\/\/www.pmpf.rs.gov.br\/secretaria-de-meio-ambiente\/2023\/07\/25\/prefeitura-lanca-campanha-de-conscientizacao-sobre-abandono-e-maus-tratos-de-animais\/\" \/>\n<meta property=\"og:site_name\" content=\"Secretaria de Meio Ambiente\" \/>\n<meta property=\"article:published_time\" content=\"2023-07-25T11:55:29+00:00\" \/>\n<meta property=\"article:modified_time\" content=\"2023-07-25T19:20:17+00:00\" \/>\n<meta property=\"og:image\" content=\"https:\/\/www.pmpf.rs.gov.br\/secretaria-de-meio-ambiente\/wp-content\/uploads\/sites\/48\/2023\/07\/MSF00314.jpg\" \/>\n\t<meta property=\"og:image:width\" content=\"1\" \/>\n\t<meta property=\"og:image:height\" content=\"1\" \/>\n\t<meta property=\"og:image:type\" content=\"image\/jpeg\" \/>\n<meta name=\"author\" content=\"andressazorzetto07\" \/>\n<meta name=\"twitter:card\" content=\"summary_large_image\" \/>\n<meta name=\"twitter:label1\" content=\"Escrito por\" \/>\n\t<meta name=\"twitter:data1\" content=\"andressazorzetto07\" \/>\n\t<meta name=\"twitter:label2\" content=\"Est. tempo de leitura\" \/>\n\t<meta name=\"twitter:data2\" content=\"3 minutos\" \/>\n<script type=\"application\/ld+json\" class=\"yoast-schema-graph\">{\"@context\":\"https:\/\/schema.org\",\"@graph\":[{\"@type\":\"WebPage\",\"@id\":\"https:\/\/www.pmpf.rs.gov.br\/secretaria-de-meio-ambiente\/2023\/07\/25\/prefeitura-lanca-campanha-de-conscientizacao-sobre-abandono-e-maus-tratos-de-animais\/\",\"url\":\"https:\/\/www.pmpf.rs.gov.br\/secretaria-de-meio-ambiente\/2023\/07\/25\/prefeitura-lanca-campanha-de-conscientizacao-sobre-abandono-e-maus-tratos-de-animais\/\",\"name\":\"Prefeitura lan\u00e7a campanha de conscientiza\u00e7\u00e3o sobre abandono e maus-tratos de animais - Secretaria de Meio Ambiente\",\"isPartOf\":{\"@id\":\"https:\/\/www.pmpf.rs.gov.br\/secretaria-de-meio-ambiente\/#website\"},\"primaryImageOfPage\":{\"@id\":\"https:\/\/www.pmpf.rs.gov.br\/secretaria-de-meio-ambiente\/2023\/07\/25\/prefeitura-lanca-campanha-de-conscientizacao-sobre-abandono-e-maus-tratos-de-animais\/#primaryimage\"},\"image\":{\"@id\":\"https:\/\/www.pmpf.rs.gov.br\/secretaria-de-meio-ambiente\/2023\/07\/25\/prefeitura-lanca-campanha-de-conscientizacao-sobre-abandono-e-maus-tratos-de-animais\/#primaryimage\"},\"thumbnailUrl\":\"https:\/\/www.pmpf.rs.gov.br\/secretaria-de-meio-ambiente\/wp-content\/uploads\/sites\/48\/2023\/07\/MSF00314.jpg\",\"datePublished\":\"2023-07-25T11:55:29+00:00\",\"dateModified\":\"2023-07-25T19:20:17+00:00\",\"author\":{\"@id\":\"https:\/\/www.pmpf.rs.gov.br\/secretaria-de-meio-ambiente\/#\/schema\/person\/30ee1d1bd74da1469b01fcf086e43351\"},\"inLanguage\":\"pt-BR\",\"potentialAction\":[{\"@type\":\"ReadAction\",\"target\":[\"https:\/\/www.pmpf.rs.gov.br\/secretaria-de-meio-ambiente\/2023\/07\/25\/prefeitura-lanca-campanha-de-conscientizacao-sobre-abandono-e-maus-tratos-de-animais\/\"]}]},{\"@type\":\"ImageObject\",\"inLanguage\":\"pt-BR\",\"@id\":\"https:\/\/www.pmpf.rs.gov.br\/secretaria-de-meio-ambiente\/2023\/07\/25\/prefeitura-lanca-campanha-de-conscientizacao-sobre-abandono-e-maus-tratos-de-animais\/#primaryimage\",\"url\":\"https:\/\/www.pmpf.rs.gov.br\/secretaria-de-meio-ambiente\/wp-content\/uploads\/sites\/48\/2023\/07\/MSF00314.jpg\",\"contentUrl\":\"https:\/\/www.pmpf.rs.gov.br\/secretaria-de-meio-ambiente\/wp-content\/uploads\/sites\/48\/2023\/07\/MSF00314.jpg\"},{\"@type\":\"WebSite\",\"@id\":\"https:\/\/www.pmpf.rs.gov.br\/secretaria-de-meio-ambiente\/#website\",\"url\":\"https:\/\/www.pmpf.rs.gov.br\/secretaria-de-meio-ambiente\/\",\"name\":\"Secretaria de Meio Ambiente\",\"description\":\"S\u00f3 mais um site Prefeitura de Passo Fundo\",\"potentialAction\":[{\"@type\":\"SearchAction\",\"target\":{\"@type\":\"EntryPoint\",\"urlTemplate\":\"https:\/\/www.pmpf.rs.gov.br\/secretaria-de-meio-ambiente\/?s={search_term_string}\"},\"query-input\":{\"@type\":\"PropertyValueSpecification\",\"valueRequired\":true,\"valueName\":\"search_term_string\"}}],\"inLanguage\":\"pt-BR\"},{\"@type\":\"Person\",\"@id\":\"https:\/\/www.pmpf.rs.gov.br\/secretaria-de-meio-ambiente\/#\/schema\/person\/30ee1d1bd74da1469b01fcf086e43351\",\"name\":\"andressazorzetto07\",\"image\":{\"@type\":\"ImageObject\",\"inLanguage\":\"pt-BR\",\"@id\":\"https:\/\/www.pmpf.rs.gov.br\/secretaria-de-meio-ambiente\/#\/schema\/person\/image\/\",\"url\":\"https:\/\/secure.gravatar.com\/avatar\/14c5458ed79dc81da99a13b9ff5f9f19?s=96&d=mm&r=g\",\"contentUrl\":\"https:\/\/secure.gravatar.com\/avatar\/14c5458ed79dc81da99a13b9ff5f9f19?s=96&d=mm&r=g\",\"caption\":\"andressazorzetto07\"},\"url\":\"https:\/\/www.pmpf.rs.gov.br\/secretaria-de-meio-ambiente\/author\/andressazorzetto07\/\"}]}<\/script>\n<!-- \/ Yoast SEO plugin. -->","yoast_head_json":{"title":"Prefeitura lan\u00e7a campanha de conscientiza\u00e7\u00e3o sobre abandono e maus-tratos de animais - Secretaria de Meio Ambiente","robots":{"index":"index","follow":"follow","max-snippet":"max-snippet:-1","max-image-preview":"max-image-preview:large","max-video-preview":"max-video-preview:-1"},"canonical":"https:\/\/www.pmpf.rs.gov.br\/secretaria-de-meio-ambiente\/2023\/07\/25\/prefeitura-lanca-campanha-de-conscientizacao-sobre-abandono-e-maus-tratos-de-animais\/","og_locale":"pt_BR","og_type":"article","og_title":"Prefeitura lan\u00e7a campanha de conscientiza\u00e7\u00e3o sobre abandono e maus-tratos de animais - Secretaria de Meio Ambiente","og_description":"Mobiliza\u00e7\u00e3o contar\u00e1 com informa\u00e7\u00f5es nas redes sociais e a afixa\u00e7\u00e3o de placas em locais estrat\u00e9gicos da cidade, entre outras atividades","og_url":"https:\/\/www.pmpf.rs.gov.br\/secretaria-de-meio-ambiente\/2023\/07\/25\/prefeitura-lanca-campanha-de-conscientizacao-sobre-abandono-e-maus-tratos-de-animais\/","og_site_name":"Secretaria de Meio Ambiente","article_published_time":"2023-07-25T11:55:29+00:00","article_modified_time":"2023-07-25T19:20:17+00:00","og_image":[{"url":"https:\/\/www.pmpf.rs.gov.br\/secretaria-de-meio-ambiente\/wp-content\/uploads\/sites\/48\/2023\/07\/MSF00314.jpg","width":1,"height":1,"type":"image\/jpeg"}],"author":"andressazorzetto07","twitter_card":"summary_large_image","twitter_misc":{"Escrito por":"andressazorzetto07","Est. tempo de leitura":"3 minutos"},"schema":{"@context":"https:\/\/schema.org","@graph":[{"@type":"WebPage","@id":"https:\/\/www.pmpf.rs.gov.br\/secretaria-de-meio-ambiente\/2023\/07\/25\/prefeitura-lanca-campanha-de-conscientizacao-sobre-abandono-e-maus-tratos-de-animais\/","url":"https:\/\/www.pmpf.rs.gov.br\/secretaria-de-meio-ambiente\/2023\/07\/25\/prefeitura-lanca-campanha-de-conscientizacao-sobre-abandono-e-maus-tratos-de-animais\/","name":"Prefeitura lan\u00e7a campanha de conscientiza\u00e7\u00e3o sobre abandono e maus-tratos de animais - Secretaria de Meio Ambiente","isPartOf":{"@id":"https:\/\/www.pmpf.rs.gov.br\/secretaria-de-meio-ambiente\/#website"},"primaryImageOfPage":{"@id":"https:\/\/www.pmpf.rs.gov.br\/secretaria-de-meio-ambiente\/2023\/07\/25\/prefeitura-lanca-campanha-de-conscientizacao-sobre-abandono-e-maus-tratos-de-animais\/#primaryimage"},"image":{"@id":"https:\/\/www.pmpf.rs.gov.br\/secretaria-de-meio-ambiente\/2023\/07\/25\/prefeitura-lanca-campanha-de-conscientizacao-sobre-abandono-e-maus-tratos-de-animais\/#primaryimage"},"thumbnailUrl":"https:\/\/www.pmpf.rs.gov.br\/secretaria-de-meio-ambiente\/wp-content\/uploads\/sites\/48\/2023\/07\/MSF00314.jpg","datePublished":"2023-07-25T11:55:29+00:00","dateModified":"2023-07-25T19:20:17+00:00","author":{"@id":"https:\/\/www.pmpf.rs.gov.br\/secretaria-de-meio-ambiente\/#\/schema\/person\/30ee1d1bd74da1469b01fcf086e43351"},"inLanguage":"pt-BR","potentialAction":[{"@type":"ReadAction","target":["https:\/\/www.pmpf.rs.gov.br\/secretaria-de-meio-ambiente\/2023\/07\/25\/prefeitura-lanca-campanha-de-conscientizacao-sobre-abandono-e-maus-tratos-de-animais\/"]}]},{"@type":"ImageObject","inLanguage":"pt-BR","@id":"https:\/\/www.pmpf.rs.gov.br\/secretaria-de-meio-ambiente\/2023\/07\/25\/prefeitura-lanca-campanha-de-conscientizacao-sobre-abandono-e-maus-tratos-de-animais\/#primaryimage","url":"https:\/\/www.pmpf.rs.gov.br\/secretaria-de-meio-ambiente\/wp-content\/uploads\/sites\/48\/2023\/07\/MSF00314.jpg","contentUrl":"https:\/\/www.pmpf.rs.gov.br\/secretaria-de-meio-ambiente\/wp-content\/uploads\/sites\/48\/2023\/07\/MSF00314.jpg"},{"@type":"WebSite","@id":"https:\/\/www.pmpf.rs.gov.br\/secretaria-de-meio-ambiente\/#website","url":"https:\/\/www.pmpf.rs.gov.br\/secretaria-de-meio-ambiente\/","name":"Secretaria de Meio Ambiente","description":"S\u00f3 mais um site Prefeitura de Passo Fundo","potentialAction":[{"@type":"SearchAction","target":{"@type":"EntryPoint","urlTemplate":"https:\/\/www.pmpf.rs.gov.br\/secretaria-de-meio-ambiente\/?s={search_term_string}"},"query-input":{"@type":"PropertyValueSpecification","valueRequired":true,"valueName":"search_term_string"}}],"inLanguage":"pt-BR"},{"@type":"Person","@id":"https:\/\/www.pmpf.rs.gov.br\/secretaria-de-meio-ambiente\/#\/schema\/person\/30ee1d1bd74da1469b01fcf086e43351","name":"andressazorzetto07","image":{"@type":"ImageObject","inLanguage":"pt-BR","@id":"https:\/\/www.pmpf.rs.gov.br\/secretaria-de-meio-ambiente\/#\/schema\/person\/image\/","url":"https:\/\/secure.gravatar.com\/avatar\/14c5458ed79dc81da99a13b9ff5f9f19?s=96&d=mm&r=g","contentUrl":"https:\/\/secure.gravatar.com\/avatar\/14c5458ed79dc81da99a13b9ff5f9f19?s=96&d=mm&r=g","caption":"andressazorzetto07"},"url":"https:\/\/www.pmpf.rs.gov.br\/secretaria-de-meio-ambiente\/author\/andressazorzetto07\/"}]}},"_links":{"self":[{"href":"https:\/\/www.pmpf.rs.gov.br\/secretaria-de-meio-ambiente\/wp-json\/wp\/v2\/posts\/1634"}],"collection":[{"href":"https:\/\/www.pmpf.rs.gov.br\/secretaria-de-meio-ambiente\/wp-json\/wp\/v2\/posts"}],"about":[{"href":"https:\/\/www.pmpf.rs.gov.br\/secretaria-de-meio-ambiente\/wp-json\/wp\/v2\/types\/post"}],"author":[{"embeddable":true,"href":"https:\/\/www.pmpf.rs.gov.br\/secretaria-de-meio-ambiente\/wp-json\/wp\/v2\/users\/6"}],"replies":[{"embeddable":true,"href":"https:\/\/www.pmpf.rs.gov.br\/secretaria-de-meio-ambiente\/wp-json\/wp\/v2\/comments?post=1634"}],"version-history":[{"count":1,"href":"https:\/\/www.pmpf.rs.gov.br\/secretaria-de-meio-ambiente\/wp-json\/wp\/v2\/posts\/1634\/revisions"}],"predecessor-version":[{"id":1636,"href":"https:\/\/www.pmpf.rs.gov.br\/secretaria-de-meio-ambiente\/wp-json\/wp\/v2\/posts\/1634\/revisions\/1636"}],"wp:featuredmedia":[{"embeddable":true,"href":"https:\/\/www.pmpf.rs.gov.br\/secretaria-de-meio-ambiente\/wp-json\/wp\/v2\/media\/1635"}],"wp:attachment":[{"href":"https:\/\/www.pmpf.rs.gov.br\/secretaria-de-meio-ambiente\/wp-json\/wp\/v2\/media?parent=1634"}],"wp:term":[{"taxonomy":"category","embeddable":true,"href":"https:\/\/www.pmpf.rs.gov.br\/secretaria-de-meio-ambiente\/wp-json\/wp\/v2\/categories?post=1634"},{"taxonomy":"post_tag","embeddable":true,"href":"https:\/\/www.pmpf.rs.gov.br\/secretaria-de-meio-ambiente\/wp-json\/wp\/v2\/tags?post=1634"}],"curies":[{"name":"wp","href":"https:\/\/api.w.org\/{rel}","templated":true}]}}