{"id":1631,"date":"2023-07-24T09:19:54","date_gmt":"2023-07-24T12:19:54","guid":{"rendered":"https:\/\/www.pmpf.rs.gov.br\/secretaria-de-meio-ambiente\/?p=1631"},"modified":"2023-07-24T14:15:31","modified_gmt":"2023-07-24T17:15:31","slug":"no-i-forum-do-bem-estar-animal-prefeito-pedro-almeida-anuncia-mais-recursos-para-castracoes-de-caes-e-gatos","status":"publish","type":"post","link":"https:\/\/www.pmpf.rs.gov.br\/secretaria-de-meio-ambiente\/2023\/07\/24\/no-i-forum-do-bem-estar-animal-prefeito-pedro-almeida-anuncia-mais-recursos-para-castracoes-de-caes-e-gatos\/","title":{"rendered":"No I F\u00f3rum do Bem-estar Animal, prefeito Pedro Almeida anuncia mais recursos para castra\u00e7\u00f5es de c\u00e3es e gatos"},"content":{"rendered":"\n<p><\/p>\n\n\n\n<p>Na noite desta quarta-feira (19), a Prefeitura promoveu o I F\u00f3rum de Bem-Estar Animal. O encontro, que aconteceu na Secretaria de Meio Ambiente, reuniu agentes p\u00fablicos e protetores de Passo Fundo para falar sobre pol\u00edticas p\u00fablicas e a\u00e7\u00f5es voltadas \u00e0 causa. Na oportunidade, o prefeito Pedro Almeida anunciou a amplia\u00e7\u00e3o de recursos do Munic\u00edpio em castra\u00e7\u00f5es a partir do programa \u00c9 o Bicho e salientou que haver\u00e1 recorde de procedimentos gratuitos para a comunidade em 2023.<\/p>\n\n\n\n<p>\u201cVamos aplicar no programa mais R$ 470 mil neste ano. Esse aporte, somado ao que j\u00e1 temos garantido, viabilizar\u00e1 4 mil procedimentos somente em 2023. O \u00c9 o Bicho foi uma das primeiras iniciativas da Prefeitura no que diz respeito \u00e0s pol\u00edticas voltadas aos animais e segue tendo uma aten\u00e7\u00e3o especial pelos impactos que promove na cidade, para as pessoas e para os animais\u201d, considerou.<\/p>\n\n\n\n<p>O programa \u00c9 o Bicho, em atividade desde outubro de 2014, ultrapassou 10 mil castra\u00e7\u00f5es. O recorde anual anterior era de 2 mil procedimentos, em 2022, e neste ano atingir\u00e1 o total de 4 mil castra\u00e7\u00f5es, sendo que 1,8 procedimentos j\u00e1 foram realizados at\u00e9 a presente data.<\/p>\n\n\n\n<p>O secret\u00e1rio do Meio Ambiente, Rafael Colussi, considerou que, com as castra\u00e7\u00f5es, a Prefeitura diminui a procria\u00e7\u00e3o de c\u00e3es e gatos e, consequentemente, poss\u00edveis situa\u00e7\u00f5es de abandono e maus-tratos. \u201cA castra\u00e7\u00e3o \u00e9 a maneira mais efetiva para evitar crias de animais, contribuindo, assim, com a quest\u00e3o da sa\u00fade p\u00fablica, controle de zoonose, abandono e maus-tratos. Por isso, trabalhamos para fortalecer o programa e viabilizar mais recursos\u201d, justificou, enfatizando que os procedimentos gratuitos s\u00e3o destinados a animais em vulnerabilidade, de pessoas inscritas no Cadastro \u00danico da Assist\u00eancia Social e tamb\u00e9m a acolhidos e cuidados por protetores.<\/p>\n\n\n\n<p>Ampliando os recursos destinados aos animais, o prefeito tamb\u00e9m anunciou a destina\u00e7\u00e3o de R$ 100 mil do Munic\u00edpio ao Fundo Municipal do Bem-estar Animal (Fubem). O fundo \u00e9 utilizado para a\u00e7\u00f5es como castra\u00e7\u00f5es, tendo a aprova\u00e7\u00e3o dos conselheiros.<\/p>\n\n\n\n<p><\/p>\n\n\n\n<p><strong>Acolhe Pet<br><\/strong>Al\u00e9m de mais recursos para as castra\u00e7\u00f5es, o prefeito anunciou a amplia\u00e7\u00e3o do Acolhe Pet, que possibilitar\u00e1 dobrar o n\u00famero de protetores inscritos no programa e que disponibilizam lares tempor\u00e1rios. \u201cHoje, temos 15 vagas para protetores no Acolhe Pet, que podem albergar at\u00e9 10 animais. A partir do pr\u00f3ximo edital, que est\u00e1 sendo confeccionado, teremos 30 vagas. Ou seja, pelo programa, conseguiremos ampliar o n\u00famero de protetores e n\u00famero de animais atendidos pelo programa e albergar at\u00e9 300 animais neste formato. Os protetores seguir\u00e3o recebendo R$ 70 por animal albergado pelo Acolhe Pet\u201d, disse.<\/p>\n\n\n\n<p>O Secret\u00e1rio do Meio Ambiente, Rafael Colussi, mencionou que o albergamento tempor\u00e1rio promove o acolhimento de c\u00e3es e gatos em situa\u00e7\u00e3o de maus-tratos at\u00e9 que eles estejam aptos para ado\u00e7\u00e3o e ponderou que o programa Acolhe Pet contribui com os protetores que realizam esse trabalho voluntariamente. \u201cOs protetores t\u00eam uma atua\u00e7\u00e3o muito importante para a cidade e precisam desta ajuda com custos. A inten\u00e7\u00e3o do programa \u00e9 que os animais recebam os cuidados necess\u00e1rios at\u00e9 que sejam adotados, n\u00e3o sobrecarregando o financeiro dos protetores\u201d, completou.<\/p>\n\n\n\n<p><\/p>\n\n\n\n<p><strong>Banco de Ra\u00e7\u00e3o<br><\/strong>Outra a\u00e7\u00e3o implementada em 2022 e que foi lembrada durante o encontro \u00e9 o Banco de Ra\u00e7\u00e3o. A Secretaria de Meio Ambiente diagnostica as situa\u00e7\u00f5es de vulnerabilidade e fornece aux\u00edlio em car\u00e1ter emergencial para os casos que demandam doa\u00e7\u00e3o de ra\u00e7\u00e3o.<\/p>\n\n\n\n<p>A iniciativa foi articulada no per\u00edodo de p\u00f3s-pandemia e mantida pela Prefeitura. A ra\u00e7\u00e3o \u00e9 adquirida com recursos pr\u00f3prios do Munic\u00edpio, que correspondem a R$ 52 mil por ano.<\/p>\n\n\n\n<p><\/p>\n\n\n\n<p><strong>Ambulat\u00f3rio Veterin\u00e1rio Municipal<br><\/strong>Dentro das pol\u00edticas p\u00fablicas voltadas aos animais, Passo Fundo tamb\u00e9m conta com o Ambulat\u00f3rio Veterin\u00e1rio Municipal, que fornece atendimentos cl\u00ednicos de baixa complexidade gratuitos \u00e0 popula\u00e7\u00e3o. Diariamente, s\u00e3o realizadas aproximadamente 20 consultas.<br>O ambulat\u00f3rio est\u00e1 localizado na Rua Silva Jardim, 373, Vila Annes. Os atendimentos ocorrem de segunda a sexta-feira, das 8h \u00e0s 11h30 e das 13h30 \u00e0s 17h.<\/p>\n\n\n\n<p><\/p>\n\n\n\n<p><strong>Campanha contra abandono e maus-tratos<br><\/strong>Durante o I F\u00f3rum de Prote\u00e7\u00e3o e Bem-Estar Animal, a Prefeitura tamb\u00e9m apresentou uma campanha institucional com foco no combate ao abandono e maus-tratos, que se constituem crimes. Materiais informativos e de sensibiliza\u00e7\u00e3o ser\u00e3o divulgados na m\u00eddia e em redes sociais. Al\u00e9m disso, ser\u00e3o afixadas placas em pontos estrat\u00e9gicos da cidade.<\/p>\n","protected":false},"excerpt":{"rendered":"<p>Evento foi realizado na noite desta quarta-feira (19), reunindo agentes p\u00fablicos e protetores de Passo Fundo. Al\u00e9m do \u00c9 o Bicho, o programa Acolhe Pet ser\u00e1 ampliado e poder\u00e1 ter o dobro de lares tempor\u00e1rios cadastrados<\/p>\n","protected":false},"author":6,"featured_media":1632,"comment_status":"closed","ping_status":"closed","sticky":true,"template":"","format":"standard","meta":{"footnotes":""},"categories":[1],"tags":[],"class_list":["post-1631","post","type-post","status-publish","format-standard","has-post-thumbnail","hentry","category-sem-categoria"],"yoast_head":"<!-- This site is optimized with the Yoast SEO plugin v23.8 - https:\/\/yoast.com\/wordpress\/plugins\/seo\/ -->\n<title>No I F\u00f3rum do Bem-estar Animal, prefeito Pedro Almeida anuncia mais recursos para castra\u00e7\u00f5es de c\u00e3es e gatos - Secretaria de Meio Ambiente<\/title>\n<meta name=\"robots\" content=\"index, follow, max-snippet:-1, max-image-preview:large, max-video-preview:-1\" \/>\n<link rel=\"canonical\" href=\"https:\/\/www.pmpf.rs.gov.br\/secretaria-de-meio-ambiente\/2023\/07\/24\/no-i-forum-do-bem-estar-animal-prefeito-pedro-almeida-anuncia-mais-recursos-para-castracoes-de-caes-e-gatos\/\" \/>\n<meta property=\"og:locale\" content=\"pt_BR\" \/>\n<meta property=\"og:type\" content=\"article\" \/>\n<meta property=\"og:title\" content=\"No I F\u00f3rum do Bem-estar Animal, prefeito Pedro Almeida anuncia mais recursos para castra\u00e7\u00f5es de c\u00e3es e gatos - Secretaria de Meio Ambiente\" \/>\n<meta property=\"og:description\" content=\"Evento foi realizado na noite desta quarta-feira (19), reunindo agentes p\u00fablicos e protetores de Passo Fundo. Al\u00e9m do \u00c9 o Bicho, o programa Acolhe Pet ser\u00e1 ampliado e poder\u00e1 ter o dobro de lares tempor\u00e1rios cadastrados\" \/>\n<meta property=\"og:url\" content=\"https:\/\/www.pmpf.rs.gov.br\/secretaria-de-meio-ambiente\/2023\/07\/24\/no-i-forum-do-bem-estar-animal-prefeito-pedro-almeida-anuncia-mais-recursos-para-castracoes-de-caes-e-gatos\/\" \/>\n<meta property=\"og:site_name\" content=\"Secretaria de Meio Ambiente\" \/>\n<meta property=\"article:published_time\" content=\"2023-07-24T12:19:54+00:00\" \/>\n<meta property=\"article:modified_time\" content=\"2023-07-24T17:15:31+00:00\" \/>\n<meta property=\"og:image\" content=\"https:\/\/www.pmpf.rs.gov.br\/secretaria-de-meio-ambiente\/wp-content\/uploads\/sites\/48\/2023\/07\/forum-bem-estar-animal.jpg\" \/>\n\t<meta property=\"og:image:width\" content=\"1258\" \/>\n\t<meta property=\"og:image:height\" content=\"803\" \/>\n\t<meta property=\"og:image:type\" content=\"image\/jpeg\" \/>\n<meta name=\"author\" content=\"andressazorzetto07\" \/>\n<meta name=\"twitter:card\" content=\"summary_large_image\" \/>\n<meta name=\"twitter:label1\" content=\"Escrito por\" \/>\n\t<meta name=\"twitter:data1\" content=\"andressazorzetto07\" \/>\n\t<meta name=\"twitter:label2\" content=\"Est. tempo de leitura\" \/>\n\t<meta name=\"twitter:data2\" content=\"4 minutos\" \/>\n<script type=\"application\/ld+json\" class=\"yoast-schema-graph\">{\"@context\":\"https:\/\/schema.org\",\"@graph\":[{\"@type\":\"WebPage\",\"@id\":\"https:\/\/www.pmpf.rs.gov.br\/secretaria-de-meio-ambiente\/2023\/07\/24\/no-i-forum-do-bem-estar-animal-prefeito-pedro-almeida-anuncia-mais-recursos-para-castracoes-de-caes-e-gatos\/\",\"url\":\"https:\/\/www.pmpf.rs.gov.br\/secretaria-de-meio-ambiente\/2023\/07\/24\/no-i-forum-do-bem-estar-animal-prefeito-pedro-almeida-anuncia-mais-recursos-para-castracoes-de-caes-e-gatos\/\",\"name\":\"No I F\u00f3rum do Bem-estar Animal, prefeito Pedro Almeida anuncia mais recursos para castra\u00e7\u00f5es de c\u00e3es e gatos - Secretaria de Meio Ambiente\",\"isPartOf\":{\"@id\":\"https:\/\/www.pmpf.rs.gov.br\/secretaria-de-meio-ambiente\/#website\"},\"primaryImageOfPage\":{\"@id\":\"https:\/\/www.pmpf.rs.gov.br\/secretaria-de-meio-ambiente\/2023\/07\/24\/no-i-forum-do-bem-estar-animal-prefeito-pedro-almeida-anuncia-mais-recursos-para-castracoes-de-caes-e-gatos\/#primaryimage\"},\"image\":{\"@id\":\"https:\/\/www.pmpf.rs.gov.br\/secretaria-de-meio-ambiente\/2023\/07\/24\/no-i-forum-do-bem-estar-animal-prefeito-pedro-almeida-anuncia-mais-recursos-para-castracoes-de-caes-e-gatos\/#primaryimage\"},\"thumbnailUrl\":\"https:\/\/www.pmpf.rs.gov.br\/secretaria-de-meio-ambiente\/wp-content\/uploads\/sites\/48\/2023\/07\/forum-bem-estar-animal.jpg\",\"datePublished\":\"2023-07-24T12:19:54+00:00\",\"dateModified\":\"2023-07-24T17:15:31+00:00\",\"author\":{\"@id\":\"https:\/\/www.pmpf.rs.gov.br\/secretaria-de-meio-ambiente\/#\/schema\/person\/30ee1d1bd74da1469b01fcf086e43351\"},\"inLanguage\":\"pt-BR\",\"potentialAction\":[{\"@type\":\"ReadAction\",\"target\":[\"https:\/\/www.pmpf.rs.gov.br\/secretaria-de-meio-ambiente\/2023\/07\/24\/no-i-forum-do-bem-estar-animal-prefeito-pedro-almeida-anuncia-mais-recursos-para-castracoes-de-caes-e-gatos\/\"]}]},{\"@type\":\"ImageObject\",\"inLanguage\":\"pt-BR\",\"@id\":\"https:\/\/www.pmpf.rs.gov.br\/secretaria-de-meio-ambiente\/2023\/07\/24\/no-i-forum-do-bem-estar-animal-prefeito-pedro-almeida-anuncia-mais-recursos-para-castracoes-de-caes-e-gatos\/#primaryimage\",\"url\":\"https:\/\/www.pmpf.rs.gov.br\/secretaria-de-meio-ambiente\/wp-content\/uploads\/sites\/48\/2023\/07\/forum-bem-estar-animal.jpg\",\"contentUrl\":\"https:\/\/www.pmpf.rs.gov.br\/secretaria-de-meio-ambiente\/wp-content\/uploads\/sites\/48\/2023\/07\/forum-bem-estar-animal.jpg\",\"width\":1258,\"height\":803},{\"@type\":\"WebSite\",\"@id\":\"https:\/\/www.pmpf.rs.gov.br\/secretaria-de-meio-ambiente\/#website\",\"url\":\"https:\/\/www.pmpf.rs.gov.br\/secretaria-de-meio-ambiente\/\",\"name\":\"Secretaria de Meio Ambiente\",\"description\":\"S\u00f3 mais um site Prefeitura de Passo Fundo\",\"potentialAction\":[{\"@type\":\"SearchAction\",\"target\":{\"@type\":\"EntryPoint\",\"urlTemplate\":\"https:\/\/www.pmpf.rs.gov.br\/secretaria-de-meio-ambiente\/?s={search_term_string}\"},\"query-input\":{\"@type\":\"PropertyValueSpecification\",\"valueRequired\":true,\"valueName\":\"search_term_string\"}}],\"inLanguage\":\"pt-BR\"},{\"@type\":\"Person\",\"@id\":\"https:\/\/www.pmpf.rs.gov.br\/secretaria-de-meio-ambiente\/#\/schema\/person\/30ee1d1bd74da1469b01fcf086e43351\",\"name\":\"andressazorzetto07\",\"image\":{\"@type\":\"ImageObject\",\"inLanguage\":\"pt-BR\",\"@id\":\"https:\/\/www.pmpf.rs.gov.br\/secretaria-de-meio-ambiente\/#\/schema\/person\/image\/\",\"url\":\"https:\/\/secure.gravatar.com\/avatar\/14c5458ed79dc81da99a13b9ff5f9f19?s=96&d=mm&r=g\",\"contentUrl\":\"https:\/\/secure.gravatar.com\/avatar\/14c5458ed79dc81da99a13b9ff5f9f19?s=96&d=mm&r=g\",\"caption\":\"andressazorzetto07\"},\"url\":\"https:\/\/www.pmpf.rs.gov.br\/secretaria-de-meio-ambiente\/author\/andressazorzetto07\/\"}]}<\/script>\n<!-- \/ Yoast SEO plugin. -->","yoast_head_json":{"title":"No I F\u00f3rum do Bem-estar Animal, prefeito Pedro Almeida anuncia mais recursos para castra\u00e7\u00f5es de c\u00e3es e gatos - Secretaria de Meio Ambiente","robots":{"index":"index","follow":"follow","max-snippet":"max-snippet:-1","max-image-preview":"max-image-preview:large","max-video-preview":"max-video-preview:-1"},"canonical":"https:\/\/www.pmpf.rs.gov.br\/secretaria-de-meio-ambiente\/2023\/07\/24\/no-i-forum-do-bem-estar-animal-prefeito-pedro-almeida-anuncia-mais-recursos-para-castracoes-de-caes-e-gatos\/","og_locale":"pt_BR","og_type":"article","og_title":"No I F\u00f3rum do Bem-estar Animal, prefeito Pedro Almeida anuncia mais recursos para castra\u00e7\u00f5es de c\u00e3es e gatos - Secretaria de Meio Ambiente","og_description":"Evento foi realizado na noite desta quarta-feira (19), reunindo agentes p\u00fablicos e protetores de Passo Fundo. Al\u00e9m do \u00c9 o Bicho, o programa Acolhe Pet ser\u00e1 ampliado e poder\u00e1 ter o dobro de lares tempor\u00e1rios cadastrados","og_url":"https:\/\/www.pmpf.rs.gov.br\/secretaria-de-meio-ambiente\/2023\/07\/24\/no-i-forum-do-bem-estar-animal-prefeito-pedro-almeida-anuncia-mais-recursos-para-castracoes-de-caes-e-gatos\/","og_site_name":"Secretaria de Meio Ambiente","article_published_time":"2023-07-24T12:19:54+00:00","article_modified_time":"2023-07-24T17:15:31+00:00","og_image":[{"width":1258,"height":803,"url":"https:\/\/www.pmpf.rs.gov.br\/secretaria-de-meio-ambiente\/wp-content\/uploads\/sites\/48\/2023\/07\/forum-bem-estar-animal.jpg","type":"image\/jpeg"}],"author":"andressazorzetto07","twitter_card":"summary_large_image","twitter_misc":{"Escrito por":"andressazorzetto07","Est. tempo de leitura":"4 minutos"},"schema":{"@context":"https:\/\/schema.org","@graph":[{"@type":"WebPage","@id":"https:\/\/www.pmpf.rs.gov.br\/secretaria-de-meio-ambiente\/2023\/07\/24\/no-i-forum-do-bem-estar-animal-prefeito-pedro-almeida-anuncia-mais-recursos-para-castracoes-de-caes-e-gatos\/","url":"https:\/\/www.pmpf.rs.gov.br\/secretaria-de-meio-ambiente\/2023\/07\/24\/no-i-forum-do-bem-estar-animal-prefeito-pedro-almeida-anuncia-mais-recursos-para-castracoes-de-caes-e-gatos\/","name":"No I F\u00f3rum do Bem-estar Animal, prefeito Pedro Almeida anuncia mais recursos para castra\u00e7\u00f5es de c\u00e3es e gatos - Secretaria de Meio Ambiente","isPartOf":{"@id":"https:\/\/www.pmpf.rs.gov.br\/secretaria-de-meio-ambiente\/#website"},"primaryImageOfPage":{"@id":"https:\/\/www.pmpf.rs.gov.br\/secretaria-de-meio-ambiente\/2023\/07\/24\/no-i-forum-do-bem-estar-animal-prefeito-pedro-almeida-anuncia-mais-recursos-para-castracoes-de-caes-e-gatos\/#primaryimage"},"image":{"@id":"https:\/\/www.pmpf.rs.gov.br\/secretaria-de-meio-ambiente\/2023\/07\/24\/no-i-forum-do-bem-estar-animal-prefeito-pedro-almeida-anuncia-mais-recursos-para-castracoes-de-caes-e-gatos\/#primaryimage"},"thumbnailUrl":"https:\/\/www.pmpf.rs.gov.br\/secretaria-de-meio-ambiente\/wp-content\/uploads\/sites\/48\/2023\/07\/forum-bem-estar-animal.jpg","datePublished":"2023-07-24T12:19:54+00:00","dateModified":"2023-07-24T17:15:31+00:00","author":{"@id":"https:\/\/www.pmpf.rs.gov.br\/secretaria-de-meio-ambiente\/#\/schema\/person\/30ee1d1bd74da1469b01fcf086e43351"},"inLanguage":"pt-BR","potentialAction":[{"@type":"ReadAction","target":["https:\/\/www.pmpf.rs.gov.br\/secretaria-de-meio-ambiente\/2023\/07\/24\/no-i-forum-do-bem-estar-animal-prefeito-pedro-almeida-anuncia-mais-recursos-para-castracoes-de-caes-e-gatos\/"]}]},{"@type":"ImageObject","inLanguage":"pt-BR","@id":"https:\/\/www.pmpf.rs.gov.br\/secretaria-de-meio-ambiente\/2023\/07\/24\/no-i-forum-do-bem-estar-animal-prefeito-pedro-almeida-anuncia-mais-recursos-para-castracoes-de-caes-e-gatos\/#primaryimage","url":"https:\/\/www.pmpf.rs.gov.br\/secretaria-de-meio-ambiente\/wp-content\/uploads\/sites\/48\/2023\/07\/forum-bem-estar-animal.jpg","contentUrl":"https:\/\/www.pmpf.rs.gov.br\/secretaria-de-meio-ambiente\/wp-content\/uploads\/sites\/48\/2023\/07\/forum-bem-estar-animal.jpg","width":1258,"height":803},{"@type":"WebSite","@id":"https:\/\/www.pmpf.rs.gov.br\/secretaria-de-meio-ambiente\/#website","url":"https:\/\/www.pmpf.rs.gov.br\/secretaria-de-meio-ambiente\/","name":"Secretaria de Meio Ambiente","description":"S\u00f3 mais um site Prefeitura de Passo Fundo","potentialAction":[{"@type":"SearchAction","target":{"@type":"EntryPoint","urlTemplate":"https:\/\/www.pmpf.rs.gov.br\/secretaria-de-meio-ambiente\/?s={search_term_string}"},"query-input":{"@type":"PropertyValueSpecification","valueRequired":true,"valueName":"search_term_string"}}],"inLanguage":"pt-BR"},{"@type":"Person","@id":"https:\/\/www.pmpf.rs.gov.br\/secretaria-de-meio-ambiente\/#\/schema\/person\/30ee1d1bd74da1469b01fcf086e43351","name":"andressazorzetto07","image":{"@type":"ImageObject","inLanguage":"pt-BR","@id":"https:\/\/www.pmpf.rs.gov.br\/secretaria-de-meio-ambiente\/#\/schema\/person\/image\/","url":"https:\/\/secure.gravatar.com\/avatar\/14c5458ed79dc81da99a13b9ff5f9f19?s=96&d=mm&r=g","contentUrl":"https:\/\/secure.gravatar.com\/avatar\/14c5458ed79dc81da99a13b9ff5f9f19?s=96&d=mm&r=g","caption":"andressazorzetto07"},"url":"https:\/\/www.pmpf.rs.gov.br\/secretaria-de-meio-ambiente\/author\/andressazorzetto07\/"}]}},"_links":{"self":[{"href":"https:\/\/www.pmpf.rs.gov.br\/secretaria-de-meio-ambiente\/wp-json\/wp\/v2\/posts\/1631"}],"collection":[{"href":"https:\/\/www.pmpf.rs.gov.br\/secretaria-de-meio-ambiente\/wp-json\/wp\/v2\/posts"}],"about":[{"href":"https:\/\/www.pmpf.rs.gov.br\/secretaria-de-meio-ambiente\/wp-json\/wp\/v2\/types\/post"}],"author":[{"embeddable":true,"href":"https:\/\/www.pmpf.rs.gov.br\/secretaria-de-meio-ambiente\/wp-json\/wp\/v2\/users\/6"}],"replies":[{"embeddable":true,"href":"https:\/\/www.pmpf.rs.gov.br\/secretaria-de-meio-ambiente\/wp-json\/wp\/v2\/comments?post=1631"}],"version-history":[{"count":1,"href":"https:\/\/www.pmpf.rs.gov.br\/secretaria-de-meio-ambiente\/wp-json\/wp\/v2\/posts\/1631\/revisions"}],"predecessor-version":[{"id":1633,"href":"https:\/\/www.pmpf.rs.gov.br\/secretaria-de-meio-ambiente\/wp-json\/wp\/v2\/posts\/1631\/revisions\/1633"}],"wp:featuredmedia":[{"embeddable":true,"href":"https:\/\/www.pmpf.rs.gov.br\/secretaria-de-meio-ambiente\/wp-json\/wp\/v2\/media\/1632"}],"wp:attachment":[{"href":"https:\/\/www.pmpf.rs.gov.br\/secretaria-de-meio-ambiente\/wp-json\/wp\/v2\/media?parent=1631"}],"wp:term":[{"taxonomy":"category","embeddable":true,"href":"https:\/\/www.pmpf.rs.gov.br\/secretaria-de-meio-ambiente\/wp-json\/wp\/v2\/categories?post=1631"},{"taxonomy":"post_tag","embeddable":true,"href":"https:\/\/www.pmpf.rs.gov.br\/secretaria-de-meio-ambiente\/wp-json\/wp\/v2\/tags?post=1631"}],"curies":[{"name":"wp","href":"https:\/\/api.w.org\/{rel}","templated":true}]}}