{"id":1625,"date":"2023-06-30T16:12:26","date_gmt":"2023-06-30T19:12:26","guid":{"rendered":"https:\/\/www.pmpf.rs.gov.br\/secretaria-de-meio-ambiente\/?p=1625"},"modified":"2023-06-30T16:12:30","modified_gmt":"2023-06-30T19:12:30","slug":"no-1o-encontro-dos-cooperados-da-reciclagem-prefeitura-fortalece-o-apoio-aos-trabalhadores","status":"publish","type":"post","link":"https:\/\/www.pmpf.rs.gov.br\/secretaria-de-meio-ambiente\/2023\/06\/30\/no-1o-encontro-dos-cooperados-da-reciclagem-prefeitura-fortalece-o-apoio-aos-trabalhadores\/","title":{"rendered":"No 1\u00ba Encontro dos Cooperados da Reciclagem, Prefeitura fortalece o apoio aos trabalhadores"},"content":{"rendered":"\n<p><br><\/p>\n\n\n\n<p>A Prefeitura de Passo Fundo realizou, nesta sexta-feira (30), o 1\u00ba Encontro do Cooperador Ambiental. A iniciativa, que aconteceu no \u00faltimo dia do M\u00eas do Meio Ambiente, na Secretaria Municipal do Meio Ambiente, teve como foco fortalecer o apoio aos trabalhadores da reciclagem, reafirmando a\u00e7\u00f5es voltadas \u00e0s cooperativas que desenvolvem este trabalho em Passo Fundo. A atividade tamb\u00e9m contou com uma confraterniza\u00e7\u00e3o e caf\u00e9 da manh\u00e3.<\/p>\n\n\n\n<p>O prefeito Pedro Almeida enalteceu a import\u00e2ncia das cooperativas e dos recicladores para o meio ambiente e a cidade. \u201cQueremos ampliar as a\u00e7\u00f5es que tenham impacto na vida das pessoas e daquelas que trabalham diariamente por Passo Fundo. A reciclagem n\u00e3o \u00e9 um trabalho f\u00e1cil, mas fundamental, que pouca gente se disp\u00f5e a fazer. Por isso, em nome de toda a popula\u00e7\u00e3o, registro aqui um agradecimento a todos os trabalhadores. A Prefeitura reconhece este trabalho e est\u00e1 ao lado para promover melhores condi\u00e7\u00f5es para o dia a dia de quem o realiza\u201d, afirma.<\/p>\n\n\n\n<p>Atualmente, o Munic\u00edpio possui contrato com quatro cooperativas de reciclagem \u2013 Recibela, Coama, Arevi e Cootraempo \u2013, que somam aproximadamente 100 trabalhadores. Por meio dos contratos vigentes, o Munic\u00edpio repassa a essas cooperativas valores mensais de acordo com a comprova\u00e7\u00e3o de materiais reciclados e o n\u00famero de cooperados beneficiados. A popula\u00e7\u00e3o tamb\u00e9m pode contribuir com o aumento da renda dos trabalhadores com a destina\u00e7\u00e3o de recicl\u00e1veis.<\/p>\n\n\n\n<p>De acordo com o secret\u00e1rio de Meio Ambiente, Rafael Colussi. os servi\u00e7os desenvolvidos pelas cooperativas s\u00e3o satisfat\u00f3rios para Passo Fundo, que est\u00e1 \u00e0 frente da m\u00e9dia nacional de percentual de res\u00edduos reciclados. \u201cPor tr\u00e1s deste dado, temos os trabalhadores da reciclagem, que merecem o reconhecimento por meio de pol\u00edticas p\u00fablicas. Estamos encerrando o M\u00eas do Meio Ambiente com quem coloca a m\u00e3o na massa para ajudar a cidade\u201d, destacou.<\/p>\n\n\n\n<p>A presidente da cooperativa Cootraempo, Mara Sampaio Lui, compartilhou o significado do encontro para os trabalhadores. \u201cSentimos muitas mudan\u00e7as e avan\u00e7os. Ficamos felizes por saber que podemos contar com a Prefeitura e que somos bem olhados como recicladores. Este encontro foi muito importante para a nossa autoestima. Nunca t\u00ednhamos tido um e esperamos ter muitos outros\u201d, disse.<\/p>\n\n\n\n<p>S\u00e3o parceiros e participaram da atividade as empresas: Cinbalagens, Sementes Buti\u00e1, Produt\u00e9cnica, Agrometa, Sulprev e Scorsatto.<\/p>\n\n\n\n<p><\/p>\n\n\n\n<p><strong>Programa Municipal de Apoio aos Recicladores<br><\/strong>Com o Programa Municipal de Apoio aos Recicladores, a Prefeitura busca valorizar os trabalhadores que contribuem diretamente com a limpeza e a destina\u00e7\u00e3o correta dos res\u00edduos de Passo Fundo. Os recicladores que atuam nas cooperativas que possuem contrato com o Munic\u00edpio, al\u00e9m dos valores j\u00e1 fornecidos pelas entidades, tamb\u00e9m receber\u00e3o uma cesta b\u00e1sica por m\u00eas.<\/p>\n\n\n\n<p>Ser\u00e1 realizado um processo licitat\u00f3rio para contrata\u00e7\u00e3o de empresa respons\u00e1vel pela distribui\u00e7\u00e3o. Ap\u00f3s essa defini\u00e7\u00e3o, at\u00e9 o quinto dia \u00fatil de cada m\u00eas, a Secretaria Municipal de Meio Ambiente fornecer\u00e1 ao setor respons\u00e1vel pela entrega das respectivas cestas b\u00e1sicas a rela\u00e7\u00e3o nominal dos cooperados com direito ao recebimento. A cesta b\u00e1sica n\u00e3o ser\u00e1 inclu\u00edda nos valores j\u00e1 pagos aos cooperados, correspondendo a um adicional, pago com recursos do Munic\u00edpio.<\/p>\n\n\n\n<p><strong>Foto: Michel Sanderi<\/strong><\/p>\n","protected":false},"excerpt":{"rendered":"<p>Atividade foi realizada nesta sexta-feira (30), durante o encerramento do M\u00eas do Meio Ambiente, e tamb\u00e9m contou com uma confraterniza\u00e7\u00e3o e caf\u00e9 da manh\u00e3<\/p>\n","protected":false},"author":6,"featured_media":1626,"comment_status":"closed","ping_status":"closed","sticky":true,"template":"","format":"standard","meta":{"footnotes":""},"categories":[1],"tags":[],"class_list":["post-1625","post","type-post","status-publish","format-standard","has-post-thumbnail","hentry","category-sem-categoria"],"yoast_head":"<!-- This site is optimized with the Yoast SEO plugin v23.8 - https:\/\/yoast.com\/wordpress\/plugins\/seo\/ -->\n<title>No 1\u00ba Encontro dos Cooperados da Reciclagem, Prefeitura fortalece o apoio aos trabalhadores - Secretaria de Meio Ambiente<\/title>\n<meta name=\"robots\" content=\"index, follow, max-snippet:-1, max-image-preview:large, max-video-preview:-1\" \/>\n<link rel=\"canonical\" href=\"https:\/\/www.pmpf.rs.gov.br\/secretaria-de-meio-ambiente\/2023\/06\/30\/no-1o-encontro-dos-cooperados-da-reciclagem-prefeitura-fortalece-o-apoio-aos-trabalhadores\/\" \/>\n<meta property=\"og:locale\" content=\"pt_BR\" \/>\n<meta property=\"og:type\" content=\"article\" \/>\n<meta property=\"og:title\" content=\"No 1\u00ba Encontro dos Cooperados da Reciclagem, Prefeitura fortalece o apoio aos trabalhadores - Secretaria de Meio Ambiente\" \/>\n<meta property=\"og:description\" content=\"Atividade foi realizada nesta sexta-feira (30), durante o encerramento do M\u00eas do Meio Ambiente, e tamb\u00e9m contou com uma confraterniza\u00e7\u00e3o e caf\u00e9 da manh\u00e3\" \/>\n<meta property=\"og:url\" content=\"https:\/\/www.pmpf.rs.gov.br\/secretaria-de-meio-ambiente\/2023\/06\/30\/no-1o-encontro-dos-cooperados-da-reciclagem-prefeitura-fortalece-o-apoio-aos-trabalhadores\/\" \/>\n<meta property=\"og:site_name\" content=\"Secretaria de Meio Ambiente\" \/>\n<meta property=\"article:published_time\" content=\"2023-06-30T19:12:26+00:00\" \/>\n<meta property=\"article:modified_time\" content=\"2023-06-30T19:12:30+00:00\" \/>\n<meta name=\"author\" content=\"andressazorzetto07\" \/>\n<meta name=\"twitter:card\" content=\"summary_large_image\" \/>\n<meta name=\"twitter:label1\" content=\"Escrito por\" \/>\n\t<meta name=\"twitter:data1\" content=\"andressazorzetto07\" \/>\n\t<meta name=\"twitter:label2\" content=\"Est. tempo de leitura\" \/>\n\t<meta name=\"twitter:data2\" content=\"3 minutos\" \/>\n<script type=\"application\/ld+json\" class=\"yoast-schema-graph\">{\"@context\":\"https:\/\/schema.org\",\"@graph\":[{\"@type\":\"WebPage\",\"@id\":\"https:\/\/www.pmpf.rs.gov.br\/secretaria-de-meio-ambiente\/2023\/06\/30\/no-1o-encontro-dos-cooperados-da-reciclagem-prefeitura-fortalece-o-apoio-aos-trabalhadores\/\",\"url\":\"https:\/\/www.pmpf.rs.gov.br\/secretaria-de-meio-ambiente\/2023\/06\/30\/no-1o-encontro-dos-cooperados-da-reciclagem-prefeitura-fortalece-o-apoio-aos-trabalhadores\/\",\"name\":\"No 1\u00ba Encontro dos Cooperados da Reciclagem, Prefeitura fortalece o apoio aos trabalhadores - Secretaria de Meio Ambiente\",\"isPartOf\":{\"@id\":\"https:\/\/www.pmpf.rs.gov.br\/secretaria-de-meio-ambiente\/#website\"},\"primaryImageOfPage\":{\"@id\":\"https:\/\/www.pmpf.rs.gov.br\/secretaria-de-meio-ambiente\/2023\/06\/30\/no-1o-encontro-dos-cooperados-da-reciclagem-prefeitura-fortalece-o-apoio-aos-trabalhadores\/#primaryimage\"},\"image\":{\"@id\":\"https:\/\/www.pmpf.rs.gov.br\/secretaria-de-meio-ambiente\/2023\/06\/30\/no-1o-encontro-dos-cooperados-da-reciclagem-prefeitura-fortalece-o-apoio-aos-trabalhadores\/#primaryimage\"},\"thumbnailUrl\":\"https:\/\/www.pmpf.rs.gov.br\/secretaria-de-meio-ambiente\/wp-content\/uploads\/sites\/48\/2023\/06\/encontro-do-cooperado-ambiental.jpg\",\"datePublished\":\"2023-06-30T19:12:26+00:00\",\"dateModified\":\"2023-06-30T19:12:30+00:00\",\"author\":{\"@id\":\"https:\/\/www.pmpf.rs.gov.br\/secretaria-de-meio-ambiente\/#\/schema\/person\/30ee1d1bd74da1469b01fcf086e43351\"},\"inLanguage\":\"pt-BR\",\"potentialAction\":[{\"@type\":\"ReadAction\",\"target\":[\"https:\/\/www.pmpf.rs.gov.br\/secretaria-de-meio-ambiente\/2023\/06\/30\/no-1o-encontro-dos-cooperados-da-reciclagem-prefeitura-fortalece-o-apoio-aos-trabalhadores\/\"]}]},{\"@type\":\"ImageObject\",\"inLanguage\":\"pt-BR\",\"@id\":\"https:\/\/www.pmpf.rs.gov.br\/secretaria-de-meio-ambiente\/2023\/06\/30\/no-1o-encontro-dos-cooperados-da-reciclagem-prefeitura-fortalece-o-apoio-aos-trabalhadores\/#primaryimage\",\"url\":\"https:\/\/www.pmpf.rs.gov.br\/secretaria-de-meio-ambiente\/wp-content\/uploads\/sites\/48\/2023\/06\/encontro-do-cooperado-ambiental.jpg\",\"contentUrl\":\"https:\/\/www.pmpf.rs.gov.br\/secretaria-de-meio-ambiente\/wp-content\/uploads\/sites\/48\/2023\/06\/encontro-do-cooperado-ambiental.jpg\",\"width\":1550,\"height\":886},{\"@type\":\"WebSite\",\"@id\":\"https:\/\/www.pmpf.rs.gov.br\/secretaria-de-meio-ambiente\/#website\",\"url\":\"https:\/\/www.pmpf.rs.gov.br\/secretaria-de-meio-ambiente\/\",\"name\":\"Secretaria de Meio Ambiente\",\"description\":\"S\u00f3 mais um site Prefeitura de Passo Fundo\",\"potentialAction\":[{\"@type\":\"SearchAction\",\"target\":{\"@type\":\"EntryPoint\",\"urlTemplate\":\"https:\/\/www.pmpf.rs.gov.br\/secretaria-de-meio-ambiente\/?s={search_term_string}\"},\"query-input\":{\"@type\":\"PropertyValueSpecification\",\"valueRequired\":true,\"valueName\":\"search_term_string\"}}],\"inLanguage\":\"pt-BR\"},{\"@type\":\"Person\",\"@id\":\"https:\/\/www.pmpf.rs.gov.br\/secretaria-de-meio-ambiente\/#\/schema\/person\/30ee1d1bd74da1469b01fcf086e43351\",\"name\":\"andressazorzetto07\",\"image\":{\"@type\":\"ImageObject\",\"inLanguage\":\"pt-BR\",\"@id\":\"https:\/\/www.pmpf.rs.gov.br\/secretaria-de-meio-ambiente\/#\/schema\/person\/image\/\",\"url\":\"https:\/\/secure.gravatar.com\/avatar\/14c5458ed79dc81da99a13b9ff5f9f19?s=96&d=mm&r=g\",\"contentUrl\":\"https:\/\/secure.gravatar.com\/avatar\/14c5458ed79dc81da99a13b9ff5f9f19?s=96&d=mm&r=g\",\"caption\":\"andressazorzetto07\"},\"url\":\"https:\/\/www.pmpf.rs.gov.br\/secretaria-de-meio-ambiente\/author\/andressazorzetto07\/\"}]}<\/script>\n<!-- \/ Yoast SEO plugin. -->","yoast_head_json":{"title":"No 1\u00ba Encontro dos Cooperados da Reciclagem, Prefeitura fortalece o apoio aos trabalhadores - Secretaria de Meio Ambiente","robots":{"index":"index","follow":"follow","max-snippet":"max-snippet:-1","max-image-preview":"max-image-preview:large","max-video-preview":"max-video-preview:-1"},"canonical":"https:\/\/www.pmpf.rs.gov.br\/secretaria-de-meio-ambiente\/2023\/06\/30\/no-1o-encontro-dos-cooperados-da-reciclagem-prefeitura-fortalece-o-apoio-aos-trabalhadores\/","og_locale":"pt_BR","og_type":"article","og_title":"No 1\u00ba Encontro dos Cooperados da Reciclagem, Prefeitura fortalece o apoio aos trabalhadores - Secretaria de Meio Ambiente","og_description":"Atividade foi realizada nesta sexta-feira (30), durante o encerramento do M\u00eas do Meio Ambiente, e tamb\u00e9m contou com uma confraterniza\u00e7\u00e3o e caf\u00e9 da manh\u00e3","og_url":"https:\/\/www.pmpf.rs.gov.br\/secretaria-de-meio-ambiente\/2023\/06\/30\/no-1o-encontro-dos-cooperados-da-reciclagem-prefeitura-fortalece-o-apoio-aos-trabalhadores\/","og_site_name":"Secretaria de Meio Ambiente","article_published_time":"2023-06-30T19:12:26+00:00","article_modified_time":"2023-06-30T19:12:30+00:00","author":"andressazorzetto07","twitter_card":"summary_large_image","twitter_misc":{"Escrito por":"andressazorzetto07","Est. tempo de leitura":"3 minutos"},"schema":{"@context":"https:\/\/schema.org","@graph":[{"@type":"WebPage","@id":"https:\/\/www.pmpf.rs.gov.br\/secretaria-de-meio-ambiente\/2023\/06\/30\/no-1o-encontro-dos-cooperados-da-reciclagem-prefeitura-fortalece-o-apoio-aos-trabalhadores\/","url":"https:\/\/www.pmpf.rs.gov.br\/secretaria-de-meio-ambiente\/2023\/06\/30\/no-1o-encontro-dos-cooperados-da-reciclagem-prefeitura-fortalece-o-apoio-aos-trabalhadores\/","name":"No 1\u00ba Encontro dos Cooperados da Reciclagem, Prefeitura fortalece o apoio aos trabalhadores - Secretaria de Meio Ambiente","isPartOf":{"@id":"https:\/\/www.pmpf.rs.gov.br\/secretaria-de-meio-ambiente\/#website"},"primaryImageOfPage":{"@id":"https:\/\/www.pmpf.rs.gov.br\/secretaria-de-meio-ambiente\/2023\/06\/30\/no-1o-encontro-dos-cooperados-da-reciclagem-prefeitura-fortalece-o-apoio-aos-trabalhadores\/#primaryimage"},"image":{"@id":"https:\/\/www.pmpf.rs.gov.br\/secretaria-de-meio-ambiente\/2023\/06\/30\/no-1o-encontro-dos-cooperados-da-reciclagem-prefeitura-fortalece-o-apoio-aos-trabalhadores\/#primaryimage"},"thumbnailUrl":"https:\/\/www.pmpf.rs.gov.br\/secretaria-de-meio-ambiente\/wp-content\/uploads\/sites\/48\/2023\/06\/encontro-do-cooperado-ambiental.jpg","datePublished":"2023-06-30T19:12:26+00:00","dateModified":"2023-06-30T19:12:30+00:00","author":{"@id":"https:\/\/www.pmpf.rs.gov.br\/secretaria-de-meio-ambiente\/#\/schema\/person\/30ee1d1bd74da1469b01fcf086e43351"},"inLanguage":"pt-BR","potentialAction":[{"@type":"ReadAction","target":["https:\/\/www.pmpf.rs.gov.br\/secretaria-de-meio-ambiente\/2023\/06\/30\/no-1o-encontro-dos-cooperados-da-reciclagem-prefeitura-fortalece-o-apoio-aos-trabalhadores\/"]}]},{"@type":"ImageObject","inLanguage":"pt-BR","@id":"https:\/\/www.pmpf.rs.gov.br\/secretaria-de-meio-ambiente\/2023\/06\/30\/no-1o-encontro-dos-cooperados-da-reciclagem-prefeitura-fortalece-o-apoio-aos-trabalhadores\/#primaryimage","url":"https:\/\/www.pmpf.rs.gov.br\/secretaria-de-meio-ambiente\/wp-content\/uploads\/sites\/48\/2023\/06\/encontro-do-cooperado-ambiental.jpg","contentUrl":"https:\/\/www.pmpf.rs.gov.br\/secretaria-de-meio-ambiente\/wp-content\/uploads\/sites\/48\/2023\/06\/encontro-do-cooperado-ambiental.jpg","width":1550,"height":886},{"@type":"WebSite","@id":"https:\/\/www.pmpf.rs.gov.br\/secretaria-de-meio-ambiente\/#website","url":"https:\/\/www.pmpf.rs.gov.br\/secretaria-de-meio-ambiente\/","name":"Secretaria de Meio Ambiente","description":"S\u00f3 mais um site Prefeitura de Passo Fundo","potentialAction":[{"@type":"SearchAction","target":{"@type":"EntryPoint","urlTemplate":"https:\/\/www.pmpf.rs.gov.br\/secretaria-de-meio-ambiente\/?s={search_term_string}"},"query-input":{"@type":"PropertyValueSpecification","valueRequired":true,"valueName":"search_term_string"}}],"inLanguage":"pt-BR"},{"@type":"Person","@id":"https:\/\/www.pmpf.rs.gov.br\/secretaria-de-meio-ambiente\/#\/schema\/person\/30ee1d1bd74da1469b01fcf086e43351","name":"andressazorzetto07","image":{"@type":"ImageObject","inLanguage":"pt-BR","@id":"https:\/\/www.pmpf.rs.gov.br\/secretaria-de-meio-ambiente\/#\/schema\/person\/image\/","url":"https:\/\/secure.gravatar.com\/avatar\/14c5458ed79dc81da99a13b9ff5f9f19?s=96&d=mm&r=g","contentUrl":"https:\/\/secure.gravatar.com\/avatar\/14c5458ed79dc81da99a13b9ff5f9f19?s=96&d=mm&r=g","caption":"andressazorzetto07"},"url":"https:\/\/www.pmpf.rs.gov.br\/secretaria-de-meio-ambiente\/author\/andressazorzetto07\/"}]}},"_links":{"self":[{"href":"https:\/\/www.pmpf.rs.gov.br\/secretaria-de-meio-ambiente\/wp-json\/wp\/v2\/posts\/1625"}],"collection":[{"href":"https:\/\/www.pmpf.rs.gov.br\/secretaria-de-meio-ambiente\/wp-json\/wp\/v2\/posts"}],"about":[{"href":"https:\/\/www.pmpf.rs.gov.br\/secretaria-de-meio-ambiente\/wp-json\/wp\/v2\/types\/post"}],"author":[{"embeddable":true,"href":"https:\/\/www.pmpf.rs.gov.br\/secretaria-de-meio-ambiente\/wp-json\/wp\/v2\/users\/6"}],"replies":[{"embeddable":true,"href":"https:\/\/www.pmpf.rs.gov.br\/secretaria-de-meio-ambiente\/wp-json\/wp\/v2\/comments?post=1625"}],"version-history":[{"count":1,"href":"https:\/\/www.pmpf.rs.gov.br\/secretaria-de-meio-ambiente\/wp-json\/wp\/v2\/posts\/1625\/revisions"}],"predecessor-version":[{"id":1627,"href":"https:\/\/www.pmpf.rs.gov.br\/secretaria-de-meio-ambiente\/wp-json\/wp\/v2\/posts\/1625\/revisions\/1627"}],"wp:featuredmedia":[{"embeddable":true,"href":"https:\/\/www.pmpf.rs.gov.br\/secretaria-de-meio-ambiente\/wp-json\/wp\/v2\/media\/1626"}],"wp:attachment":[{"href":"https:\/\/www.pmpf.rs.gov.br\/secretaria-de-meio-ambiente\/wp-json\/wp\/v2\/media?parent=1625"}],"wp:term":[{"taxonomy":"category","embeddable":true,"href":"https:\/\/www.pmpf.rs.gov.br\/secretaria-de-meio-ambiente\/wp-json\/wp\/v2\/categories?post=1625"},{"taxonomy":"post_tag","embeddable":true,"href":"https:\/\/www.pmpf.rs.gov.br\/secretaria-de-meio-ambiente\/wp-json\/wp\/v2\/tags?post=1625"}],"curies":[{"name":"wp","href":"https:\/\/api.w.org\/{rel}","templated":true}]}}