{"id":1610,"date":"2023-06-13T08:22:01","date_gmt":"2023-06-13T11:22:01","guid":{"rendered":"https:\/\/www.pmpf.rs.gov.br\/secretaria-de-meio-ambiente\/?p=1610"},"modified":"2023-06-13T08:22:03","modified_gmt":"2023-06-13T11:22:03","slug":"prefeitura-amplia-beneficios-aos-trabalhadores-das-cooperativas-de-reciclagem","status":"publish","type":"post","link":"https:\/\/www.pmpf.rs.gov.br\/secretaria-de-meio-ambiente\/2023\/06\/13\/prefeitura-amplia-beneficios-aos-trabalhadores-das-cooperativas-de-reciclagem\/","title":{"rendered":"Prefeitura amplia benef\u00edcios aos trabalhadores das cooperativas de reciclagem"},"content":{"rendered":"\n<p><br>Com o Programa Municipal de Apoio aos Recicladores, a Prefeitura busca valorizar os trabalhadores que contribuem diretamente com a limpeza e a destina\u00e7\u00e3o correta dos res\u00edduos de Passo Fundo. A partir de agora, os recicladores que atuam nas cooperativas que possuem contrato com o Munic\u00edpio, al\u00e9m dos valores j\u00e1 fornecidos pelas entidades, tamb\u00e9m receber\u00e3o uma cesta b\u00e1sica por m\u00eas. A iniciativa do Munic\u00edpio, oficializada pelo Projeto de Lei 81\/2023, foi aprovada pela C\u00e2mara de Vereadores nessa segunda-feira (12).<\/p>\n\n\n\n<p>Atualmente, o Munic\u00edpio possui contrato com quatro cooperativas de reciclagem \u2013 Recibela, Coama, Arevi e Cootraempo \u2013, que somam aproximadamente 100 trabalhadores. Conforme o prefeito Pedro Almeida, o objetivo do programa municipal \u00e9 auxiliar as fam\u00edlias e, ainda, fortalecer a parceria entre a Prefeitura e as entidades. \u201cPor meio dos contratos vigentes, o Munic\u00edpio repassa a essas cooperativas valores mensais de acordo com a comprova\u00e7\u00e3o de materiais reciclados e o n\u00famero de cooperados beneficiados. Com a aprova\u00e7\u00e3o do projeto, os trabalhadores tamb\u00e9m ter\u00e3o o direito garantido de receber uma cesta b\u00e1sica por m\u00eas\u201d, pontua.<\/p>\n\n\n\n<p>O Projeto de Lei foi aprovado em meio \u00e0s atividades alusivas ao M\u00eas do Meio Ambiente, que s\u00e3o realizadas a partir de uma agenda coletiva entre o Poder P\u00fablico, entidades e a sociedade. Para o secret\u00e1rio de Meio Ambiente, Rafael Colussi, a medida valoriza as pessoas que realizam um trabalho fundamental na reciclagem. \u201cOs servi\u00e7os desenvolvidos pelas cooperativas s\u00e3o satisfat\u00f3rios para Passo Fundo, que est\u00e1 \u00e0 frente da m\u00e9dia nacional de percentual de res\u00edduos reciclados. Por tr\u00e1s deste dado, temos os trabalhadores da reciclagem, que merecem o reconhecimento por meio de pol\u00edticas p\u00fablicas\u201d, afirma.<\/p>\n\n\n\n<p>A cesta b\u00e1sica n\u00e3o ser\u00e1 inclu\u00edda nos valores j\u00e1 pagos aos cooperados, correspondendo a um adicional, pago com recursos do Munic\u00edpio. Ser\u00e1 realizado um processo licitat\u00f3rio para contrata\u00e7\u00e3o de empresa respons\u00e1vel pela distribui\u00e7\u00e3o. At\u00e9 o quinto dia \u00fatil de cada m\u00eas, a Secretaria Municipal de Meio Ambiente fornecer\u00e1 ao setor respons\u00e1vel pela entrega das respectivas cestas b\u00e1sicas a rela\u00e7\u00e3o nominal dos cooperados com direito ao recebimento.&nbsp;<\/p>\n","protected":false},"excerpt":{"rendered":"<p>Al\u00e9m dos valores pagos pelas cooperativas em decorr\u00eancia dos servi\u00e7os prestados, os trabalhadores passar\u00e3o a receber uma cesta b\u00e1sica por m\u00eas com o Programa Municipal de Apoio aos Recicladores<\/p>\n","protected":false},"author":6,"featured_media":0,"comment_status":"closed","ping_status":"closed","sticky":true,"template":"","format":"standard","meta":{"footnotes":""},"categories":[1],"tags":[],"class_list":["post-1610","post","type-post","status-publish","format-standard","hentry","category-sem-categoria"],"yoast_head":"<!-- This site is optimized with the Yoast SEO plugin v23.8 - https:\/\/yoast.com\/wordpress\/plugins\/seo\/ -->\n<title>Prefeitura amplia benef\u00edcios aos trabalhadores das cooperativas de reciclagem - Secretaria de Meio Ambiente<\/title>\n<meta name=\"robots\" content=\"index, follow, max-snippet:-1, max-image-preview:large, max-video-preview:-1\" \/>\n<link rel=\"canonical\" href=\"https:\/\/www.pmpf.rs.gov.br\/secretaria-de-meio-ambiente\/2023\/06\/13\/prefeitura-amplia-beneficios-aos-trabalhadores-das-cooperativas-de-reciclagem\/\" \/>\n<meta property=\"og:locale\" content=\"pt_BR\" \/>\n<meta property=\"og:type\" content=\"article\" \/>\n<meta property=\"og:title\" content=\"Prefeitura amplia benef\u00edcios aos trabalhadores das cooperativas de reciclagem - Secretaria de Meio Ambiente\" \/>\n<meta property=\"og:description\" content=\"Al\u00e9m dos valores pagos pelas cooperativas em decorr\u00eancia dos servi\u00e7os prestados, os trabalhadores passar\u00e3o a receber uma cesta b\u00e1sica por m\u00eas com o Programa Municipal de Apoio aos Recicladores\" \/>\n<meta property=\"og:url\" content=\"https:\/\/www.pmpf.rs.gov.br\/secretaria-de-meio-ambiente\/2023\/06\/13\/prefeitura-amplia-beneficios-aos-trabalhadores-das-cooperativas-de-reciclagem\/\" \/>\n<meta property=\"og:site_name\" content=\"Secretaria de Meio Ambiente\" \/>\n<meta property=\"article:published_time\" content=\"2023-06-13T11:22:01+00:00\" \/>\n<meta property=\"article:modified_time\" content=\"2023-06-13T11:22:03+00:00\" \/>\n<meta name=\"author\" content=\"andressazorzetto07\" \/>\n<meta name=\"twitter:card\" content=\"summary_large_image\" \/>\n<meta name=\"twitter:label1\" content=\"Escrito por\" \/>\n\t<meta name=\"twitter:data1\" content=\"andressazorzetto07\" \/>\n\t<meta name=\"twitter:label2\" content=\"Est. tempo de leitura\" \/>\n\t<meta name=\"twitter:data2\" content=\"2 minutos\" \/>\n<script type=\"application\/ld+json\" class=\"yoast-schema-graph\">{\"@context\":\"https:\/\/schema.org\",\"@graph\":[{\"@type\":\"WebPage\",\"@id\":\"https:\/\/www.pmpf.rs.gov.br\/secretaria-de-meio-ambiente\/2023\/06\/13\/prefeitura-amplia-beneficios-aos-trabalhadores-das-cooperativas-de-reciclagem\/\",\"url\":\"https:\/\/www.pmpf.rs.gov.br\/secretaria-de-meio-ambiente\/2023\/06\/13\/prefeitura-amplia-beneficios-aos-trabalhadores-das-cooperativas-de-reciclagem\/\",\"name\":\"Prefeitura amplia benef\u00edcios aos trabalhadores das cooperativas de reciclagem - Secretaria de Meio Ambiente\",\"isPartOf\":{\"@id\":\"https:\/\/www.pmpf.rs.gov.br\/secretaria-de-meio-ambiente\/#website\"},\"datePublished\":\"2023-06-13T11:22:01+00:00\",\"dateModified\":\"2023-06-13T11:22:03+00:00\",\"author\":{\"@id\":\"https:\/\/www.pmpf.rs.gov.br\/secretaria-de-meio-ambiente\/#\/schema\/person\/30ee1d1bd74da1469b01fcf086e43351\"},\"inLanguage\":\"pt-BR\",\"potentialAction\":[{\"@type\":\"ReadAction\",\"target\":[\"https:\/\/www.pmpf.rs.gov.br\/secretaria-de-meio-ambiente\/2023\/06\/13\/prefeitura-amplia-beneficios-aos-trabalhadores-das-cooperativas-de-reciclagem\/\"]}]},{\"@type\":\"WebSite\",\"@id\":\"https:\/\/www.pmpf.rs.gov.br\/secretaria-de-meio-ambiente\/#website\",\"url\":\"https:\/\/www.pmpf.rs.gov.br\/secretaria-de-meio-ambiente\/\",\"name\":\"Secretaria de Meio Ambiente\",\"description\":\"S\u00f3 mais um site Prefeitura de Passo Fundo\",\"potentialAction\":[{\"@type\":\"SearchAction\",\"target\":{\"@type\":\"EntryPoint\",\"urlTemplate\":\"https:\/\/www.pmpf.rs.gov.br\/secretaria-de-meio-ambiente\/?s={search_term_string}\"},\"query-input\":{\"@type\":\"PropertyValueSpecification\",\"valueRequired\":true,\"valueName\":\"search_term_string\"}}],\"inLanguage\":\"pt-BR\"},{\"@type\":\"Person\",\"@id\":\"https:\/\/www.pmpf.rs.gov.br\/secretaria-de-meio-ambiente\/#\/schema\/person\/30ee1d1bd74da1469b01fcf086e43351\",\"name\":\"andressazorzetto07\",\"image\":{\"@type\":\"ImageObject\",\"inLanguage\":\"pt-BR\",\"@id\":\"https:\/\/www.pmpf.rs.gov.br\/secretaria-de-meio-ambiente\/#\/schema\/person\/image\/\",\"url\":\"https:\/\/secure.gravatar.com\/avatar\/14c5458ed79dc81da99a13b9ff5f9f19?s=96&d=mm&r=g\",\"contentUrl\":\"https:\/\/secure.gravatar.com\/avatar\/14c5458ed79dc81da99a13b9ff5f9f19?s=96&d=mm&r=g\",\"caption\":\"andressazorzetto07\"},\"url\":\"https:\/\/www.pmpf.rs.gov.br\/secretaria-de-meio-ambiente\/author\/andressazorzetto07\/\"}]}<\/script>\n<!-- \/ Yoast SEO plugin. -->","yoast_head_json":{"title":"Prefeitura amplia benef\u00edcios aos trabalhadores das cooperativas de reciclagem - Secretaria de Meio Ambiente","robots":{"index":"index","follow":"follow","max-snippet":"max-snippet:-1","max-image-preview":"max-image-preview:large","max-video-preview":"max-video-preview:-1"},"canonical":"https:\/\/www.pmpf.rs.gov.br\/secretaria-de-meio-ambiente\/2023\/06\/13\/prefeitura-amplia-beneficios-aos-trabalhadores-das-cooperativas-de-reciclagem\/","og_locale":"pt_BR","og_type":"article","og_title":"Prefeitura amplia benef\u00edcios aos trabalhadores das cooperativas de reciclagem - Secretaria de Meio Ambiente","og_description":"Al\u00e9m dos valores pagos pelas cooperativas em decorr\u00eancia dos servi\u00e7os prestados, os trabalhadores passar\u00e3o a receber uma cesta b\u00e1sica por m\u00eas com o Programa Municipal de Apoio aos Recicladores","og_url":"https:\/\/www.pmpf.rs.gov.br\/secretaria-de-meio-ambiente\/2023\/06\/13\/prefeitura-amplia-beneficios-aos-trabalhadores-das-cooperativas-de-reciclagem\/","og_site_name":"Secretaria de Meio Ambiente","article_published_time":"2023-06-13T11:22:01+00:00","article_modified_time":"2023-06-13T11:22:03+00:00","author":"andressazorzetto07","twitter_card":"summary_large_image","twitter_misc":{"Escrito por":"andressazorzetto07","Est. tempo de leitura":"2 minutos"},"schema":{"@context":"https:\/\/schema.org","@graph":[{"@type":"WebPage","@id":"https:\/\/www.pmpf.rs.gov.br\/secretaria-de-meio-ambiente\/2023\/06\/13\/prefeitura-amplia-beneficios-aos-trabalhadores-das-cooperativas-de-reciclagem\/","url":"https:\/\/www.pmpf.rs.gov.br\/secretaria-de-meio-ambiente\/2023\/06\/13\/prefeitura-amplia-beneficios-aos-trabalhadores-das-cooperativas-de-reciclagem\/","name":"Prefeitura amplia benef\u00edcios aos trabalhadores das cooperativas de reciclagem - Secretaria de Meio Ambiente","isPartOf":{"@id":"https:\/\/www.pmpf.rs.gov.br\/secretaria-de-meio-ambiente\/#website"},"datePublished":"2023-06-13T11:22:01+00:00","dateModified":"2023-06-13T11:22:03+00:00","author":{"@id":"https:\/\/www.pmpf.rs.gov.br\/secretaria-de-meio-ambiente\/#\/schema\/person\/30ee1d1bd74da1469b01fcf086e43351"},"inLanguage":"pt-BR","potentialAction":[{"@type":"ReadAction","target":["https:\/\/www.pmpf.rs.gov.br\/secretaria-de-meio-ambiente\/2023\/06\/13\/prefeitura-amplia-beneficios-aos-trabalhadores-das-cooperativas-de-reciclagem\/"]}]},{"@type":"WebSite","@id":"https:\/\/www.pmpf.rs.gov.br\/secretaria-de-meio-ambiente\/#website","url":"https:\/\/www.pmpf.rs.gov.br\/secretaria-de-meio-ambiente\/","name":"Secretaria de Meio Ambiente","description":"S\u00f3 mais um site Prefeitura de Passo Fundo","potentialAction":[{"@type":"SearchAction","target":{"@type":"EntryPoint","urlTemplate":"https:\/\/www.pmpf.rs.gov.br\/secretaria-de-meio-ambiente\/?s={search_term_string}"},"query-input":{"@type":"PropertyValueSpecification","valueRequired":true,"valueName":"search_term_string"}}],"inLanguage":"pt-BR"},{"@type":"Person","@id":"https:\/\/www.pmpf.rs.gov.br\/secretaria-de-meio-ambiente\/#\/schema\/person\/30ee1d1bd74da1469b01fcf086e43351","name":"andressazorzetto07","image":{"@type":"ImageObject","inLanguage":"pt-BR","@id":"https:\/\/www.pmpf.rs.gov.br\/secretaria-de-meio-ambiente\/#\/schema\/person\/image\/","url":"https:\/\/secure.gravatar.com\/avatar\/14c5458ed79dc81da99a13b9ff5f9f19?s=96&d=mm&r=g","contentUrl":"https:\/\/secure.gravatar.com\/avatar\/14c5458ed79dc81da99a13b9ff5f9f19?s=96&d=mm&r=g","caption":"andressazorzetto07"},"url":"https:\/\/www.pmpf.rs.gov.br\/secretaria-de-meio-ambiente\/author\/andressazorzetto07\/"}]}},"_links":{"self":[{"href":"https:\/\/www.pmpf.rs.gov.br\/secretaria-de-meio-ambiente\/wp-json\/wp\/v2\/posts\/1610"}],"collection":[{"href":"https:\/\/www.pmpf.rs.gov.br\/secretaria-de-meio-ambiente\/wp-json\/wp\/v2\/posts"}],"about":[{"href":"https:\/\/www.pmpf.rs.gov.br\/secretaria-de-meio-ambiente\/wp-json\/wp\/v2\/types\/post"}],"author":[{"embeddable":true,"href":"https:\/\/www.pmpf.rs.gov.br\/secretaria-de-meio-ambiente\/wp-json\/wp\/v2\/users\/6"}],"replies":[{"embeddable":true,"href":"https:\/\/www.pmpf.rs.gov.br\/secretaria-de-meio-ambiente\/wp-json\/wp\/v2\/comments?post=1610"}],"version-history":[{"count":1,"href":"https:\/\/www.pmpf.rs.gov.br\/secretaria-de-meio-ambiente\/wp-json\/wp\/v2\/posts\/1610\/revisions"}],"predecessor-version":[{"id":1611,"href":"https:\/\/www.pmpf.rs.gov.br\/secretaria-de-meio-ambiente\/wp-json\/wp\/v2\/posts\/1610\/revisions\/1611"}],"wp:attachment":[{"href":"https:\/\/www.pmpf.rs.gov.br\/secretaria-de-meio-ambiente\/wp-json\/wp\/v2\/media?parent=1610"}],"wp:term":[{"taxonomy":"category","embeddable":true,"href":"https:\/\/www.pmpf.rs.gov.br\/secretaria-de-meio-ambiente\/wp-json\/wp\/v2\/categories?post=1610"},{"taxonomy":"post_tag","embeddable":true,"href":"https:\/\/www.pmpf.rs.gov.br\/secretaria-de-meio-ambiente\/wp-json\/wp\/v2\/tags?post=1610"}],"curies":[{"name":"wp","href":"https:\/\/api.w.org\/{rel}","templated":true}]}}