{"id":1607,"date":"2023-06-12T16:45:51","date_gmt":"2023-06-12T19:45:51","guid":{"rendered":"https:\/\/www.pmpf.rs.gov.br\/secretaria-de-meio-ambiente\/?p=1607"},"modified":"2023-06-12T16:45:56","modified_gmt":"2023-06-12T19:45:56","slug":"prefeitura-de-passo-fundo-amplia-a-coleta-seletiva","status":"publish","type":"post","link":"https:\/\/www.pmpf.rs.gov.br\/secretaria-de-meio-ambiente\/2023\/06\/12\/prefeitura-de-passo-fundo-amplia-a-coleta-seletiva\/","title":{"rendered":"Prefeitura de Passo Fundo amplia a coleta seletiva"},"content":{"rendered":"\n<p><\/p>\n\n\n\n<p>A Prefeitura de Passo Fundo est\u00e1 iniciando mais uma etapa do programa \u201cCidade Limpa\u201d, lan\u00e7ado recentemente e que tem o intuito de melhorar e ampliar a limpeza na cidade, envolvendo, al\u00e9m do poder p\u00fablico, empresas, entidades e a popula\u00e7\u00e3o na conserva\u00e7\u00e3o de Passo Fundo com uma s\u00e9rie de a\u00e7\u00f5es que t\u00eam como foco principal o descarte correto de res\u00edduos s\u00f3lidos. Nesta segunda-feira (12), passou a ser ampliado o n\u00famero de coletas di\u00e1rias de res\u00edduos org\u00e2nicos e recicl\u00e1veis.<\/p>\n\n\n\n<p>Ao falar sobre o programa, o prefeito Pedro Almeida defendeu a import\u00e2ncia de haver um comprometimento coletivo em prol da limpeza e que atente \u00e0 prote\u00e7\u00e3o do meio ambiente. \u201cO Cidade Limpa une servi\u00e7os, conscientiza\u00e7\u00e3o e educa\u00e7\u00e3o com iniciativas do poder p\u00fablico. Temos potencial para trabalhar este tema junto com toda a sociedade. Quem ganha somos todos n\u00f3s, que teremos uma cidade mais limpa, mais bonita e que descarta os seus res\u00edduos adequadamente, preservando o meio ambiente\u201d, disse.<\/p>\n\n\n\n<p>Conforme o diretor-presidente da Codepas, Aislan de Freitas, a partir deste momento, a regi\u00e3o contemplada pela coleta seletiva ter\u00e1 uma cobertura maior dos servi\u00e7os. \u201cEm toda a regi\u00e3o, eram realizadas duas coletas di\u00e1rias de org\u00e2nicos e recicl\u00e1veis. Agora, teremos quatro coletas di\u00e1rias em toda a regi\u00e3o em que existe a distribui\u00e7\u00e3o dos cont\u00eaineres\u201d, destacou.<\/p>\n\n\n\n<p>Todas as a\u00e7\u00f5es dentro do Programa \u201cCidade Limpa\u201d tem o objetivo de melhorar ainda mais o cuidado com a nossa cidade. \u201cVamos entregar \u00e0 comunidade melhorias na organiza\u00e7\u00e3o, limpeza e higieniza\u00e7\u00e3o dos cont\u00eaineres, minimizando, assim, o ac\u00famulo de res\u00edduos descartados durante o dia\u201d, finalizou o diretor da Codepas.<\/p>\n\n\n\n<p>Na semana passada, a Codepas implementou carros de apoio, cujas equipes v\u00e3o ajudar na manuten\u00e7\u00e3o das \u00e1reas de cont\u00eaineres, e tamb\u00e9m o in\u00edcio do servi\u00e7o de coleta aos feriados, como aconteceu na quinta-feira, dia 08 de junho, feriado de Corpus Christi.<\/p>\n\n\n\n<p>Fazem parte ainda do cronograma de a\u00e7\u00f5es do programa \u201cCidade Limpa\u201d a divulga\u00e7\u00e3o de hor\u00e1rios destes servi\u00e7os no Aplicativo Cidad\u00e3o On-line Passo Fundo; a extens\u00e3o da \u00e1rea conteinerizada; e um ecoponto m\u00f3vel. Al\u00e9m disso, dever\u00e3o ser desenvolvidas atividades para informar e sensibilizar a comunidade acerca do descarte de res\u00edduos.<\/p>\n\n\n\n<p><strong>Foto: Michel Sanderi<\/strong><\/p>\n","protected":false},"excerpt":{"rendered":"<p>Passaram a ser realizadas quatro coletas di\u00e1rias na regi\u00e3o em que existe a distribui\u00e7\u00e3o dos cont\u00eaineres<\/p>\n","protected":false},"author":6,"featured_media":1608,"comment_status":"closed","ping_status":"closed","sticky":true,"template":"","format":"standard","meta":{"footnotes":""},"categories":[1],"tags":[],"class_list":["post-1607","post","type-post","status-publish","format-standard","has-post-thumbnail","hentry","category-sem-categoria"],"yoast_head":"<!-- This site is optimized with the Yoast SEO plugin v23.8 - https:\/\/yoast.com\/wordpress\/plugins\/seo\/ -->\n<title>Prefeitura de Passo Fundo amplia a coleta seletiva - Secretaria de Meio Ambiente<\/title>\n<meta name=\"robots\" content=\"index, follow, max-snippet:-1, max-image-preview:large, max-video-preview:-1\" \/>\n<link rel=\"canonical\" href=\"https:\/\/www.pmpf.rs.gov.br\/secretaria-de-meio-ambiente\/2023\/06\/12\/prefeitura-de-passo-fundo-amplia-a-coleta-seletiva\/\" \/>\n<meta property=\"og:locale\" content=\"pt_BR\" \/>\n<meta property=\"og:type\" content=\"article\" \/>\n<meta property=\"og:title\" content=\"Prefeitura de Passo Fundo amplia a coleta seletiva - Secretaria de Meio Ambiente\" \/>\n<meta property=\"og:description\" content=\"Passaram a ser realizadas quatro coletas di\u00e1rias na regi\u00e3o em que existe a distribui\u00e7\u00e3o dos cont\u00eaineres\" \/>\n<meta property=\"og:url\" content=\"https:\/\/www.pmpf.rs.gov.br\/secretaria-de-meio-ambiente\/2023\/06\/12\/prefeitura-de-passo-fundo-amplia-a-coleta-seletiva\/\" \/>\n<meta property=\"og:site_name\" content=\"Secretaria de Meio Ambiente\" \/>\n<meta property=\"article:published_time\" content=\"2023-06-12T19:45:51+00:00\" \/>\n<meta property=\"article:modified_time\" content=\"2023-06-12T19:45:56+00:00\" \/>\n<meta name=\"author\" content=\"andressazorzetto07\" \/>\n<meta name=\"twitter:card\" content=\"summary_large_image\" \/>\n<meta name=\"twitter:label1\" content=\"Escrito por\" \/>\n\t<meta name=\"twitter:data1\" content=\"andressazorzetto07\" \/>\n\t<meta name=\"twitter:label2\" content=\"Est. tempo de leitura\" \/>\n\t<meta name=\"twitter:data2\" content=\"2 minutos\" \/>\n<script type=\"application\/ld+json\" class=\"yoast-schema-graph\">{\"@context\":\"https:\/\/schema.org\",\"@graph\":[{\"@type\":\"WebPage\",\"@id\":\"https:\/\/www.pmpf.rs.gov.br\/secretaria-de-meio-ambiente\/2023\/06\/12\/prefeitura-de-passo-fundo-amplia-a-coleta-seletiva\/\",\"url\":\"https:\/\/www.pmpf.rs.gov.br\/secretaria-de-meio-ambiente\/2023\/06\/12\/prefeitura-de-passo-fundo-amplia-a-coleta-seletiva\/\",\"name\":\"Prefeitura de Passo Fundo amplia a coleta seletiva - Secretaria de Meio Ambiente\",\"isPartOf\":{\"@id\":\"https:\/\/www.pmpf.rs.gov.br\/secretaria-de-meio-ambiente\/#website\"},\"primaryImageOfPage\":{\"@id\":\"https:\/\/www.pmpf.rs.gov.br\/secretaria-de-meio-ambiente\/2023\/06\/12\/prefeitura-de-passo-fundo-amplia-a-coleta-seletiva\/#primaryimage\"},\"image\":{\"@id\":\"https:\/\/www.pmpf.rs.gov.br\/secretaria-de-meio-ambiente\/2023\/06\/12\/prefeitura-de-passo-fundo-amplia-a-coleta-seletiva\/#primaryimage\"},\"thumbnailUrl\":\"https:\/\/www.pmpf.rs.gov.br\/secretaria-de-meio-ambiente\/wp-content\/uploads\/sites\/48\/2023\/06\/MSF09278-scaled.jpg\",\"datePublished\":\"2023-06-12T19:45:51+00:00\",\"dateModified\":\"2023-06-12T19:45:56+00:00\",\"author\":{\"@id\":\"https:\/\/www.pmpf.rs.gov.br\/secretaria-de-meio-ambiente\/#\/schema\/person\/30ee1d1bd74da1469b01fcf086e43351\"},\"inLanguage\":\"pt-BR\",\"potentialAction\":[{\"@type\":\"ReadAction\",\"target\":[\"https:\/\/www.pmpf.rs.gov.br\/secretaria-de-meio-ambiente\/2023\/06\/12\/prefeitura-de-passo-fundo-amplia-a-coleta-seletiva\/\"]}]},{\"@type\":\"ImageObject\",\"inLanguage\":\"pt-BR\",\"@id\":\"https:\/\/www.pmpf.rs.gov.br\/secretaria-de-meio-ambiente\/2023\/06\/12\/prefeitura-de-passo-fundo-amplia-a-coleta-seletiva\/#primaryimage\",\"url\":\"https:\/\/www.pmpf.rs.gov.br\/secretaria-de-meio-ambiente\/wp-content\/uploads\/sites\/48\/2023\/06\/MSF09278-scaled.jpg\",\"contentUrl\":\"https:\/\/www.pmpf.rs.gov.br\/secretaria-de-meio-ambiente\/wp-content\/uploads\/sites\/48\/2023\/06\/MSF09278-scaled.jpg\",\"width\":2560,\"height\":1707},{\"@type\":\"WebSite\",\"@id\":\"https:\/\/www.pmpf.rs.gov.br\/secretaria-de-meio-ambiente\/#website\",\"url\":\"https:\/\/www.pmpf.rs.gov.br\/secretaria-de-meio-ambiente\/\",\"name\":\"Secretaria de Meio Ambiente\",\"description\":\"S\u00f3 mais um site Prefeitura de Passo Fundo\",\"potentialAction\":[{\"@type\":\"SearchAction\",\"target\":{\"@type\":\"EntryPoint\",\"urlTemplate\":\"https:\/\/www.pmpf.rs.gov.br\/secretaria-de-meio-ambiente\/?s={search_term_string}\"},\"query-input\":{\"@type\":\"PropertyValueSpecification\",\"valueRequired\":true,\"valueName\":\"search_term_string\"}}],\"inLanguage\":\"pt-BR\"},{\"@type\":\"Person\",\"@id\":\"https:\/\/www.pmpf.rs.gov.br\/secretaria-de-meio-ambiente\/#\/schema\/person\/30ee1d1bd74da1469b01fcf086e43351\",\"name\":\"andressazorzetto07\",\"image\":{\"@type\":\"ImageObject\",\"inLanguage\":\"pt-BR\",\"@id\":\"https:\/\/www.pmpf.rs.gov.br\/secretaria-de-meio-ambiente\/#\/schema\/person\/image\/\",\"url\":\"https:\/\/secure.gravatar.com\/avatar\/14c5458ed79dc81da99a13b9ff5f9f19?s=96&d=mm&r=g\",\"contentUrl\":\"https:\/\/secure.gravatar.com\/avatar\/14c5458ed79dc81da99a13b9ff5f9f19?s=96&d=mm&r=g\",\"caption\":\"andressazorzetto07\"},\"url\":\"https:\/\/www.pmpf.rs.gov.br\/secretaria-de-meio-ambiente\/author\/andressazorzetto07\/\"}]}<\/script>\n<!-- \/ Yoast SEO plugin. -->","yoast_head_json":{"title":"Prefeitura de Passo Fundo amplia a coleta seletiva - Secretaria de Meio Ambiente","robots":{"index":"index","follow":"follow","max-snippet":"max-snippet:-1","max-image-preview":"max-image-preview:large","max-video-preview":"max-video-preview:-1"},"canonical":"https:\/\/www.pmpf.rs.gov.br\/secretaria-de-meio-ambiente\/2023\/06\/12\/prefeitura-de-passo-fundo-amplia-a-coleta-seletiva\/","og_locale":"pt_BR","og_type":"article","og_title":"Prefeitura de Passo Fundo amplia a coleta seletiva - Secretaria de Meio Ambiente","og_description":"Passaram a ser realizadas quatro coletas di\u00e1rias na regi\u00e3o em que existe a distribui\u00e7\u00e3o dos cont\u00eaineres","og_url":"https:\/\/www.pmpf.rs.gov.br\/secretaria-de-meio-ambiente\/2023\/06\/12\/prefeitura-de-passo-fundo-amplia-a-coleta-seletiva\/","og_site_name":"Secretaria de Meio Ambiente","article_published_time":"2023-06-12T19:45:51+00:00","article_modified_time":"2023-06-12T19:45:56+00:00","author":"andressazorzetto07","twitter_card":"summary_large_image","twitter_misc":{"Escrito por":"andressazorzetto07","Est. tempo de leitura":"2 minutos"},"schema":{"@context":"https:\/\/schema.org","@graph":[{"@type":"WebPage","@id":"https:\/\/www.pmpf.rs.gov.br\/secretaria-de-meio-ambiente\/2023\/06\/12\/prefeitura-de-passo-fundo-amplia-a-coleta-seletiva\/","url":"https:\/\/www.pmpf.rs.gov.br\/secretaria-de-meio-ambiente\/2023\/06\/12\/prefeitura-de-passo-fundo-amplia-a-coleta-seletiva\/","name":"Prefeitura de Passo Fundo amplia a coleta seletiva - Secretaria de Meio Ambiente","isPartOf":{"@id":"https:\/\/www.pmpf.rs.gov.br\/secretaria-de-meio-ambiente\/#website"},"primaryImageOfPage":{"@id":"https:\/\/www.pmpf.rs.gov.br\/secretaria-de-meio-ambiente\/2023\/06\/12\/prefeitura-de-passo-fundo-amplia-a-coleta-seletiva\/#primaryimage"},"image":{"@id":"https:\/\/www.pmpf.rs.gov.br\/secretaria-de-meio-ambiente\/2023\/06\/12\/prefeitura-de-passo-fundo-amplia-a-coleta-seletiva\/#primaryimage"},"thumbnailUrl":"https:\/\/www.pmpf.rs.gov.br\/secretaria-de-meio-ambiente\/wp-content\/uploads\/sites\/48\/2023\/06\/MSF09278-scaled.jpg","datePublished":"2023-06-12T19:45:51+00:00","dateModified":"2023-06-12T19:45:56+00:00","author":{"@id":"https:\/\/www.pmpf.rs.gov.br\/secretaria-de-meio-ambiente\/#\/schema\/person\/30ee1d1bd74da1469b01fcf086e43351"},"inLanguage":"pt-BR","potentialAction":[{"@type":"ReadAction","target":["https:\/\/www.pmpf.rs.gov.br\/secretaria-de-meio-ambiente\/2023\/06\/12\/prefeitura-de-passo-fundo-amplia-a-coleta-seletiva\/"]}]},{"@type":"ImageObject","inLanguage":"pt-BR","@id":"https:\/\/www.pmpf.rs.gov.br\/secretaria-de-meio-ambiente\/2023\/06\/12\/prefeitura-de-passo-fundo-amplia-a-coleta-seletiva\/#primaryimage","url":"https:\/\/www.pmpf.rs.gov.br\/secretaria-de-meio-ambiente\/wp-content\/uploads\/sites\/48\/2023\/06\/MSF09278-scaled.jpg","contentUrl":"https:\/\/www.pmpf.rs.gov.br\/secretaria-de-meio-ambiente\/wp-content\/uploads\/sites\/48\/2023\/06\/MSF09278-scaled.jpg","width":2560,"height":1707},{"@type":"WebSite","@id":"https:\/\/www.pmpf.rs.gov.br\/secretaria-de-meio-ambiente\/#website","url":"https:\/\/www.pmpf.rs.gov.br\/secretaria-de-meio-ambiente\/","name":"Secretaria de Meio Ambiente","description":"S\u00f3 mais um site Prefeitura de Passo Fundo","potentialAction":[{"@type":"SearchAction","target":{"@type":"EntryPoint","urlTemplate":"https:\/\/www.pmpf.rs.gov.br\/secretaria-de-meio-ambiente\/?s={search_term_string}"},"query-input":{"@type":"PropertyValueSpecification","valueRequired":true,"valueName":"search_term_string"}}],"inLanguage":"pt-BR"},{"@type":"Person","@id":"https:\/\/www.pmpf.rs.gov.br\/secretaria-de-meio-ambiente\/#\/schema\/person\/30ee1d1bd74da1469b01fcf086e43351","name":"andressazorzetto07","image":{"@type":"ImageObject","inLanguage":"pt-BR","@id":"https:\/\/www.pmpf.rs.gov.br\/secretaria-de-meio-ambiente\/#\/schema\/person\/image\/","url":"https:\/\/secure.gravatar.com\/avatar\/14c5458ed79dc81da99a13b9ff5f9f19?s=96&d=mm&r=g","contentUrl":"https:\/\/secure.gravatar.com\/avatar\/14c5458ed79dc81da99a13b9ff5f9f19?s=96&d=mm&r=g","caption":"andressazorzetto07"},"url":"https:\/\/www.pmpf.rs.gov.br\/secretaria-de-meio-ambiente\/author\/andressazorzetto07\/"}]}},"_links":{"self":[{"href":"https:\/\/www.pmpf.rs.gov.br\/secretaria-de-meio-ambiente\/wp-json\/wp\/v2\/posts\/1607"}],"collection":[{"href":"https:\/\/www.pmpf.rs.gov.br\/secretaria-de-meio-ambiente\/wp-json\/wp\/v2\/posts"}],"about":[{"href":"https:\/\/www.pmpf.rs.gov.br\/secretaria-de-meio-ambiente\/wp-json\/wp\/v2\/types\/post"}],"author":[{"embeddable":true,"href":"https:\/\/www.pmpf.rs.gov.br\/secretaria-de-meio-ambiente\/wp-json\/wp\/v2\/users\/6"}],"replies":[{"embeddable":true,"href":"https:\/\/www.pmpf.rs.gov.br\/secretaria-de-meio-ambiente\/wp-json\/wp\/v2\/comments?post=1607"}],"version-history":[{"count":1,"href":"https:\/\/www.pmpf.rs.gov.br\/secretaria-de-meio-ambiente\/wp-json\/wp\/v2\/posts\/1607\/revisions"}],"predecessor-version":[{"id":1609,"href":"https:\/\/www.pmpf.rs.gov.br\/secretaria-de-meio-ambiente\/wp-json\/wp\/v2\/posts\/1607\/revisions\/1609"}],"wp:featuredmedia":[{"embeddable":true,"href":"https:\/\/www.pmpf.rs.gov.br\/secretaria-de-meio-ambiente\/wp-json\/wp\/v2\/media\/1608"}],"wp:attachment":[{"href":"https:\/\/www.pmpf.rs.gov.br\/secretaria-de-meio-ambiente\/wp-json\/wp\/v2\/media?parent=1607"}],"wp:term":[{"taxonomy":"category","embeddable":true,"href":"https:\/\/www.pmpf.rs.gov.br\/secretaria-de-meio-ambiente\/wp-json\/wp\/v2\/categories?post=1607"},{"taxonomy":"post_tag","embeddable":true,"href":"https:\/\/www.pmpf.rs.gov.br\/secretaria-de-meio-ambiente\/wp-json\/wp\/v2\/tags?post=1607"}],"curies":[{"name":"wp","href":"https:\/\/api.w.org\/{rel}","templated":true}]}}