{"id":1579,"date":"2023-06-05T16:58:05","date_gmt":"2023-06-05T19:58:05","guid":{"rendered":"https:\/\/www.pmpf.rs.gov.br\/secretaria-de-meio-ambiente\/?p=1579"},"modified":"2023-06-05T16:58:06","modified_gmt":"2023-06-05T19:58:06","slug":"no-dia-do-meio-ambiente-prefeitura-implementa-novas-acoes-do-programa-cidade-limpa","status":"publish","type":"post","link":"https:\/\/www.pmpf.rs.gov.br\/secretaria-de-meio-ambiente\/2023\/06\/05\/no-dia-do-meio-ambiente-prefeitura-implementa-novas-acoes-do-programa-cidade-limpa\/","title":{"rendered":"No Dia do Meio Ambiente, Prefeitura implementa novas a\u00e7\u00f5es do programa Cidade Limpa"},"content":{"rendered":"\n<p><\/p>\n\n\n\n<p><\/p>\n\n\n\n<p>O cuidado com o meio ambiente a partir da limpeza da cidade \u00e9 um compromisso que deve ser cumprido a partir de iniciativas p\u00fablicas e a conscientiza\u00e7\u00e3o da sociedade. Pensando no papel de cada um neste processo, a Prefeitura lan\u00e7ou o programa Cidade Limpa, que envolve o poder p\u00fablico, empresas, entidades e a popula\u00e7\u00e3o na conserva\u00e7\u00e3o de Passo Fundo com uma s\u00e9rie de a\u00e7\u00f5es que t\u00eam como foco principal o descarte correto de res\u00edduos s\u00f3lidos. Nesta segunda-feira, 5 de junho, no Dia do Meio Ambiente, a Prefeitura atualiza como est\u00e1 a implementa\u00e7\u00e3o das medidas iniciais apresentadas em abril deste ano.<\/p>\n\n\n\n<p>Entre as a\u00e7\u00f5es que j\u00e1 fazem parte do dia a dia da cidade, est\u00e3o o\u00a0Ecoponto M\u00f3vel, o\u00a0refor\u00e7o da limpeza na \u00e1rea central e no per\u00edmetro urbano de segunda-feira a s\u00e1bado e o recolhimento de m\u00f3veis nas resid\u00eancias por meio de agendamentos via aplicativo Cidad\u00e3o On-line Passo Fundo, organizados pela Secretaria de Transportes e Servi\u00e7os Gerais, e dois ve\u00edculos de apoio para auxiliar na manuten\u00e7\u00e3o das \u00e1reas de cont\u00eaineres, servi\u00e7o executado pela Codepas. Ainda, a amplia\u00e7\u00e3o do Mutir\u00e3o de Limpeza nos Bairros com a inclus\u00e3o de mais pessoas no Programa Apoiar e Comprometer (PAC).<strong>\u00a0<\/strong>Outras a\u00e7\u00f5es est\u00e3o em andamento e pr\u00f3ximas de serem implementadas, como a\u00a0coleta\u00a0org\u00e2nica e\u00a0seletiva duas vezes ao dia, que iniciar\u00e1 no dia 13 de junho,\u00a0e a coleta de res\u00edduos tamb\u00e9m nos feriados, j\u00e1 nesta semana.<\/p>\n\n\n\n<p>Ao falar sobre o programa, o prefeito Pedro Almeida defendeu a import\u00e2ncia de haver um comprometimento coletivo em prol da limpeza e que atente \u00e0 prote\u00e7\u00e3o do meio ambiente. \u201cO Cidade Limpa une servi\u00e7os, conscientiza\u00e7\u00e3o e educa\u00e7\u00e3o com iniciativas a curto, m\u00e9dio e longo prazo. \u00c9 um desafio grande, mas temos potencial para trabalhar este tema junto com toda a sociedade. Quem ganha somos todos n\u00f3s, que teremos uma cidade mais limpa, mais bonita e que descarta os seus res\u00edduos adequadamente, preservando o meio ambiente\u201d, disse.<\/p>\n\n\n\n<p>O diretor-presidente da Codepas, Aislan Freitas, falou sobre o refor\u00e7o da coleta e como v\u00e3o operar os ve\u00edculos de apoio na limpeza das \u00e1reas conteinerizadas. \u201cEssa a\u00e7\u00e3o permite que, al\u00e9m das coletas realizadas diariamente com os caminh\u00f5es, que ser\u00e3o ampliadas, duas equipes de apoio, que realizar\u00e3o a organiza\u00e7\u00e3o, limpeza e higieniza\u00e7\u00e3o ao redor dos cont\u00eaineres, reduzindo, assim, o ac\u00famulo de res\u00edduos descartados irregularmente e mantendo os espa\u00e7os p\u00fablicos ainda mais limpo\u201d, destacou, enfatizando que a coleta nos feriados e o aumento de coletas di\u00e1rias ser\u00e3o somadas a esta iniciativa.<\/p>\n\n\n\n<p>O secret\u00e1rio de Transportes e Servi\u00e7os Gerais, Alexandre Mello, comentou as a\u00e7\u00f5es da pasta, enfatizando a import\u00e2ncia do Mutir\u00e3o de Limpeza nos bairros, que hoje conta com 50 colaboradores, para o programa Cidade Limpa. \u201cEm todo o ano de 2022, foram realizadas 420 a\u00e7\u00f5es, em 217 pontos da cidade, com 338 quadras que receberam trabalhos de limpeza e recolhimento de res\u00edduos. Com a amplia\u00e7\u00e3o do programa em 2023, j\u00e1 superamos alguns n\u00fameros de 2022. Em apenas cinco meses de trabalho, j\u00e1 foram realizadas 220 a\u00e7\u00f5es, em 144 pontos da cidade, com 395 quadras que receberam trabalhos de limpeza e recolhimento de res\u00edduos\u201d, completou.<\/p>\n\n\n\n<p>Ele tamb\u00e9m salientou que, com a homologa\u00e7\u00e3o de uma empresa vencedora da licita\u00e7\u00e3o de limpeza urbana, haver\u00e1 altera\u00e7\u00f5es significativas nesse trabalho. \u201cAs \u00e1reas que recebem os servi\u00e7os de varri\u00e7\u00e3o foram ampliadas. O servi\u00e7o ser\u00e1 di\u00e1rio e iniciar\u00e1 \u00e0s 5h da manh\u00e3\u201d, pontuou.<\/p>\n\n\n\n<p>Alexandre abordou, ainda, o Ecoponto M\u00f3vel como uma alternativa de contribuir com a limpeza dos bairros. \u201cA secretaria j\u00e1 faz o recolhimento de m\u00f3veis com solicita\u00e7\u00f5es pelo aplicativo Cidad\u00e3o Online Passo Fundo e pelo telefone (54) 3313-7576. Agora, estamos disponibilizando, uma vez por m\u00eas, cinco caixas de cont\u00eaineres de forma gratuita e de uso coletivo dos moradores da regi\u00e3o contemplada com o servi\u00e7o. Pretendemos, at\u00e9 o final do ano tornar este servi\u00e7o semanal com a amplia\u00e7\u00e3o para 14 caixas de cont\u00eaineres. Nesta primeira etapa, j\u00e1 foram contemplados com o servi\u00e7o os bairros Vila Lu\u00edza e Lucas Ara\u00fajo\u201d, completou.<\/p>\n\n\n\n<p><strong>Acompanhamento<br><\/strong>O di\u00e1logo com diferentes setores que atuam no meio ambiente, em programas sociais, na limpeza e manuten\u00e7\u00e3o da cidade serviu de base para a consolida\u00e7\u00e3o do programa&nbsp;Cidade Limpa. As a\u00e7\u00f5es partiram de um diagn\u00f3stico de desafios discutidos durante&nbsp;um f\u00f3rum&nbsp;realizado pela Prefeitura em mar\u00e7o.<\/p>\n\n\n\n<p>De acordo com o prefeito, todas as a\u00e7\u00f5es iniciais dever\u00e3o ser cumpridas em 2023. Ainda, outras iniciativas poder\u00e3o ser integradas ao plano. \u201cFaremos uma medi\u00e7\u00e3o trimestral de indicadores para avaliarmos o que est\u00e1 sendo efetivo, o que melhorou a cidade e o que precisa ser ajustado. Queremos manter as entidades, as empresas e a sociedade na composi\u00e7\u00e3o de propostas que visam uma Passo Fundo mais limpa\u201d, argumentou.<\/p>\n\n\n\n<p><strong>Foto: Michel Sanderi<\/strong><\/p>\n","protected":false},"excerpt":{"rendered":"<p>Entre as a\u00e7\u00f5es que j\u00e1 fazem parte do dia a dia da cidade, est\u00e3o o Ecoponto M\u00f3vel, o refor\u00e7o da limpeza na \u00e1rea central e no per\u00edmetro urbano, o recolhimento de m\u00f3veis nas resid\u00eancias por meio de agendamentos via aplicativo, a amplia\u00e7\u00e3o do Mutir\u00e3o de Limpeza nos Bairros e dois ve\u00edculos de apoio para auxiliar na manuten\u00e7\u00e3o das \u00e1reas de cont\u00eaineres<\/p>\n","protected":false},"author":6,"featured_media":1580,"comment_status":"closed","ping_status":"closed","sticky":true,"template":"","format":"standard","meta":{"footnotes":""},"categories":[1],"tags":[],"class_list":["post-1579","post","type-post","status-publish","format-standard","has-post-thumbnail","hentry","category-sem-categoria"],"yoast_head":"<!-- This site is optimized with the Yoast SEO plugin v23.8 - https:\/\/yoast.com\/wordpress\/plugins\/seo\/ -->\n<title>No Dia do Meio Ambiente, Prefeitura implementa novas a\u00e7\u00f5es do programa Cidade Limpa - Secretaria de Meio Ambiente<\/title>\n<meta name=\"robots\" content=\"index, follow, max-snippet:-1, max-image-preview:large, max-video-preview:-1\" \/>\n<link rel=\"canonical\" href=\"https:\/\/www.pmpf.rs.gov.br\/secretaria-de-meio-ambiente\/2023\/06\/05\/no-dia-do-meio-ambiente-prefeitura-implementa-novas-acoes-do-programa-cidade-limpa\/\" \/>\n<meta property=\"og:locale\" content=\"pt_BR\" \/>\n<meta property=\"og:type\" content=\"article\" \/>\n<meta property=\"og:title\" content=\"No Dia do Meio Ambiente, Prefeitura implementa novas a\u00e7\u00f5es do programa Cidade Limpa - Secretaria de Meio Ambiente\" \/>\n<meta property=\"og:description\" content=\"Entre as a\u00e7\u00f5es que j\u00e1 fazem parte do dia a dia da cidade, est\u00e3o o Ecoponto M\u00f3vel, o refor\u00e7o da limpeza na \u00e1rea central e no per\u00edmetro urbano, o recolhimento de m\u00f3veis nas resid\u00eancias por meio de agendamentos via aplicativo, a amplia\u00e7\u00e3o do Mutir\u00e3o de Limpeza nos Bairros e dois ve\u00edculos de apoio para auxiliar na manuten\u00e7\u00e3o das \u00e1reas de cont\u00eaineres\" \/>\n<meta property=\"og:url\" content=\"https:\/\/www.pmpf.rs.gov.br\/secretaria-de-meio-ambiente\/2023\/06\/05\/no-dia-do-meio-ambiente-prefeitura-implementa-novas-acoes-do-programa-cidade-limpa\/\" \/>\n<meta property=\"og:site_name\" content=\"Secretaria de Meio Ambiente\" \/>\n<meta property=\"article:published_time\" content=\"2023-06-05T19:58:05+00:00\" \/>\n<meta property=\"article:modified_time\" content=\"2023-06-05T19:58:06+00:00\" \/>\n<meta name=\"author\" content=\"andressazorzetto07\" \/>\n<meta name=\"twitter:card\" content=\"summary_large_image\" \/>\n<meta name=\"twitter:label1\" content=\"Escrito por\" \/>\n\t<meta name=\"twitter:data1\" content=\"andressazorzetto07\" \/>\n\t<meta name=\"twitter:label2\" content=\"Est. tempo de leitura\" \/>\n\t<meta name=\"twitter:data2\" content=\"4 minutos\" \/>\n<script type=\"application\/ld+json\" class=\"yoast-schema-graph\">{\"@context\":\"https:\/\/schema.org\",\"@graph\":[{\"@type\":\"WebPage\",\"@id\":\"https:\/\/www.pmpf.rs.gov.br\/secretaria-de-meio-ambiente\/2023\/06\/05\/no-dia-do-meio-ambiente-prefeitura-implementa-novas-acoes-do-programa-cidade-limpa\/\",\"url\":\"https:\/\/www.pmpf.rs.gov.br\/secretaria-de-meio-ambiente\/2023\/06\/05\/no-dia-do-meio-ambiente-prefeitura-implementa-novas-acoes-do-programa-cidade-limpa\/\",\"name\":\"No Dia do Meio Ambiente, Prefeitura implementa novas a\u00e7\u00f5es do programa Cidade Limpa - Secretaria de Meio Ambiente\",\"isPartOf\":{\"@id\":\"https:\/\/www.pmpf.rs.gov.br\/secretaria-de-meio-ambiente\/#website\"},\"primaryImageOfPage\":{\"@id\":\"https:\/\/www.pmpf.rs.gov.br\/secretaria-de-meio-ambiente\/2023\/06\/05\/no-dia-do-meio-ambiente-prefeitura-implementa-novas-acoes-do-programa-cidade-limpa\/#primaryimage\"},\"image\":{\"@id\":\"https:\/\/www.pmpf.rs.gov.br\/secretaria-de-meio-ambiente\/2023\/06\/05\/no-dia-do-meio-ambiente-prefeitura-implementa-novas-acoes-do-programa-cidade-limpa\/#primaryimage\"},\"thumbnailUrl\":\"https:\/\/www.pmpf.rs.gov.br\/secretaria-de-meio-ambiente\/wp-content\/uploads\/sites\/48\/2023\/06\/cidade-limpa.jpeg\",\"datePublished\":\"2023-06-05T19:58:05+00:00\",\"dateModified\":\"2023-06-05T19:58:06+00:00\",\"author\":{\"@id\":\"https:\/\/www.pmpf.rs.gov.br\/secretaria-de-meio-ambiente\/#\/schema\/person\/30ee1d1bd74da1469b01fcf086e43351\"},\"inLanguage\":\"pt-BR\",\"potentialAction\":[{\"@type\":\"ReadAction\",\"target\":[\"https:\/\/www.pmpf.rs.gov.br\/secretaria-de-meio-ambiente\/2023\/06\/05\/no-dia-do-meio-ambiente-prefeitura-implementa-novas-acoes-do-programa-cidade-limpa\/\"]}]},{\"@type\":\"ImageObject\",\"inLanguage\":\"pt-BR\",\"@id\":\"https:\/\/www.pmpf.rs.gov.br\/secretaria-de-meio-ambiente\/2023\/06\/05\/no-dia-do-meio-ambiente-prefeitura-implementa-novas-acoes-do-programa-cidade-limpa\/#primaryimage\",\"url\":\"https:\/\/www.pmpf.rs.gov.br\/secretaria-de-meio-ambiente\/wp-content\/uploads\/sites\/48\/2023\/06\/cidade-limpa.jpeg\",\"contentUrl\":\"https:\/\/www.pmpf.rs.gov.br\/secretaria-de-meio-ambiente\/wp-content\/uploads\/sites\/48\/2023\/06\/cidade-limpa.jpeg\",\"width\":1600,\"height\":1066},{\"@type\":\"WebSite\",\"@id\":\"https:\/\/www.pmpf.rs.gov.br\/secretaria-de-meio-ambiente\/#website\",\"url\":\"https:\/\/www.pmpf.rs.gov.br\/secretaria-de-meio-ambiente\/\",\"name\":\"Secretaria de Meio Ambiente\",\"description\":\"S\u00f3 mais um site Prefeitura de Passo Fundo\",\"potentialAction\":[{\"@type\":\"SearchAction\",\"target\":{\"@type\":\"EntryPoint\",\"urlTemplate\":\"https:\/\/www.pmpf.rs.gov.br\/secretaria-de-meio-ambiente\/?s={search_term_string}\"},\"query-input\":{\"@type\":\"PropertyValueSpecification\",\"valueRequired\":true,\"valueName\":\"search_term_string\"}}],\"inLanguage\":\"pt-BR\"},{\"@type\":\"Person\",\"@id\":\"https:\/\/www.pmpf.rs.gov.br\/secretaria-de-meio-ambiente\/#\/schema\/person\/30ee1d1bd74da1469b01fcf086e43351\",\"name\":\"andressazorzetto07\",\"image\":{\"@type\":\"ImageObject\",\"inLanguage\":\"pt-BR\",\"@id\":\"https:\/\/www.pmpf.rs.gov.br\/secretaria-de-meio-ambiente\/#\/schema\/person\/image\/\",\"url\":\"https:\/\/secure.gravatar.com\/avatar\/14c5458ed79dc81da99a13b9ff5f9f19?s=96&d=mm&r=g\",\"contentUrl\":\"https:\/\/secure.gravatar.com\/avatar\/14c5458ed79dc81da99a13b9ff5f9f19?s=96&d=mm&r=g\",\"caption\":\"andressazorzetto07\"},\"url\":\"https:\/\/www.pmpf.rs.gov.br\/secretaria-de-meio-ambiente\/author\/andressazorzetto07\/\"}]}<\/script>\n<!-- \/ Yoast SEO plugin. -->","yoast_head_json":{"title":"No Dia do Meio Ambiente, Prefeitura implementa novas a\u00e7\u00f5es do programa Cidade Limpa - Secretaria de Meio Ambiente","robots":{"index":"index","follow":"follow","max-snippet":"max-snippet:-1","max-image-preview":"max-image-preview:large","max-video-preview":"max-video-preview:-1"},"canonical":"https:\/\/www.pmpf.rs.gov.br\/secretaria-de-meio-ambiente\/2023\/06\/05\/no-dia-do-meio-ambiente-prefeitura-implementa-novas-acoes-do-programa-cidade-limpa\/","og_locale":"pt_BR","og_type":"article","og_title":"No Dia do Meio Ambiente, Prefeitura implementa novas a\u00e7\u00f5es do programa Cidade Limpa - Secretaria de Meio Ambiente","og_description":"Entre as a\u00e7\u00f5es que j\u00e1 fazem parte do dia a dia da cidade, est\u00e3o o Ecoponto M\u00f3vel, o refor\u00e7o da limpeza na \u00e1rea central e no per\u00edmetro urbano, o recolhimento de m\u00f3veis nas resid\u00eancias por meio de agendamentos via aplicativo, a amplia\u00e7\u00e3o do Mutir\u00e3o de Limpeza nos Bairros e dois ve\u00edculos de apoio para auxiliar na manuten\u00e7\u00e3o das \u00e1reas de cont\u00eaineres","og_url":"https:\/\/www.pmpf.rs.gov.br\/secretaria-de-meio-ambiente\/2023\/06\/05\/no-dia-do-meio-ambiente-prefeitura-implementa-novas-acoes-do-programa-cidade-limpa\/","og_site_name":"Secretaria de Meio Ambiente","article_published_time":"2023-06-05T19:58:05+00:00","article_modified_time":"2023-06-05T19:58:06+00:00","author":"andressazorzetto07","twitter_card":"summary_large_image","twitter_misc":{"Escrito por":"andressazorzetto07","Est. tempo de leitura":"4 minutos"},"schema":{"@context":"https:\/\/schema.org","@graph":[{"@type":"WebPage","@id":"https:\/\/www.pmpf.rs.gov.br\/secretaria-de-meio-ambiente\/2023\/06\/05\/no-dia-do-meio-ambiente-prefeitura-implementa-novas-acoes-do-programa-cidade-limpa\/","url":"https:\/\/www.pmpf.rs.gov.br\/secretaria-de-meio-ambiente\/2023\/06\/05\/no-dia-do-meio-ambiente-prefeitura-implementa-novas-acoes-do-programa-cidade-limpa\/","name":"No Dia do Meio Ambiente, Prefeitura implementa novas a\u00e7\u00f5es do programa Cidade Limpa - Secretaria de Meio Ambiente","isPartOf":{"@id":"https:\/\/www.pmpf.rs.gov.br\/secretaria-de-meio-ambiente\/#website"},"primaryImageOfPage":{"@id":"https:\/\/www.pmpf.rs.gov.br\/secretaria-de-meio-ambiente\/2023\/06\/05\/no-dia-do-meio-ambiente-prefeitura-implementa-novas-acoes-do-programa-cidade-limpa\/#primaryimage"},"image":{"@id":"https:\/\/www.pmpf.rs.gov.br\/secretaria-de-meio-ambiente\/2023\/06\/05\/no-dia-do-meio-ambiente-prefeitura-implementa-novas-acoes-do-programa-cidade-limpa\/#primaryimage"},"thumbnailUrl":"https:\/\/www.pmpf.rs.gov.br\/secretaria-de-meio-ambiente\/wp-content\/uploads\/sites\/48\/2023\/06\/cidade-limpa.jpeg","datePublished":"2023-06-05T19:58:05+00:00","dateModified":"2023-06-05T19:58:06+00:00","author":{"@id":"https:\/\/www.pmpf.rs.gov.br\/secretaria-de-meio-ambiente\/#\/schema\/person\/30ee1d1bd74da1469b01fcf086e43351"},"inLanguage":"pt-BR","potentialAction":[{"@type":"ReadAction","target":["https:\/\/www.pmpf.rs.gov.br\/secretaria-de-meio-ambiente\/2023\/06\/05\/no-dia-do-meio-ambiente-prefeitura-implementa-novas-acoes-do-programa-cidade-limpa\/"]}]},{"@type":"ImageObject","inLanguage":"pt-BR","@id":"https:\/\/www.pmpf.rs.gov.br\/secretaria-de-meio-ambiente\/2023\/06\/05\/no-dia-do-meio-ambiente-prefeitura-implementa-novas-acoes-do-programa-cidade-limpa\/#primaryimage","url":"https:\/\/www.pmpf.rs.gov.br\/secretaria-de-meio-ambiente\/wp-content\/uploads\/sites\/48\/2023\/06\/cidade-limpa.jpeg","contentUrl":"https:\/\/www.pmpf.rs.gov.br\/secretaria-de-meio-ambiente\/wp-content\/uploads\/sites\/48\/2023\/06\/cidade-limpa.jpeg","width":1600,"height":1066},{"@type":"WebSite","@id":"https:\/\/www.pmpf.rs.gov.br\/secretaria-de-meio-ambiente\/#website","url":"https:\/\/www.pmpf.rs.gov.br\/secretaria-de-meio-ambiente\/","name":"Secretaria de Meio Ambiente","description":"S\u00f3 mais um site Prefeitura de Passo Fundo","potentialAction":[{"@type":"SearchAction","target":{"@type":"EntryPoint","urlTemplate":"https:\/\/www.pmpf.rs.gov.br\/secretaria-de-meio-ambiente\/?s={search_term_string}"},"query-input":{"@type":"PropertyValueSpecification","valueRequired":true,"valueName":"search_term_string"}}],"inLanguage":"pt-BR"},{"@type":"Person","@id":"https:\/\/www.pmpf.rs.gov.br\/secretaria-de-meio-ambiente\/#\/schema\/person\/30ee1d1bd74da1469b01fcf086e43351","name":"andressazorzetto07","image":{"@type":"ImageObject","inLanguage":"pt-BR","@id":"https:\/\/www.pmpf.rs.gov.br\/secretaria-de-meio-ambiente\/#\/schema\/person\/image\/","url":"https:\/\/secure.gravatar.com\/avatar\/14c5458ed79dc81da99a13b9ff5f9f19?s=96&d=mm&r=g","contentUrl":"https:\/\/secure.gravatar.com\/avatar\/14c5458ed79dc81da99a13b9ff5f9f19?s=96&d=mm&r=g","caption":"andressazorzetto07"},"url":"https:\/\/www.pmpf.rs.gov.br\/secretaria-de-meio-ambiente\/author\/andressazorzetto07\/"}]}},"_links":{"self":[{"href":"https:\/\/www.pmpf.rs.gov.br\/secretaria-de-meio-ambiente\/wp-json\/wp\/v2\/posts\/1579"}],"collection":[{"href":"https:\/\/www.pmpf.rs.gov.br\/secretaria-de-meio-ambiente\/wp-json\/wp\/v2\/posts"}],"about":[{"href":"https:\/\/www.pmpf.rs.gov.br\/secretaria-de-meio-ambiente\/wp-json\/wp\/v2\/types\/post"}],"author":[{"embeddable":true,"href":"https:\/\/www.pmpf.rs.gov.br\/secretaria-de-meio-ambiente\/wp-json\/wp\/v2\/users\/6"}],"replies":[{"embeddable":true,"href":"https:\/\/www.pmpf.rs.gov.br\/secretaria-de-meio-ambiente\/wp-json\/wp\/v2\/comments?post=1579"}],"version-history":[{"count":1,"href":"https:\/\/www.pmpf.rs.gov.br\/secretaria-de-meio-ambiente\/wp-json\/wp\/v2\/posts\/1579\/revisions"}],"predecessor-version":[{"id":1581,"href":"https:\/\/www.pmpf.rs.gov.br\/secretaria-de-meio-ambiente\/wp-json\/wp\/v2\/posts\/1579\/revisions\/1581"}],"wp:featuredmedia":[{"embeddable":true,"href":"https:\/\/www.pmpf.rs.gov.br\/secretaria-de-meio-ambiente\/wp-json\/wp\/v2\/media\/1580"}],"wp:attachment":[{"href":"https:\/\/www.pmpf.rs.gov.br\/secretaria-de-meio-ambiente\/wp-json\/wp\/v2\/media?parent=1579"}],"wp:term":[{"taxonomy":"category","embeddable":true,"href":"https:\/\/www.pmpf.rs.gov.br\/secretaria-de-meio-ambiente\/wp-json\/wp\/v2\/categories?post=1579"},{"taxonomy":"post_tag","embeddable":true,"href":"https:\/\/www.pmpf.rs.gov.br\/secretaria-de-meio-ambiente\/wp-json\/wp\/v2\/tags?post=1579"}],"curies":[{"name":"wp","href":"https:\/\/api.w.org\/{rel}","templated":true}]}}