{"id":1547,"date":"2023-01-24T13:37:00","date_gmt":"2023-01-24T16:37:00","guid":{"rendered":"https:\/\/www.pmpf.rs.gov.br\/secretaria-de-meio-ambiente\/?p=1547"},"modified":"2023-01-24T13:37:12","modified_gmt":"2023-01-24T16:37:12","slug":"prefeitura-abrira-o-ecoponto-municipal-neste-sabado","status":"publish","type":"post","link":"https:\/\/www.pmpf.rs.gov.br\/secretaria-de-meio-ambiente\/2023\/01\/24\/prefeitura-abrira-o-ecoponto-municipal-neste-sabado\/","title":{"rendered":"<strong>Prefeitura abrir\u00e1 o Ecoponto Municipal neste s\u00e1bado<\/strong>"},"content":{"rendered":"\n<p><\/p>\n\n\n\n<p>A Prefeitura informou, nesta segunda-feira (23), que o Ecoponto Municipal ter\u00e1 uma mudan\u00e7a no funcionamento e abrir\u00e1 neste s\u00e1bado, 28 de janeiro, das 8h \u00e0s 11h30. O objetivo \u00e9 facilitar o acesso por parte das pessoas que n\u00e3o conseguem ir at\u00e9 o local durante o hor\u00e1rio habitual, de segunda a sexta-feira.<br><\/p>\n\n\n\n<p>A secret\u00e1ria de Meio Ambiente, Gabriela Engers, explica que a medida ser\u00e1 novamente adotada em virtude da grande procura registrada em dezembro de 2022, quando a Prefeitura abriu a unidade em dois s\u00e1bados. \u201cEm dezembro, abrimos Ecoponto em dois s\u00e1bados para avaliar a procura da popula\u00e7\u00e3o pelo local e recebemos mais de 1.200 kg de res\u00edduos. Considerando a boa avalia\u00e7\u00e3o por parte da comunidade, o prefeito Pedro Almeida determinou que a estrat\u00e9gia seja repetida\u201d, afirma.<\/p>\n\n\n\n<p><br>No espa\u00e7o, menciona a secret\u00e1ria, podem ser descartados restos secos da constru\u00e7\u00e3o civil, sobras de poda e jardinagem e m\u00f3veis, respeitando o limite di\u00e1rio de 0,3 m\u00b3, al\u00e9m de \u00f3leo de cozinha, eletr\u00f4nicos, al\u00e9m de recicl\u00e1veis. \u201cO ecoponto est\u00e1 dispon\u00edvel para pequenos geradores efetuarem o descarte de res\u00edduos que n\u00e3o podem ser depositados nas lixeiras dom\u00e9sticas espalhadas no per\u00edmetro urbano ou nos locais j\u00e1 existentes para descarte de diferentes tipos de materiais\u201d, pontua.<\/p>\n\n\n\n<p><br>O Ecoponto Municipal fica na Rua Eduardo de Brito, esquina com a Rua Jacinto Vila Nova, no Bairro Annes, junto \u00e0 F\u00e1brica de Tubos da Prefeitura.<\/p>\n\n\n\n<p><strong>Aumento da procura<br><\/strong>Projetado para receber res\u00edduos volumosos, o Ecoponto Municipal foi inaugurado em janeiro de 2021. No mesmo ano, foram depositadas no espa\u00e7o 89 toneladas de materiais. O n\u00famero cresceu em 2022 e, entre janeiro e novembro, chegou a 110 toneladas. O local atende a uma das metas do Plano Municipal de Gest\u00e3o Integrada de Res\u00edduos S\u00f3lidos, atribuindo mais uma possibilidade de descarte e evitando que materiais sejam depositados incorretamente na natureza e tragam preju\u00edzos ambientais.<\/p>\n\n\n\n<p><br>Ap\u00f3s serem descartados no ecoponto, os res\u00edduos s\u00e3o destinados para locais adequados. Materiais como papel\u00e3o, pl\u00e1stico e \u00f3leo de cozinha s\u00e3o retirados por cooperativas de reciclagem, contribuindo com a renda dos cooperados. J\u00e1 os restos de constru\u00e7\u00e3o civil, galhos e m\u00f3veis ir\u00e3o para a empresa contratada pelo Munic\u00edpio, que realiza o descarte correto.<\/p>\n","protected":false},"excerpt":{"rendered":"<p>O espa\u00e7o, que funciona habitualmente de segunda a sexta-feira, ter\u00e1 o hor\u00e1rio ampliado neste s\u00e1bado, das 8h \u00e0s 11h30, para facilitar o acesso ao servi\u00e7o pela popula\u00e7\u00e3o<\/p>\n","protected":false},"author":6,"featured_media":1548,"comment_status":"closed","ping_status":"closed","sticky":true,"template":"","format":"standard","meta":{"footnotes":""},"categories":[1],"tags":[],"class_list":["post-1547","post","type-post","status-publish","format-standard","has-post-thumbnail","hentry","category-sem-categoria"],"yoast_head":"<!-- This site is optimized with the Yoast SEO plugin v23.8 - https:\/\/yoast.com\/wordpress\/plugins\/seo\/ -->\n<title>Prefeitura abrir\u00e1 o Ecoponto Municipal neste s\u00e1bado - Secretaria de Meio Ambiente<\/title>\n<meta name=\"robots\" content=\"index, follow, max-snippet:-1, max-image-preview:large, max-video-preview:-1\" \/>\n<link rel=\"canonical\" href=\"https:\/\/www.pmpf.rs.gov.br\/secretaria-de-meio-ambiente\/2023\/01\/24\/prefeitura-abrira-o-ecoponto-municipal-neste-sabado\/\" \/>\n<meta property=\"og:locale\" content=\"pt_BR\" \/>\n<meta property=\"og:type\" content=\"article\" \/>\n<meta property=\"og:title\" content=\"Prefeitura abrir\u00e1 o Ecoponto Municipal neste s\u00e1bado - Secretaria de Meio Ambiente\" \/>\n<meta property=\"og:description\" content=\"O espa\u00e7o, que funciona habitualmente de segunda a sexta-feira, ter\u00e1 o hor\u00e1rio ampliado neste s\u00e1bado, das 8h \u00e0s 11h30, para facilitar o acesso ao servi\u00e7o pela popula\u00e7\u00e3o\" \/>\n<meta property=\"og:url\" content=\"https:\/\/www.pmpf.rs.gov.br\/secretaria-de-meio-ambiente\/2023\/01\/24\/prefeitura-abrira-o-ecoponto-municipal-neste-sabado\/\" \/>\n<meta property=\"og:site_name\" content=\"Secretaria de Meio Ambiente\" \/>\n<meta property=\"article:published_time\" content=\"2023-01-24T16:37:00+00:00\" \/>\n<meta property=\"article:modified_time\" content=\"2023-01-24T16:37:12+00:00\" \/>\n<meta property=\"og:image\" content=\"https:\/\/www.pmpf.rs.gov.br\/secretaria-de-meio-ambiente\/wp-content\/uploads\/sites\/48\/2023\/01\/DSC09134-scaled.jpg\" \/>\n\t<meta property=\"og:image:width\" content=\"2560\" \/>\n\t<meta property=\"og:image:height\" content=\"1707\" \/>\n\t<meta property=\"og:image:type\" content=\"image\/jpeg\" \/>\n<meta name=\"author\" content=\"andressazorzetto07\" \/>\n<meta name=\"twitter:card\" content=\"summary_large_image\" \/>\n<meta name=\"twitter:label1\" content=\"Escrito por\" \/>\n\t<meta name=\"twitter:data1\" content=\"andressazorzetto07\" \/>\n\t<meta name=\"twitter:label2\" content=\"Est. tempo de leitura\" \/>\n\t<meta name=\"twitter:data2\" content=\"2 minutos\" \/>\n<script type=\"application\/ld+json\" class=\"yoast-schema-graph\">{\"@context\":\"https:\/\/schema.org\",\"@graph\":[{\"@type\":\"WebPage\",\"@id\":\"https:\/\/www.pmpf.rs.gov.br\/secretaria-de-meio-ambiente\/2023\/01\/24\/prefeitura-abrira-o-ecoponto-municipal-neste-sabado\/\",\"url\":\"https:\/\/www.pmpf.rs.gov.br\/secretaria-de-meio-ambiente\/2023\/01\/24\/prefeitura-abrira-o-ecoponto-municipal-neste-sabado\/\",\"name\":\"Prefeitura abrir\u00e1 o Ecoponto Municipal neste s\u00e1bado - Secretaria de Meio Ambiente\",\"isPartOf\":{\"@id\":\"https:\/\/www.pmpf.rs.gov.br\/secretaria-de-meio-ambiente\/#website\"},\"primaryImageOfPage\":{\"@id\":\"https:\/\/www.pmpf.rs.gov.br\/secretaria-de-meio-ambiente\/2023\/01\/24\/prefeitura-abrira-o-ecoponto-municipal-neste-sabado\/#primaryimage\"},\"image\":{\"@id\":\"https:\/\/www.pmpf.rs.gov.br\/secretaria-de-meio-ambiente\/2023\/01\/24\/prefeitura-abrira-o-ecoponto-municipal-neste-sabado\/#primaryimage\"},\"thumbnailUrl\":\"https:\/\/www.pmpf.rs.gov.br\/secretaria-de-meio-ambiente\/wp-content\/uploads\/sites\/48\/2023\/01\/DSC09134-scaled.jpg\",\"datePublished\":\"2023-01-24T16:37:00+00:00\",\"dateModified\":\"2023-01-24T16:37:12+00:00\",\"author\":{\"@id\":\"https:\/\/www.pmpf.rs.gov.br\/secretaria-de-meio-ambiente\/#\/schema\/person\/30ee1d1bd74da1469b01fcf086e43351\"},\"inLanguage\":\"pt-BR\",\"potentialAction\":[{\"@type\":\"ReadAction\",\"target\":[\"https:\/\/www.pmpf.rs.gov.br\/secretaria-de-meio-ambiente\/2023\/01\/24\/prefeitura-abrira-o-ecoponto-municipal-neste-sabado\/\"]}]},{\"@type\":\"ImageObject\",\"inLanguage\":\"pt-BR\",\"@id\":\"https:\/\/www.pmpf.rs.gov.br\/secretaria-de-meio-ambiente\/2023\/01\/24\/prefeitura-abrira-o-ecoponto-municipal-neste-sabado\/#primaryimage\",\"url\":\"https:\/\/www.pmpf.rs.gov.br\/secretaria-de-meio-ambiente\/wp-content\/uploads\/sites\/48\/2023\/01\/DSC09134-scaled.jpg\",\"contentUrl\":\"https:\/\/www.pmpf.rs.gov.br\/secretaria-de-meio-ambiente\/wp-content\/uploads\/sites\/48\/2023\/01\/DSC09134-scaled.jpg\",\"width\":2560,\"height\":1707},{\"@type\":\"WebSite\",\"@id\":\"https:\/\/www.pmpf.rs.gov.br\/secretaria-de-meio-ambiente\/#website\",\"url\":\"https:\/\/www.pmpf.rs.gov.br\/secretaria-de-meio-ambiente\/\",\"name\":\"Secretaria de Meio Ambiente\",\"description\":\"S\u00f3 mais um site Prefeitura de Passo Fundo\",\"potentialAction\":[{\"@type\":\"SearchAction\",\"target\":{\"@type\":\"EntryPoint\",\"urlTemplate\":\"https:\/\/www.pmpf.rs.gov.br\/secretaria-de-meio-ambiente\/?s={search_term_string}\"},\"query-input\":{\"@type\":\"PropertyValueSpecification\",\"valueRequired\":true,\"valueName\":\"search_term_string\"}}],\"inLanguage\":\"pt-BR\"},{\"@type\":\"Person\",\"@id\":\"https:\/\/www.pmpf.rs.gov.br\/secretaria-de-meio-ambiente\/#\/schema\/person\/30ee1d1bd74da1469b01fcf086e43351\",\"name\":\"andressazorzetto07\",\"image\":{\"@type\":\"ImageObject\",\"inLanguage\":\"pt-BR\",\"@id\":\"https:\/\/www.pmpf.rs.gov.br\/secretaria-de-meio-ambiente\/#\/schema\/person\/image\/\",\"url\":\"https:\/\/secure.gravatar.com\/avatar\/14c5458ed79dc81da99a13b9ff5f9f19?s=96&d=mm&r=g\",\"contentUrl\":\"https:\/\/secure.gravatar.com\/avatar\/14c5458ed79dc81da99a13b9ff5f9f19?s=96&d=mm&r=g\",\"caption\":\"andressazorzetto07\"},\"url\":\"https:\/\/www.pmpf.rs.gov.br\/secretaria-de-meio-ambiente\/author\/andressazorzetto07\/\"}]}<\/script>\n<!-- \/ Yoast SEO plugin. -->","yoast_head_json":{"title":"Prefeitura abrir\u00e1 o Ecoponto Municipal neste s\u00e1bado - Secretaria de Meio Ambiente","robots":{"index":"index","follow":"follow","max-snippet":"max-snippet:-1","max-image-preview":"max-image-preview:large","max-video-preview":"max-video-preview:-1"},"canonical":"https:\/\/www.pmpf.rs.gov.br\/secretaria-de-meio-ambiente\/2023\/01\/24\/prefeitura-abrira-o-ecoponto-municipal-neste-sabado\/","og_locale":"pt_BR","og_type":"article","og_title":"Prefeitura abrir\u00e1 o Ecoponto Municipal neste s\u00e1bado - Secretaria de Meio Ambiente","og_description":"O espa\u00e7o, que funciona habitualmente de segunda a sexta-feira, ter\u00e1 o hor\u00e1rio ampliado neste s\u00e1bado, das 8h \u00e0s 11h30, para facilitar o acesso ao servi\u00e7o pela popula\u00e7\u00e3o","og_url":"https:\/\/www.pmpf.rs.gov.br\/secretaria-de-meio-ambiente\/2023\/01\/24\/prefeitura-abrira-o-ecoponto-municipal-neste-sabado\/","og_site_name":"Secretaria de Meio Ambiente","article_published_time":"2023-01-24T16:37:00+00:00","article_modified_time":"2023-01-24T16:37:12+00:00","og_image":[{"width":2560,"height":1707,"url":"https:\/\/www.pmpf.rs.gov.br\/secretaria-de-meio-ambiente\/wp-content\/uploads\/sites\/48\/2023\/01\/DSC09134-scaled.jpg","type":"image\/jpeg"}],"author":"andressazorzetto07","twitter_card":"summary_large_image","twitter_misc":{"Escrito por":"andressazorzetto07","Est. tempo de leitura":"2 minutos"},"schema":{"@context":"https:\/\/schema.org","@graph":[{"@type":"WebPage","@id":"https:\/\/www.pmpf.rs.gov.br\/secretaria-de-meio-ambiente\/2023\/01\/24\/prefeitura-abrira-o-ecoponto-municipal-neste-sabado\/","url":"https:\/\/www.pmpf.rs.gov.br\/secretaria-de-meio-ambiente\/2023\/01\/24\/prefeitura-abrira-o-ecoponto-municipal-neste-sabado\/","name":"Prefeitura abrir\u00e1 o Ecoponto Municipal neste s\u00e1bado - Secretaria de Meio Ambiente","isPartOf":{"@id":"https:\/\/www.pmpf.rs.gov.br\/secretaria-de-meio-ambiente\/#website"},"primaryImageOfPage":{"@id":"https:\/\/www.pmpf.rs.gov.br\/secretaria-de-meio-ambiente\/2023\/01\/24\/prefeitura-abrira-o-ecoponto-municipal-neste-sabado\/#primaryimage"},"image":{"@id":"https:\/\/www.pmpf.rs.gov.br\/secretaria-de-meio-ambiente\/2023\/01\/24\/prefeitura-abrira-o-ecoponto-municipal-neste-sabado\/#primaryimage"},"thumbnailUrl":"https:\/\/www.pmpf.rs.gov.br\/secretaria-de-meio-ambiente\/wp-content\/uploads\/sites\/48\/2023\/01\/DSC09134-scaled.jpg","datePublished":"2023-01-24T16:37:00+00:00","dateModified":"2023-01-24T16:37:12+00:00","author":{"@id":"https:\/\/www.pmpf.rs.gov.br\/secretaria-de-meio-ambiente\/#\/schema\/person\/30ee1d1bd74da1469b01fcf086e43351"},"inLanguage":"pt-BR","potentialAction":[{"@type":"ReadAction","target":["https:\/\/www.pmpf.rs.gov.br\/secretaria-de-meio-ambiente\/2023\/01\/24\/prefeitura-abrira-o-ecoponto-municipal-neste-sabado\/"]}]},{"@type":"ImageObject","inLanguage":"pt-BR","@id":"https:\/\/www.pmpf.rs.gov.br\/secretaria-de-meio-ambiente\/2023\/01\/24\/prefeitura-abrira-o-ecoponto-municipal-neste-sabado\/#primaryimage","url":"https:\/\/www.pmpf.rs.gov.br\/secretaria-de-meio-ambiente\/wp-content\/uploads\/sites\/48\/2023\/01\/DSC09134-scaled.jpg","contentUrl":"https:\/\/www.pmpf.rs.gov.br\/secretaria-de-meio-ambiente\/wp-content\/uploads\/sites\/48\/2023\/01\/DSC09134-scaled.jpg","width":2560,"height":1707},{"@type":"WebSite","@id":"https:\/\/www.pmpf.rs.gov.br\/secretaria-de-meio-ambiente\/#website","url":"https:\/\/www.pmpf.rs.gov.br\/secretaria-de-meio-ambiente\/","name":"Secretaria de Meio Ambiente","description":"S\u00f3 mais um site Prefeitura de Passo Fundo","potentialAction":[{"@type":"SearchAction","target":{"@type":"EntryPoint","urlTemplate":"https:\/\/www.pmpf.rs.gov.br\/secretaria-de-meio-ambiente\/?s={search_term_string}"},"query-input":{"@type":"PropertyValueSpecification","valueRequired":true,"valueName":"search_term_string"}}],"inLanguage":"pt-BR"},{"@type":"Person","@id":"https:\/\/www.pmpf.rs.gov.br\/secretaria-de-meio-ambiente\/#\/schema\/person\/30ee1d1bd74da1469b01fcf086e43351","name":"andressazorzetto07","image":{"@type":"ImageObject","inLanguage":"pt-BR","@id":"https:\/\/www.pmpf.rs.gov.br\/secretaria-de-meio-ambiente\/#\/schema\/person\/image\/","url":"https:\/\/secure.gravatar.com\/avatar\/14c5458ed79dc81da99a13b9ff5f9f19?s=96&d=mm&r=g","contentUrl":"https:\/\/secure.gravatar.com\/avatar\/14c5458ed79dc81da99a13b9ff5f9f19?s=96&d=mm&r=g","caption":"andressazorzetto07"},"url":"https:\/\/www.pmpf.rs.gov.br\/secretaria-de-meio-ambiente\/author\/andressazorzetto07\/"}]}},"_links":{"self":[{"href":"https:\/\/www.pmpf.rs.gov.br\/secretaria-de-meio-ambiente\/wp-json\/wp\/v2\/posts\/1547"}],"collection":[{"href":"https:\/\/www.pmpf.rs.gov.br\/secretaria-de-meio-ambiente\/wp-json\/wp\/v2\/posts"}],"about":[{"href":"https:\/\/www.pmpf.rs.gov.br\/secretaria-de-meio-ambiente\/wp-json\/wp\/v2\/types\/post"}],"author":[{"embeddable":true,"href":"https:\/\/www.pmpf.rs.gov.br\/secretaria-de-meio-ambiente\/wp-json\/wp\/v2\/users\/6"}],"replies":[{"embeddable":true,"href":"https:\/\/www.pmpf.rs.gov.br\/secretaria-de-meio-ambiente\/wp-json\/wp\/v2\/comments?post=1547"}],"version-history":[{"count":1,"href":"https:\/\/www.pmpf.rs.gov.br\/secretaria-de-meio-ambiente\/wp-json\/wp\/v2\/posts\/1547\/revisions"}],"predecessor-version":[{"id":1549,"href":"https:\/\/www.pmpf.rs.gov.br\/secretaria-de-meio-ambiente\/wp-json\/wp\/v2\/posts\/1547\/revisions\/1549"}],"wp:featuredmedia":[{"embeddable":true,"href":"https:\/\/www.pmpf.rs.gov.br\/secretaria-de-meio-ambiente\/wp-json\/wp\/v2\/media\/1548"}],"wp:attachment":[{"href":"https:\/\/www.pmpf.rs.gov.br\/secretaria-de-meio-ambiente\/wp-json\/wp\/v2\/media?parent=1547"}],"wp:term":[{"taxonomy":"category","embeddable":true,"href":"https:\/\/www.pmpf.rs.gov.br\/secretaria-de-meio-ambiente\/wp-json\/wp\/v2\/categories?post=1547"},{"taxonomy":"post_tag","embeddable":true,"href":"https:\/\/www.pmpf.rs.gov.br\/secretaria-de-meio-ambiente\/wp-json\/wp\/v2\/tags?post=1547"}],"curies":[{"name":"wp","href":"https:\/\/api.w.org\/{rel}","templated":true}]}}