{"id":1538,"date":"2022-11-22T16:58:21","date_gmt":"2022-11-22T19:58:21","guid":{"rendered":"https:\/\/www.pmpf.rs.gov.br\/secretaria-de-meio-ambiente\/?p=1538"},"modified":"2022-11-22T16:58:23","modified_gmt":"2022-11-22T19:58:23","slug":"com-o-trabalho-dos-recicladores-passo-fundo-recicla-mais-do-que-a-media-nacional","status":"publish","type":"post","link":"https:\/\/www.pmpf.rs.gov.br\/secretaria-de-meio-ambiente\/2022\/11\/22\/com-o-trabalho-dos-recicladores-passo-fundo-recicla-mais-do-que-a-media-nacional\/","title":{"rendered":"Com o trabalho dos recicladores, Passo Fundo recicla mais do que a m\u00e9dia nacional"},"content":{"rendered":"\n<p><\/p>\n\n\n\n<p><\/p>\n\n\n\n<p>O trabalho dos recicladores e o contrato da Prefeitura com cooperativas possibilitou que Passo Fundo atingisse a marca de 6% dos res\u00edduos s\u00f3lidos produzidos pela popula\u00e7\u00e3o reciclados. O \u00edndice apontado pela Secretaria Municipal de Meio Ambiente \u00e9 superior ao do pa\u00eds, que, de acordo com o Sistema Nacional de Informa\u00e7\u00f5es sobre Saneamento (SNIS), corresponde a 2,1%.<\/p>\n\n\n\n<p>Conforme o prefeito, Pedro Almeida, o Munic\u00edpio foi pioneiro em iniciativas que visam contribuir com o setor, pensando no futuro da cidade e no dia a dia dos trabalhadores. Desde 2017, por exemplo, a Prefeitura possui contrato com as cooperativas Recibela, Coama, Arevi e Cootraempo, que somam 93 trabalhadores. \u201cO trabalho dos recicladores precisa ser valorizado por toda a sociedade. Nos \u00faltimos anos, a Prefeitura avan\u00e7ou em pol\u00edticas p\u00fablicas para levar mais condi\u00e7\u00f5es para as atividades e est\u00e1 ao lado do setor porque ele fundamental para a cidade\u201d, enfatiza.<\/p>\n\n\n\n<p>A secret\u00e1ria de Meio Ambiente, Gabriela Engers, explica que o contrato com as cooperativas atende a um dispositivo da Pol\u00edtica Nacional de Res\u00edduos S\u00f3lidos e garante melhorias em estrutura e equipamentos para as unidades, al\u00e9m de garantia de retorno financeiro aos cooperados. \u201cOs contratos possibilitam fonte de renda digna e condi\u00e7\u00f5es salubres de trabalho. Al\u00e9m dos cooperados, outras centenas pessoas s\u00e3o beneficiadas indiretamente, uma vez que devemos considerar n\u00e3o s\u00f3 os trabalhadores inseridos nas cooperativas, mas tamb\u00e9m as fam\u00edlias dos mesmos\u201d, considera.<\/p>\n\n\n\n<p>\u00c9 para a Recibela, unidade situada no interior, que vai tudo o que \u00e9 recolhido nas resid\u00eancias pelos caminh\u00f5es de coleta. S\u00e3o mais de 150 toneladas de res\u00edduos s\u00f3lidos encaminhados para o local diariamente e manejados por 68 cooperados, que fazem a sele\u00e7\u00e3o dos recicl\u00e1veis. A presidente da unidade, Catarina da Rosa, destaca a import\u00e2ncia do olhar da cidade para a reciclagem. \u201cTodos aqui trabalham muito, com esfor\u00e7o\u201d, afirma.<\/p>\n\n\n\n<p>A reciclagem \u00e9 o processo de reaproveitamento do res\u00edduo com mudan\u00e7as em seus estados f\u00edsico, f\u00edsico-qu\u00edmico ou biol\u00f3gico de modo a atribuir caracter\u00edsticas para que se torne novamente mat\u00e9ria-prima ou produto. Com o trabalho das cooperativas, somente em 2022, j\u00e1 foram reaproveitadas cerca de 2.970 toneladas de res\u00edduos recicl\u00e1veis que, dessa forma, n\u00e3o foram encaminhados para o aterro sanit\u00e1rio, em Victor Graeff. Esse n\u00famero \u00e9 muito maior se somado \u00e0 quantidade de materiais apanhados pelos demais recicladores que n\u00e3o pertencem \u00e0s entidades.<\/p>\n","protected":false},"excerpt":{"rendered":"<p>Munic\u00edpio possui contrato com quatro cooperativas, que somam 93 trabalhadores. O contrato, al\u00e9m de impactar na quantidade de res\u00edduos reciclados, possibilita melhores condi\u00e7\u00f5es de trabalho e aumento da renda dos recicladores<\/p>\n","protected":false},"author":6,"featured_media":0,"comment_status":"closed","ping_status":"closed","sticky":true,"template":"","format":"standard","meta":{"footnotes":""},"categories":[1],"tags":[],"class_list":["post-1538","post","type-post","status-publish","format-standard","hentry","category-sem-categoria"],"yoast_head":"<!-- This site is optimized with the Yoast SEO plugin v23.8 - https:\/\/yoast.com\/wordpress\/plugins\/seo\/ -->\n<title>Com o trabalho dos recicladores, Passo Fundo recicla mais do que a m\u00e9dia nacional - Secretaria de Meio Ambiente<\/title>\n<meta name=\"robots\" content=\"index, follow, max-snippet:-1, max-image-preview:large, max-video-preview:-1\" \/>\n<link rel=\"canonical\" href=\"https:\/\/www.pmpf.rs.gov.br\/secretaria-de-meio-ambiente\/2022\/11\/22\/com-o-trabalho-dos-recicladores-passo-fundo-recicla-mais-do-que-a-media-nacional\/\" \/>\n<meta property=\"og:locale\" content=\"pt_BR\" \/>\n<meta property=\"og:type\" content=\"article\" \/>\n<meta property=\"og:title\" content=\"Com o trabalho dos recicladores, Passo Fundo recicla mais do que a m\u00e9dia nacional - Secretaria de Meio Ambiente\" \/>\n<meta property=\"og:description\" content=\"Munic\u00edpio possui contrato com quatro cooperativas, que somam 93 trabalhadores. O contrato, al\u00e9m de impactar na quantidade de res\u00edduos reciclados, possibilita melhores condi\u00e7\u00f5es de trabalho e aumento da renda dos recicladores\" \/>\n<meta property=\"og:url\" content=\"https:\/\/www.pmpf.rs.gov.br\/secretaria-de-meio-ambiente\/2022\/11\/22\/com-o-trabalho-dos-recicladores-passo-fundo-recicla-mais-do-que-a-media-nacional\/\" \/>\n<meta property=\"og:site_name\" content=\"Secretaria de Meio Ambiente\" \/>\n<meta property=\"article:published_time\" content=\"2022-11-22T19:58:21+00:00\" \/>\n<meta property=\"article:modified_time\" content=\"2022-11-22T19:58:23+00:00\" \/>\n<meta name=\"author\" content=\"andressazorzetto07\" \/>\n<meta name=\"twitter:card\" content=\"summary_large_image\" \/>\n<meta name=\"twitter:label1\" content=\"Escrito por\" \/>\n\t<meta name=\"twitter:data1\" content=\"andressazorzetto07\" \/>\n\t<meta name=\"twitter:label2\" content=\"Est. tempo de leitura\" \/>\n\t<meta name=\"twitter:data2\" content=\"2 minutos\" \/>\n<script type=\"application\/ld+json\" class=\"yoast-schema-graph\">{\"@context\":\"https:\/\/schema.org\",\"@graph\":[{\"@type\":\"WebPage\",\"@id\":\"https:\/\/www.pmpf.rs.gov.br\/secretaria-de-meio-ambiente\/2022\/11\/22\/com-o-trabalho-dos-recicladores-passo-fundo-recicla-mais-do-que-a-media-nacional\/\",\"url\":\"https:\/\/www.pmpf.rs.gov.br\/secretaria-de-meio-ambiente\/2022\/11\/22\/com-o-trabalho-dos-recicladores-passo-fundo-recicla-mais-do-que-a-media-nacional\/\",\"name\":\"Com o trabalho dos recicladores, Passo Fundo recicla mais do que a m\u00e9dia nacional - Secretaria de Meio Ambiente\",\"isPartOf\":{\"@id\":\"https:\/\/www.pmpf.rs.gov.br\/secretaria-de-meio-ambiente\/#website\"},\"datePublished\":\"2022-11-22T19:58:21+00:00\",\"dateModified\":\"2022-11-22T19:58:23+00:00\",\"author\":{\"@id\":\"https:\/\/www.pmpf.rs.gov.br\/secretaria-de-meio-ambiente\/#\/schema\/person\/30ee1d1bd74da1469b01fcf086e43351\"},\"inLanguage\":\"pt-BR\",\"potentialAction\":[{\"@type\":\"ReadAction\",\"target\":[\"https:\/\/www.pmpf.rs.gov.br\/secretaria-de-meio-ambiente\/2022\/11\/22\/com-o-trabalho-dos-recicladores-passo-fundo-recicla-mais-do-que-a-media-nacional\/\"]}]},{\"@type\":\"WebSite\",\"@id\":\"https:\/\/www.pmpf.rs.gov.br\/secretaria-de-meio-ambiente\/#website\",\"url\":\"https:\/\/www.pmpf.rs.gov.br\/secretaria-de-meio-ambiente\/\",\"name\":\"Secretaria de Meio Ambiente\",\"description\":\"S\u00f3 mais um site Prefeitura de Passo Fundo\",\"potentialAction\":[{\"@type\":\"SearchAction\",\"target\":{\"@type\":\"EntryPoint\",\"urlTemplate\":\"https:\/\/www.pmpf.rs.gov.br\/secretaria-de-meio-ambiente\/?s={search_term_string}\"},\"query-input\":{\"@type\":\"PropertyValueSpecification\",\"valueRequired\":true,\"valueName\":\"search_term_string\"}}],\"inLanguage\":\"pt-BR\"},{\"@type\":\"Person\",\"@id\":\"https:\/\/www.pmpf.rs.gov.br\/secretaria-de-meio-ambiente\/#\/schema\/person\/30ee1d1bd74da1469b01fcf086e43351\",\"name\":\"andressazorzetto07\",\"image\":{\"@type\":\"ImageObject\",\"inLanguage\":\"pt-BR\",\"@id\":\"https:\/\/www.pmpf.rs.gov.br\/secretaria-de-meio-ambiente\/#\/schema\/person\/image\/\",\"url\":\"https:\/\/secure.gravatar.com\/avatar\/14c5458ed79dc81da99a13b9ff5f9f19?s=96&d=mm&r=g\",\"contentUrl\":\"https:\/\/secure.gravatar.com\/avatar\/14c5458ed79dc81da99a13b9ff5f9f19?s=96&d=mm&r=g\",\"caption\":\"andressazorzetto07\"},\"url\":\"https:\/\/www.pmpf.rs.gov.br\/secretaria-de-meio-ambiente\/author\/andressazorzetto07\/\"}]}<\/script>\n<!-- \/ Yoast SEO plugin. -->","yoast_head_json":{"title":"Com o trabalho dos recicladores, Passo Fundo recicla mais do que a m\u00e9dia nacional - Secretaria de Meio Ambiente","robots":{"index":"index","follow":"follow","max-snippet":"max-snippet:-1","max-image-preview":"max-image-preview:large","max-video-preview":"max-video-preview:-1"},"canonical":"https:\/\/www.pmpf.rs.gov.br\/secretaria-de-meio-ambiente\/2022\/11\/22\/com-o-trabalho-dos-recicladores-passo-fundo-recicla-mais-do-que-a-media-nacional\/","og_locale":"pt_BR","og_type":"article","og_title":"Com o trabalho dos recicladores, Passo Fundo recicla mais do que a m\u00e9dia nacional - Secretaria de Meio Ambiente","og_description":"Munic\u00edpio possui contrato com quatro cooperativas, que somam 93 trabalhadores. O contrato, al\u00e9m de impactar na quantidade de res\u00edduos reciclados, possibilita melhores condi\u00e7\u00f5es de trabalho e aumento da renda dos recicladores","og_url":"https:\/\/www.pmpf.rs.gov.br\/secretaria-de-meio-ambiente\/2022\/11\/22\/com-o-trabalho-dos-recicladores-passo-fundo-recicla-mais-do-que-a-media-nacional\/","og_site_name":"Secretaria de Meio Ambiente","article_published_time":"2022-11-22T19:58:21+00:00","article_modified_time":"2022-11-22T19:58:23+00:00","author":"andressazorzetto07","twitter_card":"summary_large_image","twitter_misc":{"Escrito por":"andressazorzetto07","Est. tempo de leitura":"2 minutos"},"schema":{"@context":"https:\/\/schema.org","@graph":[{"@type":"WebPage","@id":"https:\/\/www.pmpf.rs.gov.br\/secretaria-de-meio-ambiente\/2022\/11\/22\/com-o-trabalho-dos-recicladores-passo-fundo-recicla-mais-do-que-a-media-nacional\/","url":"https:\/\/www.pmpf.rs.gov.br\/secretaria-de-meio-ambiente\/2022\/11\/22\/com-o-trabalho-dos-recicladores-passo-fundo-recicla-mais-do-que-a-media-nacional\/","name":"Com o trabalho dos recicladores, Passo Fundo recicla mais do que a m\u00e9dia nacional - Secretaria de Meio Ambiente","isPartOf":{"@id":"https:\/\/www.pmpf.rs.gov.br\/secretaria-de-meio-ambiente\/#website"},"datePublished":"2022-11-22T19:58:21+00:00","dateModified":"2022-11-22T19:58:23+00:00","author":{"@id":"https:\/\/www.pmpf.rs.gov.br\/secretaria-de-meio-ambiente\/#\/schema\/person\/30ee1d1bd74da1469b01fcf086e43351"},"inLanguage":"pt-BR","potentialAction":[{"@type":"ReadAction","target":["https:\/\/www.pmpf.rs.gov.br\/secretaria-de-meio-ambiente\/2022\/11\/22\/com-o-trabalho-dos-recicladores-passo-fundo-recicla-mais-do-que-a-media-nacional\/"]}]},{"@type":"WebSite","@id":"https:\/\/www.pmpf.rs.gov.br\/secretaria-de-meio-ambiente\/#website","url":"https:\/\/www.pmpf.rs.gov.br\/secretaria-de-meio-ambiente\/","name":"Secretaria de Meio Ambiente","description":"S\u00f3 mais um site Prefeitura de Passo Fundo","potentialAction":[{"@type":"SearchAction","target":{"@type":"EntryPoint","urlTemplate":"https:\/\/www.pmpf.rs.gov.br\/secretaria-de-meio-ambiente\/?s={search_term_string}"},"query-input":{"@type":"PropertyValueSpecification","valueRequired":true,"valueName":"search_term_string"}}],"inLanguage":"pt-BR"},{"@type":"Person","@id":"https:\/\/www.pmpf.rs.gov.br\/secretaria-de-meio-ambiente\/#\/schema\/person\/30ee1d1bd74da1469b01fcf086e43351","name":"andressazorzetto07","image":{"@type":"ImageObject","inLanguage":"pt-BR","@id":"https:\/\/www.pmpf.rs.gov.br\/secretaria-de-meio-ambiente\/#\/schema\/person\/image\/","url":"https:\/\/secure.gravatar.com\/avatar\/14c5458ed79dc81da99a13b9ff5f9f19?s=96&d=mm&r=g","contentUrl":"https:\/\/secure.gravatar.com\/avatar\/14c5458ed79dc81da99a13b9ff5f9f19?s=96&d=mm&r=g","caption":"andressazorzetto07"},"url":"https:\/\/www.pmpf.rs.gov.br\/secretaria-de-meio-ambiente\/author\/andressazorzetto07\/"}]}},"_links":{"self":[{"href":"https:\/\/www.pmpf.rs.gov.br\/secretaria-de-meio-ambiente\/wp-json\/wp\/v2\/posts\/1538"}],"collection":[{"href":"https:\/\/www.pmpf.rs.gov.br\/secretaria-de-meio-ambiente\/wp-json\/wp\/v2\/posts"}],"about":[{"href":"https:\/\/www.pmpf.rs.gov.br\/secretaria-de-meio-ambiente\/wp-json\/wp\/v2\/types\/post"}],"author":[{"embeddable":true,"href":"https:\/\/www.pmpf.rs.gov.br\/secretaria-de-meio-ambiente\/wp-json\/wp\/v2\/users\/6"}],"replies":[{"embeddable":true,"href":"https:\/\/www.pmpf.rs.gov.br\/secretaria-de-meio-ambiente\/wp-json\/wp\/v2\/comments?post=1538"}],"version-history":[{"count":1,"href":"https:\/\/www.pmpf.rs.gov.br\/secretaria-de-meio-ambiente\/wp-json\/wp\/v2\/posts\/1538\/revisions"}],"predecessor-version":[{"id":1539,"href":"https:\/\/www.pmpf.rs.gov.br\/secretaria-de-meio-ambiente\/wp-json\/wp\/v2\/posts\/1538\/revisions\/1539"}],"wp:attachment":[{"href":"https:\/\/www.pmpf.rs.gov.br\/secretaria-de-meio-ambiente\/wp-json\/wp\/v2\/media?parent=1538"}],"wp:term":[{"taxonomy":"category","embeddable":true,"href":"https:\/\/www.pmpf.rs.gov.br\/secretaria-de-meio-ambiente\/wp-json\/wp\/v2\/categories?post=1538"},{"taxonomy":"post_tag","embeddable":true,"href":"https:\/\/www.pmpf.rs.gov.br\/secretaria-de-meio-ambiente\/wp-json\/wp\/v2\/tags?post=1538"}],"curies":[{"name":"wp","href":"https:\/\/api.w.org\/{rel}","templated":true}]}}