{"id":1523,"date":"2022-10-05T16:29:15","date_gmt":"2022-10-05T19:29:15","guid":{"rendered":"https:\/\/www.pmpf.rs.gov.br\/secretaria-de-meio-ambiente\/?p=1523"},"modified":"2022-10-06T10:23:04","modified_gmt":"2022-10-06T13:23:04","slug":"prefeitura-promove-feira-de-saude-animal-nesta-quinta-feira","status":"publish","type":"post","link":"https:\/\/www.pmpf.rs.gov.br\/secretaria-de-meio-ambiente\/2022\/10\/05\/prefeitura-promove-feira-de-saude-animal-nesta-quinta-feira\/","title":{"rendered":"Prefeitura promove feira de sa\u00fade animal nesta quinta-feira"},"content":{"rendered":"\n<p>Integrando as programa\u00e7\u00f5es da Semana de Bem-Estar Animal, a Prefeitura de Passo Fundo, atrav\u00e9s da Secretaria de Meio Ambiente (SMAM), promove nesta quinta-feira (06), na Pra\u00e7a da M\u00e3e, uma feira de sa\u00fade animal. A a\u00e7\u00e3o, que inicia \u00e0s 14h, tem a parceria dos acad\u00eamicos do curso de Medicina Veterin\u00e1ria da Universidade de Passo Fundo (UPF).<\/p>\n\n\n\n<p>Conforme a secret\u00e1ria de Meio Ambiente, Gabriela Engers, o foco desta feira \u00e9 oferecer, de forma gratuita, atendimentos cl\u00ednicos veterin\u00e1rios para a detec\u00e7\u00e3o precoce de tumores cancer\u00edgenos em cadelas e gatas. \u201cEsta programa\u00e7\u00e3o tamb\u00e9m \u00e9 uma maneira de chamarmos a aten\u00e7\u00e3o para a incid\u00eancia de casos de c\u00e2ncer de mama em animais dom\u00e9sticos. Por isso, os profissionais que atuam no nosso Ambulat\u00f3rio Veterin\u00e1rio Municipal, em conjunto com os m\u00e9dicos veterin\u00e1rios e acad\u00eamicos da UPF, v\u00e3o realizar consultas e tamb\u00e9m conversar com a comunidade sobre fatores de risco e cuidados com os pets\u201d, explicou ela.<\/p>\n\n\n\n<p>Ainda de acordo com Gabriela, a SMAM, por meio da Coordenadoria de Bem-Estar Animal, levar\u00e1 a estrutura de atendimentos do programa \u00c9 o Bicho, fornecendo orienta\u00e7\u00f5es para a comunidade sobre castra\u00e7\u00f5es gratuitas e as demais iniciativas do programa, como o Acolhe PET e o Banco de Ra\u00e7\u00f5es. \u201cTamb\u00e9m vamos estar com o \u00f4nibus do programa \u00c9 o Bicho na Pra\u00e7a, at\u00e9 \u00e0s 17h, conversando com as pessoas sobre as a\u00e7\u00f5es da Secretaria na pol\u00edtica de prote\u00e7\u00e3o dos animais\u201d, refor\u00e7a a secret\u00e1ria.<\/p>\n","protected":false},"excerpt":{"rendered":"<p>A\u00e7\u00f5es iniciam \u00e0s 14h, na Pra\u00e7a da M\u00e3e. Atendimentos cl\u00ednicos veterin\u00e1rios ser\u00e3o realizados em parceria com o curso de Medicina Veterin\u00e1ria da Universidade de Passo Fundo (UPF)<\/p>\n","protected":false},"author":14,"featured_media":1524,"comment_status":"closed","ping_status":"closed","sticky":false,"template":"","format":"standard","meta":{"footnotes":""},"categories":[19,14,20],"tags":[],"class_list":["post-1523","post","type-post","status-publish","format-standard","has-post-thumbnail","hentry","category-acolhe-pet","category-ambulatorio-veterinario","category-e-o-bicho"],"yoast_head":"<!-- This site is optimized with the Yoast SEO plugin v23.8 - https:\/\/yoast.com\/wordpress\/plugins\/seo\/ -->\n<title>Prefeitura promove feira de sa\u00fade animal nesta quinta-feira - Secretaria de Meio Ambiente<\/title>\n<meta name=\"robots\" content=\"index, follow, max-snippet:-1, max-image-preview:large, max-video-preview:-1\" \/>\n<link rel=\"canonical\" href=\"https:\/\/www.pmpf.rs.gov.br\/secretaria-de-meio-ambiente\/2022\/10\/05\/prefeitura-promove-feira-de-saude-animal-nesta-quinta-feira\/\" \/>\n<meta property=\"og:locale\" content=\"pt_BR\" \/>\n<meta property=\"og:type\" content=\"article\" \/>\n<meta property=\"og:title\" content=\"Prefeitura promove feira de sa\u00fade animal nesta quinta-feira - Secretaria de Meio Ambiente\" \/>\n<meta property=\"og:description\" content=\"A\u00e7\u00f5es iniciam \u00e0s 14h, na Pra\u00e7a da M\u00e3e. Atendimentos cl\u00ednicos veterin\u00e1rios ser\u00e3o realizados em parceria com o curso de Medicina Veterin\u00e1ria da Universidade de Passo Fundo (UPF)\" \/>\n<meta property=\"og:url\" content=\"https:\/\/www.pmpf.rs.gov.br\/secretaria-de-meio-ambiente\/2022\/10\/05\/prefeitura-promove-feira-de-saude-animal-nesta-quinta-feira\/\" \/>\n<meta property=\"og:site_name\" content=\"Secretaria de Meio Ambiente\" \/>\n<meta property=\"article:published_time\" content=\"2022-10-05T19:29:15+00:00\" \/>\n<meta property=\"article:modified_time\" content=\"2022-10-06T13:23:04+00:00\" \/>\n<meta property=\"og:image\" content=\"https:\/\/www.pmpf.rs.gov.br\/secretaria-de-meio-ambiente\/wp-content\/uploads\/sites\/48\/2022\/10\/WhatsApp-Image-2022-10-05-at-16.23.44.jpeg\" \/>\n\t<meta property=\"og:image:width\" content=\"1280\" \/>\n\t<meta property=\"og:image:height\" content=\"854\" \/>\n\t<meta property=\"og:image:type\" content=\"image\/jpeg\" \/>\n<meta name=\"author\" content=\"crispuhll\" \/>\n<meta name=\"twitter:card\" content=\"summary_large_image\" \/>\n<meta name=\"twitter:label1\" content=\"Escrito por\" \/>\n\t<meta name=\"twitter:data1\" content=\"crispuhll\" \/>\n\t<meta name=\"twitter:label2\" content=\"Est. tempo de leitura\" \/>\n\t<meta name=\"twitter:data2\" content=\"1 minuto\" \/>\n<script type=\"application\/ld+json\" class=\"yoast-schema-graph\">{\"@context\":\"https:\/\/schema.org\",\"@graph\":[{\"@type\":\"WebPage\",\"@id\":\"https:\/\/www.pmpf.rs.gov.br\/secretaria-de-meio-ambiente\/2022\/10\/05\/prefeitura-promove-feira-de-saude-animal-nesta-quinta-feira\/\",\"url\":\"https:\/\/www.pmpf.rs.gov.br\/secretaria-de-meio-ambiente\/2022\/10\/05\/prefeitura-promove-feira-de-saude-animal-nesta-quinta-feira\/\",\"name\":\"Prefeitura promove feira de sa\u00fade animal nesta quinta-feira - Secretaria de Meio Ambiente\",\"isPartOf\":{\"@id\":\"https:\/\/www.pmpf.rs.gov.br\/secretaria-de-meio-ambiente\/#website\"},\"primaryImageOfPage\":{\"@id\":\"https:\/\/www.pmpf.rs.gov.br\/secretaria-de-meio-ambiente\/2022\/10\/05\/prefeitura-promove-feira-de-saude-animal-nesta-quinta-feira\/#primaryimage\"},\"image\":{\"@id\":\"https:\/\/www.pmpf.rs.gov.br\/secretaria-de-meio-ambiente\/2022\/10\/05\/prefeitura-promove-feira-de-saude-animal-nesta-quinta-feira\/#primaryimage\"},\"thumbnailUrl\":\"https:\/\/www.pmpf.rs.gov.br\/secretaria-de-meio-ambiente\/wp-content\/uploads\/sites\/48\/2022\/10\/WhatsApp-Image-2022-10-05-at-16.23.44.jpeg\",\"datePublished\":\"2022-10-05T19:29:15+00:00\",\"dateModified\":\"2022-10-06T13:23:04+00:00\",\"author\":{\"@id\":\"https:\/\/www.pmpf.rs.gov.br\/secretaria-de-meio-ambiente\/#\/schema\/person\/d5e03c9407acc37371a3fc616069ca6b\"},\"inLanguage\":\"pt-BR\",\"potentialAction\":[{\"@type\":\"ReadAction\",\"target\":[\"https:\/\/www.pmpf.rs.gov.br\/secretaria-de-meio-ambiente\/2022\/10\/05\/prefeitura-promove-feira-de-saude-animal-nesta-quinta-feira\/\"]}]},{\"@type\":\"ImageObject\",\"inLanguage\":\"pt-BR\",\"@id\":\"https:\/\/www.pmpf.rs.gov.br\/secretaria-de-meio-ambiente\/2022\/10\/05\/prefeitura-promove-feira-de-saude-animal-nesta-quinta-feira\/#primaryimage\",\"url\":\"https:\/\/www.pmpf.rs.gov.br\/secretaria-de-meio-ambiente\/wp-content\/uploads\/sites\/48\/2022\/10\/WhatsApp-Image-2022-10-05-at-16.23.44.jpeg\",\"contentUrl\":\"https:\/\/www.pmpf.rs.gov.br\/secretaria-de-meio-ambiente\/wp-content\/uploads\/sites\/48\/2022\/10\/WhatsApp-Image-2022-10-05-at-16.23.44.jpeg\",\"width\":1280,\"height\":854},{\"@type\":\"WebSite\",\"@id\":\"https:\/\/www.pmpf.rs.gov.br\/secretaria-de-meio-ambiente\/#website\",\"url\":\"https:\/\/www.pmpf.rs.gov.br\/secretaria-de-meio-ambiente\/\",\"name\":\"Secretaria de Meio Ambiente\",\"description\":\"S\u00f3 mais um site Prefeitura de Passo Fundo\",\"potentialAction\":[{\"@type\":\"SearchAction\",\"target\":{\"@type\":\"EntryPoint\",\"urlTemplate\":\"https:\/\/www.pmpf.rs.gov.br\/secretaria-de-meio-ambiente\/?s={search_term_string}\"},\"query-input\":{\"@type\":\"PropertyValueSpecification\",\"valueRequired\":true,\"valueName\":\"search_term_string\"}}],\"inLanguage\":\"pt-BR\"},{\"@type\":\"Person\",\"@id\":\"https:\/\/www.pmpf.rs.gov.br\/secretaria-de-meio-ambiente\/#\/schema\/person\/d5e03c9407acc37371a3fc616069ca6b\",\"name\":\"crispuhll\",\"image\":{\"@type\":\"ImageObject\",\"inLanguage\":\"pt-BR\",\"@id\":\"https:\/\/www.pmpf.rs.gov.br\/secretaria-de-meio-ambiente\/#\/schema\/person\/image\/\",\"url\":\"https:\/\/secure.gravatar.com\/avatar\/345741ad9625b2854df5b938a77f8d85?s=96&d=mm&r=g\",\"contentUrl\":\"https:\/\/secure.gravatar.com\/avatar\/345741ad9625b2854df5b938a77f8d85?s=96&d=mm&r=g\",\"caption\":\"crispuhll\"},\"url\":\"https:\/\/www.pmpf.rs.gov.br\/secretaria-de-meio-ambiente\/author\/crispuhll\/\"}]}<\/script>\n<!-- \/ Yoast SEO plugin. -->","yoast_head_json":{"title":"Prefeitura promove feira de sa\u00fade animal nesta quinta-feira - Secretaria de Meio Ambiente","robots":{"index":"index","follow":"follow","max-snippet":"max-snippet:-1","max-image-preview":"max-image-preview:large","max-video-preview":"max-video-preview:-1"},"canonical":"https:\/\/www.pmpf.rs.gov.br\/secretaria-de-meio-ambiente\/2022\/10\/05\/prefeitura-promove-feira-de-saude-animal-nesta-quinta-feira\/","og_locale":"pt_BR","og_type":"article","og_title":"Prefeitura promove feira de sa\u00fade animal nesta quinta-feira - Secretaria de Meio Ambiente","og_description":"A\u00e7\u00f5es iniciam \u00e0s 14h, na Pra\u00e7a da M\u00e3e. Atendimentos cl\u00ednicos veterin\u00e1rios ser\u00e3o realizados em parceria com o curso de Medicina Veterin\u00e1ria da Universidade de Passo Fundo (UPF)","og_url":"https:\/\/www.pmpf.rs.gov.br\/secretaria-de-meio-ambiente\/2022\/10\/05\/prefeitura-promove-feira-de-saude-animal-nesta-quinta-feira\/","og_site_name":"Secretaria de Meio Ambiente","article_published_time":"2022-10-05T19:29:15+00:00","article_modified_time":"2022-10-06T13:23:04+00:00","og_image":[{"width":1280,"height":854,"url":"https:\/\/www.pmpf.rs.gov.br\/secretaria-de-meio-ambiente\/wp-content\/uploads\/sites\/48\/2022\/10\/WhatsApp-Image-2022-10-05-at-16.23.44.jpeg","type":"image\/jpeg"}],"author":"crispuhll","twitter_card":"summary_large_image","twitter_misc":{"Escrito por":"crispuhll","Est. tempo de leitura":"1 minuto"},"schema":{"@context":"https:\/\/schema.org","@graph":[{"@type":"WebPage","@id":"https:\/\/www.pmpf.rs.gov.br\/secretaria-de-meio-ambiente\/2022\/10\/05\/prefeitura-promove-feira-de-saude-animal-nesta-quinta-feira\/","url":"https:\/\/www.pmpf.rs.gov.br\/secretaria-de-meio-ambiente\/2022\/10\/05\/prefeitura-promove-feira-de-saude-animal-nesta-quinta-feira\/","name":"Prefeitura promove feira de sa\u00fade animal nesta quinta-feira - Secretaria de Meio Ambiente","isPartOf":{"@id":"https:\/\/www.pmpf.rs.gov.br\/secretaria-de-meio-ambiente\/#website"},"primaryImageOfPage":{"@id":"https:\/\/www.pmpf.rs.gov.br\/secretaria-de-meio-ambiente\/2022\/10\/05\/prefeitura-promove-feira-de-saude-animal-nesta-quinta-feira\/#primaryimage"},"image":{"@id":"https:\/\/www.pmpf.rs.gov.br\/secretaria-de-meio-ambiente\/2022\/10\/05\/prefeitura-promove-feira-de-saude-animal-nesta-quinta-feira\/#primaryimage"},"thumbnailUrl":"https:\/\/www.pmpf.rs.gov.br\/secretaria-de-meio-ambiente\/wp-content\/uploads\/sites\/48\/2022\/10\/WhatsApp-Image-2022-10-05-at-16.23.44.jpeg","datePublished":"2022-10-05T19:29:15+00:00","dateModified":"2022-10-06T13:23:04+00:00","author":{"@id":"https:\/\/www.pmpf.rs.gov.br\/secretaria-de-meio-ambiente\/#\/schema\/person\/d5e03c9407acc37371a3fc616069ca6b"},"inLanguage":"pt-BR","potentialAction":[{"@type":"ReadAction","target":["https:\/\/www.pmpf.rs.gov.br\/secretaria-de-meio-ambiente\/2022\/10\/05\/prefeitura-promove-feira-de-saude-animal-nesta-quinta-feira\/"]}]},{"@type":"ImageObject","inLanguage":"pt-BR","@id":"https:\/\/www.pmpf.rs.gov.br\/secretaria-de-meio-ambiente\/2022\/10\/05\/prefeitura-promove-feira-de-saude-animal-nesta-quinta-feira\/#primaryimage","url":"https:\/\/www.pmpf.rs.gov.br\/secretaria-de-meio-ambiente\/wp-content\/uploads\/sites\/48\/2022\/10\/WhatsApp-Image-2022-10-05-at-16.23.44.jpeg","contentUrl":"https:\/\/www.pmpf.rs.gov.br\/secretaria-de-meio-ambiente\/wp-content\/uploads\/sites\/48\/2022\/10\/WhatsApp-Image-2022-10-05-at-16.23.44.jpeg","width":1280,"height":854},{"@type":"WebSite","@id":"https:\/\/www.pmpf.rs.gov.br\/secretaria-de-meio-ambiente\/#website","url":"https:\/\/www.pmpf.rs.gov.br\/secretaria-de-meio-ambiente\/","name":"Secretaria de Meio Ambiente","description":"S\u00f3 mais um site Prefeitura de Passo Fundo","potentialAction":[{"@type":"SearchAction","target":{"@type":"EntryPoint","urlTemplate":"https:\/\/www.pmpf.rs.gov.br\/secretaria-de-meio-ambiente\/?s={search_term_string}"},"query-input":{"@type":"PropertyValueSpecification","valueRequired":true,"valueName":"search_term_string"}}],"inLanguage":"pt-BR"},{"@type":"Person","@id":"https:\/\/www.pmpf.rs.gov.br\/secretaria-de-meio-ambiente\/#\/schema\/person\/d5e03c9407acc37371a3fc616069ca6b","name":"crispuhll","image":{"@type":"ImageObject","inLanguage":"pt-BR","@id":"https:\/\/www.pmpf.rs.gov.br\/secretaria-de-meio-ambiente\/#\/schema\/person\/image\/","url":"https:\/\/secure.gravatar.com\/avatar\/345741ad9625b2854df5b938a77f8d85?s=96&d=mm&r=g","contentUrl":"https:\/\/secure.gravatar.com\/avatar\/345741ad9625b2854df5b938a77f8d85?s=96&d=mm&r=g","caption":"crispuhll"},"url":"https:\/\/www.pmpf.rs.gov.br\/secretaria-de-meio-ambiente\/author\/crispuhll\/"}]}},"_links":{"self":[{"href":"https:\/\/www.pmpf.rs.gov.br\/secretaria-de-meio-ambiente\/wp-json\/wp\/v2\/posts\/1523"}],"collection":[{"href":"https:\/\/www.pmpf.rs.gov.br\/secretaria-de-meio-ambiente\/wp-json\/wp\/v2\/posts"}],"about":[{"href":"https:\/\/www.pmpf.rs.gov.br\/secretaria-de-meio-ambiente\/wp-json\/wp\/v2\/types\/post"}],"author":[{"embeddable":true,"href":"https:\/\/www.pmpf.rs.gov.br\/secretaria-de-meio-ambiente\/wp-json\/wp\/v2\/users\/14"}],"replies":[{"embeddable":true,"href":"https:\/\/www.pmpf.rs.gov.br\/secretaria-de-meio-ambiente\/wp-json\/wp\/v2\/comments?post=1523"}],"version-history":[{"count":1,"href":"https:\/\/www.pmpf.rs.gov.br\/secretaria-de-meio-ambiente\/wp-json\/wp\/v2\/posts\/1523\/revisions"}],"predecessor-version":[{"id":1525,"href":"https:\/\/www.pmpf.rs.gov.br\/secretaria-de-meio-ambiente\/wp-json\/wp\/v2\/posts\/1523\/revisions\/1525"}],"wp:featuredmedia":[{"embeddable":true,"href":"https:\/\/www.pmpf.rs.gov.br\/secretaria-de-meio-ambiente\/wp-json\/wp\/v2\/media\/1524"}],"wp:attachment":[{"href":"https:\/\/www.pmpf.rs.gov.br\/secretaria-de-meio-ambiente\/wp-json\/wp\/v2\/media?parent=1523"}],"wp:term":[{"taxonomy":"category","embeddable":true,"href":"https:\/\/www.pmpf.rs.gov.br\/secretaria-de-meio-ambiente\/wp-json\/wp\/v2\/categories?post=1523"},{"taxonomy":"post_tag","embeddable":true,"href":"https:\/\/www.pmpf.rs.gov.br\/secretaria-de-meio-ambiente\/wp-json\/wp\/v2\/tags?post=1523"}],"curies":[{"name":"wp","href":"https:\/\/api.w.org\/{rel}","templated":true}]}}