{"id":1517,"date":"2022-09-21T16:36:01","date_gmt":"2022-09-21T19:36:01","guid":{"rendered":"https:\/\/www.pmpf.rs.gov.br\/secretaria-de-meio-ambiente\/?p=1517"},"modified":"2022-09-21T16:36:02","modified_gmt":"2022-09-21T19:36:02","slug":"no-dia-da-arvore-alunos-avaliam-o-crescimento-de-arvores-nativas-plantadas-ha-um-ano","status":"publish","type":"post","link":"https:\/\/www.pmpf.rs.gov.br\/secretaria-de-meio-ambiente\/2022\/09\/21\/no-dia-da-arvore-alunos-avaliam-o-crescimento-de-arvores-nativas-plantadas-ha-um-ano\/","title":{"rendered":"No Dia da \u00c1rvore, alunos avaliam o crescimento de \u00e1rvores nativas plantadas h\u00e1 um ano"},"content":{"rendered":"\n<p><\/p>\n\n\n\n<p>H\u00e1 exatamente um ano, no Dia da \u00c1rvore, alunos da Escola Municipal de Ensino Fundamental (EMEF) Arlindo de Souza Mattos plantaram 10 mudas nativas. Durante todo esse per\u00edodo, eles cuidaram e acompanharam o desenvolvimento das \u00e1rvores e, nesta quarta-feira (21), aproveitaram a data para refletir sobre o resultado.<\/p>\n\n\n\n<p>A turma do segundo ano plantou uma quaresmeira e gostou de observar o seu crescimento. O Jo\u00e3o Lucas, de sete anos, ficou surpreso. \u201cJ\u00e1 faz um ano?! Como ela est\u00e1 desse tamanho\u201d, perguntava aos colegas sobre a \u00e1rvore, que \u00e9 de pequeno a m\u00e9dio porte e conhecida pelas suas flores de colora\u00e7\u00e3o roxa.<\/p>\n\n\n\n<p>Para a coordenadora pedag\u00f3gica da escola, Rafaella Dilda, essas atividades s\u00e3o essenciais para que as crian\u00e7as aprendam a respeitar o meio ambiente. \u201cN\u00f3s somos educadores, e educar vai al\u00e9m da alfabetiza\u00e7\u00e3o e dos conte\u00fados curriculares. Aqui, investimos tempo para educar os alunos para o cuidado com o meio ambiente, para a sustentabilidade. Educamos para que eles vivam o mundo\u201d, afirmou, enfatizando que a institui\u00e7\u00e3o tamb\u00e9m conta com horta e que cada turma \u00e9 respons\u00e1vel pelo seu canteiro.<\/p>\n\n\n\n<p>O plantio foi promovido pela Secretaria de Meio Ambiente. Para a secret\u00e1ria da pasta, Gabriela Engers, a\u00e7\u00f5es como essa s\u00e3o um est\u00edmulo para que as crian\u00e7as desenvolvam a conscientiza\u00e7\u00e3o e as pr\u00e1ticas de preserva\u00e7\u00e3o. \u201cAs \u00e1rvores desempenham importantes fun\u00e7\u00f5es ambientais, tais como fornecimento de oxig\u00eanio, purifica\u00e7\u00e3o do ar, estabiliza\u00e7\u00e3o da temperatura, alimenta\u00e7\u00e3o para p\u00e1ssaros e outros animais, al\u00e9m do paisagismo e do acr\u00e9scimo \u00e0 qualidade de vida, o que \u00e9 explicado para as crian\u00e7as antes da realiza\u00e7\u00e3o do plantio. Assim, esse tipo de a\u00e7\u00e3o faz com que as crian\u00e7as sintam orgulho de ver uma \u00e1rvore que elas mesmo ajudaram plantar e, principalmente, ensina a elas que todos n\u00f3s precisamos adotar pr\u00e1ticas sustent\u00e1veis para a preserva\u00e7\u00e3o do meio ambiente\u201d, destaca.<\/p>\n\n\n\n<p><\/p>\n\n\n\n<p><strong>Viveiro Municipal Chico Mendes<\/strong><\/p>\n\n\n\n<p>As mudas levadas \u00e0 EMEF Arlindo de Souza Mattos e a outras escolas, ornamentais e frut\u00edferas, foram retiradas do Viveiro Municipal Chico Mendes, administrado pela Secretaria Municipal do Meio Ambiente. O espa\u00e7o possui diversas mudas de \u00e1rvores nativas para doa\u00e7\u00e3o \u00e0 comunidade. Al\u00e9m das frut\u00edferas, est\u00e3o plantas como o ip\u00ea-amarelo e a pata de vaca.<br>As mudas do viveiro s\u00e3o oriundas de doa\u00e7\u00f5es e processos de compensa\u00e7\u00f5es ambientais. Neste ano, foram doadas para a comunidade mais de 1.100 exemplares nativos, mediante autoriza\u00e7\u00e3o emitida pela Secretaria de Meio Ambiente. \u201cAs mudas podem ser adquiridas pela comunidade a fim de que sejam plantadas em diversos locais, como nas pr\u00f3prias resid\u00eancias. Somado a isso, o Munic\u00edpio mant\u00e9m a\u00e7\u00f5es cont\u00ednuas de plantio em espa\u00e7os p\u00fablicos como escolas, pra\u00e7as e \u00c1reas de Prote\u00e7\u00e3o Permanentes utilizando as mudas do Viveiro Municipal\u201d, menciona a secret\u00e1ria.<br>O viveiro est\u00e1 localizado na Rua Guilherme Boor, 196, Bairro S\u00e3o Jos\u00e9. Quem tiver interesse em obter mudas poder\u00e1 solicitar a doa\u00e7\u00e3o pelo telefone 54 3317-2529.<\/p>\n","protected":false},"excerpt":{"rendered":"<p>H\u00e1 exatamente um ano, estudantes da EMEF Arlindo de Souza Mattos plantaram mudas nativas ornamentais e frut\u00edferas, em uma atividade com a proposta de promover a conscientiza\u00e7\u00e3o ambiental<\/p>\n","protected":false},"author":6,"featured_media":1518,"comment_status":"closed","ping_status":"closed","sticky":true,"template":"","format":"standard","meta":{"footnotes":""},"categories":[15],"tags":[],"class_list":["post-1517","post","type-post","status-publish","format-standard","has-post-thumbnail","hentry","category-educacao-ambiental"],"yoast_head":"<!-- This site is optimized with the Yoast SEO plugin v23.8 - https:\/\/yoast.com\/wordpress\/plugins\/seo\/ -->\n<title>No Dia da \u00c1rvore, alunos avaliam o crescimento de \u00e1rvores nativas plantadas h\u00e1 um ano - Secretaria de Meio Ambiente<\/title>\n<meta name=\"robots\" content=\"index, follow, max-snippet:-1, max-image-preview:large, max-video-preview:-1\" \/>\n<link rel=\"canonical\" href=\"https:\/\/www.pmpf.rs.gov.br\/secretaria-de-meio-ambiente\/2022\/09\/21\/no-dia-da-arvore-alunos-avaliam-o-crescimento-de-arvores-nativas-plantadas-ha-um-ano\/\" \/>\n<meta property=\"og:locale\" content=\"pt_BR\" \/>\n<meta property=\"og:type\" content=\"article\" \/>\n<meta property=\"og:title\" content=\"No Dia da \u00c1rvore, alunos avaliam o crescimento de \u00e1rvores nativas plantadas h\u00e1 um ano - Secretaria de Meio Ambiente\" \/>\n<meta property=\"og:description\" content=\"H\u00e1 exatamente um ano, estudantes da EMEF Arlindo de Souza Mattos plantaram mudas nativas ornamentais e frut\u00edferas, em uma atividade com a proposta de promover a conscientiza\u00e7\u00e3o ambiental\" \/>\n<meta property=\"og:url\" content=\"https:\/\/www.pmpf.rs.gov.br\/secretaria-de-meio-ambiente\/2022\/09\/21\/no-dia-da-arvore-alunos-avaliam-o-crescimento-de-arvores-nativas-plantadas-ha-um-ano\/\" \/>\n<meta property=\"og:site_name\" content=\"Secretaria de Meio Ambiente\" \/>\n<meta property=\"article:published_time\" content=\"2022-09-21T19:36:01+00:00\" \/>\n<meta property=\"article:modified_time\" content=\"2022-09-21T19:36:02+00:00\" \/>\n<meta property=\"og:image\" content=\"https:\/\/www.pmpf.rs.gov.br\/secretaria-de-meio-ambiente\/wp-content\/uploads\/sites\/48\/2022\/09\/arvores-arlindo-de-souza-mattos.jpg\" \/>\n\t<meta property=\"og:image:width\" content=\"1280\" \/>\n\t<meta property=\"og:image:height\" content=\"718\" \/>\n\t<meta property=\"og:image:type\" content=\"image\/jpeg\" \/>\n<meta name=\"author\" content=\"andressazorzetto07\" \/>\n<meta name=\"twitter:card\" content=\"summary_large_image\" \/>\n<meta name=\"twitter:label1\" content=\"Escrito por\" \/>\n\t<meta name=\"twitter:data1\" content=\"andressazorzetto07\" \/>\n\t<meta name=\"twitter:label2\" content=\"Est. tempo de leitura\" \/>\n\t<meta name=\"twitter:data2\" content=\"3 minutos\" \/>\n<script type=\"application\/ld+json\" class=\"yoast-schema-graph\">{\"@context\":\"https:\/\/schema.org\",\"@graph\":[{\"@type\":\"WebPage\",\"@id\":\"https:\/\/www.pmpf.rs.gov.br\/secretaria-de-meio-ambiente\/2022\/09\/21\/no-dia-da-arvore-alunos-avaliam-o-crescimento-de-arvores-nativas-plantadas-ha-um-ano\/\",\"url\":\"https:\/\/www.pmpf.rs.gov.br\/secretaria-de-meio-ambiente\/2022\/09\/21\/no-dia-da-arvore-alunos-avaliam-o-crescimento-de-arvores-nativas-plantadas-ha-um-ano\/\",\"name\":\"No Dia da \u00c1rvore, alunos avaliam o crescimento de \u00e1rvores nativas plantadas h\u00e1 um ano - Secretaria de Meio Ambiente\",\"isPartOf\":{\"@id\":\"https:\/\/www.pmpf.rs.gov.br\/secretaria-de-meio-ambiente\/#website\"},\"primaryImageOfPage\":{\"@id\":\"https:\/\/www.pmpf.rs.gov.br\/secretaria-de-meio-ambiente\/2022\/09\/21\/no-dia-da-arvore-alunos-avaliam-o-crescimento-de-arvores-nativas-plantadas-ha-um-ano\/#primaryimage\"},\"image\":{\"@id\":\"https:\/\/www.pmpf.rs.gov.br\/secretaria-de-meio-ambiente\/2022\/09\/21\/no-dia-da-arvore-alunos-avaliam-o-crescimento-de-arvores-nativas-plantadas-ha-um-ano\/#primaryimage\"},\"thumbnailUrl\":\"https:\/\/www.pmpf.rs.gov.br\/secretaria-de-meio-ambiente\/wp-content\/uploads\/sites\/48\/2022\/09\/arvores-arlindo-de-souza-mattos.jpg\",\"datePublished\":\"2022-09-21T19:36:01+00:00\",\"dateModified\":\"2022-09-21T19:36:02+00:00\",\"author\":{\"@id\":\"https:\/\/www.pmpf.rs.gov.br\/secretaria-de-meio-ambiente\/#\/schema\/person\/30ee1d1bd74da1469b01fcf086e43351\"},\"inLanguage\":\"pt-BR\",\"potentialAction\":[{\"@type\":\"ReadAction\",\"target\":[\"https:\/\/www.pmpf.rs.gov.br\/secretaria-de-meio-ambiente\/2022\/09\/21\/no-dia-da-arvore-alunos-avaliam-o-crescimento-de-arvores-nativas-plantadas-ha-um-ano\/\"]}]},{\"@type\":\"ImageObject\",\"inLanguage\":\"pt-BR\",\"@id\":\"https:\/\/www.pmpf.rs.gov.br\/secretaria-de-meio-ambiente\/2022\/09\/21\/no-dia-da-arvore-alunos-avaliam-o-crescimento-de-arvores-nativas-plantadas-ha-um-ano\/#primaryimage\",\"url\":\"https:\/\/www.pmpf.rs.gov.br\/secretaria-de-meio-ambiente\/wp-content\/uploads\/sites\/48\/2022\/09\/arvores-arlindo-de-souza-mattos.jpg\",\"contentUrl\":\"https:\/\/www.pmpf.rs.gov.br\/secretaria-de-meio-ambiente\/wp-content\/uploads\/sites\/48\/2022\/09\/arvores-arlindo-de-souza-mattos.jpg\",\"width\":1280,\"height\":718},{\"@type\":\"WebSite\",\"@id\":\"https:\/\/www.pmpf.rs.gov.br\/secretaria-de-meio-ambiente\/#website\",\"url\":\"https:\/\/www.pmpf.rs.gov.br\/secretaria-de-meio-ambiente\/\",\"name\":\"Secretaria de Meio Ambiente\",\"description\":\"S\u00f3 mais um site Prefeitura de Passo Fundo\",\"potentialAction\":[{\"@type\":\"SearchAction\",\"target\":{\"@type\":\"EntryPoint\",\"urlTemplate\":\"https:\/\/www.pmpf.rs.gov.br\/secretaria-de-meio-ambiente\/?s={search_term_string}\"},\"query-input\":{\"@type\":\"PropertyValueSpecification\",\"valueRequired\":true,\"valueName\":\"search_term_string\"}}],\"inLanguage\":\"pt-BR\"},{\"@type\":\"Person\",\"@id\":\"https:\/\/www.pmpf.rs.gov.br\/secretaria-de-meio-ambiente\/#\/schema\/person\/30ee1d1bd74da1469b01fcf086e43351\",\"name\":\"andressazorzetto07\",\"image\":{\"@type\":\"ImageObject\",\"inLanguage\":\"pt-BR\",\"@id\":\"https:\/\/www.pmpf.rs.gov.br\/secretaria-de-meio-ambiente\/#\/schema\/person\/image\/\",\"url\":\"https:\/\/secure.gravatar.com\/avatar\/14c5458ed79dc81da99a13b9ff5f9f19?s=96&d=mm&r=g\",\"contentUrl\":\"https:\/\/secure.gravatar.com\/avatar\/14c5458ed79dc81da99a13b9ff5f9f19?s=96&d=mm&r=g\",\"caption\":\"andressazorzetto07\"},\"url\":\"https:\/\/www.pmpf.rs.gov.br\/secretaria-de-meio-ambiente\/author\/andressazorzetto07\/\"}]}<\/script>\n<!-- \/ Yoast SEO plugin. -->","yoast_head_json":{"title":"No Dia da \u00c1rvore, alunos avaliam o crescimento de \u00e1rvores nativas plantadas h\u00e1 um ano - Secretaria de Meio Ambiente","robots":{"index":"index","follow":"follow","max-snippet":"max-snippet:-1","max-image-preview":"max-image-preview:large","max-video-preview":"max-video-preview:-1"},"canonical":"https:\/\/www.pmpf.rs.gov.br\/secretaria-de-meio-ambiente\/2022\/09\/21\/no-dia-da-arvore-alunos-avaliam-o-crescimento-de-arvores-nativas-plantadas-ha-um-ano\/","og_locale":"pt_BR","og_type":"article","og_title":"No Dia da \u00c1rvore, alunos avaliam o crescimento de \u00e1rvores nativas plantadas h\u00e1 um ano - Secretaria de Meio Ambiente","og_description":"H\u00e1 exatamente um ano, estudantes da EMEF Arlindo de Souza Mattos plantaram mudas nativas ornamentais e frut\u00edferas, em uma atividade com a proposta de promover a conscientiza\u00e7\u00e3o ambiental","og_url":"https:\/\/www.pmpf.rs.gov.br\/secretaria-de-meio-ambiente\/2022\/09\/21\/no-dia-da-arvore-alunos-avaliam-o-crescimento-de-arvores-nativas-plantadas-ha-um-ano\/","og_site_name":"Secretaria de Meio Ambiente","article_published_time":"2022-09-21T19:36:01+00:00","article_modified_time":"2022-09-21T19:36:02+00:00","og_image":[{"width":1280,"height":718,"url":"https:\/\/www.pmpf.rs.gov.br\/secretaria-de-meio-ambiente\/wp-content\/uploads\/sites\/48\/2022\/09\/arvores-arlindo-de-souza-mattos.jpg","type":"image\/jpeg"}],"author":"andressazorzetto07","twitter_card":"summary_large_image","twitter_misc":{"Escrito por":"andressazorzetto07","Est. tempo de leitura":"3 minutos"},"schema":{"@context":"https:\/\/schema.org","@graph":[{"@type":"WebPage","@id":"https:\/\/www.pmpf.rs.gov.br\/secretaria-de-meio-ambiente\/2022\/09\/21\/no-dia-da-arvore-alunos-avaliam-o-crescimento-de-arvores-nativas-plantadas-ha-um-ano\/","url":"https:\/\/www.pmpf.rs.gov.br\/secretaria-de-meio-ambiente\/2022\/09\/21\/no-dia-da-arvore-alunos-avaliam-o-crescimento-de-arvores-nativas-plantadas-ha-um-ano\/","name":"No Dia da \u00c1rvore, alunos avaliam o crescimento de \u00e1rvores nativas plantadas h\u00e1 um ano - Secretaria de Meio Ambiente","isPartOf":{"@id":"https:\/\/www.pmpf.rs.gov.br\/secretaria-de-meio-ambiente\/#website"},"primaryImageOfPage":{"@id":"https:\/\/www.pmpf.rs.gov.br\/secretaria-de-meio-ambiente\/2022\/09\/21\/no-dia-da-arvore-alunos-avaliam-o-crescimento-de-arvores-nativas-plantadas-ha-um-ano\/#primaryimage"},"image":{"@id":"https:\/\/www.pmpf.rs.gov.br\/secretaria-de-meio-ambiente\/2022\/09\/21\/no-dia-da-arvore-alunos-avaliam-o-crescimento-de-arvores-nativas-plantadas-ha-um-ano\/#primaryimage"},"thumbnailUrl":"https:\/\/www.pmpf.rs.gov.br\/secretaria-de-meio-ambiente\/wp-content\/uploads\/sites\/48\/2022\/09\/arvores-arlindo-de-souza-mattos.jpg","datePublished":"2022-09-21T19:36:01+00:00","dateModified":"2022-09-21T19:36:02+00:00","author":{"@id":"https:\/\/www.pmpf.rs.gov.br\/secretaria-de-meio-ambiente\/#\/schema\/person\/30ee1d1bd74da1469b01fcf086e43351"},"inLanguage":"pt-BR","potentialAction":[{"@type":"ReadAction","target":["https:\/\/www.pmpf.rs.gov.br\/secretaria-de-meio-ambiente\/2022\/09\/21\/no-dia-da-arvore-alunos-avaliam-o-crescimento-de-arvores-nativas-plantadas-ha-um-ano\/"]}]},{"@type":"ImageObject","inLanguage":"pt-BR","@id":"https:\/\/www.pmpf.rs.gov.br\/secretaria-de-meio-ambiente\/2022\/09\/21\/no-dia-da-arvore-alunos-avaliam-o-crescimento-de-arvores-nativas-plantadas-ha-um-ano\/#primaryimage","url":"https:\/\/www.pmpf.rs.gov.br\/secretaria-de-meio-ambiente\/wp-content\/uploads\/sites\/48\/2022\/09\/arvores-arlindo-de-souza-mattos.jpg","contentUrl":"https:\/\/www.pmpf.rs.gov.br\/secretaria-de-meio-ambiente\/wp-content\/uploads\/sites\/48\/2022\/09\/arvores-arlindo-de-souza-mattos.jpg","width":1280,"height":718},{"@type":"WebSite","@id":"https:\/\/www.pmpf.rs.gov.br\/secretaria-de-meio-ambiente\/#website","url":"https:\/\/www.pmpf.rs.gov.br\/secretaria-de-meio-ambiente\/","name":"Secretaria de Meio Ambiente","description":"S\u00f3 mais um site Prefeitura de Passo Fundo","potentialAction":[{"@type":"SearchAction","target":{"@type":"EntryPoint","urlTemplate":"https:\/\/www.pmpf.rs.gov.br\/secretaria-de-meio-ambiente\/?s={search_term_string}"},"query-input":{"@type":"PropertyValueSpecification","valueRequired":true,"valueName":"search_term_string"}}],"inLanguage":"pt-BR"},{"@type":"Person","@id":"https:\/\/www.pmpf.rs.gov.br\/secretaria-de-meio-ambiente\/#\/schema\/person\/30ee1d1bd74da1469b01fcf086e43351","name":"andressazorzetto07","image":{"@type":"ImageObject","inLanguage":"pt-BR","@id":"https:\/\/www.pmpf.rs.gov.br\/secretaria-de-meio-ambiente\/#\/schema\/person\/image\/","url":"https:\/\/secure.gravatar.com\/avatar\/14c5458ed79dc81da99a13b9ff5f9f19?s=96&d=mm&r=g","contentUrl":"https:\/\/secure.gravatar.com\/avatar\/14c5458ed79dc81da99a13b9ff5f9f19?s=96&d=mm&r=g","caption":"andressazorzetto07"},"url":"https:\/\/www.pmpf.rs.gov.br\/secretaria-de-meio-ambiente\/author\/andressazorzetto07\/"}]}},"_links":{"self":[{"href":"https:\/\/www.pmpf.rs.gov.br\/secretaria-de-meio-ambiente\/wp-json\/wp\/v2\/posts\/1517"}],"collection":[{"href":"https:\/\/www.pmpf.rs.gov.br\/secretaria-de-meio-ambiente\/wp-json\/wp\/v2\/posts"}],"about":[{"href":"https:\/\/www.pmpf.rs.gov.br\/secretaria-de-meio-ambiente\/wp-json\/wp\/v2\/types\/post"}],"author":[{"embeddable":true,"href":"https:\/\/www.pmpf.rs.gov.br\/secretaria-de-meio-ambiente\/wp-json\/wp\/v2\/users\/6"}],"replies":[{"embeddable":true,"href":"https:\/\/www.pmpf.rs.gov.br\/secretaria-de-meio-ambiente\/wp-json\/wp\/v2\/comments?post=1517"}],"version-history":[{"count":1,"href":"https:\/\/www.pmpf.rs.gov.br\/secretaria-de-meio-ambiente\/wp-json\/wp\/v2\/posts\/1517\/revisions"}],"predecessor-version":[{"id":1519,"href":"https:\/\/www.pmpf.rs.gov.br\/secretaria-de-meio-ambiente\/wp-json\/wp\/v2\/posts\/1517\/revisions\/1519"}],"wp:featuredmedia":[{"embeddable":true,"href":"https:\/\/www.pmpf.rs.gov.br\/secretaria-de-meio-ambiente\/wp-json\/wp\/v2\/media\/1518"}],"wp:attachment":[{"href":"https:\/\/www.pmpf.rs.gov.br\/secretaria-de-meio-ambiente\/wp-json\/wp\/v2\/media?parent=1517"}],"wp:term":[{"taxonomy":"category","embeddable":true,"href":"https:\/\/www.pmpf.rs.gov.br\/secretaria-de-meio-ambiente\/wp-json\/wp\/v2\/categories?post=1517"},{"taxonomy":"post_tag","embeddable":true,"href":"https:\/\/www.pmpf.rs.gov.br\/secretaria-de-meio-ambiente\/wp-json\/wp\/v2\/tags?post=1517"}],"curies":[{"name":"wp","href":"https:\/\/api.w.org\/{rel}","templated":true}]}}