{"id":1514,"date":"2022-09-14T15:29:02","date_gmt":"2022-09-14T18:29:02","guid":{"rendered":"https:\/\/www.pmpf.rs.gov.br\/secretaria-de-meio-ambiente\/?p=1514"},"modified":"2022-09-14T15:29:02","modified_gmt":"2022-09-14T18:29:02","slug":"e-o-bicho-prefeitura-estima-realizar-mais-de-3-mil-castracoes-gratuitas-neste-ano","status":"publish","type":"post","link":"https:\/\/www.pmpf.rs.gov.br\/secretaria-de-meio-ambiente\/2022\/09\/14\/e-o-bicho-prefeitura-estima-realizar-mais-de-3-mil-castracoes-gratuitas-neste-ano\/","title":{"rendered":"\u00c9 o Bicho: Prefeitura estima realizar mais de 3 mil castra\u00e7\u00f5es gratuitas neste ano"},"content":{"rendered":"\n<p><\/p>\n\n\n\n<p><\/p>\n\n\n\n<p>Foi com o programa \u00c9 o Bicho que Passo Fundo come\u00e7ou, em outubro de 2014, a efetivar pol\u00edticas p\u00fablicas na \u00e1rea da prote\u00e7\u00e3o animal. Uma das a\u00e7\u00f5es de relev\u00e2ncia foram as castra\u00e7\u00f5es gratuitas, que, aliadas ao atendimento gratuito no Ambulat\u00f3rio Veterin\u00e1rio Municipal e \u00e0 fiscaliza\u00e7\u00e3o de den\u00fancias de maus-tratos, trouxeram um olhar sens\u00edvel \u00e0 causa animal. Desde ent\u00e3o, mais de 8,2 mil animais, entre c\u00e3es e gatos, foram castrados. Com a amplia\u00e7\u00e3o de recursos, a estimativa da Prefeitura \u00e9 que, neste ano, sejam realizadas mais de 3 mil castra\u00e7\u00f5es pelo programa.<\/p>\n\n\n\n<p>O prefeito Pedro Almeida destaca que o Munic\u00edpio trabalha para fortalecer as pol\u00edticas p\u00fablicas de Bem-Estar Animal e garantir recursos para expandir as a\u00e7\u00f5es. \u201cEm conjunto com a rede de prote\u00e7\u00e3o, estamos consolidando importantes medidas. Hoje, al\u00e9m do \u00c9 o Bicho, temos o Acolhe Pet, que contribui financeiramente com protetores que disponibilizam lar tempor\u00e1rio a animais resgatados, e o Banco de Ra\u00e7\u00e3o, que \u00e9 novo e ajuda na manuten\u00e7\u00e3o de animais de pessoas que precisam\u201d, destaca.<\/p>\n\n\n\n<p>Levando em considera\u00e7\u00e3o os n\u00fameros de 2022, at\u00e9 este m\u00eas de setembro, 1,4 mil animais foram castrados pelo Programa \u00c9 o Bicho. A previs\u00e3o \u00e9 que, at\u00e9 o fim do ano, sejam disponibilizados mais de 1,6 mil procedimentos. As castra\u00e7\u00f5es s\u00e3o feitas em c\u00e3es e gatos de pessoas inscritas no Cad\u00danico da assist\u00eancia social, em animais encaminhados por protetores cadastrados na SMAM e animais provenientes de den\u00fancias de maus-tratos.<\/p>\n\n\n\n<p>Os distritos do interior de Passo Fundo tamb\u00e9m est\u00e3o sendo contemplados com o programa de castra\u00e7\u00f5es e atendimentos veterin\u00e1rios. O secret\u00e1rio de Meio Ambiente, Rafael Colussi, explica que o cronograma de a\u00e7\u00f5es \u00e9 organizado pela Coordenadoria do Bem-Estar Animal em parceria com os subprefeitos dos distritos. \u201cQuatro distritos j\u00e1 foram atendidos e os demais est\u00e3o escalados. Os animais das comunidades foram encaminhados a partir de listagem fornecida pelos subprefeitos, avaliados no \u00f4nibus do Programa \u00c9 o Bicho, conhecido como castram\u00f3vel, e direcionados \u00e0s cl\u00ednicas que realizam as castra\u00e7\u00f5es. Posteriormente, foram entregues aos seus tutores castrados e microchipados\u201d, menciona.<\/p>\n\n\n\n<p><\/p>\n\n\n\n<p><strong>Acolhe Pet<\/strong><\/p>\n\n\n\n<p>O programa Acolhe Pet \u00e9 uma iniciativa da Prefeitura que tem como objetivo ampliar o acolhimento de animais, disponibilizando um subs\u00eddio financeiro de at\u00e9 R$ 704,40 a pessoas que oferecem lar tempor\u00e1rio em suas casas. O Munic\u00edpio abriu tr\u00eas editais para o credenciamento e, atualmente, conta com 13 protetores credenciados.<\/p>\n\n\n\n<p>Pelo programa, o Munic\u00edpio destina R$ 70,44 a cada animal em lar tempor\u00e1rio. O limite \u00e9 de 10 animais abrigados por credenciado. Al\u00e9m de promover o acolhimento conforme a demanda da Secretaria de Meio Ambiente, os protetores firmam o compromisso de divulgar e estimular as a\u00e7\u00f5es de ado\u00e7\u00e3o dos animais acolhidos.<\/p>\n\n\n\n<p>Para o secret\u00e1rio de Meio Ambiente, Rafael Colussi, o Acolhe Pet prioriza o cuidado integral com os animais. \u201cTemos uma pol\u00edtica inovadora em Passo Fundo que visa o bem-estar dos animais. Somos refer\u00eancia no estado e para in\u00fameras outras cidades com as pol\u00edticas p\u00fablicas em vig\u00eancia em nosso Munic\u00edpio, pois priorizamos a rela\u00e7\u00e3o mais pr\u00f3xima dos animais com seus cuidadores, humanizamos o atendimento por meio dos acolhedores\/protetores, a\u00e7\u00e3o que resulta em mais carinho e cuidados\u201d, mencionou o Secret\u00e1rio Rafael Colussi.<\/p>\n\n\n\n<p><\/p>\n\n\n\n<p><strong>Banco de Ra\u00e7\u00e3o<\/strong><\/p>\n\n\n\n<p>Outra a\u00e7\u00e3o implementada neste ano \u00e9 o Banco de Ra\u00e7\u00e3o. A Prefeitura distribui ra\u00e7\u00e3o a animais de pessoas inscritas no Cad\u00danico e que possuem cadastro no Banco de Ra\u00e7\u00f5es para a\u00e7\u00f5es emergenciais.<\/p>\n\n\n\n<p>A Secretaria de Meio Ambiente realiza a entrega. \u201c\u00c9 importante ressaltar que a secretaria diagnostica as situa\u00e7\u00f5es e que \u00e9 um aux\u00edlio de car\u00e1ter emergencial para os casos que demandam doa\u00e7\u00e3o, lembrando que n\u00e3o \u00e9 cont\u00ednuo. Sabemos que na cidade h\u00e1 muitas pessoas que n\u00e3o t\u00eam condi\u00e7\u00f5es financeiras e que cuidam dos animais, e o Banco de Ra\u00e7\u00e3o pretende atingir este p\u00fablico\u201d, enfatiza Colussi.<\/p>\n\n\n\n<p>Ainda segundo o secret\u00e1rio, as pessoas que recebem doa\u00e7\u00f5es do Banco de Ra\u00e7\u00e3o, primeiramente, dever\u00e3o castrar os animais pelo Programa \u00c9 o Bicho caso os mesmos ainda n\u00e3o sejam castrados. \u201cA Prefeitura ajuda, mas tamb\u00e9m quer ter o compromisso da pessoa respons\u00e1vel pelo animal\u201d, salienta.<\/p>\n\n\n\n<p>A ra\u00e7\u00e3o do Banco de ra\u00e7\u00f5es foi adquirida com recursos pr\u00f3prios do Munic\u00edpio de Passo Fundo para atender, em situa\u00e7\u00e3o emergencial, as pessoas que necessitam de ajuda nesse per\u00edodo cr\u00edtico p\u00f3s- pandemia. <\/p>\n","protected":false},"excerpt":{"rendered":"<p>Esse ser\u00e1 o n\u00famero anual recorde desde que o programa passou a operar, em outubro de 2014. Para ampliar as pol\u00edticas p\u00fablicas de bem-estar animal, o Munic\u00edpio implementou neste ano o Acolhe Pet e o Banco de Ra\u00e7\u00e3o<\/p>\n","protected":false},"author":6,"featured_media":1515,"comment_status":"closed","ping_status":"closed","sticky":true,"template":"","format":"standard","meta":{"footnotes":""},"categories":[23,20],"tags":[],"class_list":["post-1514","post","type-post","status-publish","format-standard","has-post-thumbnail","hentry","category-banco-de-racao","category-e-o-bicho"],"yoast_head":"<!-- This site is optimized with the Yoast SEO plugin v23.8 - https:\/\/yoast.com\/wordpress\/plugins\/seo\/ -->\n<title>\u00c9 o Bicho: Prefeitura estima realizar mais de 3 mil castra\u00e7\u00f5es gratuitas neste ano - Secretaria de Meio Ambiente<\/title>\n<meta name=\"robots\" content=\"index, follow, max-snippet:-1, max-image-preview:large, max-video-preview:-1\" \/>\n<link rel=\"canonical\" href=\"https:\/\/www.pmpf.rs.gov.br\/secretaria-de-meio-ambiente\/2022\/09\/14\/e-o-bicho-prefeitura-estima-realizar-mais-de-3-mil-castracoes-gratuitas-neste-ano\/\" \/>\n<meta property=\"og:locale\" content=\"pt_BR\" \/>\n<meta property=\"og:type\" content=\"article\" \/>\n<meta property=\"og:title\" content=\"\u00c9 o Bicho: Prefeitura estima realizar mais de 3 mil castra\u00e7\u00f5es gratuitas neste ano - Secretaria de Meio Ambiente\" \/>\n<meta property=\"og:description\" content=\"Esse ser\u00e1 o n\u00famero anual recorde desde que o programa passou a operar, em outubro de 2014. Para ampliar as pol\u00edticas p\u00fablicas de bem-estar animal, o Munic\u00edpio implementou neste ano o Acolhe Pet e o Banco de Ra\u00e7\u00e3o\" \/>\n<meta property=\"og:url\" content=\"https:\/\/www.pmpf.rs.gov.br\/secretaria-de-meio-ambiente\/2022\/09\/14\/e-o-bicho-prefeitura-estima-realizar-mais-de-3-mil-castracoes-gratuitas-neste-ano\/\" \/>\n<meta property=\"og:site_name\" content=\"Secretaria de Meio Ambiente\" \/>\n<meta property=\"article:published_time\" content=\"2022-09-14T18:29:02+00:00\" \/>\n<meta property=\"og:image\" content=\"https:\/\/www.pmpf.rs.gov.br\/secretaria-de-meio-ambiente\/wp-content\/uploads\/sites\/48\/2022\/09\/banco-de-racao.jpg\" \/>\n\t<meta property=\"og:image:width\" content=\"1920\" \/>\n\t<meta property=\"og:image:height\" content=\"1080\" \/>\n\t<meta property=\"og:image:type\" content=\"image\/jpeg\" \/>\n<meta name=\"author\" content=\"andressazorzetto07\" \/>\n<meta name=\"twitter:card\" content=\"summary_large_image\" \/>\n<meta name=\"twitter:label1\" content=\"Escrito por\" \/>\n\t<meta name=\"twitter:data1\" content=\"andressazorzetto07\" \/>\n\t<meta name=\"twitter:label2\" content=\"Est. tempo de leitura\" \/>\n\t<meta name=\"twitter:data2\" content=\"4 minutos\" \/>\n<script type=\"application\/ld+json\" class=\"yoast-schema-graph\">{\"@context\":\"https:\/\/schema.org\",\"@graph\":[{\"@type\":\"WebPage\",\"@id\":\"https:\/\/www.pmpf.rs.gov.br\/secretaria-de-meio-ambiente\/2022\/09\/14\/e-o-bicho-prefeitura-estima-realizar-mais-de-3-mil-castracoes-gratuitas-neste-ano\/\",\"url\":\"https:\/\/www.pmpf.rs.gov.br\/secretaria-de-meio-ambiente\/2022\/09\/14\/e-o-bicho-prefeitura-estima-realizar-mais-de-3-mil-castracoes-gratuitas-neste-ano\/\",\"name\":\"\u00c9 o Bicho: Prefeitura estima realizar mais de 3 mil castra\u00e7\u00f5es gratuitas neste ano - Secretaria de Meio Ambiente\",\"isPartOf\":{\"@id\":\"https:\/\/www.pmpf.rs.gov.br\/secretaria-de-meio-ambiente\/#website\"},\"primaryImageOfPage\":{\"@id\":\"https:\/\/www.pmpf.rs.gov.br\/secretaria-de-meio-ambiente\/2022\/09\/14\/e-o-bicho-prefeitura-estima-realizar-mais-de-3-mil-castracoes-gratuitas-neste-ano\/#primaryimage\"},\"image\":{\"@id\":\"https:\/\/www.pmpf.rs.gov.br\/secretaria-de-meio-ambiente\/2022\/09\/14\/e-o-bicho-prefeitura-estima-realizar-mais-de-3-mil-castracoes-gratuitas-neste-ano\/#primaryimage\"},\"thumbnailUrl\":\"https:\/\/www.pmpf.rs.gov.br\/secretaria-de-meio-ambiente\/wp-content\/uploads\/sites\/48\/2022\/09\/banco-de-racao.jpg\",\"datePublished\":\"2022-09-14T18:29:02+00:00\",\"dateModified\":\"2022-09-14T18:29:02+00:00\",\"author\":{\"@id\":\"https:\/\/www.pmpf.rs.gov.br\/secretaria-de-meio-ambiente\/#\/schema\/person\/30ee1d1bd74da1469b01fcf086e43351\"},\"inLanguage\":\"pt-BR\",\"potentialAction\":[{\"@type\":\"ReadAction\",\"target\":[\"https:\/\/www.pmpf.rs.gov.br\/secretaria-de-meio-ambiente\/2022\/09\/14\/e-o-bicho-prefeitura-estima-realizar-mais-de-3-mil-castracoes-gratuitas-neste-ano\/\"]}]},{\"@type\":\"ImageObject\",\"inLanguage\":\"pt-BR\",\"@id\":\"https:\/\/www.pmpf.rs.gov.br\/secretaria-de-meio-ambiente\/2022\/09\/14\/e-o-bicho-prefeitura-estima-realizar-mais-de-3-mil-castracoes-gratuitas-neste-ano\/#primaryimage\",\"url\":\"https:\/\/www.pmpf.rs.gov.br\/secretaria-de-meio-ambiente\/wp-content\/uploads\/sites\/48\/2022\/09\/banco-de-racao.jpg\",\"contentUrl\":\"https:\/\/www.pmpf.rs.gov.br\/secretaria-de-meio-ambiente\/wp-content\/uploads\/sites\/48\/2022\/09\/banco-de-racao.jpg\",\"width\":1920,\"height\":1080},{\"@type\":\"WebSite\",\"@id\":\"https:\/\/www.pmpf.rs.gov.br\/secretaria-de-meio-ambiente\/#website\",\"url\":\"https:\/\/www.pmpf.rs.gov.br\/secretaria-de-meio-ambiente\/\",\"name\":\"Secretaria de Meio Ambiente\",\"description\":\"S\u00f3 mais um site Prefeitura de Passo Fundo\",\"potentialAction\":[{\"@type\":\"SearchAction\",\"target\":{\"@type\":\"EntryPoint\",\"urlTemplate\":\"https:\/\/www.pmpf.rs.gov.br\/secretaria-de-meio-ambiente\/?s={search_term_string}\"},\"query-input\":{\"@type\":\"PropertyValueSpecification\",\"valueRequired\":true,\"valueName\":\"search_term_string\"}}],\"inLanguage\":\"pt-BR\"},{\"@type\":\"Person\",\"@id\":\"https:\/\/www.pmpf.rs.gov.br\/secretaria-de-meio-ambiente\/#\/schema\/person\/30ee1d1bd74da1469b01fcf086e43351\",\"name\":\"andressazorzetto07\",\"image\":{\"@type\":\"ImageObject\",\"inLanguage\":\"pt-BR\",\"@id\":\"https:\/\/www.pmpf.rs.gov.br\/secretaria-de-meio-ambiente\/#\/schema\/person\/image\/\",\"url\":\"https:\/\/secure.gravatar.com\/avatar\/14c5458ed79dc81da99a13b9ff5f9f19?s=96&d=mm&r=g\",\"contentUrl\":\"https:\/\/secure.gravatar.com\/avatar\/14c5458ed79dc81da99a13b9ff5f9f19?s=96&d=mm&r=g\",\"caption\":\"andressazorzetto07\"},\"url\":\"https:\/\/www.pmpf.rs.gov.br\/secretaria-de-meio-ambiente\/author\/andressazorzetto07\/\"}]}<\/script>\n<!-- \/ Yoast SEO plugin. -->","yoast_head_json":{"title":"\u00c9 o Bicho: Prefeitura estima realizar mais de 3 mil castra\u00e7\u00f5es gratuitas neste ano - Secretaria de Meio Ambiente","robots":{"index":"index","follow":"follow","max-snippet":"max-snippet:-1","max-image-preview":"max-image-preview:large","max-video-preview":"max-video-preview:-1"},"canonical":"https:\/\/www.pmpf.rs.gov.br\/secretaria-de-meio-ambiente\/2022\/09\/14\/e-o-bicho-prefeitura-estima-realizar-mais-de-3-mil-castracoes-gratuitas-neste-ano\/","og_locale":"pt_BR","og_type":"article","og_title":"\u00c9 o Bicho: Prefeitura estima realizar mais de 3 mil castra\u00e7\u00f5es gratuitas neste ano - Secretaria de Meio Ambiente","og_description":"Esse ser\u00e1 o n\u00famero anual recorde desde que o programa passou a operar, em outubro de 2014. Para ampliar as pol\u00edticas p\u00fablicas de bem-estar animal, o Munic\u00edpio implementou neste ano o Acolhe Pet e o Banco de Ra\u00e7\u00e3o","og_url":"https:\/\/www.pmpf.rs.gov.br\/secretaria-de-meio-ambiente\/2022\/09\/14\/e-o-bicho-prefeitura-estima-realizar-mais-de-3-mil-castracoes-gratuitas-neste-ano\/","og_site_name":"Secretaria de Meio Ambiente","article_published_time":"2022-09-14T18:29:02+00:00","og_image":[{"width":1920,"height":1080,"url":"https:\/\/www.pmpf.rs.gov.br\/secretaria-de-meio-ambiente\/wp-content\/uploads\/sites\/48\/2022\/09\/banco-de-racao.jpg","type":"image\/jpeg"}],"author":"andressazorzetto07","twitter_card":"summary_large_image","twitter_misc":{"Escrito por":"andressazorzetto07","Est. tempo de leitura":"4 minutos"},"schema":{"@context":"https:\/\/schema.org","@graph":[{"@type":"WebPage","@id":"https:\/\/www.pmpf.rs.gov.br\/secretaria-de-meio-ambiente\/2022\/09\/14\/e-o-bicho-prefeitura-estima-realizar-mais-de-3-mil-castracoes-gratuitas-neste-ano\/","url":"https:\/\/www.pmpf.rs.gov.br\/secretaria-de-meio-ambiente\/2022\/09\/14\/e-o-bicho-prefeitura-estima-realizar-mais-de-3-mil-castracoes-gratuitas-neste-ano\/","name":"\u00c9 o Bicho: Prefeitura estima realizar mais de 3 mil castra\u00e7\u00f5es gratuitas neste ano - Secretaria de Meio Ambiente","isPartOf":{"@id":"https:\/\/www.pmpf.rs.gov.br\/secretaria-de-meio-ambiente\/#website"},"primaryImageOfPage":{"@id":"https:\/\/www.pmpf.rs.gov.br\/secretaria-de-meio-ambiente\/2022\/09\/14\/e-o-bicho-prefeitura-estima-realizar-mais-de-3-mil-castracoes-gratuitas-neste-ano\/#primaryimage"},"image":{"@id":"https:\/\/www.pmpf.rs.gov.br\/secretaria-de-meio-ambiente\/2022\/09\/14\/e-o-bicho-prefeitura-estima-realizar-mais-de-3-mil-castracoes-gratuitas-neste-ano\/#primaryimage"},"thumbnailUrl":"https:\/\/www.pmpf.rs.gov.br\/secretaria-de-meio-ambiente\/wp-content\/uploads\/sites\/48\/2022\/09\/banco-de-racao.jpg","datePublished":"2022-09-14T18:29:02+00:00","dateModified":"2022-09-14T18:29:02+00:00","author":{"@id":"https:\/\/www.pmpf.rs.gov.br\/secretaria-de-meio-ambiente\/#\/schema\/person\/30ee1d1bd74da1469b01fcf086e43351"},"inLanguage":"pt-BR","potentialAction":[{"@type":"ReadAction","target":["https:\/\/www.pmpf.rs.gov.br\/secretaria-de-meio-ambiente\/2022\/09\/14\/e-o-bicho-prefeitura-estima-realizar-mais-de-3-mil-castracoes-gratuitas-neste-ano\/"]}]},{"@type":"ImageObject","inLanguage":"pt-BR","@id":"https:\/\/www.pmpf.rs.gov.br\/secretaria-de-meio-ambiente\/2022\/09\/14\/e-o-bicho-prefeitura-estima-realizar-mais-de-3-mil-castracoes-gratuitas-neste-ano\/#primaryimage","url":"https:\/\/www.pmpf.rs.gov.br\/secretaria-de-meio-ambiente\/wp-content\/uploads\/sites\/48\/2022\/09\/banco-de-racao.jpg","contentUrl":"https:\/\/www.pmpf.rs.gov.br\/secretaria-de-meio-ambiente\/wp-content\/uploads\/sites\/48\/2022\/09\/banco-de-racao.jpg","width":1920,"height":1080},{"@type":"WebSite","@id":"https:\/\/www.pmpf.rs.gov.br\/secretaria-de-meio-ambiente\/#website","url":"https:\/\/www.pmpf.rs.gov.br\/secretaria-de-meio-ambiente\/","name":"Secretaria de Meio Ambiente","description":"S\u00f3 mais um site Prefeitura de Passo Fundo","potentialAction":[{"@type":"SearchAction","target":{"@type":"EntryPoint","urlTemplate":"https:\/\/www.pmpf.rs.gov.br\/secretaria-de-meio-ambiente\/?s={search_term_string}"},"query-input":{"@type":"PropertyValueSpecification","valueRequired":true,"valueName":"search_term_string"}}],"inLanguage":"pt-BR"},{"@type":"Person","@id":"https:\/\/www.pmpf.rs.gov.br\/secretaria-de-meio-ambiente\/#\/schema\/person\/30ee1d1bd74da1469b01fcf086e43351","name":"andressazorzetto07","image":{"@type":"ImageObject","inLanguage":"pt-BR","@id":"https:\/\/www.pmpf.rs.gov.br\/secretaria-de-meio-ambiente\/#\/schema\/person\/image\/","url":"https:\/\/secure.gravatar.com\/avatar\/14c5458ed79dc81da99a13b9ff5f9f19?s=96&d=mm&r=g","contentUrl":"https:\/\/secure.gravatar.com\/avatar\/14c5458ed79dc81da99a13b9ff5f9f19?s=96&d=mm&r=g","caption":"andressazorzetto07"},"url":"https:\/\/www.pmpf.rs.gov.br\/secretaria-de-meio-ambiente\/author\/andressazorzetto07\/"}]}},"_links":{"self":[{"href":"https:\/\/www.pmpf.rs.gov.br\/secretaria-de-meio-ambiente\/wp-json\/wp\/v2\/posts\/1514"}],"collection":[{"href":"https:\/\/www.pmpf.rs.gov.br\/secretaria-de-meio-ambiente\/wp-json\/wp\/v2\/posts"}],"about":[{"href":"https:\/\/www.pmpf.rs.gov.br\/secretaria-de-meio-ambiente\/wp-json\/wp\/v2\/types\/post"}],"author":[{"embeddable":true,"href":"https:\/\/www.pmpf.rs.gov.br\/secretaria-de-meio-ambiente\/wp-json\/wp\/v2\/users\/6"}],"replies":[{"embeddable":true,"href":"https:\/\/www.pmpf.rs.gov.br\/secretaria-de-meio-ambiente\/wp-json\/wp\/v2\/comments?post=1514"}],"version-history":[{"count":1,"href":"https:\/\/www.pmpf.rs.gov.br\/secretaria-de-meio-ambiente\/wp-json\/wp\/v2\/posts\/1514\/revisions"}],"predecessor-version":[{"id":1516,"href":"https:\/\/www.pmpf.rs.gov.br\/secretaria-de-meio-ambiente\/wp-json\/wp\/v2\/posts\/1514\/revisions\/1516"}],"wp:featuredmedia":[{"embeddable":true,"href":"https:\/\/www.pmpf.rs.gov.br\/secretaria-de-meio-ambiente\/wp-json\/wp\/v2\/media\/1515"}],"wp:attachment":[{"href":"https:\/\/www.pmpf.rs.gov.br\/secretaria-de-meio-ambiente\/wp-json\/wp\/v2\/media?parent=1514"}],"wp:term":[{"taxonomy":"category","embeddable":true,"href":"https:\/\/www.pmpf.rs.gov.br\/secretaria-de-meio-ambiente\/wp-json\/wp\/v2\/categories?post=1514"},{"taxonomy":"post_tag","embeddable":true,"href":"https:\/\/www.pmpf.rs.gov.br\/secretaria-de-meio-ambiente\/wp-json\/wp\/v2\/tags?post=1514"}],"curies":[{"name":"wp","href":"https:\/\/api.w.org\/{rel}","templated":true}]}}