{"id":1504,"date":"2022-08-24T16:35:49","date_gmt":"2022-08-24T19:35:49","guid":{"rendered":"https:\/\/www.pmpf.rs.gov.br\/secretaria-de-meio-ambiente\/?p=1504"},"modified":"2022-08-24T16:35:49","modified_gmt":"2022-08-24T19:35:49","slug":"e-o-bicho-prefeitura-ja-castrou-mais-de-81-mil-animais-gratuitamente","status":"publish","type":"post","link":"https:\/\/www.pmpf.rs.gov.br\/secretaria-de-meio-ambiente\/2022\/08\/24\/e-o-bicho-prefeitura-ja-castrou-mais-de-81-mil-animais-gratuitamente\/","title":{"rendered":"\u00c9 o Bicho: Prefeitura j\u00e1 castrou mais de 8,1 mil animais gratuitamente"},"content":{"rendered":"\n<p><\/p>\n\n\n\n<p>Desde 2013, quando o programa \u00c9 o Bicho foi implementado, a Prefeitura de Passo Fundo castrou gratuitamente mais de 8,1 mil animais. S\u00e3o c\u00e3es e gatos que tiveram ciclos de procria\u00e7\u00e3o interrompidos, reduzindo, como consequ\u00eancia, poss\u00edveis abandonos e maus-tratos.<\/p>\n\n\n\n<p>O prefeito, Pedro Almeida, considera o que o \u00c9 o Bicho foi o in\u00edcio das pol\u00edticas p\u00fablicas referentes ao cuidado com os animais e destaca que o Munic\u00edpio tem ampliado significativamente os recursos e a\u00e7\u00f5es de prote\u00e7\u00e3o. \u201cA Prefeitura trabalha ao lado da rede de prote\u00e7\u00e3o, buscando implementar programas e projetos efetivos para os animais. Al\u00e9m do \u00c9 o Bicho, hoje temos o Acolhe Pet, que promove o acolhimento de c\u00e3es e gatos em lares tempor\u00e1rios, e teremos, em breve, os primeiros movimentos do Banco de Ra\u00e7\u00e3o, que vai ajudar fam\u00edlias que precisam na manuten\u00e7\u00e3o de animais\u201d, mencionou.<\/p>\n\n\n\n<p>As castra\u00e7\u00f5es pelo \u00c9 o Bicho s\u00e3o destinadas a animais de pessoas que, inscritas no Cad\u00danico, n\u00e3o possuem condi\u00e7\u00f5es para pagar pelos procedimentos e aos animais resgatados por protetores. Essa \u00e9 uma forma de assegurar que ser\u00e3o priorit\u00e1rios os c\u00e3es e gatos que est\u00e3o em situa\u00e7\u00e3o de vulnerabilidade.<\/p>\n\n\n\n<p>Conforme o secret\u00e1rio de Meio Ambiente, Rafael Colussi, o \u00f4nibus do \u00c9 o Bicho est\u00e1 atendendo o interior de Passo Fundo. \u201cCastramos animais no Bom recreio e no Capinzal e, na sequ\u00eancia, atenderemos os demais distritos e bairros da cidade, com a divulga\u00e7\u00e3o de um cronograma\u201d, enfatizou.<\/p>\n\n\n\n<p><\/p>\n\n\n\n<p><strong>Acolhe Pet<br><\/strong>A fim de fortalecer a rede de prote\u00e7\u00e3o animal, neste ano, a Prefeitura passou a fornecer um subs\u00eddio financeiro a protetores que oferecem lar tempor\u00e1rio para animais resgatados. A iniciativa recebeu o nome de Acolhe Pet. Em dois chamamentos p\u00fablicos abertos, 13 pessoas foram credenciadas. \u201cO Acolhe Pet \u00e9 mais uma conquista, pois sabemos dos desafios di\u00e1rios dos protetores e queremos ajud\u00e1-los\u201d, enfatizou o prefeito.<\/p>\n\n\n\n<p>A partir do credenciamento, o valor subsidiado pelo Munic\u00edpio \u00e9 de R$ 70 por animal. Cada protetor pode albergar at\u00e9 10 animais pelo programa e, al\u00e9m de promover o acolhimento, firmar\u00e1 o compromisso de divulgar e estimular as ado\u00e7\u00f5es. Todos os lares s\u00e3o fiscalizados pela Coordenadoria de Bem Estar Animal.<\/p>\n\n\n\n<p>Para o secret\u00e1rio de Meio Ambiente, com o Acolhe Pet, a Prefeitura refor\u00e7a a sensibilidade das pol\u00edticas municipais de prote\u00e7\u00e3o animal. \u201cO Acolhe Pet \u00e9 uma refer\u00eancia no Estado. Al\u00e9m de Passo Fundo, Canoas conta com uma iniciativa similar, que fornece R$ 35 por animal. Hoje, temos uma pol\u00edtica mais pr\u00f3xima dos animais e dos protetores e que resulta em um acolhimento com mais carinho e cuidados. Queremos transformar o nosso programa em uma iniciativa cada vez maior\u201d, mencionou.<\/p>\n","protected":false},"excerpt":{"rendered":"<p>As castra\u00e7\u00f5es pelo \u00c9 o Bicho s\u00e3o destinadas a animais de pessoas que, inscritas no Cad\u00danico, n\u00e3o possuem condi\u00e7\u00f5es para pagar pelos procedimentos e aos animais resgatados por protetores<\/p>\n","protected":false},"author":6,"featured_media":1505,"comment_status":"closed","ping_status":"closed","sticky":true,"template":"","format":"standard","meta":{"footnotes":""},"categories":[20],"tags":[],"class_list":["post-1504","post","type-post","status-publish","format-standard","has-post-thumbnail","hentry","category-e-o-bicho"],"yoast_head":"<!-- This site is optimized with the Yoast SEO plugin v23.8 - https:\/\/yoast.com\/wordpress\/plugins\/seo\/ -->\n<title>\u00c9 o Bicho: Prefeitura j\u00e1 castrou mais de 8,1 mil animais gratuitamente - Secretaria de Meio Ambiente<\/title>\n<meta name=\"robots\" content=\"index, follow, max-snippet:-1, max-image-preview:large, max-video-preview:-1\" \/>\n<link rel=\"canonical\" href=\"https:\/\/www.pmpf.rs.gov.br\/secretaria-de-meio-ambiente\/2022\/08\/24\/e-o-bicho-prefeitura-ja-castrou-mais-de-81-mil-animais-gratuitamente\/\" \/>\n<meta property=\"og:locale\" content=\"pt_BR\" \/>\n<meta property=\"og:type\" content=\"article\" \/>\n<meta property=\"og:title\" content=\"\u00c9 o Bicho: Prefeitura j\u00e1 castrou mais de 8,1 mil animais gratuitamente - Secretaria de Meio Ambiente\" \/>\n<meta property=\"og:description\" content=\"As castra\u00e7\u00f5es pelo \u00c9 o Bicho s\u00e3o destinadas a animais de pessoas que, inscritas no Cad\u00danico, n\u00e3o possuem condi\u00e7\u00f5es para pagar pelos procedimentos e aos animais resgatados por protetores\" \/>\n<meta property=\"og:url\" content=\"https:\/\/www.pmpf.rs.gov.br\/secretaria-de-meio-ambiente\/2022\/08\/24\/e-o-bicho-prefeitura-ja-castrou-mais-de-81-mil-animais-gratuitamente\/\" \/>\n<meta property=\"og:site_name\" content=\"Secretaria de Meio Ambiente\" \/>\n<meta property=\"article:published_time\" content=\"2022-08-24T19:35:49+00:00\" \/>\n<meta property=\"og:image\" content=\"https:\/\/www.pmpf.rs.gov.br\/secretaria-de-meio-ambiente\/wp-content\/uploads\/sites\/48\/2022\/08\/castracoes-e-o-bicho.jpg\" \/>\n\t<meta property=\"og:image:width\" content=\"813\" \/>\n\t<meta property=\"og:image:height\" content=\"611\" \/>\n\t<meta property=\"og:image:type\" content=\"image\/jpeg\" \/>\n<meta name=\"author\" content=\"andressazorzetto07\" \/>\n<meta name=\"twitter:card\" content=\"summary_large_image\" \/>\n<meta name=\"twitter:label1\" content=\"Escrito por\" \/>\n\t<meta name=\"twitter:data1\" content=\"andressazorzetto07\" \/>\n\t<meta name=\"twitter:label2\" content=\"Est. tempo de leitura\" \/>\n\t<meta name=\"twitter:data2\" content=\"2 minutos\" \/>\n<script type=\"application\/ld+json\" class=\"yoast-schema-graph\">{\"@context\":\"https:\/\/schema.org\",\"@graph\":[{\"@type\":\"WebPage\",\"@id\":\"https:\/\/www.pmpf.rs.gov.br\/secretaria-de-meio-ambiente\/2022\/08\/24\/e-o-bicho-prefeitura-ja-castrou-mais-de-81-mil-animais-gratuitamente\/\",\"url\":\"https:\/\/www.pmpf.rs.gov.br\/secretaria-de-meio-ambiente\/2022\/08\/24\/e-o-bicho-prefeitura-ja-castrou-mais-de-81-mil-animais-gratuitamente\/\",\"name\":\"\u00c9 o Bicho: Prefeitura j\u00e1 castrou mais de 8,1 mil animais gratuitamente - Secretaria de Meio Ambiente\",\"isPartOf\":{\"@id\":\"https:\/\/www.pmpf.rs.gov.br\/secretaria-de-meio-ambiente\/#website\"},\"primaryImageOfPage\":{\"@id\":\"https:\/\/www.pmpf.rs.gov.br\/secretaria-de-meio-ambiente\/2022\/08\/24\/e-o-bicho-prefeitura-ja-castrou-mais-de-81-mil-animais-gratuitamente\/#primaryimage\"},\"image\":{\"@id\":\"https:\/\/www.pmpf.rs.gov.br\/secretaria-de-meio-ambiente\/2022\/08\/24\/e-o-bicho-prefeitura-ja-castrou-mais-de-81-mil-animais-gratuitamente\/#primaryimage\"},\"thumbnailUrl\":\"https:\/\/www.pmpf.rs.gov.br\/secretaria-de-meio-ambiente\/wp-content\/uploads\/sites\/48\/2022\/08\/castracoes-e-o-bicho.jpg\",\"datePublished\":\"2022-08-24T19:35:49+00:00\",\"dateModified\":\"2022-08-24T19:35:49+00:00\",\"author\":{\"@id\":\"https:\/\/www.pmpf.rs.gov.br\/secretaria-de-meio-ambiente\/#\/schema\/person\/30ee1d1bd74da1469b01fcf086e43351\"},\"inLanguage\":\"pt-BR\",\"potentialAction\":[{\"@type\":\"ReadAction\",\"target\":[\"https:\/\/www.pmpf.rs.gov.br\/secretaria-de-meio-ambiente\/2022\/08\/24\/e-o-bicho-prefeitura-ja-castrou-mais-de-81-mil-animais-gratuitamente\/\"]}]},{\"@type\":\"ImageObject\",\"inLanguage\":\"pt-BR\",\"@id\":\"https:\/\/www.pmpf.rs.gov.br\/secretaria-de-meio-ambiente\/2022\/08\/24\/e-o-bicho-prefeitura-ja-castrou-mais-de-81-mil-animais-gratuitamente\/#primaryimage\",\"url\":\"https:\/\/www.pmpf.rs.gov.br\/secretaria-de-meio-ambiente\/wp-content\/uploads\/sites\/48\/2022\/08\/castracoes-e-o-bicho.jpg\",\"contentUrl\":\"https:\/\/www.pmpf.rs.gov.br\/secretaria-de-meio-ambiente\/wp-content\/uploads\/sites\/48\/2022\/08\/castracoes-e-o-bicho.jpg\",\"width\":813,\"height\":611},{\"@type\":\"WebSite\",\"@id\":\"https:\/\/www.pmpf.rs.gov.br\/secretaria-de-meio-ambiente\/#website\",\"url\":\"https:\/\/www.pmpf.rs.gov.br\/secretaria-de-meio-ambiente\/\",\"name\":\"Secretaria de Meio Ambiente\",\"description\":\"S\u00f3 mais um site Prefeitura de Passo Fundo\",\"potentialAction\":[{\"@type\":\"SearchAction\",\"target\":{\"@type\":\"EntryPoint\",\"urlTemplate\":\"https:\/\/www.pmpf.rs.gov.br\/secretaria-de-meio-ambiente\/?s={search_term_string}\"},\"query-input\":{\"@type\":\"PropertyValueSpecification\",\"valueRequired\":true,\"valueName\":\"search_term_string\"}}],\"inLanguage\":\"pt-BR\"},{\"@type\":\"Person\",\"@id\":\"https:\/\/www.pmpf.rs.gov.br\/secretaria-de-meio-ambiente\/#\/schema\/person\/30ee1d1bd74da1469b01fcf086e43351\",\"name\":\"andressazorzetto07\",\"image\":{\"@type\":\"ImageObject\",\"inLanguage\":\"pt-BR\",\"@id\":\"https:\/\/www.pmpf.rs.gov.br\/secretaria-de-meio-ambiente\/#\/schema\/person\/image\/\",\"url\":\"https:\/\/secure.gravatar.com\/avatar\/14c5458ed79dc81da99a13b9ff5f9f19?s=96&d=mm&r=g\",\"contentUrl\":\"https:\/\/secure.gravatar.com\/avatar\/14c5458ed79dc81da99a13b9ff5f9f19?s=96&d=mm&r=g\",\"caption\":\"andressazorzetto07\"},\"url\":\"https:\/\/www.pmpf.rs.gov.br\/secretaria-de-meio-ambiente\/author\/andressazorzetto07\/\"}]}<\/script>\n<!-- \/ Yoast SEO plugin. -->","yoast_head_json":{"title":"\u00c9 o Bicho: Prefeitura j\u00e1 castrou mais de 8,1 mil animais gratuitamente - Secretaria de Meio Ambiente","robots":{"index":"index","follow":"follow","max-snippet":"max-snippet:-1","max-image-preview":"max-image-preview:large","max-video-preview":"max-video-preview:-1"},"canonical":"https:\/\/www.pmpf.rs.gov.br\/secretaria-de-meio-ambiente\/2022\/08\/24\/e-o-bicho-prefeitura-ja-castrou-mais-de-81-mil-animais-gratuitamente\/","og_locale":"pt_BR","og_type":"article","og_title":"\u00c9 o Bicho: Prefeitura j\u00e1 castrou mais de 8,1 mil animais gratuitamente - Secretaria de Meio Ambiente","og_description":"As castra\u00e7\u00f5es pelo \u00c9 o Bicho s\u00e3o destinadas a animais de pessoas que, inscritas no Cad\u00danico, n\u00e3o possuem condi\u00e7\u00f5es para pagar pelos procedimentos e aos animais resgatados por protetores","og_url":"https:\/\/www.pmpf.rs.gov.br\/secretaria-de-meio-ambiente\/2022\/08\/24\/e-o-bicho-prefeitura-ja-castrou-mais-de-81-mil-animais-gratuitamente\/","og_site_name":"Secretaria de Meio Ambiente","article_published_time":"2022-08-24T19:35:49+00:00","og_image":[{"width":813,"height":611,"url":"https:\/\/www.pmpf.rs.gov.br\/secretaria-de-meio-ambiente\/wp-content\/uploads\/sites\/48\/2022\/08\/castracoes-e-o-bicho.jpg","type":"image\/jpeg"}],"author":"andressazorzetto07","twitter_card":"summary_large_image","twitter_misc":{"Escrito por":"andressazorzetto07","Est. tempo de leitura":"2 minutos"},"schema":{"@context":"https:\/\/schema.org","@graph":[{"@type":"WebPage","@id":"https:\/\/www.pmpf.rs.gov.br\/secretaria-de-meio-ambiente\/2022\/08\/24\/e-o-bicho-prefeitura-ja-castrou-mais-de-81-mil-animais-gratuitamente\/","url":"https:\/\/www.pmpf.rs.gov.br\/secretaria-de-meio-ambiente\/2022\/08\/24\/e-o-bicho-prefeitura-ja-castrou-mais-de-81-mil-animais-gratuitamente\/","name":"\u00c9 o Bicho: Prefeitura j\u00e1 castrou mais de 8,1 mil animais gratuitamente - Secretaria de Meio Ambiente","isPartOf":{"@id":"https:\/\/www.pmpf.rs.gov.br\/secretaria-de-meio-ambiente\/#website"},"primaryImageOfPage":{"@id":"https:\/\/www.pmpf.rs.gov.br\/secretaria-de-meio-ambiente\/2022\/08\/24\/e-o-bicho-prefeitura-ja-castrou-mais-de-81-mil-animais-gratuitamente\/#primaryimage"},"image":{"@id":"https:\/\/www.pmpf.rs.gov.br\/secretaria-de-meio-ambiente\/2022\/08\/24\/e-o-bicho-prefeitura-ja-castrou-mais-de-81-mil-animais-gratuitamente\/#primaryimage"},"thumbnailUrl":"https:\/\/www.pmpf.rs.gov.br\/secretaria-de-meio-ambiente\/wp-content\/uploads\/sites\/48\/2022\/08\/castracoes-e-o-bicho.jpg","datePublished":"2022-08-24T19:35:49+00:00","dateModified":"2022-08-24T19:35:49+00:00","author":{"@id":"https:\/\/www.pmpf.rs.gov.br\/secretaria-de-meio-ambiente\/#\/schema\/person\/30ee1d1bd74da1469b01fcf086e43351"},"inLanguage":"pt-BR","potentialAction":[{"@type":"ReadAction","target":["https:\/\/www.pmpf.rs.gov.br\/secretaria-de-meio-ambiente\/2022\/08\/24\/e-o-bicho-prefeitura-ja-castrou-mais-de-81-mil-animais-gratuitamente\/"]}]},{"@type":"ImageObject","inLanguage":"pt-BR","@id":"https:\/\/www.pmpf.rs.gov.br\/secretaria-de-meio-ambiente\/2022\/08\/24\/e-o-bicho-prefeitura-ja-castrou-mais-de-81-mil-animais-gratuitamente\/#primaryimage","url":"https:\/\/www.pmpf.rs.gov.br\/secretaria-de-meio-ambiente\/wp-content\/uploads\/sites\/48\/2022\/08\/castracoes-e-o-bicho.jpg","contentUrl":"https:\/\/www.pmpf.rs.gov.br\/secretaria-de-meio-ambiente\/wp-content\/uploads\/sites\/48\/2022\/08\/castracoes-e-o-bicho.jpg","width":813,"height":611},{"@type":"WebSite","@id":"https:\/\/www.pmpf.rs.gov.br\/secretaria-de-meio-ambiente\/#website","url":"https:\/\/www.pmpf.rs.gov.br\/secretaria-de-meio-ambiente\/","name":"Secretaria de Meio Ambiente","description":"S\u00f3 mais um site Prefeitura de Passo Fundo","potentialAction":[{"@type":"SearchAction","target":{"@type":"EntryPoint","urlTemplate":"https:\/\/www.pmpf.rs.gov.br\/secretaria-de-meio-ambiente\/?s={search_term_string}"},"query-input":{"@type":"PropertyValueSpecification","valueRequired":true,"valueName":"search_term_string"}}],"inLanguage":"pt-BR"},{"@type":"Person","@id":"https:\/\/www.pmpf.rs.gov.br\/secretaria-de-meio-ambiente\/#\/schema\/person\/30ee1d1bd74da1469b01fcf086e43351","name":"andressazorzetto07","image":{"@type":"ImageObject","inLanguage":"pt-BR","@id":"https:\/\/www.pmpf.rs.gov.br\/secretaria-de-meio-ambiente\/#\/schema\/person\/image\/","url":"https:\/\/secure.gravatar.com\/avatar\/14c5458ed79dc81da99a13b9ff5f9f19?s=96&d=mm&r=g","contentUrl":"https:\/\/secure.gravatar.com\/avatar\/14c5458ed79dc81da99a13b9ff5f9f19?s=96&d=mm&r=g","caption":"andressazorzetto07"},"url":"https:\/\/www.pmpf.rs.gov.br\/secretaria-de-meio-ambiente\/author\/andressazorzetto07\/"}]}},"_links":{"self":[{"href":"https:\/\/www.pmpf.rs.gov.br\/secretaria-de-meio-ambiente\/wp-json\/wp\/v2\/posts\/1504"}],"collection":[{"href":"https:\/\/www.pmpf.rs.gov.br\/secretaria-de-meio-ambiente\/wp-json\/wp\/v2\/posts"}],"about":[{"href":"https:\/\/www.pmpf.rs.gov.br\/secretaria-de-meio-ambiente\/wp-json\/wp\/v2\/types\/post"}],"author":[{"embeddable":true,"href":"https:\/\/www.pmpf.rs.gov.br\/secretaria-de-meio-ambiente\/wp-json\/wp\/v2\/users\/6"}],"replies":[{"embeddable":true,"href":"https:\/\/www.pmpf.rs.gov.br\/secretaria-de-meio-ambiente\/wp-json\/wp\/v2\/comments?post=1504"}],"version-history":[{"count":1,"href":"https:\/\/www.pmpf.rs.gov.br\/secretaria-de-meio-ambiente\/wp-json\/wp\/v2\/posts\/1504\/revisions"}],"predecessor-version":[{"id":1506,"href":"https:\/\/www.pmpf.rs.gov.br\/secretaria-de-meio-ambiente\/wp-json\/wp\/v2\/posts\/1504\/revisions\/1506"}],"wp:featuredmedia":[{"embeddable":true,"href":"https:\/\/www.pmpf.rs.gov.br\/secretaria-de-meio-ambiente\/wp-json\/wp\/v2\/media\/1505"}],"wp:attachment":[{"href":"https:\/\/www.pmpf.rs.gov.br\/secretaria-de-meio-ambiente\/wp-json\/wp\/v2\/media?parent=1504"}],"wp:term":[{"taxonomy":"category","embeddable":true,"href":"https:\/\/www.pmpf.rs.gov.br\/secretaria-de-meio-ambiente\/wp-json\/wp\/v2\/categories?post=1504"},{"taxonomy":"post_tag","embeddable":true,"href":"https:\/\/www.pmpf.rs.gov.br\/secretaria-de-meio-ambiente\/wp-json\/wp\/v2\/tags?post=1504"}],"curies":[{"name":"wp","href":"https:\/\/api.w.org\/{rel}","templated":true}]}}