{"id":1483,"date":"2022-07-25T16:22:50","date_gmt":"2022-07-25T19:22:50","guid":{"rendered":"https:\/\/www.pmpf.rs.gov.br\/secretaria-de-meio-ambiente\/?p=1483"},"modified":"2022-07-25T16:22:51","modified_gmt":"2022-07-25T19:22:51","slug":"viveiro-municipal-recebe-uma-doacao-de-mais-de-80-mudas","status":"publish","type":"post","link":"https:\/\/www.pmpf.rs.gov.br\/secretaria-de-meio-ambiente\/2022\/07\/25\/viveiro-municipal-recebe-uma-doacao-de-mais-de-80-mudas\/","title":{"rendered":"Viveiro Municipal recebe uma doa\u00e7\u00e3o de mais de 80 mudas"},"content":{"rendered":"\n<p><\/p>\n\n\n\n<p>Uma iniciativa entre a Prefeitura e a iniciativa privada resultou na doa\u00e7\u00e3o de 87 mudas de \u00e1rvores nativas para o Viveiro Municipal Chico Mendes. As plantas foram entregues na tarde desta segunda-feira (25) pela empresa Tiaraju Engenharia, a partir de uma a\u00e7\u00e3o que tamb\u00e9m visa conscientizar a comunidade sobre a import\u00e2ncia de contribuir com o meio ambiente.<\/p>\n\n\n\n<p>O diretor da empresa, Marcos Roberto Jhanel, conta que a iniciativa foi articulada com a Secretaria de Meio Ambiente em junho. \u201cNa Semana do Meio Ambiente, fizemos a proposta de contribuir com uma muda para cada poste de concreto instalado durante esse per\u00edodo. \u00c9 uma quest\u00e3o de ajudar e fazer algo a mais pelo meio ambiente\u201d, disse, enfatizando que 25 mudas frut\u00edferas foram entregues a funcion\u00e1rios para o plantio em suas casas.<\/p>\n\n\n\n<p>Para o secret\u00e1rio de Meio Ambiente, Rafael Colussi, o projeto pode despertar em outras empresas o interesse em contribuir com o Viveiro, que fornece mudas para os espa\u00e7os p\u00fablicos e a comunidade. \u201cValorizamos muito essa a\u00e7\u00e3o, pois ela reativa a consci\u00eancia das pessoas para fazerem a sua parte\u201d, afirmou.<\/p>\n\n\n\n<p>Atualmente, o Viveiro Municipal conta com as mudas recebidas por meio de doa\u00e7\u00f5es e medidas compensat\u00f3rias. O Conselho Municipal do Meio Ambiente discute o retorno da produ\u00e7\u00e3o de mudas no local, o que ampliaria significativamente a capacidade de atender \u00e0 demanda da cidade. Para isso, um projeto de reestrutura\u00e7\u00e3o do espa\u00e7o, situado no Bairro S\u00e3o Jos\u00e9, dever\u00e1 ser articulado. \u201cO Viveiro Chico Mendes estimula as pessoas a cuidarem do meio ambiente e a buscarem mais qualidade de vida para a sociedade. Por isso, \u00e9 muito importante que consigamos somar parcerias e expandir a disponibiliza\u00e7\u00e3o de mudas\u201d, considerou Colussi.<\/p>\n\n\n\n<p><strong>Foto: Michel Sanderi<\/strong><\/p>\n","protected":false},"excerpt":{"rendered":"<p>Uma iniciativa entre a Prefeitura e a iniciativa privada resultou na doa\u00e7\u00e3o de 87 mudas de \u00e1rvores nativas para o Viveiro Municipal Chico Mendes. As plantas foram entregues na tarde desta segunda-feira [&hellip;]<\/p>\n","protected":false},"author":6,"featured_media":1484,"comment_status":"closed","ping_status":"closed","sticky":true,"template":"","format":"standard","meta":{"footnotes":""},"categories":[22],"tags":[],"class_list":["post-1483","post","type-post","status-publish","format-standard","has-post-thumbnail","hentry","category-viveiro-municipal"],"yoast_head":"<!-- This site is optimized with the Yoast SEO plugin v23.8 - https:\/\/yoast.com\/wordpress\/plugins\/seo\/ -->\n<title>Viveiro Municipal recebe uma doa\u00e7\u00e3o de mais de 80 mudas - Secretaria de Meio Ambiente<\/title>\n<meta name=\"robots\" content=\"index, follow, max-snippet:-1, max-image-preview:large, max-video-preview:-1\" \/>\n<link rel=\"canonical\" href=\"https:\/\/www.pmpf.rs.gov.br\/secretaria-de-meio-ambiente\/2022\/07\/25\/viveiro-municipal-recebe-uma-doacao-de-mais-de-80-mudas\/\" \/>\n<meta property=\"og:locale\" content=\"pt_BR\" \/>\n<meta property=\"og:type\" content=\"article\" \/>\n<meta property=\"og:title\" content=\"Viveiro Municipal recebe uma doa\u00e7\u00e3o de mais de 80 mudas - Secretaria de Meio Ambiente\" \/>\n<meta property=\"og:description\" content=\"Uma iniciativa entre a Prefeitura e a iniciativa privada resultou na doa\u00e7\u00e3o de 87 mudas de \u00e1rvores nativas para o Viveiro Municipal Chico Mendes. As plantas foram entregues na tarde desta segunda-feira [&hellip;]\" \/>\n<meta property=\"og:url\" content=\"https:\/\/www.pmpf.rs.gov.br\/secretaria-de-meio-ambiente\/2022\/07\/25\/viveiro-municipal-recebe-uma-doacao-de-mais-de-80-mudas\/\" \/>\n<meta property=\"og:site_name\" content=\"Secretaria de Meio Ambiente\" \/>\n<meta property=\"article:published_time\" content=\"2022-07-25T19:22:50+00:00\" \/>\n<meta property=\"article:modified_time\" content=\"2022-07-25T19:22:51+00:00\" \/>\n<meta property=\"og:image\" content=\"https:\/\/www.pmpf.rs.gov.br\/secretaria-de-meio-ambiente\/wp-content\/uploads\/sites\/48\/2022\/07\/viveiro.jpg\" \/>\n\t<meta property=\"og:image:width\" content=\"1280\" \/>\n\t<meta property=\"og:image:height\" content=\"960\" \/>\n\t<meta property=\"og:image:type\" content=\"image\/jpeg\" \/>\n<meta name=\"author\" content=\"andressazorzetto07\" \/>\n<meta name=\"twitter:card\" content=\"summary_large_image\" \/>\n<meta name=\"twitter:label1\" content=\"Escrito por\" \/>\n\t<meta name=\"twitter:data1\" content=\"andressazorzetto07\" \/>\n\t<meta name=\"twitter:label2\" content=\"Est. tempo de leitura\" \/>\n\t<meta name=\"twitter:data2\" content=\"1 minuto\" \/>\n<script type=\"application\/ld+json\" class=\"yoast-schema-graph\">{\"@context\":\"https:\/\/schema.org\",\"@graph\":[{\"@type\":\"WebPage\",\"@id\":\"https:\/\/www.pmpf.rs.gov.br\/secretaria-de-meio-ambiente\/2022\/07\/25\/viveiro-municipal-recebe-uma-doacao-de-mais-de-80-mudas\/\",\"url\":\"https:\/\/www.pmpf.rs.gov.br\/secretaria-de-meio-ambiente\/2022\/07\/25\/viveiro-municipal-recebe-uma-doacao-de-mais-de-80-mudas\/\",\"name\":\"Viveiro Municipal recebe uma doa\u00e7\u00e3o de mais de 80 mudas - Secretaria de Meio Ambiente\",\"isPartOf\":{\"@id\":\"https:\/\/www.pmpf.rs.gov.br\/secretaria-de-meio-ambiente\/#website\"},\"primaryImageOfPage\":{\"@id\":\"https:\/\/www.pmpf.rs.gov.br\/secretaria-de-meio-ambiente\/2022\/07\/25\/viveiro-municipal-recebe-uma-doacao-de-mais-de-80-mudas\/#primaryimage\"},\"image\":{\"@id\":\"https:\/\/www.pmpf.rs.gov.br\/secretaria-de-meio-ambiente\/2022\/07\/25\/viveiro-municipal-recebe-uma-doacao-de-mais-de-80-mudas\/#primaryimage\"},\"thumbnailUrl\":\"https:\/\/www.pmpf.rs.gov.br\/secretaria-de-meio-ambiente\/wp-content\/uploads\/sites\/48\/2022\/07\/viveiro.jpg\",\"datePublished\":\"2022-07-25T19:22:50+00:00\",\"dateModified\":\"2022-07-25T19:22:51+00:00\",\"author\":{\"@id\":\"https:\/\/www.pmpf.rs.gov.br\/secretaria-de-meio-ambiente\/#\/schema\/person\/30ee1d1bd74da1469b01fcf086e43351\"},\"inLanguage\":\"pt-BR\",\"potentialAction\":[{\"@type\":\"ReadAction\",\"target\":[\"https:\/\/www.pmpf.rs.gov.br\/secretaria-de-meio-ambiente\/2022\/07\/25\/viveiro-municipal-recebe-uma-doacao-de-mais-de-80-mudas\/\"]}]},{\"@type\":\"ImageObject\",\"inLanguage\":\"pt-BR\",\"@id\":\"https:\/\/www.pmpf.rs.gov.br\/secretaria-de-meio-ambiente\/2022\/07\/25\/viveiro-municipal-recebe-uma-doacao-de-mais-de-80-mudas\/#primaryimage\",\"url\":\"https:\/\/www.pmpf.rs.gov.br\/secretaria-de-meio-ambiente\/wp-content\/uploads\/sites\/48\/2022\/07\/viveiro.jpg\",\"contentUrl\":\"https:\/\/www.pmpf.rs.gov.br\/secretaria-de-meio-ambiente\/wp-content\/uploads\/sites\/48\/2022\/07\/viveiro.jpg\",\"width\":1280,\"height\":960},{\"@type\":\"WebSite\",\"@id\":\"https:\/\/www.pmpf.rs.gov.br\/secretaria-de-meio-ambiente\/#website\",\"url\":\"https:\/\/www.pmpf.rs.gov.br\/secretaria-de-meio-ambiente\/\",\"name\":\"Secretaria de Meio Ambiente\",\"description\":\"S\u00f3 mais um site Prefeitura de Passo Fundo\",\"potentialAction\":[{\"@type\":\"SearchAction\",\"target\":{\"@type\":\"EntryPoint\",\"urlTemplate\":\"https:\/\/www.pmpf.rs.gov.br\/secretaria-de-meio-ambiente\/?s={search_term_string}\"},\"query-input\":{\"@type\":\"PropertyValueSpecification\",\"valueRequired\":true,\"valueName\":\"search_term_string\"}}],\"inLanguage\":\"pt-BR\"},{\"@type\":\"Person\",\"@id\":\"https:\/\/www.pmpf.rs.gov.br\/secretaria-de-meio-ambiente\/#\/schema\/person\/30ee1d1bd74da1469b01fcf086e43351\",\"name\":\"andressazorzetto07\",\"image\":{\"@type\":\"ImageObject\",\"inLanguage\":\"pt-BR\",\"@id\":\"https:\/\/www.pmpf.rs.gov.br\/secretaria-de-meio-ambiente\/#\/schema\/person\/image\/\",\"url\":\"https:\/\/secure.gravatar.com\/avatar\/14c5458ed79dc81da99a13b9ff5f9f19?s=96&d=mm&r=g\",\"contentUrl\":\"https:\/\/secure.gravatar.com\/avatar\/14c5458ed79dc81da99a13b9ff5f9f19?s=96&d=mm&r=g\",\"caption\":\"andressazorzetto07\"},\"url\":\"https:\/\/www.pmpf.rs.gov.br\/secretaria-de-meio-ambiente\/author\/andressazorzetto07\/\"}]}<\/script>\n<!-- \/ Yoast SEO plugin. -->","yoast_head_json":{"title":"Viveiro Municipal recebe uma doa\u00e7\u00e3o de mais de 80 mudas - Secretaria de Meio Ambiente","robots":{"index":"index","follow":"follow","max-snippet":"max-snippet:-1","max-image-preview":"max-image-preview:large","max-video-preview":"max-video-preview:-1"},"canonical":"https:\/\/www.pmpf.rs.gov.br\/secretaria-de-meio-ambiente\/2022\/07\/25\/viveiro-municipal-recebe-uma-doacao-de-mais-de-80-mudas\/","og_locale":"pt_BR","og_type":"article","og_title":"Viveiro Municipal recebe uma doa\u00e7\u00e3o de mais de 80 mudas - Secretaria de Meio Ambiente","og_description":"Uma iniciativa entre a Prefeitura e a iniciativa privada resultou na doa\u00e7\u00e3o de 87 mudas de \u00e1rvores nativas para o Viveiro Municipal Chico Mendes. As plantas foram entregues na tarde desta segunda-feira [&hellip;]","og_url":"https:\/\/www.pmpf.rs.gov.br\/secretaria-de-meio-ambiente\/2022\/07\/25\/viveiro-municipal-recebe-uma-doacao-de-mais-de-80-mudas\/","og_site_name":"Secretaria de Meio Ambiente","article_published_time":"2022-07-25T19:22:50+00:00","article_modified_time":"2022-07-25T19:22:51+00:00","og_image":[{"width":1280,"height":960,"url":"https:\/\/www.pmpf.rs.gov.br\/secretaria-de-meio-ambiente\/wp-content\/uploads\/sites\/48\/2022\/07\/viveiro.jpg","type":"image\/jpeg"}],"author":"andressazorzetto07","twitter_card":"summary_large_image","twitter_misc":{"Escrito por":"andressazorzetto07","Est. tempo de leitura":"1 minuto"},"schema":{"@context":"https:\/\/schema.org","@graph":[{"@type":"WebPage","@id":"https:\/\/www.pmpf.rs.gov.br\/secretaria-de-meio-ambiente\/2022\/07\/25\/viveiro-municipal-recebe-uma-doacao-de-mais-de-80-mudas\/","url":"https:\/\/www.pmpf.rs.gov.br\/secretaria-de-meio-ambiente\/2022\/07\/25\/viveiro-municipal-recebe-uma-doacao-de-mais-de-80-mudas\/","name":"Viveiro Municipal recebe uma doa\u00e7\u00e3o de mais de 80 mudas - Secretaria de Meio Ambiente","isPartOf":{"@id":"https:\/\/www.pmpf.rs.gov.br\/secretaria-de-meio-ambiente\/#website"},"primaryImageOfPage":{"@id":"https:\/\/www.pmpf.rs.gov.br\/secretaria-de-meio-ambiente\/2022\/07\/25\/viveiro-municipal-recebe-uma-doacao-de-mais-de-80-mudas\/#primaryimage"},"image":{"@id":"https:\/\/www.pmpf.rs.gov.br\/secretaria-de-meio-ambiente\/2022\/07\/25\/viveiro-municipal-recebe-uma-doacao-de-mais-de-80-mudas\/#primaryimage"},"thumbnailUrl":"https:\/\/www.pmpf.rs.gov.br\/secretaria-de-meio-ambiente\/wp-content\/uploads\/sites\/48\/2022\/07\/viveiro.jpg","datePublished":"2022-07-25T19:22:50+00:00","dateModified":"2022-07-25T19:22:51+00:00","author":{"@id":"https:\/\/www.pmpf.rs.gov.br\/secretaria-de-meio-ambiente\/#\/schema\/person\/30ee1d1bd74da1469b01fcf086e43351"},"inLanguage":"pt-BR","potentialAction":[{"@type":"ReadAction","target":["https:\/\/www.pmpf.rs.gov.br\/secretaria-de-meio-ambiente\/2022\/07\/25\/viveiro-municipal-recebe-uma-doacao-de-mais-de-80-mudas\/"]}]},{"@type":"ImageObject","inLanguage":"pt-BR","@id":"https:\/\/www.pmpf.rs.gov.br\/secretaria-de-meio-ambiente\/2022\/07\/25\/viveiro-municipal-recebe-uma-doacao-de-mais-de-80-mudas\/#primaryimage","url":"https:\/\/www.pmpf.rs.gov.br\/secretaria-de-meio-ambiente\/wp-content\/uploads\/sites\/48\/2022\/07\/viveiro.jpg","contentUrl":"https:\/\/www.pmpf.rs.gov.br\/secretaria-de-meio-ambiente\/wp-content\/uploads\/sites\/48\/2022\/07\/viveiro.jpg","width":1280,"height":960},{"@type":"WebSite","@id":"https:\/\/www.pmpf.rs.gov.br\/secretaria-de-meio-ambiente\/#website","url":"https:\/\/www.pmpf.rs.gov.br\/secretaria-de-meio-ambiente\/","name":"Secretaria de Meio Ambiente","description":"S\u00f3 mais um site Prefeitura de Passo Fundo","potentialAction":[{"@type":"SearchAction","target":{"@type":"EntryPoint","urlTemplate":"https:\/\/www.pmpf.rs.gov.br\/secretaria-de-meio-ambiente\/?s={search_term_string}"},"query-input":{"@type":"PropertyValueSpecification","valueRequired":true,"valueName":"search_term_string"}}],"inLanguage":"pt-BR"},{"@type":"Person","@id":"https:\/\/www.pmpf.rs.gov.br\/secretaria-de-meio-ambiente\/#\/schema\/person\/30ee1d1bd74da1469b01fcf086e43351","name":"andressazorzetto07","image":{"@type":"ImageObject","inLanguage":"pt-BR","@id":"https:\/\/www.pmpf.rs.gov.br\/secretaria-de-meio-ambiente\/#\/schema\/person\/image\/","url":"https:\/\/secure.gravatar.com\/avatar\/14c5458ed79dc81da99a13b9ff5f9f19?s=96&d=mm&r=g","contentUrl":"https:\/\/secure.gravatar.com\/avatar\/14c5458ed79dc81da99a13b9ff5f9f19?s=96&d=mm&r=g","caption":"andressazorzetto07"},"url":"https:\/\/www.pmpf.rs.gov.br\/secretaria-de-meio-ambiente\/author\/andressazorzetto07\/"}]}},"_links":{"self":[{"href":"https:\/\/www.pmpf.rs.gov.br\/secretaria-de-meio-ambiente\/wp-json\/wp\/v2\/posts\/1483"}],"collection":[{"href":"https:\/\/www.pmpf.rs.gov.br\/secretaria-de-meio-ambiente\/wp-json\/wp\/v2\/posts"}],"about":[{"href":"https:\/\/www.pmpf.rs.gov.br\/secretaria-de-meio-ambiente\/wp-json\/wp\/v2\/types\/post"}],"author":[{"embeddable":true,"href":"https:\/\/www.pmpf.rs.gov.br\/secretaria-de-meio-ambiente\/wp-json\/wp\/v2\/users\/6"}],"replies":[{"embeddable":true,"href":"https:\/\/www.pmpf.rs.gov.br\/secretaria-de-meio-ambiente\/wp-json\/wp\/v2\/comments?post=1483"}],"version-history":[{"count":1,"href":"https:\/\/www.pmpf.rs.gov.br\/secretaria-de-meio-ambiente\/wp-json\/wp\/v2\/posts\/1483\/revisions"}],"predecessor-version":[{"id":1485,"href":"https:\/\/www.pmpf.rs.gov.br\/secretaria-de-meio-ambiente\/wp-json\/wp\/v2\/posts\/1483\/revisions\/1485"}],"wp:featuredmedia":[{"embeddable":true,"href":"https:\/\/www.pmpf.rs.gov.br\/secretaria-de-meio-ambiente\/wp-json\/wp\/v2\/media\/1484"}],"wp:attachment":[{"href":"https:\/\/www.pmpf.rs.gov.br\/secretaria-de-meio-ambiente\/wp-json\/wp\/v2\/media?parent=1483"}],"wp:term":[{"taxonomy":"category","embeddable":true,"href":"https:\/\/www.pmpf.rs.gov.br\/secretaria-de-meio-ambiente\/wp-json\/wp\/v2\/categories?post=1483"},{"taxonomy":"post_tag","embeddable":true,"href":"https:\/\/www.pmpf.rs.gov.br\/secretaria-de-meio-ambiente\/wp-json\/wp\/v2\/tags?post=1483"}],"curies":[{"name":"wp","href":"https:\/\/api.w.org\/{rel}","templated":true}]}}