{"id":1443,"date":"2022-05-02T16:36:30","date_gmt":"2022-05-02T19:36:30","guid":{"rendered":"https:\/\/www.pmpf.rs.gov.br\/secretaria-de-meio-ambiente\/?p=1443"},"modified":"2022-05-02T16:36:31","modified_gmt":"2022-05-02T19:36:31","slug":"secretaria-de-meio-ambiente-tera-novo-secretario-por-periodo-temporario","status":"publish","type":"post","link":"https:\/\/www.pmpf.rs.gov.br\/secretaria-de-meio-ambiente\/2022\/05\/02\/secretaria-de-meio-ambiente-tera-novo-secretario-por-periodo-temporario\/","title":{"rendered":"Secretaria de Meio Ambiente ter\u00e1 novo secret\u00e1rio por per\u00edodo tempor\u00e1rio"},"content":{"rendered":"\n<p><\/p>\n\n\n\n<p>A partir deste m\u00eas de maio e por um per\u00edodo tempor\u00e1rio, a Secretaria Municipal de Meio Ambiente ter\u00e1 novo secret\u00e1rio. O vereador Rafael Colussi assumir\u00e1 a pasta em decorr\u00eancia do afastamento da secret\u00e1ria, Gabriela Engers, para a licen\u00e7a-maternidade.<\/p>\n\n\n\n<p>O prefeito, Pedro Almeida, destaca que a nomea\u00e7\u00e3o observa o conhecimento sobre a atua\u00e7\u00e3o da pasta. &#8220;Al\u00e9m de ter sido coordenador de fiscaliza\u00e7\u00e3o e licenciamento ambiental, Colussi chegou ao sexto ano de mandato como vereador de Passo Fundo tendo como bandeira na C\u00e2mara a causa animal, que tamb\u00e9m \u00e9 uma grande demanda dentro da Secretaria. Acreditamos na sua sensibilidade para conduzir a Secretaria com efici\u00eancia e comprometimento com a condu\u00e7\u00e3o das pol\u00edticas p\u00fablicas&#8221;, afirmou.<\/p>\n\n\n\n<p>Colussi mencionou as expectativas para o per\u00edodo. \u201cEstou muito grato pela confian\u00e7a dada pelo prefeito, Pedro Almeida, a mim para condu\u00e7\u00e3o desta importante pasta que \u00e9 a Secretaria do Meio Ambiente. J\u00e1 contribu\u00ed com a \u00e1rea construindo in\u00fameras pautas, e muitas delas se tornaram refer\u00eancia do meu mandato como vereador, o que me deixa ciente do grande desafio e das responsabilidades que terei. Ao mesmo tempo, estou motivado com a oportunidade\u201d, declarou.<\/p>\n\n\n\n<p>A atual secret\u00e1ria de Meio Ambiente, Gabriela Engers, iniciar\u00e1 seu afastamento nesta ter\u00e7a-feira (03). Ela reafirmou a confian\u00e7a no trabalho de Colussi para dar sequ\u00eancia \u00e0s a\u00e7\u00f5es desenvolvidas at\u00e9 aqui. &#8220;Estou muito contente com os resultados e avan\u00e7os da Secretaria, um reflexo do trabalho e planejamento do governo municipal e de toda a equipe da pasta. Quero agradecer ao prefeito, Pedro Almeida, e aos servidores por todo apoio prestado durante a minha gesta\u00e7\u00e3o. Tenho a seguran\u00e7a de que tudo o que foi realizado at\u00e9 aqui ser\u00e1 seguido&#8221;, ponderou.<\/p>\n","protected":false},"excerpt":{"rendered":"<p>Devido ao afastamento da atual secret\u00e1ria, Gabriela Engers, para licen\u00e7a-maternidade, Rafael Colussi assumir\u00e1 os trabalhos da pasta<\/p>\n","protected":false},"author":6,"featured_media":1444,"comment_status":"closed","ping_status":"closed","sticky":true,"template":"","format":"standard","meta":{"footnotes":""},"categories":[1],"tags":[],"class_list":["post-1443","post","type-post","status-publish","format-standard","has-post-thumbnail","hentry","category-sem-categoria"],"yoast_head":"<!-- This site is optimized with the Yoast SEO plugin v23.8 - https:\/\/yoast.com\/wordpress\/plugins\/seo\/ -->\n<title>Secretaria de Meio Ambiente ter\u00e1 novo secret\u00e1rio por per\u00edodo tempor\u00e1rio - Secretaria de Meio Ambiente<\/title>\n<meta name=\"robots\" content=\"index, follow, max-snippet:-1, max-image-preview:large, max-video-preview:-1\" \/>\n<link rel=\"canonical\" href=\"https:\/\/www.pmpf.rs.gov.br\/secretaria-de-meio-ambiente\/2022\/05\/02\/secretaria-de-meio-ambiente-tera-novo-secretario-por-periodo-temporario\/\" \/>\n<meta property=\"og:locale\" content=\"pt_BR\" \/>\n<meta property=\"og:type\" content=\"article\" \/>\n<meta property=\"og:title\" content=\"Secretaria de Meio Ambiente ter\u00e1 novo secret\u00e1rio por per\u00edodo tempor\u00e1rio - Secretaria de Meio Ambiente\" \/>\n<meta property=\"og:description\" content=\"Devido ao afastamento da atual secret\u00e1ria, Gabriela Engers, para licen\u00e7a-maternidade, Rafael Colussi assumir\u00e1 os trabalhos da pasta\" \/>\n<meta property=\"og:url\" content=\"https:\/\/www.pmpf.rs.gov.br\/secretaria-de-meio-ambiente\/2022\/05\/02\/secretaria-de-meio-ambiente-tera-novo-secretario-por-periodo-temporario\/\" \/>\n<meta property=\"og:site_name\" content=\"Secretaria de Meio Ambiente\" \/>\n<meta property=\"article:published_time\" content=\"2022-05-02T19:36:30+00:00\" \/>\n<meta property=\"article:modified_time\" content=\"2022-05-02T19:36:31+00:00\" \/>\n<meta property=\"og:image\" content=\"https:\/\/www.pmpf.rs.gov.br\/secretaria-de-meio-ambiente\/wp-content\/uploads\/sites\/48\/2022\/05\/smam.jpg\" \/>\n\t<meta property=\"og:image:width\" content=\"1280\" \/>\n\t<meta property=\"og:image:height\" content=\"853\" \/>\n\t<meta property=\"og:image:type\" content=\"image\/jpeg\" \/>\n<meta name=\"author\" content=\"andressazorzetto07\" \/>\n<meta name=\"twitter:card\" content=\"summary_large_image\" \/>\n<meta name=\"twitter:label1\" content=\"Escrito por\" \/>\n\t<meta name=\"twitter:data1\" content=\"andressazorzetto07\" \/>\n\t<meta name=\"twitter:label2\" content=\"Est. tempo de leitura\" \/>\n\t<meta name=\"twitter:data2\" content=\"1 minuto\" \/>\n<script type=\"application\/ld+json\" class=\"yoast-schema-graph\">{\"@context\":\"https:\/\/schema.org\",\"@graph\":[{\"@type\":\"WebPage\",\"@id\":\"https:\/\/www.pmpf.rs.gov.br\/secretaria-de-meio-ambiente\/2022\/05\/02\/secretaria-de-meio-ambiente-tera-novo-secretario-por-periodo-temporario\/\",\"url\":\"https:\/\/www.pmpf.rs.gov.br\/secretaria-de-meio-ambiente\/2022\/05\/02\/secretaria-de-meio-ambiente-tera-novo-secretario-por-periodo-temporario\/\",\"name\":\"Secretaria de Meio Ambiente ter\u00e1 novo secret\u00e1rio por per\u00edodo tempor\u00e1rio - Secretaria de Meio Ambiente\",\"isPartOf\":{\"@id\":\"https:\/\/www.pmpf.rs.gov.br\/secretaria-de-meio-ambiente\/#website\"},\"primaryImageOfPage\":{\"@id\":\"https:\/\/www.pmpf.rs.gov.br\/secretaria-de-meio-ambiente\/2022\/05\/02\/secretaria-de-meio-ambiente-tera-novo-secretario-por-periodo-temporario\/#primaryimage\"},\"image\":{\"@id\":\"https:\/\/www.pmpf.rs.gov.br\/secretaria-de-meio-ambiente\/2022\/05\/02\/secretaria-de-meio-ambiente-tera-novo-secretario-por-periodo-temporario\/#primaryimage\"},\"thumbnailUrl\":\"https:\/\/www.pmpf.rs.gov.br\/secretaria-de-meio-ambiente\/wp-content\/uploads\/sites\/48\/2022\/05\/smam.jpg\",\"datePublished\":\"2022-05-02T19:36:30+00:00\",\"dateModified\":\"2022-05-02T19:36:31+00:00\",\"author\":{\"@id\":\"https:\/\/www.pmpf.rs.gov.br\/secretaria-de-meio-ambiente\/#\/schema\/person\/30ee1d1bd74da1469b01fcf086e43351\"},\"inLanguage\":\"pt-BR\",\"potentialAction\":[{\"@type\":\"ReadAction\",\"target\":[\"https:\/\/www.pmpf.rs.gov.br\/secretaria-de-meio-ambiente\/2022\/05\/02\/secretaria-de-meio-ambiente-tera-novo-secretario-por-periodo-temporario\/\"]}]},{\"@type\":\"ImageObject\",\"inLanguage\":\"pt-BR\",\"@id\":\"https:\/\/www.pmpf.rs.gov.br\/secretaria-de-meio-ambiente\/2022\/05\/02\/secretaria-de-meio-ambiente-tera-novo-secretario-por-periodo-temporario\/#primaryimage\",\"url\":\"https:\/\/www.pmpf.rs.gov.br\/secretaria-de-meio-ambiente\/wp-content\/uploads\/sites\/48\/2022\/05\/smam.jpg\",\"contentUrl\":\"https:\/\/www.pmpf.rs.gov.br\/secretaria-de-meio-ambiente\/wp-content\/uploads\/sites\/48\/2022\/05\/smam.jpg\",\"width\":1280,\"height\":853},{\"@type\":\"WebSite\",\"@id\":\"https:\/\/www.pmpf.rs.gov.br\/secretaria-de-meio-ambiente\/#website\",\"url\":\"https:\/\/www.pmpf.rs.gov.br\/secretaria-de-meio-ambiente\/\",\"name\":\"Secretaria de Meio Ambiente\",\"description\":\"S\u00f3 mais um site Prefeitura de Passo Fundo\",\"potentialAction\":[{\"@type\":\"SearchAction\",\"target\":{\"@type\":\"EntryPoint\",\"urlTemplate\":\"https:\/\/www.pmpf.rs.gov.br\/secretaria-de-meio-ambiente\/?s={search_term_string}\"},\"query-input\":{\"@type\":\"PropertyValueSpecification\",\"valueRequired\":true,\"valueName\":\"search_term_string\"}}],\"inLanguage\":\"pt-BR\"},{\"@type\":\"Person\",\"@id\":\"https:\/\/www.pmpf.rs.gov.br\/secretaria-de-meio-ambiente\/#\/schema\/person\/30ee1d1bd74da1469b01fcf086e43351\",\"name\":\"andressazorzetto07\",\"image\":{\"@type\":\"ImageObject\",\"inLanguage\":\"pt-BR\",\"@id\":\"https:\/\/www.pmpf.rs.gov.br\/secretaria-de-meio-ambiente\/#\/schema\/person\/image\/\",\"url\":\"https:\/\/secure.gravatar.com\/avatar\/14c5458ed79dc81da99a13b9ff5f9f19?s=96&d=mm&r=g\",\"contentUrl\":\"https:\/\/secure.gravatar.com\/avatar\/14c5458ed79dc81da99a13b9ff5f9f19?s=96&d=mm&r=g\",\"caption\":\"andressazorzetto07\"},\"url\":\"https:\/\/www.pmpf.rs.gov.br\/secretaria-de-meio-ambiente\/author\/andressazorzetto07\/\"}]}<\/script>\n<!-- \/ Yoast SEO plugin. -->","yoast_head_json":{"title":"Secretaria de Meio Ambiente ter\u00e1 novo secret\u00e1rio por per\u00edodo tempor\u00e1rio - Secretaria de Meio Ambiente","robots":{"index":"index","follow":"follow","max-snippet":"max-snippet:-1","max-image-preview":"max-image-preview:large","max-video-preview":"max-video-preview:-1"},"canonical":"https:\/\/www.pmpf.rs.gov.br\/secretaria-de-meio-ambiente\/2022\/05\/02\/secretaria-de-meio-ambiente-tera-novo-secretario-por-periodo-temporario\/","og_locale":"pt_BR","og_type":"article","og_title":"Secretaria de Meio Ambiente ter\u00e1 novo secret\u00e1rio por per\u00edodo tempor\u00e1rio - Secretaria de Meio Ambiente","og_description":"Devido ao afastamento da atual secret\u00e1ria, Gabriela Engers, para licen\u00e7a-maternidade, Rafael Colussi assumir\u00e1 os trabalhos da pasta","og_url":"https:\/\/www.pmpf.rs.gov.br\/secretaria-de-meio-ambiente\/2022\/05\/02\/secretaria-de-meio-ambiente-tera-novo-secretario-por-periodo-temporario\/","og_site_name":"Secretaria de Meio Ambiente","article_published_time":"2022-05-02T19:36:30+00:00","article_modified_time":"2022-05-02T19:36:31+00:00","og_image":[{"width":1280,"height":853,"url":"https:\/\/www.pmpf.rs.gov.br\/secretaria-de-meio-ambiente\/wp-content\/uploads\/sites\/48\/2022\/05\/smam.jpg","type":"image\/jpeg"}],"author":"andressazorzetto07","twitter_card":"summary_large_image","twitter_misc":{"Escrito por":"andressazorzetto07","Est. tempo de leitura":"1 minuto"},"schema":{"@context":"https:\/\/schema.org","@graph":[{"@type":"WebPage","@id":"https:\/\/www.pmpf.rs.gov.br\/secretaria-de-meio-ambiente\/2022\/05\/02\/secretaria-de-meio-ambiente-tera-novo-secretario-por-periodo-temporario\/","url":"https:\/\/www.pmpf.rs.gov.br\/secretaria-de-meio-ambiente\/2022\/05\/02\/secretaria-de-meio-ambiente-tera-novo-secretario-por-periodo-temporario\/","name":"Secretaria de Meio Ambiente ter\u00e1 novo secret\u00e1rio por per\u00edodo tempor\u00e1rio - Secretaria de Meio Ambiente","isPartOf":{"@id":"https:\/\/www.pmpf.rs.gov.br\/secretaria-de-meio-ambiente\/#website"},"primaryImageOfPage":{"@id":"https:\/\/www.pmpf.rs.gov.br\/secretaria-de-meio-ambiente\/2022\/05\/02\/secretaria-de-meio-ambiente-tera-novo-secretario-por-periodo-temporario\/#primaryimage"},"image":{"@id":"https:\/\/www.pmpf.rs.gov.br\/secretaria-de-meio-ambiente\/2022\/05\/02\/secretaria-de-meio-ambiente-tera-novo-secretario-por-periodo-temporario\/#primaryimage"},"thumbnailUrl":"https:\/\/www.pmpf.rs.gov.br\/secretaria-de-meio-ambiente\/wp-content\/uploads\/sites\/48\/2022\/05\/smam.jpg","datePublished":"2022-05-02T19:36:30+00:00","dateModified":"2022-05-02T19:36:31+00:00","author":{"@id":"https:\/\/www.pmpf.rs.gov.br\/secretaria-de-meio-ambiente\/#\/schema\/person\/30ee1d1bd74da1469b01fcf086e43351"},"inLanguage":"pt-BR","potentialAction":[{"@type":"ReadAction","target":["https:\/\/www.pmpf.rs.gov.br\/secretaria-de-meio-ambiente\/2022\/05\/02\/secretaria-de-meio-ambiente-tera-novo-secretario-por-periodo-temporario\/"]}]},{"@type":"ImageObject","inLanguage":"pt-BR","@id":"https:\/\/www.pmpf.rs.gov.br\/secretaria-de-meio-ambiente\/2022\/05\/02\/secretaria-de-meio-ambiente-tera-novo-secretario-por-periodo-temporario\/#primaryimage","url":"https:\/\/www.pmpf.rs.gov.br\/secretaria-de-meio-ambiente\/wp-content\/uploads\/sites\/48\/2022\/05\/smam.jpg","contentUrl":"https:\/\/www.pmpf.rs.gov.br\/secretaria-de-meio-ambiente\/wp-content\/uploads\/sites\/48\/2022\/05\/smam.jpg","width":1280,"height":853},{"@type":"WebSite","@id":"https:\/\/www.pmpf.rs.gov.br\/secretaria-de-meio-ambiente\/#website","url":"https:\/\/www.pmpf.rs.gov.br\/secretaria-de-meio-ambiente\/","name":"Secretaria de Meio Ambiente","description":"S\u00f3 mais um site Prefeitura de Passo Fundo","potentialAction":[{"@type":"SearchAction","target":{"@type":"EntryPoint","urlTemplate":"https:\/\/www.pmpf.rs.gov.br\/secretaria-de-meio-ambiente\/?s={search_term_string}"},"query-input":{"@type":"PropertyValueSpecification","valueRequired":true,"valueName":"search_term_string"}}],"inLanguage":"pt-BR"},{"@type":"Person","@id":"https:\/\/www.pmpf.rs.gov.br\/secretaria-de-meio-ambiente\/#\/schema\/person\/30ee1d1bd74da1469b01fcf086e43351","name":"andressazorzetto07","image":{"@type":"ImageObject","inLanguage":"pt-BR","@id":"https:\/\/www.pmpf.rs.gov.br\/secretaria-de-meio-ambiente\/#\/schema\/person\/image\/","url":"https:\/\/secure.gravatar.com\/avatar\/14c5458ed79dc81da99a13b9ff5f9f19?s=96&d=mm&r=g","contentUrl":"https:\/\/secure.gravatar.com\/avatar\/14c5458ed79dc81da99a13b9ff5f9f19?s=96&d=mm&r=g","caption":"andressazorzetto07"},"url":"https:\/\/www.pmpf.rs.gov.br\/secretaria-de-meio-ambiente\/author\/andressazorzetto07\/"}]}},"_links":{"self":[{"href":"https:\/\/www.pmpf.rs.gov.br\/secretaria-de-meio-ambiente\/wp-json\/wp\/v2\/posts\/1443"}],"collection":[{"href":"https:\/\/www.pmpf.rs.gov.br\/secretaria-de-meio-ambiente\/wp-json\/wp\/v2\/posts"}],"about":[{"href":"https:\/\/www.pmpf.rs.gov.br\/secretaria-de-meio-ambiente\/wp-json\/wp\/v2\/types\/post"}],"author":[{"embeddable":true,"href":"https:\/\/www.pmpf.rs.gov.br\/secretaria-de-meio-ambiente\/wp-json\/wp\/v2\/users\/6"}],"replies":[{"embeddable":true,"href":"https:\/\/www.pmpf.rs.gov.br\/secretaria-de-meio-ambiente\/wp-json\/wp\/v2\/comments?post=1443"}],"version-history":[{"count":1,"href":"https:\/\/www.pmpf.rs.gov.br\/secretaria-de-meio-ambiente\/wp-json\/wp\/v2\/posts\/1443\/revisions"}],"predecessor-version":[{"id":1445,"href":"https:\/\/www.pmpf.rs.gov.br\/secretaria-de-meio-ambiente\/wp-json\/wp\/v2\/posts\/1443\/revisions\/1445"}],"wp:featuredmedia":[{"embeddable":true,"href":"https:\/\/www.pmpf.rs.gov.br\/secretaria-de-meio-ambiente\/wp-json\/wp\/v2\/media\/1444"}],"wp:attachment":[{"href":"https:\/\/www.pmpf.rs.gov.br\/secretaria-de-meio-ambiente\/wp-json\/wp\/v2\/media?parent=1443"}],"wp:term":[{"taxonomy":"category","embeddable":true,"href":"https:\/\/www.pmpf.rs.gov.br\/secretaria-de-meio-ambiente\/wp-json\/wp\/v2\/categories?post=1443"},{"taxonomy":"post_tag","embeddable":true,"href":"https:\/\/www.pmpf.rs.gov.br\/secretaria-de-meio-ambiente\/wp-json\/wp\/v2\/tags?post=1443"}],"curies":[{"name":"wp","href":"https:\/\/api.w.org\/{rel}","templated":true}]}}