{"id":1329,"date":"2022-03-31T16:54:14","date_gmt":"2022-03-31T19:54:14","guid":{"rendered":"https:\/\/www.pmpf.rs.gov.br\/secretaria-de-meio-ambiente\/?p=1329"},"modified":"2022-03-31T16:54:15","modified_gmt":"2022-03-31T19:54:15","slug":"prefeitura-de-passo-fundo-lanca-projeto-de-educacao-ambiental-e-gestao-das-aguas","status":"publish","type":"post","link":"https:\/\/www.pmpf.rs.gov.br\/secretaria-de-meio-ambiente\/2022\/03\/31\/prefeitura-de-passo-fundo-lanca-projeto-de-educacao-ambiental-e-gestao-das-aguas\/","title":{"rendered":"Prefeitura de Passo Fundo lan\u00e7a projeto de educa\u00e7\u00e3o ambiental e gest\u00e3o das \u00e1guas"},"content":{"rendered":"\n<p><br>A Prefeitura, em parceria com o F\u00f3rum da Agenda 21, Instituto Ambiental Passo Fundo e Grupo Ecol\u00f3gico Sentinela dos Pampas (Gesp), lan\u00e7ou, nesta quinta-feira (31), mais uma iniciativa com vi\u00e9s educativo que tem como objetivo a prote\u00e7\u00e3o do meio ambiente a partir da educa\u00e7\u00e3o. O projeto de educa\u00e7\u00e3o ambiental levar\u00e1 a crian\u00e7as e jovens debates e a\u00e7\u00f5es de preserva\u00e7\u00e3o, conserva\u00e7\u00e3o e recupera\u00e7\u00e3o dos recursos naturais.<br>O programa de educa\u00e7\u00e3o ambiental permanente foi apresentado pelo prefeito, Pedro Almeida, no encerramento da Semana da \u00c1gua. &#8220;Esse \u00e9 mais um projeto que fortalece o olhar da Prefeitura para a preserva\u00e7\u00e3o do meio ambiente. Investir em educa\u00e7\u00e3o ambiental \u00e9 pensar no futuro de todos n\u00f3s. Por isso, precisamos estabelecer pol\u00edticas p\u00fablicas que orientem e direcionem a sociedade&#8221;, disse.<br>A secret\u00e1ria de Meio Ambiente, Gabriela Engers, explica como o projeto ser\u00e1 implementado. &#8220;Na Secretaria de Meio Ambiente e na Sala Futura, ser\u00e3o desenvolvidas atividades com alunos de escolas p\u00fablicas e privadas. Contaremos com professores de diferentes \u00e1reas para trabalhar tem\u00e1ticas. As aulas dever\u00e3o iniciar neste primeiro semestre e acontecer\u00e3o mediante agendamento das escolas&#8221;, enfatizando que os recursos necess\u00e1rios para os encontros ser\u00e3o provenientes do Fundo de Gest\u00e3o Compartilhada do Saneamento.<br>Entre as principais frentes do projeto, est\u00e3o os recursos h\u00eddricos. As atividades auxiliar\u00e3o na constru\u00e7\u00e3o do Plano Municipal de Gest\u00e3o das \u00c1guas, que buscar\u00e1 colaborar com a conserva\u00e7\u00e3o do meio ambiente saud\u00e1vel, a qualidade da \u00e1gua para a sa\u00fade p\u00fablica e o bem-estar da popula\u00e7\u00e3o passo-fundense. Durante os encontros, ser\u00e3o coletadas, organizadas e sistematizadas informa\u00e7\u00f5es que auxiliem no diagn\u00f3stico e na elabora\u00e7\u00e3o do documento.<br>Para o presidente do Instituto Ambiental de Passo Fundo, Paulo Corn\u00e9lio, o projeto representa avan\u00e7os . &#8220;O poder p\u00fablico est\u00e1 em conson\u00e2ncia com a sociedade civil trazendo ao meio ambiente pol\u00edticas p\u00fablicas. \u00c9 um momento de converg\u00eancia e de discuss\u00e3o de dois pontos fundamentais: a preserva\u00e7\u00e3o ambiental e a forma\u00e7\u00e3o da sociedade. Passo Fundo \u00e9 uma regi\u00e3o muito importante em recursos h\u00eddricos, e quem vai ganhar com isso s\u00e3o todas as pessoas&#8221;, considerou.<\/p>\n\n\n\n<p><strong>A educa\u00e7\u00e3o na promo\u00e7\u00e3o de um meio ambiente saud\u00e1vel<br><\/strong>O secret\u00e1rio de Educa\u00e7\u00e3o, Adriano Canabarro Teixeira, afirmou que, paralelamente \u00e0s atividades do projeto, professores e alunos da rede municipal dever\u00e3o passar por processos de forma\u00e7\u00e3o que pensem e construam mudan\u00e7as para o meio ambiente. &#8220;Somos uma Cidade Educadora e que trabalha para fortalecer a rela\u00e7\u00e3o entre as pessoas e o meio em que vivem. Al\u00e9m da forma\u00e7\u00e3o dos professores, podemos abordar tem\u00e1ticas que envolvem o meio ambiente dentro dos projetos pedag\u00f3gicos. Do primeiro ao quinto ano, temos o projeto Cidadania Global e, do sexto ao nono, o Pensamento Cient\u00edfico&#8221;, mencionou.<br>O secret\u00e1rio executivo da Agenda 21, Ademar Marques, identifica a import\u00e2ncia de o meio ambiente ser pauta para as crian\u00e7as. &#8220;Trabalhamos neste projeto e na sua implementa\u00e7\u00e3o porque acreditamos que as crian\u00e7as influenciam os adultos e as mudan\u00e7as&#8221;, pontuou.<br>Tamb\u00e9m participaram do lan\u00e7amento a presidente do Gesp, Flavia Biondo, o secret\u00e1rio de Agricultura e Desenvolvimento Rural, Cristiam Thans, e o presidente da C\u00e2mara de Vereadores, Evandro Meireles.<\/p>\n\n\n\n<p><strong>Foto: Michel Sanderi<\/strong><\/p>\n","protected":false},"excerpt":{"rendered":"<p>Em parceria com o F\u00f3rum da Agenda 21, Instituto Ambiental Passo Fundo e Grupo Ecol\u00f3gico Sentinela dos Pampas (Gesp), a\u00e7\u00f5es envolver\u00e3o crian\u00e7as e jovens na prote\u00e7\u00e3o dos recursos h\u00eddricos<\/p>\n","protected":false},"author":6,"featured_media":0,"comment_status":"closed","ping_status":"closed","sticky":true,"template":"","format":"standard","meta":{"footnotes":""},"categories":[15],"tags":[],"class_list":["post-1329","post","type-post","status-publish","format-standard","hentry","category-educacao-ambiental"],"yoast_head":"<!-- This site is optimized with the Yoast SEO plugin v23.8 - https:\/\/yoast.com\/wordpress\/plugins\/seo\/ -->\n<title>Prefeitura de Passo Fundo lan\u00e7a projeto de educa\u00e7\u00e3o ambiental e gest\u00e3o das \u00e1guas - Secretaria de Meio Ambiente<\/title>\n<meta name=\"robots\" content=\"index, follow, max-snippet:-1, max-image-preview:large, max-video-preview:-1\" \/>\n<link rel=\"canonical\" href=\"https:\/\/www.pmpf.rs.gov.br\/secretaria-de-meio-ambiente\/2022\/03\/31\/prefeitura-de-passo-fundo-lanca-projeto-de-educacao-ambiental-e-gestao-das-aguas\/\" \/>\n<meta property=\"og:locale\" content=\"pt_BR\" \/>\n<meta property=\"og:type\" content=\"article\" \/>\n<meta property=\"og:title\" content=\"Prefeitura de Passo Fundo lan\u00e7a projeto de educa\u00e7\u00e3o ambiental e gest\u00e3o das \u00e1guas - Secretaria de Meio Ambiente\" \/>\n<meta property=\"og:description\" content=\"Em parceria com o F\u00f3rum da Agenda 21, Instituto Ambiental Passo Fundo e Grupo Ecol\u00f3gico Sentinela dos Pampas (Gesp), a\u00e7\u00f5es envolver\u00e3o crian\u00e7as e jovens na prote\u00e7\u00e3o dos recursos h\u00eddricos\" \/>\n<meta property=\"og:url\" content=\"https:\/\/www.pmpf.rs.gov.br\/secretaria-de-meio-ambiente\/2022\/03\/31\/prefeitura-de-passo-fundo-lanca-projeto-de-educacao-ambiental-e-gestao-das-aguas\/\" \/>\n<meta property=\"og:site_name\" content=\"Secretaria de Meio Ambiente\" \/>\n<meta property=\"article:published_time\" content=\"2022-03-31T19:54:14+00:00\" \/>\n<meta property=\"article:modified_time\" content=\"2022-03-31T19:54:15+00:00\" \/>\n<meta name=\"author\" content=\"andressazorzetto07\" \/>\n<meta name=\"twitter:card\" content=\"summary_large_image\" \/>\n<meta name=\"twitter:label1\" content=\"Escrito por\" \/>\n\t<meta name=\"twitter:data1\" content=\"andressazorzetto07\" \/>\n\t<meta name=\"twitter:label2\" content=\"Est. tempo de leitura\" \/>\n\t<meta name=\"twitter:data2\" content=\"3 minutos\" \/>\n<script type=\"application\/ld+json\" class=\"yoast-schema-graph\">{\"@context\":\"https:\/\/schema.org\",\"@graph\":[{\"@type\":\"WebPage\",\"@id\":\"https:\/\/www.pmpf.rs.gov.br\/secretaria-de-meio-ambiente\/2022\/03\/31\/prefeitura-de-passo-fundo-lanca-projeto-de-educacao-ambiental-e-gestao-das-aguas\/\",\"url\":\"https:\/\/www.pmpf.rs.gov.br\/secretaria-de-meio-ambiente\/2022\/03\/31\/prefeitura-de-passo-fundo-lanca-projeto-de-educacao-ambiental-e-gestao-das-aguas\/\",\"name\":\"Prefeitura de Passo Fundo lan\u00e7a projeto de educa\u00e7\u00e3o ambiental e gest\u00e3o das \u00e1guas - Secretaria de Meio Ambiente\",\"isPartOf\":{\"@id\":\"https:\/\/www.pmpf.rs.gov.br\/secretaria-de-meio-ambiente\/#website\"},\"datePublished\":\"2022-03-31T19:54:14+00:00\",\"dateModified\":\"2022-03-31T19:54:15+00:00\",\"author\":{\"@id\":\"https:\/\/www.pmpf.rs.gov.br\/secretaria-de-meio-ambiente\/#\/schema\/person\/30ee1d1bd74da1469b01fcf086e43351\"},\"inLanguage\":\"pt-BR\",\"potentialAction\":[{\"@type\":\"ReadAction\",\"target\":[\"https:\/\/www.pmpf.rs.gov.br\/secretaria-de-meio-ambiente\/2022\/03\/31\/prefeitura-de-passo-fundo-lanca-projeto-de-educacao-ambiental-e-gestao-das-aguas\/\"]}]},{\"@type\":\"WebSite\",\"@id\":\"https:\/\/www.pmpf.rs.gov.br\/secretaria-de-meio-ambiente\/#website\",\"url\":\"https:\/\/www.pmpf.rs.gov.br\/secretaria-de-meio-ambiente\/\",\"name\":\"Secretaria de Meio Ambiente\",\"description\":\"S\u00f3 mais um site Prefeitura de Passo Fundo\",\"potentialAction\":[{\"@type\":\"SearchAction\",\"target\":{\"@type\":\"EntryPoint\",\"urlTemplate\":\"https:\/\/www.pmpf.rs.gov.br\/secretaria-de-meio-ambiente\/?s={search_term_string}\"},\"query-input\":{\"@type\":\"PropertyValueSpecification\",\"valueRequired\":true,\"valueName\":\"search_term_string\"}}],\"inLanguage\":\"pt-BR\"},{\"@type\":\"Person\",\"@id\":\"https:\/\/www.pmpf.rs.gov.br\/secretaria-de-meio-ambiente\/#\/schema\/person\/30ee1d1bd74da1469b01fcf086e43351\",\"name\":\"andressazorzetto07\",\"image\":{\"@type\":\"ImageObject\",\"inLanguage\":\"pt-BR\",\"@id\":\"https:\/\/www.pmpf.rs.gov.br\/secretaria-de-meio-ambiente\/#\/schema\/person\/image\/\",\"url\":\"https:\/\/secure.gravatar.com\/avatar\/14c5458ed79dc81da99a13b9ff5f9f19?s=96&d=mm&r=g\",\"contentUrl\":\"https:\/\/secure.gravatar.com\/avatar\/14c5458ed79dc81da99a13b9ff5f9f19?s=96&d=mm&r=g\",\"caption\":\"andressazorzetto07\"},\"url\":\"https:\/\/www.pmpf.rs.gov.br\/secretaria-de-meio-ambiente\/author\/andressazorzetto07\/\"}]}<\/script>\n<!-- \/ Yoast SEO plugin. -->","yoast_head_json":{"title":"Prefeitura de Passo Fundo lan\u00e7a projeto de educa\u00e7\u00e3o ambiental e gest\u00e3o das \u00e1guas - Secretaria de Meio Ambiente","robots":{"index":"index","follow":"follow","max-snippet":"max-snippet:-1","max-image-preview":"max-image-preview:large","max-video-preview":"max-video-preview:-1"},"canonical":"https:\/\/www.pmpf.rs.gov.br\/secretaria-de-meio-ambiente\/2022\/03\/31\/prefeitura-de-passo-fundo-lanca-projeto-de-educacao-ambiental-e-gestao-das-aguas\/","og_locale":"pt_BR","og_type":"article","og_title":"Prefeitura de Passo Fundo lan\u00e7a projeto de educa\u00e7\u00e3o ambiental e gest\u00e3o das \u00e1guas - Secretaria de Meio Ambiente","og_description":"Em parceria com o F\u00f3rum da Agenda 21, Instituto Ambiental Passo Fundo e Grupo Ecol\u00f3gico Sentinela dos Pampas (Gesp), a\u00e7\u00f5es envolver\u00e3o crian\u00e7as e jovens na prote\u00e7\u00e3o dos recursos h\u00eddricos","og_url":"https:\/\/www.pmpf.rs.gov.br\/secretaria-de-meio-ambiente\/2022\/03\/31\/prefeitura-de-passo-fundo-lanca-projeto-de-educacao-ambiental-e-gestao-das-aguas\/","og_site_name":"Secretaria de Meio Ambiente","article_published_time":"2022-03-31T19:54:14+00:00","article_modified_time":"2022-03-31T19:54:15+00:00","author":"andressazorzetto07","twitter_card":"summary_large_image","twitter_misc":{"Escrito por":"andressazorzetto07","Est. tempo de leitura":"3 minutos"},"schema":{"@context":"https:\/\/schema.org","@graph":[{"@type":"WebPage","@id":"https:\/\/www.pmpf.rs.gov.br\/secretaria-de-meio-ambiente\/2022\/03\/31\/prefeitura-de-passo-fundo-lanca-projeto-de-educacao-ambiental-e-gestao-das-aguas\/","url":"https:\/\/www.pmpf.rs.gov.br\/secretaria-de-meio-ambiente\/2022\/03\/31\/prefeitura-de-passo-fundo-lanca-projeto-de-educacao-ambiental-e-gestao-das-aguas\/","name":"Prefeitura de Passo Fundo lan\u00e7a projeto de educa\u00e7\u00e3o ambiental e gest\u00e3o das \u00e1guas - Secretaria de Meio Ambiente","isPartOf":{"@id":"https:\/\/www.pmpf.rs.gov.br\/secretaria-de-meio-ambiente\/#website"},"datePublished":"2022-03-31T19:54:14+00:00","dateModified":"2022-03-31T19:54:15+00:00","author":{"@id":"https:\/\/www.pmpf.rs.gov.br\/secretaria-de-meio-ambiente\/#\/schema\/person\/30ee1d1bd74da1469b01fcf086e43351"},"inLanguage":"pt-BR","potentialAction":[{"@type":"ReadAction","target":["https:\/\/www.pmpf.rs.gov.br\/secretaria-de-meio-ambiente\/2022\/03\/31\/prefeitura-de-passo-fundo-lanca-projeto-de-educacao-ambiental-e-gestao-das-aguas\/"]}]},{"@type":"WebSite","@id":"https:\/\/www.pmpf.rs.gov.br\/secretaria-de-meio-ambiente\/#website","url":"https:\/\/www.pmpf.rs.gov.br\/secretaria-de-meio-ambiente\/","name":"Secretaria de Meio Ambiente","description":"S\u00f3 mais um site Prefeitura de Passo Fundo","potentialAction":[{"@type":"SearchAction","target":{"@type":"EntryPoint","urlTemplate":"https:\/\/www.pmpf.rs.gov.br\/secretaria-de-meio-ambiente\/?s={search_term_string}"},"query-input":{"@type":"PropertyValueSpecification","valueRequired":true,"valueName":"search_term_string"}}],"inLanguage":"pt-BR"},{"@type":"Person","@id":"https:\/\/www.pmpf.rs.gov.br\/secretaria-de-meio-ambiente\/#\/schema\/person\/30ee1d1bd74da1469b01fcf086e43351","name":"andressazorzetto07","image":{"@type":"ImageObject","inLanguage":"pt-BR","@id":"https:\/\/www.pmpf.rs.gov.br\/secretaria-de-meio-ambiente\/#\/schema\/person\/image\/","url":"https:\/\/secure.gravatar.com\/avatar\/14c5458ed79dc81da99a13b9ff5f9f19?s=96&d=mm&r=g","contentUrl":"https:\/\/secure.gravatar.com\/avatar\/14c5458ed79dc81da99a13b9ff5f9f19?s=96&d=mm&r=g","caption":"andressazorzetto07"},"url":"https:\/\/www.pmpf.rs.gov.br\/secretaria-de-meio-ambiente\/author\/andressazorzetto07\/"}]}},"_links":{"self":[{"href":"https:\/\/www.pmpf.rs.gov.br\/secretaria-de-meio-ambiente\/wp-json\/wp\/v2\/posts\/1329"}],"collection":[{"href":"https:\/\/www.pmpf.rs.gov.br\/secretaria-de-meio-ambiente\/wp-json\/wp\/v2\/posts"}],"about":[{"href":"https:\/\/www.pmpf.rs.gov.br\/secretaria-de-meio-ambiente\/wp-json\/wp\/v2\/types\/post"}],"author":[{"embeddable":true,"href":"https:\/\/www.pmpf.rs.gov.br\/secretaria-de-meio-ambiente\/wp-json\/wp\/v2\/users\/6"}],"replies":[{"embeddable":true,"href":"https:\/\/www.pmpf.rs.gov.br\/secretaria-de-meio-ambiente\/wp-json\/wp\/v2\/comments?post=1329"}],"version-history":[{"count":1,"href":"https:\/\/www.pmpf.rs.gov.br\/secretaria-de-meio-ambiente\/wp-json\/wp\/v2\/posts\/1329\/revisions"}],"predecessor-version":[{"id":1330,"href":"https:\/\/www.pmpf.rs.gov.br\/secretaria-de-meio-ambiente\/wp-json\/wp\/v2\/posts\/1329\/revisions\/1330"}],"wp:attachment":[{"href":"https:\/\/www.pmpf.rs.gov.br\/secretaria-de-meio-ambiente\/wp-json\/wp\/v2\/media?parent=1329"}],"wp:term":[{"taxonomy":"category","embeddable":true,"href":"https:\/\/www.pmpf.rs.gov.br\/secretaria-de-meio-ambiente\/wp-json\/wp\/v2\/categories?post=1329"},{"taxonomy":"post_tag","embeddable":true,"href":"https:\/\/www.pmpf.rs.gov.br\/secretaria-de-meio-ambiente\/wp-json\/wp\/v2\/tags?post=1329"}],"curies":[{"name":"wp","href":"https:\/\/api.w.org\/{rel}","templated":true}]}}