{"id":1302,"date":"2022-03-28T13:57:05","date_gmt":"2022-03-28T16:57:05","guid":{"rendered":"https:\/\/www.pmpf.rs.gov.br\/secretaria-de-meio-ambiente\/?p=1302"},"modified":"2022-03-28T13:57:06","modified_gmt":"2022-03-28T16:57:06","slug":"prefeitura-instalara-mais-de-100-novos-conteineres","status":"publish","type":"post","link":"https:\/\/www.pmpf.rs.gov.br\/secretaria-de-meio-ambiente\/2022\/03\/28\/prefeitura-instalara-mais-de-100-novos-conteineres\/","title":{"rendered":"Prefeitura instalar\u00e1 mais de 100 novos cont\u00eaineres"},"content":{"rendered":"\n<p><\/p>\n\n\n\n<p>Mais de 100 novos cont\u00eaineres ser\u00e3o instalados em Passo Fundo para uso da comunidade. Um aditivo de contrato entre a Prefeitura e a empresa respons\u00e1vel possibilitar\u00e1 a amplia\u00e7\u00e3o do n\u00famero de dispositivos para descarte de res\u00edduos org\u00e2nicos e recicl\u00e1veis. Com isso, a cidade chegar\u00e1 a 1.155 equipamentos dispon\u00edveis.<\/p>\n\n\n\n<p>O prefeito, Pedro Almeida, destaca as vantagens da expans\u00e3o da \u00e1rea conteinerizada para a popula\u00e7\u00e3o e para o munic\u00edpio. \u201cOs cont\u00eaineres s\u00e3o instalados em locais em que as lixeiras comuns n\u00e3o d\u00e3o conta de absorver a demanda. Com isso, h\u00e1 ganhos para o meio ambiente, para a limpeza p\u00fablica e para as pessoas que operam na coleta e na separa\u00e7\u00e3o de res\u00edduos. Esse sistema tamb\u00e9m ajuda a conscientizar a comunidade sobre a import\u00e2ncia de separar e dar um destino correto para os res\u00edduos\u201d, considera.<\/p>\n\n\n\n<p>Conforme a secret\u00e1ria de Meio Ambiente, Gabriela Engers, s\u00e3o colocadas 50 unidades para recicl\u00e1veis e 55 para org\u00e2nicos em 51 locais estrat\u00e9gicos, nas ruas Eduardo de Brito, Lava P\u00e9s, Nascimento Vargas, Minas Gerais, Coronel Pelegrini, Jos\u00e9 Bonif\u00e1cio e Prestes Guimar\u00e3es. \u201cOs pontos foram definidos por equipe t\u00e9cnica da Prefeitura e da empresa respons\u00e1vel pelos equipamentos. Alguns fatores levados em considera\u00e7\u00e3o foram a amplia\u00e7\u00e3o de \u00e1reas j\u00e1 conteinerizadas, o n\u00famero populacional, a sinaliza\u00e7\u00e3o de tr\u00e2nsito, o com\u00e9rcio local e normas do Minist\u00e9rio do Trabalho\u201d, menciona.<\/p>\n\n\n\n<p>Conforme Gabriela, os cont\u00eaineres impactam diretamente na limpeza e na conserva\u00e7\u00e3o da cidade, no descarte adequado de res\u00edduos e no trabalho das equipes de coleta. \u201cOs cont\u00eaineres azuis s\u00e3o destinados aos materiais recicl\u00e1veis e os alaranjados para os org\u00e2nicos. Ambos possuem identifica\u00e7\u00e3o visual e s\u00e3o adesivados para facilitar o descarte dos res\u00edduos e a utiliza\u00e7\u00e3o pelos usu\u00e1rios. Al\u00e9m disso, a concentra\u00e7\u00e3o dos res\u00edduos em pontos espec\u00edficos promove um recolhimento mais pr\u00e1tico e seguro aos trabalhadores dos caminh\u00f5es de coleta\u201d, identifica.<\/p>\n\n\n\n<p>Al\u00e9m disso, a secret\u00e1ria pontua que os equipamentos contribuem com as atividades e o aumento da renda dos trabalhadores da cooperativa de reciclagem Recibela, que recebe os res\u00edduos coletados pelos caminh\u00f5es. \u201cAo realizar a separa\u00e7\u00e3o adequada, a popula\u00e7\u00e3o contribui para um melhor aproveitamento dos res\u00edduos recicl\u00e1veis pela cooperativa, o que impactar\u00e1 diretamente na renda destes trabalhadores. Al\u00e9m disso, evitar\u00e1 que determinados materiais acabem indo parar em aterros sanit\u00e1rios, contribuindo assim com o meio ambiente. Ent\u00e3o, os res\u00edduos deixam se tornar uma fonte de degrada\u00e7\u00e3o para o meio ambiente e tornam-se uma solu\u00e7\u00e3o econ\u00f4mica e social, passando a gerar empregos e lucro para as cooperativas de reciclagem\u201d, considera.<\/p>\n\n\n\n<p><strong>Foto: Michel Sanderi<\/strong><\/p>\n","protected":false},"excerpt":{"rendered":"<p>Nos pr\u00f3ximos dias, ser\u00e3o colocadas 50 unidades para recicl\u00e1veis e 55 para org\u00e2nicos em 51 pontos estrat\u00e9gicos da cidade, somando mais de 1.150 equipamentos<\/p>\n","protected":false},"author":6,"featured_media":1303,"comment_status":"closed","ping_status":"closed","sticky":true,"template":"","format":"standard","meta":{"footnotes":""},"categories":[10],"tags":[],"class_list":["post-1302","post","type-post","status-publish","format-standard","has-post-thumbnail","hentry","category-descarte-correto"],"yoast_head":"<!-- This site is optimized with the Yoast SEO plugin v23.8 - https:\/\/yoast.com\/wordpress\/plugins\/seo\/ -->\n<title>Prefeitura instalar\u00e1 mais de 100 novos cont\u00eaineres - Secretaria de Meio Ambiente<\/title>\n<meta name=\"robots\" content=\"index, follow, max-snippet:-1, max-image-preview:large, max-video-preview:-1\" \/>\n<link rel=\"canonical\" href=\"https:\/\/www.pmpf.rs.gov.br\/secretaria-de-meio-ambiente\/2022\/03\/28\/prefeitura-instalara-mais-de-100-novos-conteineres\/\" \/>\n<meta property=\"og:locale\" content=\"pt_BR\" \/>\n<meta property=\"og:type\" content=\"article\" \/>\n<meta property=\"og:title\" content=\"Prefeitura instalar\u00e1 mais de 100 novos cont\u00eaineres - Secretaria de Meio Ambiente\" \/>\n<meta property=\"og:description\" content=\"Nos pr\u00f3ximos dias, ser\u00e3o colocadas 50 unidades para recicl\u00e1veis e 55 para org\u00e2nicos em 51 pontos estrat\u00e9gicos da cidade, somando mais de 1.150 equipamentos\" \/>\n<meta property=\"og:url\" content=\"https:\/\/www.pmpf.rs.gov.br\/secretaria-de-meio-ambiente\/2022\/03\/28\/prefeitura-instalara-mais-de-100-novos-conteineres\/\" \/>\n<meta property=\"og:site_name\" content=\"Secretaria de Meio Ambiente\" \/>\n<meta property=\"article:published_time\" content=\"2022-03-28T16:57:05+00:00\" \/>\n<meta property=\"article:modified_time\" content=\"2022-03-28T16:57:06+00:00\" \/>\n<meta property=\"og:image\" content=\"https:\/\/www.pmpf.rs.gov.br\/secretaria-de-meio-ambiente\/wp-content\/uploads\/sites\/48\/2022\/03\/conteineres.jpg\" \/>\n\t<meta property=\"og:image:width\" content=\"1280\" \/>\n\t<meta property=\"og:image:height\" content=\"853\" \/>\n\t<meta property=\"og:image:type\" content=\"image\/jpeg\" \/>\n<meta name=\"author\" content=\"andressazorzetto07\" \/>\n<meta name=\"twitter:card\" content=\"summary_large_image\" \/>\n<meta name=\"twitter:label1\" content=\"Escrito por\" \/>\n\t<meta name=\"twitter:data1\" content=\"andressazorzetto07\" \/>\n\t<meta name=\"twitter:label2\" content=\"Est. tempo de leitura\" \/>\n\t<meta name=\"twitter:data2\" content=\"2 minutos\" \/>\n<script type=\"application\/ld+json\" class=\"yoast-schema-graph\">{\"@context\":\"https:\/\/schema.org\",\"@graph\":[{\"@type\":\"WebPage\",\"@id\":\"https:\/\/www.pmpf.rs.gov.br\/secretaria-de-meio-ambiente\/2022\/03\/28\/prefeitura-instalara-mais-de-100-novos-conteineres\/\",\"url\":\"https:\/\/www.pmpf.rs.gov.br\/secretaria-de-meio-ambiente\/2022\/03\/28\/prefeitura-instalara-mais-de-100-novos-conteineres\/\",\"name\":\"Prefeitura instalar\u00e1 mais de 100 novos cont\u00eaineres - Secretaria de Meio Ambiente\",\"isPartOf\":{\"@id\":\"https:\/\/www.pmpf.rs.gov.br\/secretaria-de-meio-ambiente\/#website\"},\"primaryImageOfPage\":{\"@id\":\"https:\/\/www.pmpf.rs.gov.br\/secretaria-de-meio-ambiente\/2022\/03\/28\/prefeitura-instalara-mais-de-100-novos-conteineres\/#primaryimage\"},\"image\":{\"@id\":\"https:\/\/www.pmpf.rs.gov.br\/secretaria-de-meio-ambiente\/2022\/03\/28\/prefeitura-instalara-mais-de-100-novos-conteineres\/#primaryimage\"},\"thumbnailUrl\":\"https:\/\/www.pmpf.rs.gov.br\/secretaria-de-meio-ambiente\/wp-content\/uploads\/sites\/48\/2022\/03\/conteineres.jpg\",\"datePublished\":\"2022-03-28T16:57:05+00:00\",\"dateModified\":\"2022-03-28T16:57:06+00:00\",\"author\":{\"@id\":\"https:\/\/www.pmpf.rs.gov.br\/secretaria-de-meio-ambiente\/#\/schema\/person\/30ee1d1bd74da1469b01fcf086e43351\"},\"inLanguage\":\"pt-BR\",\"potentialAction\":[{\"@type\":\"ReadAction\",\"target\":[\"https:\/\/www.pmpf.rs.gov.br\/secretaria-de-meio-ambiente\/2022\/03\/28\/prefeitura-instalara-mais-de-100-novos-conteineres\/\"]}]},{\"@type\":\"ImageObject\",\"inLanguage\":\"pt-BR\",\"@id\":\"https:\/\/www.pmpf.rs.gov.br\/secretaria-de-meio-ambiente\/2022\/03\/28\/prefeitura-instalara-mais-de-100-novos-conteineres\/#primaryimage\",\"url\":\"https:\/\/www.pmpf.rs.gov.br\/secretaria-de-meio-ambiente\/wp-content\/uploads\/sites\/48\/2022\/03\/conteineres.jpg\",\"contentUrl\":\"https:\/\/www.pmpf.rs.gov.br\/secretaria-de-meio-ambiente\/wp-content\/uploads\/sites\/48\/2022\/03\/conteineres.jpg\",\"width\":1280,\"height\":853},{\"@type\":\"WebSite\",\"@id\":\"https:\/\/www.pmpf.rs.gov.br\/secretaria-de-meio-ambiente\/#website\",\"url\":\"https:\/\/www.pmpf.rs.gov.br\/secretaria-de-meio-ambiente\/\",\"name\":\"Secretaria de Meio Ambiente\",\"description\":\"S\u00f3 mais um site Prefeitura de Passo Fundo\",\"potentialAction\":[{\"@type\":\"SearchAction\",\"target\":{\"@type\":\"EntryPoint\",\"urlTemplate\":\"https:\/\/www.pmpf.rs.gov.br\/secretaria-de-meio-ambiente\/?s={search_term_string}\"},\"query-input\":{\"@type\":\"PropertyValueSpecification\",\"valueRequired\":true,\"valueName\":\"search_term_string\"}}],\"inLanguage\":\"pt-BR\"},{\"@type\":\"Person\",\"@id\":\"https:\/\/www.pmpf.rs.gov.br\/secretaria-de-meio-ambiente\/#\/schema\/person\/30ee1d1bd74da1469b01fcf086e43351\",\"name\":\"andressazorzetto07\",\"image\":{\"@type\":\"ImageObject\",\"inLanguage\":\"pt-BR\",\"@id\":\"https:\/\/www.pmpf.rs.gov.br\/secretaria-de-meio-ambiente\/#\/schema\/person\/image\/\",\"url\":\"https:\/\/secure.gravatar.com\/avatar\/14c5458ed79dc81da99a13b9ff5f9f19?s=96&d=mm&r=g\",\"contentUrl\":\"https:\/\/secure.gravatar.com\/avatar\/14c5458ed79dc81da99a13b9ff5f9f19?s=96&d=mm&r=g\",\"caption\":\"andressazorzetto07\"},\"url\":\"https:\/\/www.pmpf.rs.gov.br\/secretaria-de-meio-ambiente\/author\/andressazorzetto07\/\"}]}<\/script>\n<!-- \/ Yoast SEO plugin. -->","yoast_head_json":{"title":"Prefeitura instalar\u00e1 mais de 100 novos cont\u00eaineres - Secretaria de Meio Ambiente","robots":{"index":"index","follow":"follow","max-snippet":"max-snippet:-1","max-image-preview":"max-image-preview:large","max-video-preview":"max-video-preview:-1"},"canonical":"https:\/\/www.pmpf.rs.gov.br\/secretaria-de-meio-ambiente\/2022\/03\/28\/prefeitura-instalara-mais-de-100-novos-conteineres\/","og_locale":"pt_BR","og_type":"article","og_title":"Prefeitura instalar\u00e1 mais de 100 novos cont\u00eaineres - Secretaria de Meio Ambiente","og_description":"Nos pr\u00f3ximos dias, ser\u00e3o colocadas 50 unidades para recicl\u00e1veis e 55 para org\u00e2nicos em 51 pontos estrat\u00e9gicos da cidade, somando mais de 1.150 equipamentos","og_url":"https:\/\/www.pmpf.rs.gov.br\/secretaria-de-meio-ambiente\/2022\/03\/28\/prefeitura-instalara-mais-de-100-novos-conteineres\/","og_site_name":"Secretaria de Meio Ambiente","article_published_time":"2022-03-28T16:57:05+00:00","article_modified_time":"2022-03-28T16:57:06+00:00","og_image":[{"width":1280,"height":853,"url":"https:\/\/www.pmpf.rs.gov.br\/secretaria-de-meio-ambiente\/wp-content\/uploads\/sites\/48\/2022\/03\/conteineres.jpg","type":"image\/jpeg"}],"author":"andressazorzetto07","twitter_card":"summary_large_image","twitter_misc":{"Escrito por":"andressazorzetto07","Est. tempo de leitura":"2 minutos"},"schema":{"@context":"https:\/\/schema.org","@graph":[{"@type":"WebPage","@id":"https:\/\/www.pmpf.rs.gov.br\/secretaria-de-meio-ambiente\/2022\/03\/28\/prefeitura-instalara-mais-de-100-novos-conteineres\/","url":"https:\/\/www.pmpf.rs.gov.br\/secretaria-de-meio-ambiente\/2022\/03\/28\/prefeitura-instalara-mais-de-100-novos-conteineres\/","name":"Prefeitura instalar\u00e1 mais de 100 novos cont\u00eaineres - Secretaria de Meio Ambiente","isPartOf":{"@id":"https:\/\/www.pmpf.rs.gov.br\/secretaria-de-meio-ambiente\/#website"},"primaryImageOfPage":{"@id":"https:\/\/www.pmpf.rs.gov.br\/secretaria-de-meio-ambiente\/2022\/03\/28\/prefeitura-instalara-mais-de-100-novos-conteineres\/#primaryimage"},"image":{"@id":"https:\/\/www.pmpf.rs.gov.br\/secretaria-de-meio-ambiente\/2022\/03\/28\/prefeitura-instalara-mais-de-100-novos-conteineres\/#primaryimage"},"thumbnailUrl":"https:\/\/www.pmpf.rs.gov.br\/secretaria-de-meio-ambiente\/wp-content\/uploads\/sites\/48\/2022\/03\/conteineres.jpg","datePublished":"2022-03-28T16:57:05+00:00","dateModified":"2022-03-28T16:57:06+00:00","author":{"@id":"https:\/\/www.pmpf.rs.gov.br\/secretaria-de-meio-ambiente\/#\/schema\/person\/30ee1d1bd74da1469b01fcf086e43351"},"inLanguage":"pt-BR","potentialAction":[{"@type":"ReadAction","target":["https:\/\/www.pmpf.rs.gov.br\/secretaria-de-meio-ambiente\/2022\/03\/28\/prefeitura-instalara-mais-de-100-novos-conteineres\/"]}]},{"@type":"ImageObject","inLanguage":"pt-BR","@id":"https:\/\/www.pmpf.rs.gov.br\/secretaria-de-meio-ambiente\/2022\/03\/28\/prefeitura-instalara-mais-de-100-novos-conteineres\/#primaryimage","url":"https:\/\/www.pmpf.rs.gov.br\/secretaria-de-meio-ambiente\/wp-content\/uploads\/sites\/48\/2022\/03\/conteineres.jpg","contentUrl":"https:\/\/www.pmpf.rs.gov.br\/secretaria-de-meio-ambiente\/wp-content\/uploads\/sites\/48\/2022\/03\/conteineres.jpg","width":1280,"height":853},{"@type":"WebSite","@id":"https:\/\/www.pmpf.rs.gov.br\/secretaria-de-meio-ambiente\/#website","url":"https:\/\/www.pmpf.rs.gov.br\/secretaria-de-meio-ambiente\/","name":"Secretaria de Meio Ambiente","description":"S\u00f3 mais um site Prefeitura de Passo Fundo","potentialAction":[{"@type":"SearchAction","target":{"@type":"EntryPoint","urlTemplate":"https:\/\/www.pmpf.rs.gov.br\/secretaria-de-meio-ambiente\/?s={search_term_string}"},"query-input":{"@type":"PropertyValueSpecification","valueRequired":true,"valueName":"search_term_string"}}],"inLanguage":"pt-BR"},{"@type":"Person","@id":"https:\/\/www.pmpf.rs.gov.br\/secretaria-de-meio-ambiente\/#\/schema\/person\/30ee1d1bd74da1469b01fcf086e43351","name":"andressazorzetto07","image":{"@type":"ImageObject","inLanguage":"pt-BR","@id":"https:\/\/www.pmpf.rs.gov.br\/secretaria-de-meio-ambiente\/#\/schema\/person\/image\/","url":"https:\/\/secure.gravatar.com\/avatar\/14c5458ed79dc81da99a13b9ff5f9f19?s=96&d=mm&r=g","contentUrl":"https:\/\/secure.gravatar.com\/avatar\/14c5458ed79dc81da99a13b9ff5f9f19?s=96&d=mm&r=g","caption":"andressazorzetto07"},"url":"https:\/\/www.pmpf.rs.gov.br\/secretaria-de-meio-ambiente\/author\/andressazorzetto07\/"}]}},"_links":{"self":[{"href":"https:\/\/www.pmpf.rs.gov.br\/secretaria-de-meio-ambiente\/wp-json\/wp\/v2\/posts\/1302"}],"collection":[{"href":"https:\/\/www.pmpf.rs.gov.br\/secretaria-de-meio-ambiente\/wp-json\/wp\/v2\/posts"}],"about":[{"href":"https:\/\/www.pmpf.rs.gov.br\/secretaria-de-meio-ambiente\/wp-json\/wp\/v2\/types\/post"}],"author":[{"embeddable":true,"href":"https:\/\/www.pmpf.rs.gov.br\/secretaria-de-meio-ambiente\/wp-json\/wp\/v2\/users\/6"}],"replies":[{"embeddable":true,"href":"https:\/\/www.pmpf.rs.gov.br\/secretaria-de-meio-ambiente\/wp-json\/wp\/v2\/comments?post=1302"}],"version-history":[{"count":1,"href":"https:\/\/www.pmpf.rs.gov.br\/secretaria-de-meio-ambiente\/wp-json\/wp\/v2\/posts\/1302\/revisions"}],"predecessor-version":[{"id":1304,"href":"https:\/\/www.pmpf.rs.gov.br\/secretaria-de-meio-ambiente\/wp-json\/wp\/v2\/posts\/1302\/revisions\/1304"}],"wp:featuredmedia":[{"embeddable":true,"href":"https:\/\/www.pmpf.rs.gov.br\/secretaria-de-meio-ambiente\/wp-json\/wp\/v2\/media\/1303"}],"wp:attachment":[{"href":"https:\/\/www.pmpf.rs.gov.br\/secretaria-de-meio-ambiente\/wp-json\/wp\/v2\/media?parent=1302"}],"wp:term":[{"taxonomy":"category","embeddable":true,"href":"https:\/\/www.pmpf.rs.gov.br\/secretaria-de-meio-ambiente\/wp-json\/wp\/v2\/categories?post=1302"},{"taxonomy":"post_tag","embeddable":true,"href":"https:\/\/www.pmpf.rs.gov.br\/secretaria-de-meio-ambiente\/wp-json\/wp\/v2\/tags?post=1302"}],"curies":[{"name":"wp","href":"https:\/\/api.w.org\/{rel}","templated":true}]}}