{"id":1298,"date":"2022-03-22T10:48:57","date_gmt":"2022-03-22T13:48:57","guid":{"rendered":"https:\/\/www.pmpf.rs.gov.br\/secretaria-de-meio-ambiente\/?p=1298"},"modified":"2022-03-23T08:41:04","modified_gmt":"2022-03-23T11:41:04","slug":"dia-mundial-da-agua-contara-com-inumeras-atividades-em-passo-fundo","status":"publish","type":"post","link":"https:\/\/www.pmpf.rs.gov.br\/secretaria-de-meio-ambiente\/2022\/03\/22\/dia-mundial-da-agua-contara-com-inumeras-atividades-em-passo-fundo\/","title":{"rendered":"Dia Mundial da \u00c1gua contar\u00e1 com in\u00fameras atividades em Passo Fundo"},"content":{"rendered":"\n<p><\/p>\n\n\n\n<p>O Dia Mundial da \u00c1gua \u00e9 lembrado em 22 de mar\u00e7o. Para marcar a data, durante toda a semana, a Secretaria de Meio Ambiente, em parceria com entidades ambientais, realizar\u00e1 uma s\u00e9rie de atividades envolvendo a sociedade em reflex\u00f5es sobre a preserva\u00e7\u00e3o do recurso.<\/p>\n\n\n\n<p>De acordo com a secret\u00e1ria de Meio Ambiente, Gabriela Engers, a agenda foi constru\u00edda coletivamente e pensada dentro da tem\u00e1tica estabelecida pela Organiza\u00e7\u00e3o das Na\u00e7\u00f5es Unidas (ONU): \u201c\u00e1guas subterr\u00e2neas \u2013 tornando o invis\u00edvel vis\u00edvel\u201d. \u201cSem \u00e1gua, n\u00e3o h\u00e1 vida. O tema \u00e9 bastante oportuno, j\u00e1 que chama a aten\u00e7\u00e3o para a necessidade de cuidado com essa fonte h\u00eddrica essencial que, por estar no subsolo e n\u00e3o ser vis\u00edvel, \u00e9 praticamente desconhecida\u201d, destaca.<\/p>\n\n\n\n<p>A agenda coletiva foi elaborada pela Secretaria de Meio Ambiente, Agenda 21, Gesp, Projeto \u00c1reas Protegidas e Comit\u00ea Rio Passo Fundo.<\/p>\n\n\n\n<p><\/p>\n\n\n\n<p><strong>21 a 25 de mar\u00e7o<\/strong><\/p>\n\n\n\n<p>O que: Atividades Socioambientais nas Escolas: comemorativas ao Dia Mundial da \u00c1gua<\/p>\n\n\n\n<p>\u201c\u00c1gua Subterr\u00e2nea \u2013 Tornando o Invis\u00edvel Vis\u00edvel\u201d<\/p>\n\n\n\n<p>Local: Escolas p\u00fablicas das redes de ensino municipal, estadual e particulares<\/p>\n\n\n\n<p>Hor\u00e1rio: per\u00edodo escolar<\/p>\n\n\n\n<p><\/p>\n\n\n\n<p><strong>At\u00e9 31 de mar\u00e7o<\/strong><\/p>\n\n\n\n<p>O que: Consulta P\u00fablica de Percep\u00e7\u00e3o Ambiental<\/p>\n\n\n\n<p>Projeto Educa\u00e7\u00e3o Ambiental em \u00c1reas Protegidas<\/p>\n\n\n\n<p>Chamamento P\u00fablico 10\/2021<\/p>\n\n\n\n<p>Participe acessando: https:\/\/bit.ly\/pmpf_meioambiente<\/p>\n\n\n\n<p><\/p>\n\n\n\n<p><strong>24 de mar\u00e7o<\/strong><\/p>\n\n\n\n<p>O que: Assembleia Geral Ordin\u00e1ria da Agenda 21<\/p>\n\n\n\n<p>Elei\u00e7\u00e3o Coordena\u00e7\u00e3o Colegiada e Definindo Agenda Ambiental 2022-2023<\/p>\n\n\n\n<p>Local: Sala Futura Meio Ambiente \u2013 Agenda 21<\/p>\n\n\n\n<p>Hor\u00e1rio: 16h<\/p>\n\n\n\n<p><\/p>\n\n\n\n<p><strong>29 de mar\u00e7o<\/strong><\/p>\n\n\n\n<p>O que: Programa Ecologia e Meio Ambiente<\/p>\n\n\n\n<p>\u201cMudan\u00e7as clim\u00e1ticas e impacto nas \u00e1guas subterr\u00e2neas do munic\u00edpio\u201d<\/p>\n\n\n\n<p>Local: TV C\u00e2mara<\/p>\n\n\n\n<p>Hor\u00e1rio: 15h<\/p>\n\n\n\n<p><\/p>\n\n\n\n<p><strong>31 de mar\u00e7o<\/strong><\/p>\n\n\n\n<p>O que: Lan\u00e7amento do Projeto de Educa\u00e7\u00e3o Ambiental e Gest\u00e3o das \u00c1guas de Passo Fundo<\/p>\n\n\n\n<p>Local: Gabinete do prefeito | Prefeitura de Passo Fundo<\/p>\n\n\n\n<p>Hor\u00e1rio: 10h30<\/p>\n\n\n\n<p><\/p>\n\n\n\n<p><strong>01 de abril<\/strong><\/p>\n\n\n\n<p>O que: Atividade de encerramento<\/p>\n\n\n\n<p>\u201c\u00c1reas Protegidas e \u00c1gua Subterr\u00e2nea \u2013 Tornando o Invis\u00edvel Vis\u00edvel\u201d<\/p>\n\n\n\n<p>Local: Secretaria de Meio Ambiente \u2013 Banhado da Vergueiro<\/p>\n\n\n\n<p>Hor\u00e1rio: 9h<\/p>\n\n\n\n<p><\/p>\n","protected":false},"excerpt":{"rendered":"<p>Atividades envolvem a sociedade em reflex\u00f5es sobre a preserva\u00e7\u00e3o do recurso<\/p>\n","protected":false},"author":6,"featured_media":0,"comment_status":"closed","ping_status":"closed","sticky":true,"template":"","format":"standard","meta":{"footnotes":""},"categories":[1],"tags":[],"class_list":["post-1298","post","type-post","status-publish","format-standard","hentry","category-sem-categoria"],"yoast_head":"<!-- This site is optimized with the Yoast SEO plugin v23.8 - https:\/\/yoast.com\/wordpress\/plugins\/seo\/ -->\n<title>Dia Mundial da \u00c1gua contar\u00e1 com in\u00fameras atividades em Passo Fundo - Secretaria de Meio Ambiente<\/title>\n<meta name=\"robots\" content=\"index, follow, max-snippet:-1, max-image-preview:large, max-video-preview:-1\" \/>\n<link rel=\"canonical\" href=\"https:\/\/www.pmpf.rs.gov.br\/secretaria-de-meio-ambiente\/2022\/03\/22\/dia-mundial-da-agua-contara-com-inumeras-atividades-em-passo-fundo\/\" \/>\n<meta property=\"og:locale\" content=\"pt_BR\" \/>\n<meta property=\"og:type\" content=\"article\" \/>\n<meta property=\"og:title\" content=\"Dia Mundial da \u00c1gua contar\u00e1 com in\u00fameras atividades em Passo Fundo - Secretaria de Meio Ambiente\" \/>\n<meta property=\"og:description\" content=\"Atividades envolvem a sociedade em reflex\u00f5es sobre a preserva\u00e7\u00e3o do recurso\" \/>\n<meta property=\"og:url\" content=\"https:\/\/www.pmpf.rs.gov.br\/secretaria-de-meio-ambiente\/2022\/03\/22\/dia-mundial-da-agua-contara-com-inumeras-atividades-em-passo-fundo\/\" \/>\n<meta property=\"og:site_name\" content=\"Secretaria de Meio Ambiente\" \/>\n<meta property=\"article:published_time\" content=\"2022-03-22T13:48:57+00:00\" \/>\n<meta property=\"article:modified_time\" content=\"2022-03-23T11:41:04+00:00\" \/>\n<meta name=\"author\" content=\"andressazorzetto07\" \/>\n<meta name=\"twitter:card\" content=\"summary_large_image\" \/>\n<meta name=\"twitter:label1\" content=\"Escrito por\" \/>\n\t<meta name=\"twitter:data1\" content=\"andressazorzetto07\" \/>\n\t<meta name=\"twitter:label2\" content=\"Est. tempo de leitura\" \/>\n\t<meta name=\"twitter:data2\" content=\"2 minutos\" \/>\n<script type=\"application\/ld+json\" class=\"yoast-schema-graph\">{\"@context\":\"https:\/\/schema.org\",\"@graph\":[{\"@type\":\"WebPage\",\"@id\":\"https:\/\/www.pmpf.rs.gov.br\/secretaria-de-meio-ambiente\/2022\/03\/22\/dia-mundial-da-agua-contara-com-inumeras-atividades-em-passo-fundo\/\",\"url\":\"https:\/\/www.pmpf.rs.gov.br\/secretaria-de-meio-ambiente\/2022\/03\/22\/dia-mundial-da-agua-contara-com-inumeras-atividades-em-passo-fundo\/\",\"name\":\"Dia Mundial da \u00c1gua contar\u00e1 com in\u00fameras atividades em Passo Fundo - Secretaria de Meio Ambiente\",\"isPartOf\":{\"@id\":\"https:\/\/www.pmpf.rs.gov.br\/secretaria-de-meio-ambiente\/#website\"},\"datePublished\":\"2022-03-22T13:48:57+00:00\",\"dateModified\":\"2022-03-23T11:41:04+00:00\",\"author\":{\"@id\":\"https:\/\/www.pmpf.rs.gov.br\/secretaria-de-meio-ambiente\/#\/schema\/person\/30ee1d1bd74da1469b01fcf086e43351\"},\"inLanguage\":\"pt-BR\",\"potentialAction\":[{\"@type\":\"ReadAction\",\"target\":[\"https:\/\/www.pmpf.rs.gov.br\/secretaria-de-meio-ambiente\/2022\/03\/22\/dia-mundial-da-agua-contara-com-inumeras-atividades-em-passo-fundo\/\"]}]},{\"@type\":\"WebSite\",\"@id\":\"https:\/\/www.pmpf.rs.gov.br\/secretaria-de-meio-ambiente\/#website\",\"url\":\"https:\/\/www.pmpf.rs.gov.br\/secretaria-de-meio-ambiente\/\",\"name\":\"Secretaria de Meio Ambiente\",\"description\":\"S\u00f3 mais um site Prefeitura de Passo Fundo\",\"potentialAction\":[{\"@type\":\"SearchAction\",\"target\":{\"@type\":\"EntryPoint\",\"urlTemplate\":\"https:\/\/www.pmpf.rs.gov.br\/secretaria-de-meio-ambiente\/?s={search_term_string}\"},\"query-input\":{\"@type\":\"PropertyValueSpecification\",\"valueRequired\":true,\"valueName\":\"search_term_string\"}}],\"inLanguage\":\"pt-BR\"},{\"@type\":\"Person\",\"@id\":\"https:\/\/www.pmpf.rs.gov.br\/secretaria-de-meio-ambiente\/#\/schema\/person\/30ee1d1bd74da1469b01fcf086e43351\",\"name\":\"andressazorzetto07\",\"image\":{\"@type\":\"ImageObject\",\"inLanguage\":\"pt-BR\",\"@id\":\"https:\/\/www.pmpf.rs.gov.br\/secretaria-de-meio-ambiente\/#\/schema\/person\/image\/\",\"url\":\"https:\/\/secure.gravatar.com\/avatar\/14c5458ed79dc81da99a13b9ff5f9f19?s=96&d=mm&r=g\",\"contentUrl\":\"https:\/\/secure.gravatar.com\/avatar\/14c5458ed79dc81da99a13b9ff5f9f19?s=96&d=mm&r=g\",\"caption\":\"andressazorzetto07\"},\"url\":\"https:\/\/www.pmpf.rs.gov.br\/secretaria-de-meio-ambiente\/author\/andressazorzetto07\/\"}]}<\/script>\n<!-- \/ Yoast SEO plugin. -->","yoast_head_json":{"title":"Dia Mundial da \u00c1gua contar\u00e1 com in\u00fameras atividades em Passo Fundo - Secretaria de Meio Ambiente","robots":{"index":"index","follow":"follow","max-snippet":"max-snippet:-1","max-image-preview":"max-image-preview:large","max-video-preview":"max-video-preview:-1"},"canonical":"https:\/\/www.pmpf.rs.gov.br\/secretaria-de-meio-ambiente\/2022\/03\/22\/dia-mundial-da-agua-contara-com-inumeras-atividades-em-passo-fundo\/","og_locale":"pt_BR","og_type":"article","og_title":"Dia Mundial da \u00c1gua contar\u00e1 com in\u00fameras atividades em Passo Fundo - Secretaria de Meio Ambiente","og_description":"Atividades envolvem a sociedade em reflex\u00f5es sobre a preserva\u00e7\u00e3o do recurso","og_url":"https:\/\/www.pmpf.rs.gov.br\/secretaria-de-meio-ambiente\/2022\/03\/22\/dia-mundial-da-agua-contara-com-inumeras-atividades-em-passo-fundo\/","og_site_name":"Secretaria de Meio Ambiente","article_published_time":"2022-03-22T13:48:57+00:00","article_modified_time":"2022-03-23T11:41:04+00:00","author":"andressazorzetto07","twitter_card":"summary_large_image","twitter_misc":{"Escrito por":"andressazorzetto07","Est. tempo de leitura":"2 minutos"},"schema":{"@context":"https:\/\/schema.org","@graph":[{"@type":"WebPage","@id":"https:\/\/www.pmpf.rs.gov.br\/secretaria-de-meio-ambiente\/2022\/03\/22\/dia-mundial-da-agua-contara-com-inumeras-atividades-em-passo-fundo\/","url":"https:\/\/www.pmpf.rs.gov.br\/secretaria-de-meio-ambiente\/2022\/03\/22\/dia-mundial-da-agua-contara-com-inumeras-atividades-em-passo-fundo\/","name":"Dia Mundial da \u00c1gua contar\u00e1 com in\u00fameras atividades em Passo Fundo - Secretaria de Meio Ambiente","isPartOf":{"@id":"https:\/\/www.pmpf.rs.gov.br\/secretaria-de-meio-ambiente\/#website"},"datePublished":"2022-03-22T13:48:57+00:00","dateModified":"2022-03-23T11:41:04+00:00","author":{"@id":"https:\/\/www.pmpf.rs.gov.br\/secretaria-de-meio-ambiente\/#\/schema\/person\/30ee1d1bd74da1469b01fcf086e43351"},"inLanguage":"pt-BR","potentialAction":[{"@type":"ReadAction","target":["https:\/\/www.pmpf.rs.gov.br\/secretaria-de-meio-ambiente\/2022\/03\/22\/dia-mundial-da-agua-contara-com-inumeras-atividades-em-passo-fundo\/"]}]},{"@type":"WebSite","@id":"https:\/\/www.pmpf.rs.gov.br\/secretaria-de-meio-ambiente\/#website","url":"https:\/\/www.pmpf.rs.gov.br\/secretaria-de-meio-ambiente\/","name":"Secretaria de Meio Ambiente","description":"S\u00f3 mais um site Prefeitura de Passo Fundo","potentialAction":[{"@type":"SearchAction","target":{"@type":"EntryPoint","urlTemplate":"https:\/\/www.pmpf.rs.gov.br\/secretaria-de-meio-ambiente\/?s={search_term_string}"},"query-input":{"@type":"PropertyValueSpecification","valueRequired":true,"valueName":"search_term_string"}}],"inLanguage":"pt-BR"},{"@type":"Person","@id":"https:\/\/www.pmpf.rs.gov.br\/secretaria-de-meio-ambiente\/#\/schema\/person\/30ee1d1bd74da1469b01fcf086e43351","name":"andressazorzetto07","image":{"@type":"ImageObject","inLanguage":"pt-BR","@id":"https:\/\/www.pmpf.rs.gov.br\/secretaria-de-meio-ambiente\/#\/schema\/person\/image\/","url":"https:\/\/secure.gravatar.com\/avatar\/14c5458ed79dc81da99a13b9ff5f9f19?s=96&d=mm&r=g","contentUrl":"https:\/\/secure.gravatar.com\/avatar\/14c5458ed79dc81da99a13b9ff5f9f19?s=96&d=mm&r=g","caption":"andressazorzetto07"},"url":"https:\/\/www.pmpf.rs.gov.br\/secretaria-de-meio-ambiente\/author\/andressazorzetto07\/"}]}},"_links":{"self":[{"href":"https:\/\/www.pmpf.rs.gov.br\/secretaria-de-meio-ambiente\/wp-json\/wp\/v2\/posts\/1298"}],"collection":[{"href":"https:\/\/www.pmpf.rs.gov.br\/secretaria-de-meio-ambiente\/wp-json\/wp\/v2\/posts"}],"about":[{"href":"https:\/\/www.pmpf.rs.gov.br\/secretaria-de-meio-ambiente\/wp-json\/wp\/v2\/types\/post"}],"author":[{"embeddable":true,"href":"https:\/\/www.pmpf.rs.gov.br\/secretaria-de-meio-ambiente\/wp-json\/wp\/v2\/users\/6"}],"replies":[{"embeddable":true,"href":"https:\/\/www.pmpf.rs.gov.br\/secretaria-de-meio-ambiente\/wp-json\/wp\/v2\/comments?post=1298"}],"version-history":[{"count":3,"href":"https:\/\/www.pmpf.rs.gov.br\/secretaria-de-meio-ambiente\/wp-json\/wp\/v2\/posts\/1298\/revisions"}],"predecessor-version":[{"id":1301,"href":"https:\/\/www.pmpf.rs.gov.br\/secretaria-de-meio-ambiente\/wp-json\/wp\/v2\/posts\/1298\/revisions\/1301"}],"wp:attachment":[{"href":"https:\/\/www.pmpf.rs.gov.br\/secretaria-de-meio-ambiente\/wp-json\/wp\/v2\/media?parent=1298"}],"wp:term":[{"taxonomy":"category","embeddable":true,"href":"https:\/\/www.pmpf.rs.gov.br\/secretaria-de-meio-ambiente\/wp-json\/wp\/v2\/categories?post=1298"},{"taxonomy":"post_tag","embeddable":true,"href":"https:\/\/www.pmpf.rs.gov.br\/secretaria-de-meio-ambiente\/wp-json\/wp\/v2\/tags?post=1298"}],"curies":[{"name":"wp","href":"https:\/\/api.w.org\/{rel}","templated":true}]}}