{"id":1293,"date":"2022-03-21T09:29:51","date_gmt":"2022-03-21T12:29:51","guid":{"rendered":"https:\/\/www.pmpf.rs.gov.br\/secretaria-de-meio-ambiente\/?p=1293"},"modified":"2022-03-21T09:29:52","modified_gmt":"2022-03-21T12:29:52","slug":"consulta-publica-de-percepcao-ambiental","status":"publish","type":"post","link":"https:\/\/www.pmpf.rs.gov.br\/secretaria-de-meio-ambiente\/2022\/03\/21\/consulta-publica-de-percepcao-ambiental\/","title":{"rendered":"Consulta P\u00fablica de Percep\u00e7\u00e3o Ambiental"},"content":{"rendered":"\n<p>A fim de debater a\u00e7\u00f5es para o Plano Municipal de Conserva\u00e7\u00e3o e Recupera\u00e7\u00e3o da Mata Atl\u00e2ntica, o Instituto Ambiental Passo Fundo \u2013 IAPF\/F\u00f3rum da Agenda 21 de Passo Fundo e a Secretaria Municipal de Meio Ambiente est\u00e3o realizando uma consulta p\u00fablica on-line. A pesquisa, que iniciou neste m\u00eas, acontecer\u00e1 at\u00e9 junto pelo link http:\/\/gg.gg\/xqnpj.<\/p>\n\n\n\n<p>A consulta permite coletar dados que indiquem como a popula\u00e7\u00e3o percebe o munic\u00edpio onde vive sob a perspectiva ambiental. Essa percep\u00e7\u00e3o contribuir\u00e1 com a constru\u00e7\u00e3o de pol\u00edticas p\u00fablicas que atendam \u00e0s necessidades locais e regionais, promovendo a melhoria da qualidade de vida de todos.<\/p>\n\n\n\n<p>O question\u00e1rio \u00e9 amparado pela Lei Geral de Prote\u00e7\u00e3o de Dados\/LGPD n\u00ba 13.709\/2018. Mais informa\u00e7\u00f5es podem ser obtidas pelo e-mail: iapf.areasprotegidas@gmai l .com<\/p>\n","protected":false},"excerpt":{"rendered":"<p>Consulta tem como objetivo debater a\u00e7\u00f5es para o Plano Municipal de Conserva\u00e7\u00e3o e Recupera\u00e7\u00e3o da Mata Atl\u00e2ntica<\/p>\n","protected":false},"author":6,"featured_media":0,"comment_status":"closed","ping_status":"closed","sticky":true,"template":"","format":"standard","meta":{"footnotes":""},"categories":[9],"tags":[],"class_list":["post-1293","post","type-post","status-publish","format-standard","hentry","category-meio-ambiente"],"yoast_head":"<!-- This site is optimized with the Yoast SEO plugin v23.8 - https:\/\/yoast.com\/wordpress\/plugins\/seo\/ -->\n<title>Consulta P\u00fablica de Percep\u00e7\u00e3o Ambiental - Secretaria de Meio Ambiente<\/title>\n<meta name=\"robots\" content=\"index, follow, max-snippet:-1, max-image-preview:large, max-video-preview:-1\" \/>\n<link rel=\"canonical\" href=\"https:\/\/www.pmpf.rs.gov.br\/secretaria-de-meio-ambiente\/2022\/03\/21\/consulta-publica-de-percepcao-ambiental\/\" \/>\n<meta property=\"og:locale\" content=\"pt_BR\" \/>\n<meta property=\"og:type\" content=\"article\" \/>\n<meta property=\"og:title\" content=\"Consulta P\u00fablica de Percep\u00e7\u00e3o Ambiental - Secretaria de Meio Ambiente\" \/>\n<meta property=\"og:description\" content=\"Consulta tem como objetivo debater a\u00e7\u00f5es para o Plano Municipal de Conserva\u00e7\u00e3o e Recupera\u00e7\u00e3o da Mata Atl\u00e2ntica\" \/>\n<meta property=\"og:url\" content=\"https:\/\/www.pmpf.rs.gov.br\/secretaria-de-meio-ambiente\/2022\/03\/21\/consulta-publica-de-percepcao-ambiental\/\" \/>\n<meta property=\"og:site_name\" content=\"Secretaria de Meio Ambiente\" \/>\n<meta property=\"article:published_time\" content=\"2022-03-21T12:29:51+00:00\" \/>\n<meta property=\"article:modified_time\" content=\"2022-03-21T12:29:52+00:00\" \/>\n<meta name=\"author\" content=\"andressazorzetto07\" \/>\n<meta name=\"twitter:card\" content=\"summary_large_image\" \/>\n<meta name=\"twitter:label1\" content=\"Escrito por\" \/>\n\t<meta name=\"twitter:data1\" content=\"andressazorzetto07\" \/>\n\t<meta name=\"twitter:label2\" content=\"Est. tempo de leitura\" \/>\n\t<meta name=\"twitter:data2\" content=\"1 minuto\" \/>\n<script type=\"application\/ld+json\" class=\"yoast-schema-graph\">{\"@context\":\"https:\/\/schema.org\",\"@graph\":[{\"@type\":\"WebPage\",\"@id\":\"https:\/\/www.pmpf.rs.gov.br\/secretaria-de-meio-ambiente\/2022\/03\/21\/consulta-publica-de-percepcao-ambiental\/\",\"url\":\"https:\/\/www.pmpf.rs.gov.br\/secretaria-de-meio-ambiente\/2022\/03\/21\/consulta-publica-de-percepcao-ambiental\/\",\"name\":\"Consulta P\u00fablica de Percep\u00e7\u00e3o Ambiental - Secretaria de Meio Ambiente\",\"isPartOf\":{\"@id\":\"https:\/\/www.pmpf.rs.gov.br\/secretaria-de-meio-ambiente\/#website\"},\"datePublished\":\"2022-03-21T12:29:51+00:00\",\"dateModified\":\"2022-03-21T12:29:52+00:00\",\"author\":{\"@id\":\"https:\/\/www.pmpf.rs.gov.br\/secretaria-de-meio-ambiente\/#\/schema\/person\/30ee1d1bd74da1469b01fcf086e43351\"},\"inLanguage\":\"pt-BR\",\"potentialAction\":[{\"@type\":\"ReadAction\",\"target\":[\"https:\/\/www.pmpf.rs.gov.br\/secretaria-de-meio-ambiente\/2022\/03\/21\/consulta-publica-de-percepcao-ambiental\/\"]}]},{\"@type\":\"WebSite\",\"@id\":\"https:\/\/www.pmpf.rs.gov.br\/secretaria-de-meio-ambiente\/#website\",\"url\":\"https:\/\/www.pmpf.rs.gov.br\/secretaria-de-meio-ambiente\/\",\"name\":\"Secretaria de Meio Ambiente\",\"description\":\"S\u00f3 mais um site Prefeitura de Passo Fundo\",\"potentialAction\":[{\"@type\":\"SearchAction\",\"target\":{\"@type\":\"EntryPoint\",\"urlTemplate\":\"https:\/\/www.pmpf.rs.gov.br\/secretaria-de-meio-ambiente\/?s={search_term_string}\"},\"query-input\":{\"@type\":\"PropertyValueSpecification\",\"valueRequired\":true,\"valueName\":\"search_term_string\"}}],\"inLanguage\":\"pt-BR\"},{\"@type\":\"Person\",\"@id\":\"https:\/\/www.pmpf.rs.gov.br\/secretaria-de-meio-ambiente\/#\/schema\/person\/30ee1d1bd74da1469b01fcf086e43351\",\"name\":\"andressazorzetto07\",\"image\":{\"@type\":\"ImageObject\",\"inLanguage\":\"pt-BR\",\"@id\":\"https:\/\/www.pmpf.rs.gov.br\/secretaria-de-meio-ambiente\/#\/schema\/person\/image\/\",\"url\":\"https:\/\/secure.gravatar.com\/avatar\/14c5458ed79dc81da99a13b9ff5f9f19?s=96&d=mm&r=g\",\"contentUrl\":\"https:\/\/secure.gravatar.com\/avatar\/14c5458ed79dc81da99a13b9ff5f9f19?s=96&d=mm&r=g\",\"caption\":\"andressazorzetto07\"},\"url\":\"https:\/\/www.pmpf.rs.gov.br\/secretaria-de-meio-ambiente\/author\/andressazorzetto07\/\"}]}<\/script>\n<!-- \/ Yoast SEO plugin. -->","yoast_head_json":{"title":"Consulta P\u00fablica de Percep\u00e7\u00e3o Ambiental - Secretaria de Meio Ambiente","robots":{"index":"index","follow":"follow","max-snippet":"max-snippet:-1","max-image-preview":"max-image-preview:large","max-video-preview":"max-video-preview:-1"},"canonical":"https:\/\/www.pmpf.rs.gov.br\/secretaria-de-meio-ambiente\/2022\/03\/21\/consulta-publica-de-percepcao-ambiental\/","og_locale":"pt_BR","og_type":"article","og_title":"Consulta P\u00fablica de Percep\u00e7\u00e3o Ambiental - Secretaria de Meio Ambiente","og_description":"Consulta tem como objetivo debater a\u00e7\u00f5es para o Plano Municipal de Conserva\u00e7\u00e3o e Recupera\u00e7\u00e3o da Mata Atl\u00e2ntica","og_url":"https:\/\/www.pmpf.rs.gov.br\/secretaria-de-meio-ambiente\/2022\/03\/21\/consulta-publica-de-percepcao-ambiental\/","og_site_name":"Secretaria de Meio Ambiente","article_published_time":"2022-03-21T12:29:51+00:00","article_modified_time":"2022-03-21T12:29:52+00:00","author":"andressazorzetto07","twitter_card":"summary_large_image","twitter_misc":{"Escrito por":"andressazorzetto07","Est. tempo de leitura":"1 minuto"},"schema":{"@context":"https:\/\/schema.org","@graph":[{"@type":"WebPage","@id":"https:\/\/www.pmpf.rs.gov.br\/secretaria-de-meio-ambiente\/2022\/03\/21\/consulta-publica-de-percepcao-ambiental\/","url":"https:\/\/www.pmpf.rs.gov.br\/secretaria-de-meio-ambiente\/2022\/03\/21\/consulta-publica-de-percepcao-ambiental\/","name":"Consulta P\u00fablica de Percep\u00e7\u00e3o Ambiental - Secretaria de Meio Ambiente","isPartOf":{"@id":"https:\/\/www.pmpf.rs.gov.br\/secretaria-de-meio-ambiente\/#website"},"datePublished":"2022-03-21T12:29:51+00:00","dateModified":"2022-03-21T12:29:52+00:00","author":{"@id":"https:\/\/www.pmpf.rs.gov.br\/secretaria-de-meio-ambiente\/#\/schema\/person\/30ee1d1bd74da1469b01fcf086e43351"},"inLanguage":"pt-BR","potentialAction":[{"@type":"ReadAction","target":["https:\/\/www.pmpf.rs.gov.br\/secretaria-de-meio-ambiente\/2022\/03\/21\/consulta-publica-de-percepcao-ambiental\/"]}]},{"@type":"WebSite","@id":"https:\/\/www.pmpf.rs.gov.br\/secretaria-de-meio-ambiente\/#website","url":"https:\/\/www.pmpf.rs.gov.br\/secretaria-de-meio-ambiente\/","name":"Secretaria de Meio Ambiente","description":"S\u00f3 mais um site Prefeitura de Passo Fundo","potentialAction":[{"@type":"SearchAction","target":{"@type":"EntryPoint","urlTemplate":"https:\/\/www.pmpf.rs.gov.br\/secretaria-de-meio-ambiente\/?s={search_term_string}"},"query-input":{"@type":"PropertyValueSpecification","valueRequired":true,"valueName":"search_term_string"}}],"inLanguage":"pt-BR"},{"@type":"Person","@id":"https:\/\/www.pmpf.rs.gov.br\/secretaria-de-meio-ambiente\/#\/schema\/person\/30ee1d1bd74da1469b01fcf086e43351","name":"andressazorzetto07","image":{"@type":"ImageObject","inLanguage":"pt-BR","@id":"https:\/\/www.pmpf.rs.gov.br\/secretaria-de-meio-ambiente\/#\/schema\/person\/image\/","url":"https:\/\/secure.gravatar.com\/avatar\/14c5458ed79dc81da99a13b9ff5f9f19?s=96&d=mm&r=g","contentUrl":"https:\/\/secure.gravatar.com\/avatar\/14c5458ed79dc81da99a13b9ff5f9f19?s=96&d=mm&r=g","caption":"andressazorzetto07"},"url":"https:\/\/www.pmpf.rs.gov.br\/secretaria-de-meio-ambiente\/author\/andressazorzetto07\/"}]}},"_links":{"self":[{"href":"https:\/\/www.pmpf.rs.gov.br\/secretaria-de-meio-ambiente\/wp-json\/wp\/v2\/posts\/1293"}],"collection":[{"href":"https:\/\/www.pmpf.rs.gov.br\/secretaria-de-meio-ambiente\/wp-json\/wp\/v2\/posts"}],"about":[{"href":"https:\/\/www.pmpf.rs.gov.br\/secretaria-de-meio-ambiente\/wp-json\/wp\/v2\/types\/post"}],"author":[{"embeddable":true,"href":"https:\/\/www.pmpf.rs.gov.br\/secretaria-de-meio-ambiente\/wp-json\/wp\/v2\/users\/6"}],"replies":[{"embeddable":true,"href":"https:\/\/www.pmpf.rs.gov.br\/secretaria-de-meio-ambiente\/wp-json\/wp\/v2\/comments?post=1293"}],"version-history":[{"count":1,"href":"https:\/\/www.pmpf.rs.gov.br\/secretaria-de-meio-ambiente\/wp-json\/wp\/v2\/posts\/1293\/revisions"}],"predecessor-version":[{"id":1294,"href":"https:\/\/www.pmpf.rs.gov.br\/secretaria-de-meio-ambiente\/wp-json\/wp\/v2\/posts\/1293\/revisions\/1294"}],"wp:attachment":[{"href":"https:\/\/www.pmpf.rs.gov.br\/secretaria-de-meio-ambiente\/wp-json\/wp\/v2\/media?parent=1293"}],"wp:term":[{"taxonomy":"category","embeddable":true,"href":"https:\/\/www.pmpf.rs.gov.br\/secretaria-de-meio-ambiente\/wp-json\/wp\/v2\/categories?post=1293"},{"taxonomy":"post_tag","embeddable":true,"href":"https:\/\/www.pmpf.rs.gov.br\/secretaria-de-meio-ambiente\/wp-json\/wp\/v2\/tags?post=1293"}],"curies":[{"name":"wp","href":"https:\/\/api.w.org\/{rel}","templated":true}]}}