{"id":479,"date":"2024-12-06T14:39:25","date_gmt":"2024-12-06T17:39:25","guid":{"rendered":"https:\/\/www.pmpf.rs.gov.br\/secretaria-de-habitacao\/?p=479"},"modified":"2024-12-06T14:39:26","modified_gmt":"2024-12-06T17:39:26","slug":"parceria-entre-prefeitura-e-corsan-regulariza-abastecimento-de-agua-no-valinhos-ii-e-beneficia-160-familias","status":"publish","type":"post","link":"https:\/\/www.pmpf.rs.gov.br\/secretaria-de-habitacao\/2024\/12\/06\/parceria-entre-prefeitura-e-corsan-regulariza-abastecimento-de-agua-no-valinhos-ii-e-beneficia-160-familias\/","title":{"rendered":"Parceria entre Prefeitura e Corsan regulariza abastecimento de \u00e1gua no Valinhos II e beneficia 160 fam\u00edlias"},"content":{"rendered":"\n<p><\/p>\n\n\n\n<p>A Prefeitura de Passo Fundo, em parceria com a Companhia Riograndense de Saneamento (Corsan), entregou nesta quinta-feira (05), 160 liga\u00e7\u00f5es de \u00e1gua feitas na \u00e1rea de ocupa\u00e7\u00e3o Valinhos II. A iniciativa representa a melhoria das condi\u00e7\u00f5es de vida e a garantia de direitos b\u00e1sicos para a comunidade local.<\/p>\n\n\n\n<p>At\u00e9 ent\u00e3o, o abastecimento de \u00e1gua era realizado de forma prec\u00e1ria, com canaliza\u00e7\u00f5es irregulares que limitavam o acesso adequado ao recurso. Agora, gra\u00e7as \u00e0 obra realizada pela Corsan, foram instalados mais de 2,5 quil\u00f4metros tubos de abastecimento, interligando as resid\u00eancias com hidr\u00f4metros que asseguram a medi\u00e7\u00e3o regular do consumo.<\/p>\n\n\n\n<p>O secret\u00e1rio de Habita\u00e7\u00e3o, Fernando Muller Pires, destacou a import\u00e2ncia do trabalho conjunto entre o munic\u00edpio e a Corsan. &#8220;Por determina\u00e7\u00e3o do prefeito Pedro Almeida, realizamos o cadastramento dos n\u00facleos habitacionais da ocupa\u00e7\u00e3o Valinhos II, o que viabilizou a execu\u00e7\u00e3o do projeto. Essa regulariza\u00e7\u00e3o n\u00e3o \u00e9 apenas uma quest\u00e3o t\u00e9cnica, mas tamb\u00e9m de sa\u00fade p\u00fablica e dignidade&#8221;, afirmou.<br>Ele ressaltou que a iniciativa tamb\u00e9m traz outros benef\u00edcios para as fam\u00edlias, como a possibilidade de obterem comprovantes de endere\u00e7o. &#8220;Esse documento \u00e9 fundamental para acessar servi\u00e7os, programas sociais e at\u00e9 oportunidades de emprego. Estamos transformando a realidade dessas pessoas&#8221;, completou.<\/p>\n\n\n\n<p>O prefeito Pedro Almeida refor\u00e7ou o compromisso da gest\u00e3o em atender demandas fundamentais da popula\u00e7\u00e3o. \u201cNosso objetivo \u00e9 garantir qualidade de vida para todos os moradores. A parceria com a Corsan demonstra que, quando trabalhamos juntos, podemos realizar mudan\u00e7as significativas\u201d, declarou.<\/p>\n\n\n\n<p>Todas as liga\u00e7\u00f5es de \u00e1gua foram feitas sem custos para os moradores. \u201cEstas fam\u00edlias foram inclu\u00eddas no programa \u00c1gua, Vida e Cidadania da Corsan. Atrav\u00e9s dele, tiveram vantagens como a primeira liga\u00e7\u00e3o \u00e0 rede gratuita, isen\u00e7\u00e3o de pagamento pela instala\u00e7\u00e3o do hidr\u00f4metro, tr\u00eas meses de car\u00eancia para iniciar o pagamento do consumo e benef\u00edcios da tarifa social. Assim, ter\u00e3o por dois anos, o desconto de 60% na taxa de servi\u00e7o b\u00e1sico, ficando em torno dos R$ 14. E metro c\u00fabico consumido at\u00e9 os primeiros 10 metros c\u00fabicos (10 mil litros) ficam em R$ 3,12 por metro c\u00fabico. Depois, poder\u00e3o manter esses descontos, desde que atendam aos crit\u00e9rios do programa da tarifa social\u201d destacou o gestor de rela\u00e7\u00f5es institucionais da Corsan, Aldomir Santi.<\/p>\n\n\n\n<p>O investimento supera R$ 1 milh\u00e3o. Al\u00e9m de melhorar o acesso \u00e0 \u00e1gua pot\u00e1vel, a obra reflete um compromisso mais amplo com a cidadania e o respeito pelos direitos das fam\u00edlias da ocupa\u00e7\u00e3o Valinhos II.<\/p>\n","protected":false},"excerpt":{"rendered":"<p>A Prefeitura de Passo Fundo, em parceria com a Companhia Riograndense de Saneamento (Corsan), entregou nesta quinta-feira (05), 160 liga\u00e7\u00f5es de \u00e1gua feitas na \u00e1rea de ocupa\u00e7\u00e3o Valinhos II. A iniciativa representa [&hellip;]<\/p>\n","protected":false},"author":24,"featured_media":480,"comment_status":"closed","ping_status":"closed","sticky":false,"template":"","format":"standard","meta":{"footnotes":""},"categories":[1],"tags":[],"class_list":["post-479","post","type-post","status-publish","format-standard","has-post-thumbnail","hentry","category-sem-categoria"],"yoast_head":"<!-- This site is optimized with the Yoast SEO plugin v23.8 - https:\/\/yoast.com\/wordpress\/plugins\/seo\/ -->\n<title>Parceria entre Prefeitura e Corsan regulariza abastecimento de \u00e1gua no Valinhos II e beneficia 160 fam\u00edlias - Secretaria de Habita\u00e7\u00e3o<\/title>\n<meta name=\"robots\" content=\"index, follow, max-snippet:-1, max-image-preview:large, max-video-preview:-1\" \/>\n<link rel=\"canonical\" href=\"https:\/\/www.pmpf.rs.gov.br\/secretaria-de-habitacao\/2024\/12\/06\/parceria-entre-prefeitura-e-corsan-regulariza-abastecimento-de-agua-no-valinhos-ii-e-beneficia-160-familias\/\" \/>\n<meta property=\"og:locale\" content=\"pt_BR\" \/>\n<meta property=\"og:type\" content=\"article\" \/>\n<meta property=\"og:title\" content=\"Parceria entre Prefeitura e Corsan regulariza abastecimento de \u00e1gua no Valinhos II e beneficia 160 fam\u00edlias - Secretaria de Habita\u00e7\u00e3o\" \/>\n<meta property=\"og:description\" content=\"A Prefeitura de Passo Fundo, em parceria com a Companhia Riograndense de Saneamento (Corsan), entregou nesta quinta-feira (05), 160 liga\u00e7\u00f5es de \u00e1gua feitas na \u00e1rea de ocupa\u00e7\u00e3o Valinhos II. A iniciativa representa [&hellip;]\" \/>\n<meta property=\"og:url\" content=\"https:\/\/www.pmpf.rs.gov.br\/secretaria-de-habitacao\/2024\/12\/06\/parceria-entre-prefeitura-e-corsan-regulariza-abastecimento-de-agua-no-valinhos-ii-e-beneficia-160-familias\/\" \/>\n<meta property=\"og:site_name\" content=\"Secretaria de Habita\u00e7\u00e3o\" \/>\n<meta property=\"article:published_time\" content=\"2024-12-06T17:39:25+00:00\" \/>\n<meta property=\"article:modified_time\" content=\"2024-12-06T17:39:26+00:00\" \/>\n<meta name=\"author\" content=\"lilicrivello\" \/>\n<meta name=\"twitter:card\" content=\"summary_large_image\" \/>\n<meta name=\"twitter:label1\" content=\"Escrito por\" \/>\n\t<meta name=\"twitter:data1\" content=\"lilicrivello\" \/>\n\t<meta name=\"twitter:label2\" content=\"Est. tempo de leitura\" \/>\n\t<meta name=\"twitter:data2\" content=\"2 minutos\" \/>\n<script type=\"application\/ld+json\" class=\"yoast-schema-graph\">{\"@context\":\"https:\/\/schema.org\",\"@graph\":[{\"@type\":\"WebPage\",\"@id\":\"https:\/\/www.pmpf.rs.gov.br\/secretaria-de-habitacao\/2024\/12\/06\/parceria-entre-prefeitura-e-corsan-regulariza-abastecimento-de-agua-no-valinhos-ii-e-beneficia-160-familias\/\",\"url\":\"https:\/\/www.pmpf.rs.gov.br\/secretaria-de-habitacao\/2024\/12\/06\/parceria-entre-prefeitura-e-corsan-regulariza-abastecimento-de-agua-no-valinhos-ii-e-beneficia-160-familias\/\",\"name\":\"Parceria entre Prefeitura e Corsan regulariza abastecimento de \u00e1gua no Valinhos II e beneficia 160 fam\u00edlias - Secretaria de Habita\u00e7\u00e3o\",\"isPartOf\":{\"@id\":\"https:\/\/www.pmpf.rs.gov.br\/secretaria-de-habitacao\/#website\"},\"primaryImageOfPage\":{\"@id\":\"https:\/\/www.pmpf.rs.gov.br\/secretaria-de-habitacao\/2024\/12\/06\/parceria-entre-prefeitura-e-corsan-regulariza-abastecimento-de-agua-no-valinhos-ii-e-beneficia-160-familias\/#primaryimage\"},\"image\":{\"@id\":\"https:\/\/www.pmpf.rs.gov.br\/secretaria-de-habitacao\/2024\/12\/06\/parceria-entre-prefeitura-e-corsan-regulariza-abastecimento-de-agua-no-valinhos-ii-e-beneficia-160-familias\/#primaryimage\"},\"thumbnailUrl\":\"https:\/\/www.pmpf.rs.gov.br\/secretaria-de-habitacao\/wp-content\/uploads\/sites\/47\/2024\/12\/WhatsApp-Image-2024-12-06-at-11.24.08.jpeg\",\"datePublished\":\"2024-12-06T17:39:25+00:00\",\"dateModified\":\"2024-12-06T17:39:26+00:00\",\"author\":{\"@id\":\"https:\/\/www.pmpf.rs.gov.br\/secretaria-de-habitacao\/#\/schema\/person\/6e93b0ab2174b69f691ac4f278ba2d0a\"},\"inLanguage\":\"pt-BR\",\"potentialAction\":[{\"@type\":\"ReadAction\",\"target\":[\"https:\/\/www.pmpf.rs.gov.br\/secretaria-de-habitacao\/2024\/12\/06\/parceria-entre-prefeitura-e-corsan-regulariza-abastecimento-de-agua-no-valinhos-ii-e-beneficia-160-familias\/\"]}]},{\"@type\":\"ImageObject\",\"inLanguage\":\"pt-BR\",\"@id\":\"https:\/\/www.pmpf.rs.gov.br\/secretaria-de-habitacao\/2024\/12\/06\/parceria-entre-prefeitura-e-corsan-regulariza-abastecimento-de-agua-no-valinhos-ii-e-beneficia-160-familias\/#primaryimage\",\"url\":\"https:\/\/www.pmpf.rs.gov.br\/secretaria-de-habitacao\/wp-content\/uploads\/sites\/47\/2024\/12\/WhatsApp-Image-2024-12-06-at-11.24.08.jpeg\",\"contentUrl\":\"https:\/\/www.pmpf.rs.gov.br\/secretaria-de-habitacao\/wp-content\/uploads\/sites\/47\/2024\/12\/WhatsApp-Image-2024-12-06-at-11.24.08.jpeg\",\"width\":1600,\"height\":1200},{\"@type\":\"WebSite\",\"@id\":\"https:\/\/www.pmpf.rs.gov.br\/secretaria-de-habitacao\/#website\",\"url\":\"https:\/\/www.pmpf.rs.gov.br\/secretaria-de-habitacao\/\",\"name\":\"Secretaria de Habita\u00e7\u00e3o\",\"description\":\"Prefeitura de Passo Fundo\",\"potentialAction\":[{\"@type\":\"SearchAction\",\"target\":{\"@type\":\"EntryPoint\",\"urlTemplate\":\"https:\/\/www.pmpf.rs.gov.br\/secretaria-de-habitacao\/?s={search_term_string}\"},\"query-input\":{\"@type\":\"PropertyValueSpecification\",\"valueRequired\":true,\"valueName\":\"search_term_string\"}}],\"inLanguage\":\"pt-BR\"},{\"@type\":\"Person\",\"@id\":\"https:\/\/www.pmpf.rs.gov.br\/secretaria-de-habitacao\/#\/schema\/person\/6e93b0ab2174b69f691ac4f278ba2d0a\",\"name\":\"lilicrivello\",\"image\":{\"@type\":\"ImageObject\",\"inLanguage\":\"pt-BR\",\"@id\":\"https:\/\/www.pmpf.rs.gov.br\/secretaria-de-habitacao\/#\/schema\/person\/image\/\",\"url\":\"https:\/\/secure.gravatar.com\/avatar\/0b546b667388f8edb7b67d70a57b5e46?s=96&d=mm&r=g\",\"contentUrl\":\"https:\/\/secure.gravatar.com\/avatar\/0b546b667388f8edb7b67d70a57b5e46?s=96&d=mm&r=g\",\"caption\":\"lilicrivello\"},\"url\":\"https:\/\/www.pmpf.rs.gov.br\/secretaria-de-habitacao\/author\/lilicrivello\/\"}]}<\/script>\n<!-- \/ Yoast SEO plugin. -->","yoast_head_json":{"title":"Parceria entre Prefeitura e Corsan regulariza abastecimento de \u00e1gua no Valinhos II e beneficia 160 fam\u00edlias - Secretaria de Habita\u00e7\u00e3o","robots":{"index":"index","follow":"follow","max-snippet":"max-snippet:-1","max-image-preview":"max-image-preview:large","max-video-preview":"max-video-preview:-1"},"canonical":"https:\/\/www.pmpf.rs.gov.br\/secretaria-de-habitacao\/2024\/12\/06\/parceria-entre-prefeitura-e-corsan-regulariza-abastecimento-de-agua-no-valinhos-ii-e-beneficia-160-familias\/","og_locale":"pt_BR","og_type":"article","og_title":"Parceria entre Prefeitura e Corsan regulariza abastecimento de \u00e1gua no Valinhos II e beneficia 160 fam\u00edlias - Secretaria de Habita\u00e7\u00e3o","og_description":"A Prefeitura de Passo Fundo, em parceria com a Companhia Riograndense de Saneamento (Corsan), entregou nesta quinta-feira (05), 160 liga\u00e7\u00f5es de \u00e1gua feitas na \u00e1rea de ocupa\u00e7\u00e3o Valinhos II. A iniciativa representa [&hellip;]","og_url":"https:\/\/www.pmpf.rs.gov.br\/secretaria-de-habitacao\/2024\/12\/06\/parceria-entre-prefeitura-e-corsan-regulariza-abastecimento-de-agua-no-valinhos-ii-e-beneficia-160-familias\/","og_site_name":"Secretaria de Habita\u00e7\u00e3o","article_published_time":"2024-12-06T17:39:25+00:00","article_modified_time":"2024-12-06T17:39:26+00:00","author":"lilicrivello","twitter_card":"summary_large_image","twitter_misc":{"Escrito por":"lilicrivello","Est. tempo de leitura":"2 minutos"},"schema":{"@context":"https:\/\/schema.org","@graph":[{"@type":"WebPage","@id":"https:\/\/www.pmpf.rs.gov.br\/secretaria-de-habitacao\/2024\/12\/06\/parceria-entre-prefeitura-e-corsan-regulariza-abastecimento-de-agua-no-valinhos-ii-e-beneficia-160-familias\/","url":"https:\/\/www.pmpf.rs.gov.br\/secretaria-de-habitacao\/2024\/12\/06\/parceria-entre-prefeitura-e-corsan-regulariza-abastecimento-de-agua-no-valinhos-ii-e-beneficia-160-familias\/","name":"Parceria entre Prefeitura e Corsan regulariza abastecimento de \u00e1gua no Valinhos II e beneficia 160 fam\u00edlias - Secretaria de Habita\u00e7\u00e3o","isPartOf":{"@id":"https:\/\/www.pmpf.rs.gov.br\/secretaria-de-habitacao\/#website"},"primaryImageOfPage":{"@id":"https:\/\/www.pmpf.rs.gov.br\/secretaria-de-habitacao\/2024\/12\/06\/parceria-entre-prefeitura-e-corsan-regulariza-abastecimento-de-agua-no-valinhos-ii-e-beneficia-160-familias\/#primaryimage"},"image":{"@id":"https:\/\/www.pmpf.rs.gov.br\/secretaria-de-habitacao\/2024\/12\/06\/parceria-entre-prefeitura-e-corsan-regulariza-abastecimento-de-agua-no-valinhos-ii-e-beneficia-160-familias\/#primaryimage"},"thumbnailUrl":"https:\/\/www.pmpf.rs.gov.br\/secretaria-de-habitacao\/wp-content\/uploads\/sites\/47\/2024\/12\/WhatsApp-Image-2024-12-06-at-11.24.08.jpeg","datePublished":"2024-12-06T17:39:25+00:00","dateModified":"2024-12-06T17:39:26+00:00","author":{"@id":"https:\/\/www.pmpf.rs.gov.br\/secretaria-de-habitacao\/#\/schema\/person\/6e93b0ab2174b69f691ac4f278ba2d0a"},"inLanguage":"pt-BR","potentialAction":[{"@type":"ReadAction","target":["https:\/\/www.pmpf.rs.gov.br\/secretaria-de-habitacao\/2024\/12\/06\/parceria-entre-prefeitura-e-corsan-regulariza-abastecimento-de-agua-no-valinhos-ii-e-beneficia-160-familias\/"]}]},{"@type":"ImageObject","inLanguage":"pt-BR","@id":"https:\/\/www.pmpf.rs.gov.br\/secretaria-de-habitacao\/2024\/12\/06\/parceria-entre-prefeitura-e-corsan-regulariza-abastecimento-de-agua-no-valinhos-ii-e-beneficia-160-familias\/#primaryimage","url":"https:\/\/www.pmpf.rs.gov.br\/secretaria-de-habitacao\/wp-content\/uploads\/sites\/47\/2024\/12\/WhatsApp-Image-2024-12-06-at-11.24.08.jpeg","contentUrl":"https:\/\/www.pmpf.rs.gov.br\/secretaria-de-habitacao\/wp-content\/uploads\/sites\/47\/2024\/12\/WhatsApp-Image-2024-12-06-at-11.24.08.jpeg","width":1600,"height":1200},{"@type":"WebSite","@id":"https:\/\/www.pmpf.rs.gov.br\/secretaria-de-habitacao\/#website","url":"https:\/\/www.pmpf.rs.gov.br\/secretaria-de-habitacao\/","name":"Secretaria de Habita\u00e7\u00e3o","description":"Prefeitura de Passo Fundo","potentialAction":[{"@type":"SearchAction","target":{"@type":"EntryPoint","urlTemplate":"https:\/\/www.pmpf.rs.gov.br\/secretaria-de-habitacao\/?s={search_term_string}"},"query-input":{"@type":"PropertyValueSpecification","valueRequired":true,"valueName":"search_term_string"}}],"inLanguage":"pt-BR"},{"@type":"Person","@id":"https:\/\/www.pmpf.rs.gov.br\/secretaria-de-habitacao\/#\/schema\/person\/6e93b0ab2174b69f691ac4f278ba2d0a","name":"lilicrivello","image":{"@type":"ImageObject","inLanguage":"pt-BR","@id":"https:\/\/www.pmpf.rs.gov.br\/secretaria-de-habitacao\/#\/schema\/person\/image\/","url":"https:\/\/secure.gravatar.com\/avatar\/0b546b667388f8edb7b67d70a57b5e46?s=96&d=mm&r=g","contentUrl":"https:\/\/secure.gravatar.com\/avatar\/0b546b667388f8edb7b67d70a57b5e46?s=96&d=mm&r=g","caption":"lilicrivello"},"url":"https:\/\/www.pmpf.rs.gov.br\/secretaria-de-habitacao\/author\/lilicrivello\/"}]}},"_links":{"self":[{"href":"https:\/\/www.pmpf.rs.gov.br\/secretaria-de-habitacao\/wp-json\/wp\/v2\/posts\/479"}],"collection":[{"href":"https:\/\/www.pmpf.rs.gov.br\/secretaria-de-habitacao\/wp-json\/wp\/v2\/posts"}],"about":[{"href":"https:\/\/www.pmpf.rs.gov.br\/secretaria-de-habitacao\/wp-json\/wp\/v2\/types\/post"}],"author":[{"embeddable":true,"href":"https:\/\/www.pmpf.rs.gov.br\/secretaria-de-habitacao\/wp-json\/wp\/v2\/users\/24"}],"replies":[{"embeddable":true,"href":"https:\/\/www.pmpf.rs.gov.br\/secretaria-de-habitacao\/wp-json\/wp\/v2\/comments?post=479"}],"version-history":[{"count":1,"href":"https:\/\/www.pmpf.rs.gov.br\/secretaria-de-habitacao\/wp-json\/wp\/v2\/posts\/479\/revisions"}],"predecessor-version":[{"id":481,"href":"https:\/\/www.pmpf.rs.gov.br\/secretaria-de-habitacao\/wp-json\/wp\/v2\/posts\/479\/revisions\/481"}],"wp:featuredmedia":[{"embeddable":true,"href":"https:\/\/www.pmpf.rs.gov.br\/secretaria-de-habitacao\/wp-json\/wp\/v2\/media\/480"}],"wp:attachment":[{"href":"https:\/\/www.pmpf.rs.gov.br\/secretaria-de-habitacao\/wp-json\/wp\/v2\/media?parent=479"}],"wp:term":[{"taxonomy":"category","embeddable":true,"href":"https:\/\/www.pmpf.rs.gov.br\/secretaria-de-habitacao\/wp-json\/wp\/v2\/categories?post=479"},{"taxonomy":"post_tag","embeddable":true,"href":"https:\/\/www.pmpf.rs.gov.br\/secretaria-de-habitacao\/wp-json\/wp\/v2\/tags?post=479"}],"curies":[{"name":"wp","href":"https:\/\/api.w.org\/{rel}","templated":true}]}}