{"id":470,"date":"2024-05-02T14:05:19","date_gmt":"2024-05-02T17:05:19","guid":{"rendered":"https:\/\/www.pmpf.rs.gov.br\/secretaria-de-habitacao\/?p=470"},"modified":"2024-05-02T14:05:21","modified_gmt":"2024-05-02T17:05:21","slug":"equipes-da-prefeitura-prestam-atendimento-a-familias-que-tiveram-casas-atingidas-por-incendio-neste-feriado","status":"publish","type":"post","link":"https:\/\/www.pmpf.rs.gov.br\/secretaria-de-habitacao\/2024\/05\/02\/equipes-da-prefeitura-prestam-atendimento-a-familias-que-tiveram-casas-atingidas-por-incendio-neste-feriado\/","title":{"rendered":"Equipes da Prefeitura prestam atendimento a fam\u00edlias que tiveram casas atingidas por inc\u00eandio neste feriado"},"content":{"rendered":"\n<p>As equipes da Prefeitura est\u00e3o trabalhando em escala neste feriado do Dia do Trabalhador para atender ocorr\u00eancias em diversas \u00e1reas. Pela manh\u00e3, foi dado suporte \u00e0s fam\u00edlias que tiveram as casas atingidas por um inc\u00eandio na reserva ind\u00edgena localizada atr\u00e1s da Esta\u00e7\u00e3o Rodovi\u00e1ria.<\/p>\n\n\n\n<p>Conforme o secret\u00e1rio de Habita\u00e7\u00e3o, Fernando Pires, foram tr\u00eas resid\u00eancias afetadas e os moradores se abrigaram, em um primeiro momento, em casas de familiares. Com o apoio da Defesa Civil, da Secretaria de Cidadania e Assist\u00eancia Social e da Coordenadoria de Igualdade Racial, as fam\u00edlias puderam receber uma assist\u00eancia mais completa.<\/p>\n\n\n\n<p>\u201cPor determina\u00e7\u00e3o do prefeito Pedro, fomos at\u00e9 o local atender as fam\u00edlias e dar o suporte necess\u00e1rio. Fizemos tamb\u00e9m contato com a FUNAI, respons\u00e1vel pelas quest\u00f5es ind\u00edgenas, e estabelecemos uma parceria no sentido de reconstru\u00e7\u00e3o das casas. Amanh\u00e3 voltaremos ao local para fazermos os levantamentos\u201d, afirmou o secret\u00e1rio.<\/p>\n\n\n\n<p>Junto com a FUNAI, o Munic\u00edpio avaliar\u00e1 e fornecer\u00e1 os materiais necess\u00e1rios para a reconstru\u00e7\u00e3o das casas. Ainda, seguir\u00e1 oferecendo atendimento, roupas e alimentos para as fam\u00edlias pelo per\u00edodo necess\u00e1rio, atrav\u00e9s da Secretaria de Assist\u00eancia Social. Nesta quinta-feira, conforme o secret\u00e1rio Rafael Bortoluzzi, as equipes ir\u00e3o verificar outras possibilidades de ajuda humanit\u00e1ria.<\/p>\n\n\n\n<p>As fam\u00edlias desalojadas est\u00e3o abrigadas, provisoriamente, na escola da comunidade e ir\u00e3o almo\u00e7ar na Casa de Passagem do Munic\u00edpio.<\/p>\n","protected":false},"excerpt":{"rendered":"<p>Resid\u00eancias foram destru\u00eddas na aldeia ind\u00edgena localizada atr\u00e1s da Esta\u00e7\u00e3o Rodovi\u00e1ria<\/p>\n","protected":false},"author":24,"featured_media":471,"comment_status":"closed","ping_status":"closed","sticky":false,"template":"","format":"standard","meta":{"footnotes":""},"categories":[1],"tags":[],"class_list":["post-470","post","type-post","status-publish","format-standard","has-post-thumbnail","hentry","category-sem-categoria"],"yoast_head":"<!-- This site is optimized with the Yoast SEO plugin v23.8 - https:\/\/yoast.com\/wordpress\/plugins\/seo\/ -->\n<title>Equipes da Prefeitura prestam atendimento a fam\u00edlias que tiveram casas atingidas por inc\u00eandio neste feriado - Secretaria de Habita\u00e7\u00e3o<\/title>\n<meta name=\"robots\" content=\"index, follow, max-snippet:-1, max-image-preview:large, max-video-preview:-1\" \/>\n<link rel=\"canonical\" href=\"https:\/\/www.pmpf.rs.gov.br\/secretaria-de-habitacao\/2024\/05\/02\/equipes-da-prefeitura-prestam-atendimento-a-familias-que-tiveram-casas-atingidas-por-incendio-neste-feriado\/\" \/>\n<meta property=\"og:locale\" content=\"pt_BR\" \/>\n<meta property=\"og:type\" content=\"article\" \/>\n<meta property=\"og:title\" content=\"Equipes da Prefeitura prestam atendimento a fam\u00edlias que tiveram casas atingidas por inc\u00eandio neste feriado - Secretaria de Habita\u00e7\u00e3o\" \/>\n<meta property=\"og:description\" content=\"Resid\u00eancias foram destru\u00eddas na aldeia ind\u00edgena localizada atr\u00e1s da Esta\u00e7\u00e3o Rodovi\u00e1ria\" \/>\n<meta property=\"og:url\" content=\"https:\/\/www.pmpf.rs.gov.br\/secretaria-de-habitacao\/2024\/05\/02\/equipes-da-prefeitura-prestam-atendimento-a-familias-que-tiveram-casas-atingidas-por-incendio-neste-feriado\/\" \/>\n<meta property=\"og:site_name\" content=\"Secretaria de Habita\u00e7\u00e3o\" \/>\n<meta property=\"article:published_time\" content=\"2024-05-02T17:05:19+00:00\" \/>\n<meta property=\"article:modified_time\" content=\"2024-05-02T17:05:21+00:00\" \/>\n<meta name=\"author\" content=\"lilicrivello\" \/>\n<meta name=\"twitter:card\" content=\"summary_large_image\" \/>\n<meta name=\"twitter:label1\" content=\"Escrito por\" \/>\n\t<meta name=\"twitter:data1\" content=\"lilicrivello\" \/>\n\t<meta name=\"twitter:label2\" content=\"Est. tempo de leitura\" \/>\n\t<meta name=\"twitter:data2\" content=\"1 minuto\" \/>\n<script type=\"application\/ld+json\" class=\"yoast-schema-graph\">{\"@context\":\"https:\/\/schema.org\",\"@graph\":[{\"@type\":\"WebPage\",\"@id\":\"https:\/\/www.pmpf.rs.gov.br\/secretaria-de-habitacao\/2024\/05\/02\/equipes-da-prefeitura-prestam-atendimento-a-familias-que-tiveram-casas-atingidas-por-incendio-neste-feriado\/\",\"url\":\"https:\/\/www.pmpf.rs.gov.br\/secretaria-de-habitacao\/2024\/05\/02\/equipes-da-prefeitura-prestam-atendimento-a-familias-que-tiveram-casas-atingidas-por-incendio-neste-feriado\/\",\"name\":\"Equipes da Prefeitura prestam atendimento a fam\u00edlias que tiveram casas atingidas por inc\u00eandio neste feriado - Secretaria de Habita\u00e7\u00e3o\",\"isPartOf\":{\"@id\":\"https:\/\/www.pmpf.rs.gov.br\/secretaria-de-habitacao\/#website\"},\"primaryImageOfPage\":{\"@id\":\"https:\/\/www.pmpf.rs.gov.br\/secretaria-de-habitacao\/2024\/05\/02\/equipes-da-prefeitura-prestam-atendimento-a-familias-que-tiveram-casas-atingidas-por-incendio-neste-feriado\/#primaryimage\"},\"image\":{\"@id\":\"https:\/\/www.pmpf.rs.gov.br\/secretaria-de-habitacao\/2024\/05\/02\/equipes-da-prefeitura-prestam-atendimento-a-familias-que-tiveram-casas-atingidas-por-incendio-neste-feriado\/#primaryimage\"},\"thumbnailUrl\":\"https:\/\/www.pmpf.rs.gov.br\/secretaria-de-habitacao\/wp-content\/uploads\/sites\/47\/2024\/05\/WhatsApp-Image-2024-05-01-at-12.12.39.jpeg\",\"datePublished\":\"2024-05-02T17:05:19+00:00\",\"dateModified\":\"2024-05-02T17:05:21+00:00\",\"author\":{\"@id\":\"https:\/\/www.pmpf.rs.gov.br\/secretaria-de-habitacao\/#\/schema\/person\/6e93b0ab2174b69f691ac4f278ba2d0a\"},\"inLanguage\":\"pt-BR\",\"potentialAction\":[{\"@type\":\"ReadAction\",\"target\":[\"https:\/\/www.pmpf.rs.gov.br\/secretaria-de-habitacao\/2024\/05\/02\/equipes-da-prefeitura-prestam-atendimento-a-familias-que-tiveram-casas-atingidas-por-incendio-neste-feriado\/\"]}]},{\"@type\":\"ImageObject\",\"inLanguage\":\"pt-BR\",\"@id\":\"https:\/\/www.pmpf.rs.gov.br\/secretaria-de-habitacao\/2024\/05\/02\/equipes-da-prefeitura-prestam-atendimento-a-familias-que-tiveram-casas-atingidas-por-incendio-neste-feriado\/#primaryimage\",\"url\":\"https:\/\/www.pmpf.rs.gov.br\/secretaria-de-habitacao\/wp-content\/uploads\/sites\/47\/2024\/05\/WhatsApp-Image-2024-05-01-at-12.12.39.jpeg\",\"contentUrl\":\"https:\/\/www.pmpf.rs.gov.br\/secretaria-de-habitacao\/wp-content\/uploads\/sites\/47\/2024\/05\/WhatsApp-Image-2024-05-01-at-12.12.39.jpeg\",\"width\":1280,\"height\":720},{\"@type\":\"WebSite\",\"@id\":\"https:\/\/www.pmpf.rs.gov.br\/secretaria-de-habitacao\/#website\",\"url\":\"https:\/\/www.pmpf.rs.gov.br\/secretaria-de-habitacao\/\",\"name\":\"Secretaria de Habita\u00e7\u00e3o\",\"description\":\"Prefeitura de Passo Fundo\",\"potentialAction\":[{\"@type\":\"SearchAction\",\"target\":{\"@type\":\"EntryPoint\",\"urlTemplate\":\"https:\/\/www.pmpf.rs.gov.br\/secretaria-de-habitacao\/?s={search_term_string}\"},\"query-input\":{\"@type\":\"PropertyValueSpecification\",\"valueRequired\":true,\"valueName\":\"search_term_string\"}}],\"inLanguage\":\"pt-BR\"},{\"@type\":\"Person\",\"@id\":\"https:\/\/www.pmpf.rs.gov.br\/secretaria-de-habitacao\/#\/schema\/person\/6e93b0ab2174b69f691ac4f278ba2d0a\",\"name\":\"lilicrivello\",\"image\":{\"@type\":\"ImageObject\",\"inLanguage\":\"pt-BR\",\"@id\":\"https:\/\/www.pmpf.rs.gov.br\/secretaria-de-habitacao\/#\/schema\/person\/image\/\",\"url\":\"https:\/\/secure.gravatar.com\/avatar\/0b546b667388f8edb7b67d70a57b5e46?s=96&d=mm&r=g\",\"contentUrl\":\"https:\/\/secure.gravatar.com\/avatar\/0b546b667388f8edb7b67d70a57b5e46?s=96&d=mm&r=g\",\"caption\":\"lilicrivello\"},\"url\":\"https:\/\/www.pmpf.rs.gov.br\/secretaria-de-habitacao\/author\/lilicrivello\/\"}]}<\/script>\n<!-- \/ Yoast SEO plugin. -->","yoast_head_json":{"title":"Equipes da Prefeitura prestam atendimento a fam\u00edlias que tiveram casas atingidas por inc\u00eandio neste feriado - Secretaria de Habita\u00e7\u00e3o","robots":{"index":"index","follow":"follow","max-snippet":"max-snippet:-1","max-image-preview":"max-image-preview:large","max-video-preview":"max-video-preview:-1"},"canonical":"https:\/\/www.pmpf.rs.gov.br\/secretaria-de-habitacao\/2024\/05\/02\/equipes-da-prefeitura-prestam-atendimento-a-familias-que-tiveram-casas-atingidas-por-incendio-neste-feriado\/","og_locale":"pt_BR","og_type":"article","og_title":"Equipes da Prefeitura prestam atendimento a fam\u00edlias que tiveram casas atingidas por inc\u00eandio neste feriado - Secretaria de Habita\u00e7\u00e3o","og_description":"Resid\u00eancias foram destru\u00eddas na aldeia ind\u00edgena localizada atr\u00e1s da Esta\u00e7\u00e3o Rodovi\u00e1ria","og_url":"https:\/\/www.pmpf.rs.gov.br\/secretaria-de-habitacao\/2024\/05\/02\/equipes-da-prefeitura-prestam-atendimento-a-familias-que-tiveram-casas-atingidas-por-incendio-neste-feriado\/","og_site_name":"Secretaria de Habita\u00e7\u00e3o","article_published_time":"2024-05-02T17:05:19+00:00","article_modified_time":"2024-05-02T17:05:21+00:00","author":"lilicrivello","twitter_card":"summary_large_image","twitter_misc":{"Escrito por":"lilicrivello","Est. tempo de leitura":"1 minuto"},"schema":{"@context":"https:\/\/schema.org","@graph":[{"@type":"WebPage","@id":"https:\/\/www.pmpf.rs.gov.br\/secretaria-de-habitacao\/2024\/05\/02\/equipes-da-prefeitura-prestam-atendimento-a-familias-que-tiveram-casas-atingidas-por-incendio-neste-feriado\/","url":"https:\/\/www.pmpf.rs.gov.br\/secretaria-de-habitacao\/2024\/05\/02\/equipes-da-prefeitura-prestam-atendimento-a-familias-que-tiveram-casas-atingidas-por-incendio-neste-feriado\/","name":"Equipes da Prefeitura prestam atendimento a fam\u00edlias que tiveram casas atingidas por inc\u00eandio neste feriado - Secretaria de Habita\u00e7\u00e3o","isPartOf":{"@id":"https:\/\/www.pmpf.rs.gov.br\/secretaria-de-habitacao\/#website"},"primaryImageOfPage":{"@id":"https:\/\/www.pmpf.rs.gov.br\/secretaria-de-habitacao\/2024\/05\/02\/equipes-da-prefeitura-prestam-atendimento-a-familias-que-tiveram-casas-atingidas-por-incendio-neste-feriado\/#primaryimage"},"image":{"@id":"https:\/\/www.pmpf.rs.gov.br\/secretaria-de-habitacao\/2024\/05\/02\/equipes-da-prefeitura-prestam-atendimento-a-familias-que-tiveram-casas-atingidas-por-incendio-neste-feriado\/#primaryimage"},"thumbnailUrl":"https:\/\/www.pmpf.rs.gov.br\/secretaria-de-habitacao\/wp-content\/uploads\/sites\/47\/2024\/05\/WhatsApp-Image-2024-05-01-at-12.12.39.jpeg","datePublished":"2024-05-02T17:05:19+00:00","dateModified":"2024-05-02T17:05:21+00:00","author":{"@id":"https:\/\/www.pmpf.rs.gov.br\/secretaria-de-habitacao\/#\/schema\/person\/6e93b0ab2174b69f691ac4f278ba2d0a"},"inLanguage":"pt-BR","potentialAction":[{"@type":"ReadAction","target":["https:\/\/www.pmpf.rs.gov.br\/secretaria-de-habitacao\/2024\/05\/02\/equipes-da-prefeitura-prestam-atendimento-a-familias-que-tiveram-casas-atingidas-por-incendio-neste-feriado\/"]}]},{"@type":"ImageObject","inLanguage":"pt-BR","@id":"https:\/\/www.pmpf.rs.gov.br\/secretaria-de-habitacao\/2024\/05\/02\/equipes-da-prefeitura-prestam-atendimento-a-familias-que-tiveram-casas-atingidas-por-incendio-neste-feriado\/#primaryimage","url":"https:\/\/www.pmpf.rs.gov.br\/secretaria-de-habitacao\/wp-content\/uploads\/sites\/47\/2024\/05\/WhatsApp-Image-2024-05-01-at-12.12.39.jpeg","contentUrl":"https:\/\/www.pmpf.rs.gov.br\/secretaria-de-habitacao\/wp-content\/uploads\/sites\/47\/2024\/05\/WhatsApp-Image-2024-05-01-at-12.12.39.jpeg","width":1280,"height":720},{"@type":"WebSite","@id":"https:\/\/www.pmpf.rs.gov.br\/secretaria-de-habitacao\/#website","url":"https:\/\/www.pmpf.rs.gov.br\/secretaria-de-habitacao\/","name":"Secretaria de Habita\u00e7\u00e3o","description":"Prefeitura de Passo Fundo","potentialAction":[{"@type":"SearchAction","target":{"@type":"EntryPoint","urlTemplate":"https:\/\/www.pmpf.rs.gov.br\/secretaria-de-habitacao\/?s={search_term_string}"},"query-input":{"@type":"PropertyValueSpecification","valueRequired":true,"valueName":"search_term_string"}}],"inLanguage":"pt-BR"},{"@type":"Person","@id":"https:\/\/www.pmpf.rs.gov.br\/secretaria-de-habitacao\/#\/schema\/person\/6e93b0ab2174b69f691ac4f278ba2d0a","name":"lilicrivello","image":{"@type":"ImageObject","inLanguage":"pt-BR","@id":"https:\/\/www.pmpf.rs.gov.br\/secretaria-de-habitacao\/#\/schema\/person\/image\/","url":"https:\/\/secure.gravatar.com\/avatar\/0b546b667388f8edb7b67d70a57b5e46?s=96&d=mm&r=g","contentUrl":"https:\/\/secure.gravatar.com\/avatar\/0b546b667388f8edb7b67d70a57b5e46?s=96&d=mm&r=g","caption":"lilicrivello"},"url":"https:\/\/www.pmpf.rs.gov.br\/secretaria-de-habitacao\/author\/lilicrivello\/"}]}},"_links":{"self":[{"href":"https:\/\/www.pmpf.rs.gov.br\/secretaria-de-habitacao\/wp-json\/wp\/v2\/posts\/470"}],"collection":[{"href":"https:\/\/www.pmpf.rs.gov.br\/secretaria-de-habitacao\/wp-json\/wp\/v2\/posts"}],"about":[{"href":"https:\/\/www.pmpf.rs.gov.br\/secretaria-de-habitacao\/wp-json\/wp\/v2\/types\/post"}],"author":[{"embeddable":true,"href":"https:\/\/www.pmpf.rs.gov.br\/secretaria-de-habitacao\/wp-json\/wp\/v2\/users\/24"}],"replies":[{"embeddable":true,"href":"https:\/\/www.pmpf.rs.gov.br\/secretaria-de-habitacao\/wp-json\/wp\/v2\/comments?post=470"}],"version-history":[{"count":1,"href":"https:\/\/www.pmpf.rs.gov.br\/secretaria-de-habitacao\/wp-json\/wp\/v2\/posts\/470\/revisions"}],"predecessor-version":[{"id":472,"href":"https:\/\/www.pmpf.rs.gov.br\/secretaria-de-habitacao\/wp-json\/wp\/v2\/posts\/470\/revisions\/472"}],"wp:featuredmedia":[{"embeddable":true,"href":"https:\/\/www.pmpf.rs.gov.br\/secretaria-de-habitacao\/wp-json\/wp\/v2\/media\/471"}],"wp:attachment":[{"href":"https:\/\/www.pmpf.rs.gov.br\/secretaria-de-habitacao\/wp-json\/wp\/v2\/media?parent=470"}],"wp:term":[{"taxonomy":"category","embeddable":true,"href":"https:\/\/www.pmpf.rs.gov.br\/secretaria-de-habitacao\/wp-json\/wp\/v2\/categories?post=470"},{"taxonomy":"post_tag","embeddable":true,"href":"https:\/\/www.pmpf.rs.gov.br\/secretaria-de-habitacao\/wp-json\/wp\/v2\/tags?post=470"}],"curies":[{"name":"wp","href":"https:\/\/api.w.org\/{rel}","templated":true}]}}