{"id":464,"date":"2023-11-23T11:16:09","date_gmt":"2023-11-23T14:16:09","guid":{"rendered":"https:\/\/www.pmpf.rs.gov.br\/secretaria-de-habitacao\/?p=464"},"modified":"2023-11-23T11:16:11","modified_gmt":"2023-11-23T14:16:11","slug":"passo-fundo-e-contemplada-com-240-unidades-habitacionais-na-retomada-do-minha-casa-minha-vida","status":"publish","type":"post","link":"https:\/\/www.pmpf.rs.gov.br\/secretaria-de-habitacao\/2023\/11\/23\/passo-fundo-e-contemplada-com-240-unidades-habitacionais-na-retomada-do-minha-casa-minha-vida\/","title":{"rendered":"Passo Fundo \u00e9 contemplada com 240 unidades habitacionais na retomada do Minha Casa Minha Vida"},"content":{"rendered":"\n<p>A Prefeitura de Passo Fundo recebeu o an\u00fancio do Governo Federal com a contempla\u00e7\u00e3o de 240 unidades a serem constru\u00eddas no munic\u00edpio, pelo Programa Minha Casa Minha Vida.<\/p>\n\n\n\n<p>Ap\u00f3s ficar desde 2012 parado, j\u00e1 na retomada do programa na faixa 1, que \u00e9 aquela faixa destinada \u00e0s fam\u00edlias mais carentes, que tem a renda bruta mensal at\u00e9 R$ 2.640,00, a Prefeitura de Passo Fundo, com o apoio do deputado federal, Luciano Azevedo, passou a gestionar perante o Minist\u00e9rio Cidades para que o munic\u00edpio fosse contemplado com recursos do programa para essa faixa.<\/p>\n\n\n\n<p>\u201cForam v\u00e1rias reuni\u00f5es, at\u00e9 que ontem, ent\u00e3o, o governo federal anunciou a primeira sele\u00e7\u00e3o de propostas, e que Passo Fundo figura entre as cidades contempladas. Agora nosso foco est\u00e1 em apresentar o projeto dentro das regras estipuladas pelo minist\u00e9rio, para que nossa popula\u00e7\u00e3o possa ser beneficiada com mais unidades habitacionais dispon\u00edveis\u201d, declara o prefeito, Pedro Almeida.<\/p>\n\n\n\n<p>De acordo com o governo federal, foram recebidas propostas de mais de 900 mil unidades e foram selecionadas 187,5mil unidades em todo o pa\u00eds. Estes im\u00f3veis s\u00e3o quase que totalmente subsidiados, sendo que o governo arcar\u00e1 com cerca de 90% do valor, e o restante ser\u00e1 pago pelas fam\u00edlias de acordo com a sua renda mensal, com parcela m\u00ednima de R$ 80,00. Em alguns casos espec\u00edficos, as fam\u00edlias n\u00e3o precisar\u00e3o pagar nenhum valor pelo im\u00f3vel.<\/p>\n\n\n\n<p>Nos pr\u00f3ximos meses a Prefeitura divulgar\u00e1 as informa\u00e7\u00f5es sobre as inscri\u00e7\u00f5es para essas unidades, os crit\u00e9rios de prioridade.<\/p>\n\n\n\n<p>H\u00e1 uma lista de requisitos que direcionam a aplica\u00e7\u00e3o das unidades, um deles \u00e9 que todas as propriedades prioritariamente sejam entregues a fam\u00edlias que t\u00eam uma mulher como respons\u00e1vel pela unidade familiar, fam\u00edlias que t\u00eam uma composi\u00e7\u00e3o familiar de pessoas com defici\u00eancia, idosos e filhas adolescentes, fam\u00edlias em situa\u00e7\u00e3o de risco e vulnerabilidade, fam\u00edlias em situa\u00e7\u00e3o de emerg\u00eancia.<\/p>\n\n\n\n<p>A Prefeitura e o deputado Luciano, permanecem gestionando perante o Minist\u00e9rio das Cidades para a aprova\u00e7\u00e3o de outras propostas que j\u00e1 foram encaminhadas.<\/p>\n","protected":false},"excerpt":{"rendered":"<p>An\u00fancio foi feito na quarta-feira pelo Governo Federal; sele\u00e7\u00e3o das fam\u00edlias e a infraestrutura do local ser\u00e3o efetuadas pela Prefeitura<\/p>\n","protected":false},"author":24,"featured_media":0,"comment_status":"closed","ping_status":"closed","sticky":false,"template":"","format":"standard","meta":{"footnotes":""},"categories":[1],"tags":[],"class_list":["post-464","post","type-post","status-publish","format-standard","hentry","category-sem-categoria"],"yoast_head":"<!-- This site is optimized with the Yoast SEO plugin v23.8 - https:\/\/yoast.com\/wordpress\/plugins\/seo\/ -->\n<title>Passo Fundo \u00e9 contemplada com 240 unidades habitacionais na retomada do Minha Casa Minha Vida - Secretaria de Habita\u00e7\u00e3o<\/title>\n<meta name=\"robots\" content=\"index, follow, max-snippet:-1, max-image-preview:large, max-video-preview:-1\" \/>\n<link rel=\"canonical\" href=\"https:\/\/www.pmpf.rs.gov.br\/secretaria-de-habitacao\/2023\/11\/23\/passo-fundo-e-contemplada-com-240-unidades-habitacionais-na-retomada-do-minha-casa-minha-vida\/\" \/>\n<meta property=\"og:locale\" content=\"pt_BR\" \/>\n<meta property=\"og:type\" content=\"article\" \/>\n<meta property=\"og:title\" content=\"Passo Fundo \u00e9 contemplada com 240 unidades habitacionais na retomada do Minha Casa Minha Vida - Secretaria de Habita\u00e7\u00e3o\" \/>\n<meta property=\"og:description\" content=\"An\u00fancio foi feito na quarta-feira pelo Governo Federal; sele\u00e7\u00e3o das fam\u00edlias e a infraestrutura do local ser\u00e3o efetuadas pela Prefeitura\" \/>\n<meta property=\"og:url\" content=\"https:\/\/www.pmpf.rs.gov.br\/secretaria-de-habitacao\/2023\/11\/23\/passo-fundo-e-contemplada-com-240-unidades-habitacionais-na-retomada-do-minha-casa-minha-vida\/\" \/>\n<meta property=\"og:site_name\" content=\"Secretaria de Habita\u00e7\u00e3o\" \/>\n<meta property=\"article:published_time\" content=\"2023-11-23T14:16:09+00:00\" \/>\n<meta property=\"article:modified_time\" content=\"2023-11-23T14:16:11+00:00\" \/>\n<meta name=\"author\" content=\"lilicrivello\" \/>\n<meta name=\"twitter:card\" content=\"summary_large_image\" \/>\n<meta name=\"twitter:label1\" content=\"Escrito por\" \/>\n\t<meta name=\"twitter:data1\" content=\"lilicrivello\" \/>\n\t<meta name=\"twitter:label2\" content=\"Est. tempo de leitura\" \/>\n\t<meta name=\"twitter:data2\" content=\"2 minutos\" \/>\n<script type=\"application\/ld+json\" class=\"yoast-schema-graph\">{\"@context\":\"https:\/\/schema.org\",\"@graph\":[{\"@type\":\"WebPage\",\"@id\":\"https:\/\/www.pmpf.rs.gov.br\/secretaria-de-habitacao\/2023\/11\/23\/passo-fundo-e-contemplada-com-240-unidades-habitacionais-na-retomada-do-minha-casa-minha-vida\/\",\"url\":\"https:\/\/www.pmpf.rs.gov.br\/secretaria-de-habitacao\/2023\/11\/23\/passo-fundo-e-contemplada-com-240-unidades-habitacionais-na-retomada-do-minha-casa-minha-vida\/\",\"name\":\"Passo Fundo \u00e9 contemplada com 240 unidades habitacionais na retomada do Minha Casa Minha Vida - Secretaria de Habita\u00e7\u00e3o\",\"isPartOf\":{\"@id\":\"https:\/\/www.pmpf.rs.gov.br\/secretaria-de-habitacao\/#website\"},\"datePublished\":\"2023-11-23T14:16:09+00:00\",\"dateModified\":\"2023-11-23T14:16:11+00:00\",\"author\":{\"@id\":\"https:\/\/www.pmpf.rs.gov.br\/secretaria-de-habitacao\/#\/schema\/person\/6e93b0ab2174b69f691ac4f278ba2d0a\"},\"inLanguage\":\"pt-BR\",\"potentialAction\":[{\"@type\":\"ReadAction\",\"target\":[\"https:\/\/www.pmpf.rs.gov.br\/secretaria-de-habitacao\/2023\/11\/23\/passo-fundo-e-contemplada-com-240-unidades-habitacionais-na-retomada-do-minha-casa-minha-vida\/\"]}]},{\"@type\":\"WebSite\",\"@id\":\"https:\/\/www.pmpf.rs.gov.br\/secretaria-de-habitacao\/#website\",\"url\":\"https:\/\/www.pmpf.rs.gov.br\/secretaria-de-habitacao\/\",\"name\":\"Secretaria de Habita\u00e7\u00e3o\",\"description\":\"Prefeitura de Passo Fundo\",\"potentialAction\":[{\"@type\":\"SearchAction\",\"target\":{\"@type\":\"EntryPoint\",\"urlTemplate\":\"https:\/\/www.pmpf.rs.gov.br\/secretaria-de-habitacao\/?s={search_term_string}\"},\"query-input\":{\"@type\":\"PropertyValueSpecification\",\"valueRequired\":true,\"valueName\":\"search_term_string\"}}],\"inLanguage\":\"pt-BR\"},{\"@type\":\"Person\",\"@id\":\"https:\/\/www.pmpf.rs.gov.br\/secretaria-de-habitacao\/#\/schema\/person\/6e93b0ab2174b69f691ac4f278ba2d0a\",\"name\":\"lilicrivello\",\"image\":{\"@type\":\"ImageObject\",\"inLanguage\":\"pt-BR\",\"@id\":\"https:\/\/www.pmpf.rs.gov.br\/secretaria-de-habitacao\/#\/schema\/person\/image\/\",\"url\":\"https:\/\/secure.gravatar.com\/avatar\/0b546b667388f8edb7b67d70a57b5e46?s=96&d=mm&r=g\",\"contentUrl\":\"https:\/\/secure.gravatar.com\/avatar\/0b546b667388f8edb7b67d70a57b5e46?s=96&d=mm&r=g\",\"caption\":\"lilicrivello\"},\"url\":\"https:\/\/www.pmpf.rs.gov.br\/secretaria-de-habitacao\/author\/lilicrivello\/\"}]}<\/script>\n<!-- \/ Yoast SEO plugin. -->","yoast_head_json":{"title":"Passo Fundo \u00e9 contemplada com 240 unidades habitacionais na retomada do Minha Casa Minha Vida - Secretaria de Habita\u00e7\u00e3o","robots":{"index":"index","follow":"follow","max-snippet":"max-snippet:-1","max-image-preview":"max-image-preview:large","max-video-preview":"max-video-preview:-1"},"canonical":"https:\/\/www.pmpf.rs.gov.br\/secretaria-de-habitacao\/2023\/11\/23\/passo-fundo-e-contemplada-com-240-unidades-habitacionais-na-retomada-do-minha-casa-minha-vida\/","og_locale":"pt_BR","og_type":"article","og_title":"Passo Fundo \u00e9 contemplada com 240 unidades habitacionais na retomada do Minha Casa Minha Vida - Secretaria de Habita\u00e7\u00e3o","og_description":"An\u00fancio foi feito na quarta-feira pelo Governo Federal; sele\u00e7\u00e3o das fam\u00edlias e a infraestrutura do local ser\u00e3o efetuadas pela Prefeitura","og_url":"https:\/\/www.pmpf.rs.gov.br\/secretaria-de-habitacao\/2023\/11\/23\/passo-fundo-e-contemplada-com-240-unidades-habitacionais-na-retomada-do-minha-casa-minha-vida\/","og_site_name":"Secretaria de Habita\u00e7\u00e3o","article_published_time":"2023-11-23T14:16:09+00:00","article_modified_time":"2023-11-23T14:16:11+00:00","author":"lilicrivello","twitter_card":"summary_large_image","twitter_misc":{"Escrito por":"lilicrivello","Est. tempo de leitura":"2 minutos"},"schema":{"@context":"https:\/\/schema.org","@graph":[{"@type":"WebPage","@id":"https:\/\/www.pmpf.rs.gov.br\/secretaria-de-habitacao\/2023\/11\/23\/passo-fundo-e-contemplada-com-240-unidades-habitacionais-na-retomada-do-minha-casa-minha-vida\/","url":"https:\/\/www.pmpf.rs.gov.br\/secretaria-de-habitacao\/2023\/11\/23\/passo-fundo-e-contemplada-com-240-unidades-habitacionais-na-retomada-do-minha-casa-minha-vida\/","name":"Passo Fundo \u00e9 contemplada com 240 unidades habitacionais na retomada do Minha Casa Minha Vida - Secretaria de Habita\u00e7\u00e3o","isPartOf":{"@id":"https:\/\/www.pmpf.rs.gov.br\/secretaria-de-habitacao\/#website"},"datePublished":"2023-11-23T14:16:09+00:00","dateModified":"2023-11-23T14:16:11+00:00","author":{"@id":"https:\/\/www.pmpf.rs.gov.br\/secretaria-de-habitacao\/#\/schema\/person\/6e93b0ab2174b69f691ac4f278ba2d0a"},"inLanguage":"pt-BR","potentialAction":[{"@type":"ReadAction","target":["https:\/\/www.pmpf.rs.gov.br\/secretaria-de-habitacao\/2023\/11\/23\/passo-fundo-e-contemplada-com-240-unidades-habitacionais-na-retomada-do-minha-casa-minha-vida\/"]}]},{"@type":"WebSite","@id":"https:\/\/www.pmpf.rs.gov.br\/secretaria-de-habitacao\/#website","url":"https:\/\/www.pmpf.rs.gov.br\/secretaria-de-habitacao\/","name":"Secretaria de Habita\u00e7\u00e3o","description":"Prefeitura de Passo Fundo","potentialAction":[{"@type":"SearchAction","target":{"@type":"EntryPoint","urlTemplate":"https:\/\/www.pmpf.rs.gov.br\/secretaria-de-habitacao\/?s={search_term_string}"},"query-input":{"@type":"PropertyValueSpecification","valueRequired":true,"valueName":"search_term_string"}}],"inLanguage":"pt-BR"},{"@type":"Person","@id":"https:\/\/www.pmpf.rs.gov.br\/secretaria-de-habitacao\/#\/schema\/person\/6e93b0ab2174b69f691ac4f278ba2d0a","name":"lilicrivello","image":{"@type":"ImageObject","inLanguage":"pt-BR","@id":"https:\/\/www.pmpf.rs.gov.br\/secretaria-de-habitacao\/#\/schema\/person\/image\/","url":"https:\/\/secure.gravatar.com\/avatar\/0b546b667388f8edb7b67d70a57b5e46?s=96&d=mm&r=g","contentUrl":"https:\/\/secure.gravatar.com\/avatar\/0b546b667388f8edb7b67d70a57b5e46?s=96&d=mm&r=g","caption":"lilicrivello"},"url":"https:\/\/www.pmpf.rs.gov.br\/secretaria-de-habitacao\/author\/lilicrivello\/"}]}},"_links":{"self":[{"href":"https:\/\/www.pmpf.rs.gov.br\/secretaria-de-habitacao\/wp-json\/wp\/v2\/posts\/464"}],"collection":[{"href":"https:\/\/www.pmpf.rs.gov.br\/secretaria-de-habitacao\/wp-json\/wp\/v2\/posts"}],"about":[{"href":"https:\/\/www.pmpf.rs.gov.br\/secretaria-de-habitacao\/wp-json\/wp\/v2\/types\/post"}],"author":[{"embeddable":true,"href":"https:\/\/www.pmpf.rs.gov.br\/secretaria-de-habitacao\/wp-json\/wp\/v2\/users\/24"}],"replies":[{"embeddable":true,"href":"https:\/\/www.pmpf.rs.gov.br\/secretaria-de-habitacao\/wp-json\/wp\/v2\/comments?post=464"}],"version-history":[{"count":1,"href":"https:\/\/www.pmpf.rs.gov.br\/secretaria-de-habitacao\/wp-json\/wp\/v2\/posts\/464\/revisions"}],"predecessor-version":[{"id":465,"href":"https:\/\/www.pmpf.rs.gov.br\/secretaria-de-habitacao\/wp-json\/wp\/v2\/posts\/464\/revisions\/465"}],"wp:attachment":[{"href":"https:\/\/www.pmpf.rs.gov.br\/secretaria-de-habitacao\/wp-json\/wp\/v2\/media?parent=464"}],"wp:term":[{"taxonomy":"category","embeddable":true,"href":"https:\/\/www.pmpf.rs.gov.br\/secretaria-de-habitacao\/wp-json\/wp\/v2\/categories?post=464"},{"taxonomy":"post_tag","embeddable":true,"href":"https:\/\/www.pmpf.rs.gov.br\/secretaria-de-habitacao\/wp-json\/wp\/v2\/tags?post=464"}],"curies":[{"name":"wp","href":"https:\/\/api.w.org\/{rel}","templated":true}]}}