{"id":455,"date":"2023-07-12T16:54:02","date_gmt":"2023-07-12T19:54:02","guid":{"rendered":"https:\/\/www.pmpf.rs.gov.br\/secretaria-de-habitacao\/?p=455"},"modified":"2023-07-12T16:54:03","modified_gmt":"2023-07-12T19:54:03","slug":"prefeitura-esta-mobilizada-para-auxiliar-em-situacoes-que-envolvam-danos-causados-pelas-chuvas-intensas","status":"publish","type":"post","link":"https:\/\/www.pmpf.rs.gov.br\/secretaria-de-habitacao\/2023\/07\/12\/prefeitura-esta-mobilizada-para-auxiliar-em-situacoes-que-envolvam-danos-causados-pelas-chuvas-intensas\/","title":{"rendered":"Prefeitura est\u00e1 mobilizada para auxiliar em situa\u00e7\u00f5es que envolvam danos causados pelas chuvas intensas"},"content":{"rendered":"\n<p><br>A Prefeitura de Passo Fundo, a partir de v\u00e1rias frentes e secretarias municipais, est\u00e1 mobilizada para auxiliar em situa\u00e7\u00f5es que envolvam danos causados pelas fortes chuvas. Uma das a\u00e7\u00f5es \u00e9 a cria\u00e7\u00e3o do Plano de Conting\u00eancia de Prote\u00e7\u00e3o e Defesa Civil. Na tarde desta quarta-feira (12), o grupo de trabalho nomeado pelo prefeito Pedro Almeida esteve reunido para tratar do assunto e analisar o cen\u00e1rio local.<\/p>\n\n\n\n<p>O documento vai mapear os riscos e funcionar como um planejamento de resposta, definindo procedimentos, a\u00e7\u00f5es e decis\u00f5es que ser\u00e3o tomadas em caso de eventos extremos. Possibilitar\u00e1, por exemplo, a defini\u00e7\u00e3o de \u00e1reas suscet\u00edveis a ocorr\u00eancias, a extens\u00e3o do risco, a identifica\u00e7\u00e3o dos aspectos especiais de planejamento e o mapeamento das \u00e1reas de risco do munic\u00edpio, bem como aspectos espec\u00edficos como caracter\u00edsticas geomorfol\u00f3gicas.<\/p>\n\n\n\n<p>O grupo de trabalho buscar\u00e1 a colabora\u00e7\u00e3o de \u00f3rg\u00e3os estaduais, federais e entidades do munic\u00edpio, entre outras institui\u00e7\u00f5es, para atender a popula\u00e7\u00e3o na resposta a um evento adverso, como um desastre natural. \u201cUm plano bem elaborado e massificado entre os entes da administra\u00e7\u00e3o p\u00fablica tem um \u00fanico resultado final ap\u00f3s a atua\u00e7\u00e3o em um desastre: a excel\u00eancia nos atendimentos \u00e0 popula\u00e7\u00e3o e a perfeita integra\u00e7\u00e3o entre as ag\u00eancias que trabalham na crise\u201d, explicou o coordenador municipal de Prote\u00e7\u00e3o e Defesa Civil, Jair Maffi.<\/p>\n\n\n\n<p>Trabalho realizado pelas secretarias municipais<br>&#8211; Assist\u00eancia social<br>Abordagem social 24 horas, busca ativa e acolhimento na Casa de Passagem Madre Teresa de Calcut\u00e1. Doa\u00e7\u00e3o de alimentos, roupas e cobertores.<\/p>\n\n\n\n<p>&#8211; Obras e Servi\u00e7os Gerais<br>Equipes dispon\u00edveis para interven\u00e7\u00f5es, manuten\u00e7\u00e3o e limpeza devido a danos ocasionados.<\/p>\n\n\n\n<p>&#8211; Habita\u00e7\u00e3o<br>Apoio \u00e0s pessoas que tiveram resid\u00eancias prejudicadas. Distribui\u00e7\u00e3o de lonas, telhas, madeiras.<\/p>\n\n\n\n<p>Telefones para casos de emerg\u00eancia e informa\u00e7\u00f5es<br>Defesa Civil &#8211; 199<br>Corpo de Bombeiros &#8211; 193<br>Secretaria de Seguran\u00e7a P\u00fablica &#8211; (54) 3311-1195<\/p>\n","protected":false},"excerpt":{"rendered":"<p>As secretarias municipais atuam em diversas frentes. Al\u00e9m disso, um grupo de trabalho opera na elabora\u00e7\u00e3o Plano de Conting\u00eancia de Prote\u00e7\u00e3o e Defesa Civil<\/p>\n","protected":false},"author":6,"featured_media":0,"comment_status":"closed","ping_status":"closed","sticky":true,"template":"","format":"standard","meta":{"footnotes":""},"categories":[1],"tags":[],"class_list":["post-455","post","type-post","status-publish","format-standard","hentry","category-sem-categoria"],"yoast_head":"<!-- This site is optimized with the Yoast SEO plugin v23.8 - https:\/\/yoast.com\/wordpress\/plugins\/seo\/ -->\n<title>Prefeitura est\u00e1 mobilizada para auxiliar em situa\u00e7\u00f5es que envolvam danos causados pelas chuvas intensas - Secretaria de Habita\u00e7\u00e3o<\/title>\n<meta name=\"robots\" content=\"index, follow, max-snippet:-1, max-image-preview:large, max-video-preview:-1\" \/>\n<link rel=\"canonical\" href=\"https:\/\/www.pmpf.rs.gov.br\/secretaria-de-habitacao\/2023\/07\/12\/prefeitura-esta-mobilizada-para-auxiliar-em-situacoes-que-envolvam-danos-causados-pelas-chuvas-intensas\/\" \/>\n<meta property=\"og:locale\" content=\"pt_BR\" \/>\n<meta property=\"og:type\" content=\"article\" \/>\n<meta property=\"og:title\" content=\"Prefeitura est\u00e1 mobilizada para auxiliar em situa\u00e7\u00f5es que envolvam danos causados pelas chuvas intensas - Secretaria de Habita\u00e7\u00e3o\" \/>\n<meta property=\"og:description\" content=\"As secretarias municipais atuam em diversas frentes. Al\u00e9m disso, um grupo de trabalho opera na elabora\u00e7\u00e3o Plano de Conting\u00eancia de Prote\u00e7\u00e3o e Defesa Civil\" \/>\n<meta property=\"og:url\" content=\"https:\/\/www.pmpf.rs.gov.br\/secretaria-de-habitacao\/2023\/07\/12\/prefeitura-esta-mobilizada-para-auxiliar-em-situacoes-que-envolvam-danos-causados-pelas-chuvas-intensas\/\" \/>\n<meta property=\"og:site_name\" content=\"Secretaria de Habita\u00e7\u00e3o\" \/>\n<meta property=\"article:published_time\" content=\"2023-07-12T19:54:02+00:00\" \/>\n<meta property=\"article:modified_time\" content=\"2023-07-12T19:54:03+00:00\" \/>\n<meta name=\"author\" content=\"andressazorzetto07\" \/>\n<meta name=\"twitter:card\" content=\"summary_large_image\" \/>\n<meta name=\"twitter:label1\" content=\"Escrito por\" \/>\n\t<meta name=\"twitter:data1\" content=\"andressazorzetto07\" \/>\n\t<meta name=\"twitter:label2\" content=\"Est. tempo de leitura\" \/>\n\t<meta name=\"twitter:data2\" content=\"2 minutos\" \/>\n<script type=\"application\/ld+json\" class=\"yoast-schema-graph\">{\"@context\":\"https:\/\/schema.org\",\"@graph\":[{\"@type\":\"WebPage\",\"@id\":\"https:\/\/www.pmpf.rs.gov.br\/secretaria-de-habitacao\/2023\/07\/12\/prefeitura-esta-mobilizada-para-auxiliar-em-situacoes-que-envolvam-danos-causados-pelas-chuvas-intensas\/\",\"url\":\"https:\/\/www.pmpf.rs.gov.br\/secretaria-de-habitacao\/2023\/07\/12\/prefeitura-esta-mobilizada-para-auxiliar-em-situacoes-que-envolvam-danos-causados-pelas-chuvas-intensas\/\",\"name\":\"Prefeitura est\u00e1 mobilizada para auxiliar em situa\u00e7\u00f5es que envolvam danos causados pelas chuvas intensas - Secretaria de Habita\u00e7\u00e3o\",\"isPartOf\":{\"@id\":\"https:\/\/www.pmpf.rs.gov.br\/secretaria-de-habitacao\/#website\"},\"datePublished\":\"2023-07-12T19:54:02+00:00\",\"dateModified\":\"2023-07-12T19:54:03+00:00\",\"author\":{\"@id\":\"https:\/\/www.pmpf.rs.gov.br\/secretaria-de-habitacao\/#\/schema\/person\/30ee1d1bd74da1469b01fcf086e43351\"},\"inLanguage\":\"pt-BR\",\"potentialAction\":[{\"@type\":\"ReadAction\",\"target\":[\"https:\/\/www.pmpf.rs.gov.br\/secretaria-de-habitacao\/2023\/07\/12\/prefeitura-esta-mobilizada-para-auxiliar-em-situacoes-que-envolvam-danos-causados-pelas-chuvas-intensas\/\"]}]},{\"@type\":\"WebSite\",\"@id\":\"https:\/\/www.pmpf.rs.gov.br\/secretaria-de-habitacao\/#website\",\"url\":\"https:\/\/www.pmpf.rs.gov.br\/secretaria-de-habitacao\/\",\"name\":\"Secretaria de Habita\u00e7\u00e3o\",\"description\":\"Prefeitura de Passo Fundo\",\"potentialAction\":[{\"@type\":\"SearchAction\",\"target\":{\"@type\":\"EntryPoint\",\"urlTemplate\":\"https:\/\/www.pmpf.rs.gov.br\/secretaria-de-habitacao\/?s={search_term_string}\"},\"query-input\":{\"@type\":\"PropertyValueSpecification\",\"valueRequired\":true,\"valueName\":\"search_term_string\"}}],\"inLanguage\":\"pt-BR\"},{\"@type\":\"Person\",\"@id\":\"https:\/\/www.pmpf.rs.gov.br\/secretaria-de-habitacao\/#\/schema\/person\/30ee1d1bd74da1469b01fcf086e43351\",\"name\":\"andressazorzetto07\",\"image\":{\"@type\":\"ImageObject\",\"inLanguage\":\"pt-BR\",\"@id\":\"https:\/\/www.pmpf.rs.gov.br\/secretaria-de-habitacao\/#\/schema\/person\/image\/\",\"url\":\"https:\/\/secure.gravatar.com\/avatar\/14c5458ed79dc81da99a13b9ff5f9f19?s=96&d=mm&r=g\",\"contentUrl\":\"https:\/\/secure.gravatar.com\/avatar\/14c5458ed79dc81da99a13b9ff5f9f19?s=96&d=mm&r=g\",\"caption\":\"andressazorzetto07\"},\"url\":\"https:\/\/www.pmpf.rs.gov.br\/secretaria-de-habitacao\/author\/andressazorzetto07\/\"}]}<\/script>\n<!-- \/ Yoast SEO plugin. -->","yoast_head_json":{"title":"Prefeitura est\u00e1 mobilizada para auxiliar em situa\u00e7\u00f5es que envolvam danos causados pelas chuvas intensas - Secretaria de Habita\u00e7\u00e3o","robots":{"index":"index","follow":"follow","max-snippet":"max-snippet:-1","max-image-preview":"max-image-preview:large","max-video-preview":"max-video-preview:-1"},"canonical":"https:\/\/www.pmpf.rs.gov.br\/secretaria-de-habitacao\/2023\/07\/12\/prefeitura-esta-mobilizada-para-auxiliar-em-situacoes-que-envolvam-danos-causados-pelas-chuvas-intensas\/","og_locale":"pt_BR","og_type":"article","og_title":"Prefeitura est\u00e1 mobilizada para auxiliar em situa\u00e7\u00f5es que envolvam danos causados pelas chuvas intensas - Secretaria de Habita\u00e7\u00e3o","og_description":"As secretarias municipais atuam em diversas frentes. Al\u00e9m disso, um grupo de trabalho opera na elabora\u00e7\u00e3o Plano de Conting\u00eancia de Prote\u00e7\u00e3o e Defesa Civil","og_url":"https:\/\/www.pmpf.rs.gov.br\/secretaria-de-habitacao\/2023\/07\/12\/prefeitura-esta-mobilizada-para-auxiliar-em-situacoes-que-envolvam-danos-causados-pelas-chuvas-intensas\/","og_site_name":"Secretaria de Habita\u00e7\u00e3o","article_published_time":"2023-07-12T19:54:02+00:00","article_modified_time":"2023-07-12T19:54:03+00:00","author":"andressazorzetto07","twitter_card":"summary_large_image","twitter_misc":{"Escrito por":"andressazorzetto07","Est. tempo de leitura":"2 minutos"},"schema":{"@context":"https:\/\/schema.org","@graph":[{"@type":"WebPage","@id":"https:\/\/www.pmpf.rs.gov.br\/secretaria-de-habitacao\/2023\/07\/12\/prefeitura-esta-mobilizada-para-auxiliar-em-situacoes-que-envolvam-danos-causados-pelas-chuvas-intensas\/","url":"https:\/\/www.pmpf.rs.gov.br\/secretaria-de-habitacao\/2023\/07\/12\/prefeitura-esta-mobilizada-para-auxiliar-em-situacoes-que-envolvam-danos-causados-pelas-chuvas-intensas\/","name":"Prefeitura est\u00e1 mobilizada para auxiliar em situa\u00e7\u00f5es que envolvam danos causados pelas chuvas intensas - Secretaria de Habita\u00e7\u00e3o","isPartOf":{"@id":"https:\/\/www.pmpf.rs.gov.br\/secretaria-de-habitacao\/#website"},"datePublished":"2023-07-12T19:54:02+00:00","dateModified":"2023-07-12T19:54:03+00:00","author":{"@id":"https:\/\/www.pmpf.rs.gov.br\/secretaria-de-habitacao\/#\/schema\/person\/30ee1d1bd74da1469b01fcf086e43351"},"inLanguage":"pt-BR","potentialAction":[{"@type":"ReadAction","target":["https:\/\/www.pmpf.rs.gov.br\/secretaria-de-habitacao\/2023\/07\/12\/prefeitura-esta-mobilizada-para-auxiliar-em-situacoes-que-envolvam-danos-causados-pelas-chuvas-intensas\/"]}]},{"@type":"WebSite","@id":"https:\/\/www.pmpf.rs.gov.br\/secretaria-de-habitacao\/#website","url":"https:\/\/www.pmpf.rs.gov.br\/secretaria-de-habitacao\/","name":"Secretaria de Habita\u00e7\u00e3o","description":"Prefeitura de Passo Fundo","potentialAction":[{"@type":"SearchAction","target":{"@type":"EntryPoint","urlTemplate":"https:\/\/www.pmpf.rs.gov.br\/secretaria-de-habitacao\/?s={search_term_string}"},"query-input":{"@type":"PropertyValueSpecification","valueRequired":true,"valueName":"search_term_string"}}],"inLanguage":"pt-BR"},{"@type":"Person","@id":"https:\/\/www.pmpf.rs.gov.br\/secretaria-de-habitacao\/#\/schema\/person\/30ee1d1bd74da1469b01fcf086e43351","name":"andressazorzetto07","image":{"@type":"ImageObject","inLanguage":"pt-BR","@id":"https:\/\/www.pmpf.rs.gov.br\/secretaria-de-habitacao\/#\/schema\/person\/image\/","url":"https:\/\/secure.gravatar.com\/avatar\/14c5458ed79dc81da99a13b9ff5f9f19?s=96&d=mm&r=g","contentUrl":"https:\/\/secure.gravatar.com\/avatar\/14c5458ed79dc81da99a13b9ff5f9f19?s=96&d=mm&r=g","caption":"andressazorzetto07"},"url":"https:\/\/www.pmpf.rs.gov.br\/secretaria-de-habitacao\/author\/andressazorzetto07\/"}]}},"_links":{"self":[{"href":"https:\/\/www.pmpf.rs.gov.br\/secretaria-de-habitacao\/wp-json\/wp\/v2\/posts\/455"}],"collection":[{"href":"https:\/\/www.pmpf.rs.gov.br\/secretaria-de-habitacao\/wp-json\/wp\/v2\/posts"}],"about":[{"href":"https:\/\/www.pmpf.rs.gov.br\/secretaria-de-habitacao\/wp-json\/wp\/v2\/types\/post"}],"author":[{"embeddable":true,"href":"https:\/\/www.pmpf.rs.gov.br\/secretaria-de-habitacao\/wp-json\/wp\/v2\/users\/6"}],"replies":[{"embeddable":true,"href":"https:\/\/www.pmpf.rs.gov.br\/secretaria-de-habitacao\/wp-json\/wp\/v2\/comments?post=455"}],"version-history":[{"count":1,"href":"https:\/\/www.pmpf.rs.gov.br\/secretaria-de-habitacao\/wp-json\/wp\/v2\/posts\/455\/revisions"}],"predecessor-version":[{"id":456,"href":"https:\/\/www.pmpf.rs.gov.br\/secretaria-de-habitacao\/wp-json\/wp\/v2\/posts\/455\/revisions\/456"}],"wp:attachment":[{"href":"https:\/\/www.pmpf.rs.gov.br\/secretaria-de-habitacao\/wp-json\/wp\/v2\/media?parent=455"}],"wp:term":[{"taxonomy":"category","embeddable":true,"href":"https:\/\/www.pmpf.rs.gov.br\/secretaria-de-habitacao\/wp-json\/wp\/v2\/categories?post=455"},{"taxonomy":"post_tag","embeddable":true,"href":"https:\/\/www.pmpf.rs.gov.br\/secretaria-de-habitacao\/wp-json\/wp\/v2\/tags?post=455"}],"curies":[{"name":"wp","href":"https:\/\/api.w.org\/{rel}","templated":true}]}}