{"id":2454,"date":"2026-03-16T10:16:23","date_gmt":"2026-03-16T13:16:23","guid":{"rendered":"https:\/\/www.pmpf.rs.gov.br\/secretaria-de-desenvolvimento-economico\/?p=2454"},"modified":"2026-03-16T10:16:25","modified_gmt":"2026-03-16T13:16:25","slug":"procon-municipal-fortalece-defesa-dos-consumidores-em-passo-fundo","status":"publish","type":"post","link":"https:\/\/www.pmpf.rs.gov.br\/secretaria-de-desenvolvimento-economico\/2026\/03\/16\/procon-municipal-fortalece-defesa-dos-consumidores-em-passo-fundo\/","title":{"rendered":"Procon Municipal fortalece defesa dos consumidores em Passo Fundo"},"content":{"rendered":"\n<p><\/p>\n\n\n\n<p>Com a chegada do Dia do Consumidor (15), o Procon Municipal refor\u00e7a o trabalho de orienta\u00e7\u00e3o e defesa da popula\u00e7\u00e3o nas rela\u00e7\u00f5es de consumo. O \u00f3rg\u00e3o atua na media\u00e7\u00e3o de conflitos entre consumidores e empresas, al\u00e9m de promover a\u00e7\u00f5es educativas para garantir que os direitos previstos em lei sejam respeitados.<\/p>\n\n\n\n<p>Entre as principais d\u00favidas da popula\u00e7\u00e3o est\u00e3o as regras para trocas de produtos, prazos para reclama\u00e7\u00f5es e garantias. De acordo com a coordenadora do Procon de Passo Fundo, Alana Sch\u00fctz, \u00e9 importante que o consumidor esteja atento \u00e0s condi\u00e7\u00f5es informadas pelos estabelecimentos no momento da compra.<\/p>\n\n\n\n<p>Segundo ela, nas compras realizadas em lojas f\u00edsicas, a troca de um produto por motivo de gosto, tamanho ou cor n\u00e3o \u00e9 obrigat\u00f3ria por lei. \u201cQuando o comerciante oferece essa possibilidade, ele pode estabelecer crit\u00e9rios, como prazo para a troca, exig\u00eancia de nota fiscal e apresenta\u00e7\u00e3o do produto com etiqueta. Essas condi\u00e7\u00f5es precisam ser informadas de forma clara ao consumidor\u201d, explica.<\/p>\n\n\n\n<p>J\u00e1 nas compras realizadas fora do estabelecimento comercial, como pela internet, telefone ou aplicativos, a legisla\u00e7\u00e3o garante o direito de arrependimento. Nesse caso, o consumidor pode desistir da compra no prazo de at\u00e9 sete dias ap\u00f3s o recebimento do produto ou confirma\u00e7\u00e3o da aquisi\u00e7\u00e3o, sem necessidade de justificativa, com devolu\u00e7\u00e3o integral do valor pago, incluindo o frete.<\/p>\n\n\n\n<p>A coordenadora destaca ainda que, quando um produto apresenta defeito, o consumidor tem direito \u00e0 repara\u00e7\u00e3o. Para produtos dur\u00e1veis, o prazo para reclamar \u00e9 de at\u00e9 90 dias, enquanto para produtos n\u00e3o dur\u00e1veis o per\u00edodo \u00e9 de 30 dias. Ap\u00f3s o registro da reclama\u00e7\u00e3o, o fornecedor tem at\u00e9 30 dias para solucionar o problema. \u201cCaso o defeito n\u00e3o seja resolvido nesse prazo, o consumidor pode escolher entre receber outro produto em perfeitas condi\u00e7\u00f5es, ter o valor pago devolvido ou obter um desconto proporcional no pre\u00e7o\u201d, afirma Alana. Em situa\u00e7\u00f5es que envolvem produtos considerados essenciais, como geladeiras, a legisla\u00e7\u00e3o permite que o consumidor escolha imediatamente uma dessas alternativas.<\/p>\n\n\n\n<p>O Procon tamb\u00e9m orienta que despesas relacionadas ao envio ou devolu\u00e7\u00e3o de produtos com defeito n\u00e3o podem ser repassadas ao consumidor. Al\u00e9m disso, mesmo quando se trata de produtos importados vendidos no com\u00e9rcio brasileiro, devem ser respeitadas as mesmas regras previstas na legisla\u00e7\u00e3o nacional, incluindo a apresenta\u00e7\u00e3o de informa\u00e7\u00f5es em l\u00edngua portuguesa.<\/p>\n\n\n\n<p>Para evitar transtornos, a recomenda\u00e7\u00e3o \u00e9 que os consumidores guardem nota fiscal, comprovantes de pagamento e termos de garantia. Caso haja dificuldades para realizar trocas, devolu\u00e7\u00f5es ou obter reparos, o Procon Municipal est\u00e1 dispon\u00edvel para registrar reclama\u00e7\u00f5es e orientar a popula\u00e7\u00e3o. Segundo o \u00f3rg\u00e3o, o registro das demandas \u00e9 fundamental para garantir a prote\u00e7\u00e3o dos direitos do consumidor e fortalecer a fiscaliza\u00e7\u00e3o nas rela\u00e7\u00f5es de consumo.<\/p>\n\n\n\n<p>O registro de reclama\u00e7\u00f5es junto ao Procon \u00e9 realizado exclusivamente de forma presencial, na sede do \u00f3rg\u00e3o, de segunda a sexta-feira, nos seguintes hor\u00e1rios:<br>Manh\u00e3: das 8h \u00e0s 11h20<br>Tarde: das 13h30 \u00e0s 16h<br>J\u00e1 os atendimentos de retorno, acompanhamento de demandas e esclarecimento de d\u00favidas podem ser realizados pelo WhatsApp (54) 3584-1155.<\/p>\n","protected":false},"excerpt":{"rendered":"<p>Com a proximidade do Dia do Consumidor (15), \u00f3rg\u00e3o orienta popula\u00e7\u00e3o sobre trocas, prazos e garantias previstas na legisla\u00e7\u00e3o<\/p>\n","protected":false},"author":24,"featured_media":2455,"comment_status":"closed","ping_status":"closed","sticky":false,"template":"","format":"standard","meta":{"footnotes":""},"categories":[1],"tags":[],"class_list":["post-2454","post","type-post","status-publish","format-standard","has-post-thumbnail","hentry","category-sem-categoria"],"yoast_head":"<!-- This site is optimized with the Yoast SEO plugin v23.8 - https:\/\/yoast.com\/wordpress\/plugins\/seo\/ -->\n<title>Procon Municipal fortalece defesa dos consumidores em Passo Fundo - Secretaria de Desenvolvimento Econ\u00f4mico<\/title>\n<meta name=\"robots\" content=\"index, follow, max-snippet:-1, max-image-preview:large, max-video-preview:-1\" \/>\n<link rel=\"canonical\" href=\"https:\/\/www.pmpf.rs.gov.br\/secretaria-de-desenvolvimento-economico\/2026\/03\/16\/procon-municipal-fortalece-defesa-dos-consumidores-em-passo-fundo\/\" \/>\n<meta property=\"og:locale\" content=\"pt_BR\" \/>\n<meta property=\"og:type\" content=\"article\" \/>\n<meta property=\"og:title\" content=\"Procon Municipal fortalece defesa dos consumidores em Passo Fundo - Secretaria de Desenvolvimento Econ\u00f4mico\" \/>\n<meta property=\"og:description\" content=\"Com a proximidade do Dia do Consumidor (15), \u00f3rg\u00e3o orienta popula\u00e7\u00e3o sobre trocas, prazos e garantias previstas na legisla\u00e7\u00e3o\" \/>\n<meta property=\"og:url\" content=\"https:\/\/www.pmpf.rs.gov.br\/secretaria-de-desenvolvimento-economico\/2026\/03\/16\/procon-municipal-fortalece-defesa-dos-consumidores-em-passo-fundo\/\" \/>\n<meta property=\"og:site_name\" content=\"Secretaria de Desenvolvimento Econ\u00f4mico\" \/>\n<meta property=\"article:published_time\" content=\"2026-03-16T13:16:23+00:00\" \/>\n<meta property=\"article:modified_time\" content=\"2026-03-16T13:16:25+00:00\" \/>\n<meta name=\"author\" content=\"lilicrivello\" \/>\n<meta name=\"twitter:card\" content=\"summary_large_image\" \/>\n<meta name=\"twitter:label1\" content=\"Escrito por\" \/>\n\t<meta name=\"twitter:data1\" content=\"lilicrivello\" \/>\n\t<meta name=\"twitter:label2\" content=\"Est. tempo de leitura\" \/>\n\t<meta name=\"twitter:data2\" content=\"3 minutos\" \/>\n<script type=\"application\/ld+json\" class=\"yoast-schema-graph\">{\"@context\":\"https:\/\/schema.org\",\"@graph\":[{\"@type\":\"WebPage\",\"@id\":\"https:\/\/www.pmpf.rs.gov.br\/secretaria-de-desenvolvimento-economico\/2026\/03\/16\/procon-municipal-fortalece-defesa-dos-consumidores-em-passo-fundo\/\",\"url\":\"https:\/\/www.pmpf.rs.gov.br\/secretaria-de-desenvolvimento-economico\/2026\/03\/16\/procon-municipal-fortalece-defesa-dos-consumidores-em-passo-fundo\/\",\"name\":\"Procon Municipal fortalece defesa dos consumidores em Passo Fundo - Secretaria de Desenvolvimento Econ\u00f4mico\",\"isPartOf\":{\"@id\":\"https:\/\/www.pmpf.rs.gov.br\/secretaria-de-desenvolvimento-economico\/#website\"},\"primaryImageOfPage\":{\"@id\":\"https:\/\/www.pmpf.rs.gov.br\/secretaria-de-desenvolvimento-economico\/2026\/03\/16\/procon-municipal-fortalece-defesa-dos-consumidores-em-passo-fundo\/#primaryimage\"},\"image\":{\"@id\":\"https:\/\/www.pmpf.rs.gov.br\/secretaria-de-desenvolvimento-economico\/2026\/03\/16\/procon-municipal-fortalece-defesa-dos-consumidores-em-passo-fundo\/#primaryimage\"},\"thumbnailUrl\":\"https:\/\/www.pmpf.rs.gov.br\/secretaria-de-desenvolvimento-economico\/wp-content\/uploads\/sites\/27\/2026\/03\/WhatsApp-Image-2026-03-13-at-10.56.38.jpeg\",\"datePublished\":\"2026-03-16T13:16:23+00:00\",\"dateModified\":\"2026-03-16T13:16:25+00:00\",\"author\":{\"@id\":\"https:\/\/www.pmpf.rs.gov.br\/secretaria-de-desenvolvimento-economico\/#\/schema\/person\/6e93b0ab2174b69f691ac4f278ba2d0a\"},\"inLanguage\":\"pt-BR\",\"potentialAction\":[{\"@type\":\"ReadAction\",\"target\":[\"https:\/\/www.pmpf.rs.gov.br\/secretaria-de-desenvolvimento-economico\/2026\/03\/16\/procon-municipal-fortalece-defesa-dos-consumidores-em-passo-fundo\/\"]}]},{\"@type\":\"ImageObject\",\"inLanguage\":\"pt-BR\",\"@id\":\"https:\/\/www.pmpf.rs.gov.br\/secretaria-de-desenvolvimento-economico\/2026\/03\/16\/procon-municipal-fortalece-defesa-dos-consumidores-em-passo-fundo\/#primaryimage\",\"url\":\"https:\/\/www.pmpf.rs.gov.br\/secretaria-de-desenvolvimento-economico\/wp-content\/uploads\/sites\/27\/2026\/03\/WhatsApp-Image-2026-03-13-at-10.56.38.jpeg\",\"contentUrl\":\"https:\/\/www.pmpf.rs.gov.br\/secretaria-de-desenvolvimento-economico\/wp-content\/uploads\/sites\/27\/2026\/03\/WhatsApp-Image-2026-03-13-at-10.56.38.jpeg\",\"width\":1600,\"height\":1066},{\"@type\":\"WebSite\",\"@id\":\"https:\/\/www.pmpf.rs.gov.br\/secretaria-de-desenvolvimento-economico\/#website\",\"url\":\"https:\/\/www.pmpf.rs.gov.br\/secretaria-de-desenvolvimento-economico\/\",\"name\":\"Secretaria de Desenvolvimento Econ\u00f4mico\",\"description\":\"S\u00f3 mais um site Prefeitura de Passo Fundo\",\"potentialAction\":[{\"@type\":\"SearchAction\",\"target\":{\"@type\":\"EntryPoint\",\"urlTemplate\":\"https:\/\/www.pmpf.rs.gov.br\/secretaria-de-desenvolvimento-economico\/?s={search_term_string}\"},\"query-input\":{\"@type\":\"PropertyValueSpecification\",\"valueRequired\":true,\"valueName\":\"search_term_string\"}}],\"inLanguage\":\"pt-BR\"},{\"@type\":\"Person\",\"@id\":\"https:\/\/www.pmpf.rs.gov.br\/secretaria-de-desenvolvimento-economico\/#\/schema\/person\/6e93b0ab2174b69f691ac4f278ba2d0a\",\"name\":\"lilicrivello\",\"image\":{\"@type\":\"ImageObject\",\"inLanguage\":\"pt-BR\",\"@id\":\"https:\/\/www.pmpf.rs.gov.br\/secretaria-de-desenvolvimento-economico\/#\/schema\/person\/image\/\",\"url\":\"https:\/\/secure.gravatar.com\/avatar\/0b546b667388f8edb7b67d70a57b5e46?s=96&d=mm&r=g\",\"contentUrl\":\"https:\/\/secure.gravatar.com\/avatar\/0b546b667388f8edb7b67d70a57b5e46?s=96&d=mm&r=g\",\"caption\":\"lilicrivello\"},\"url\":\"https:\/\/www.pmpf.rs.gov.br\/secretaria-de-desenvolvimento-economico\/author\/lilicrivello\/\"}]}<\/script>\n<!-- \/ Yoast SEO plugin. -->","yoast_head_json":{"title":"Procon Municipal fortalece defesa dos consumidores em Passo Fundo - Secretaria de Desenvolvimento Econ\u00f4mico","robots":{"index":"index","follow":"follow","max-snippet":"max-snippet:-1","max-image-preview":"max-image-preview:large","max-video-preview":"max-video-preview:-1"},"canonical":"https:\/\/www.pmpf.rs.gov.br\/secretaria-de-desenvolvimento-economico\/2026\/03\/16\/procon-municipal-fortalece-defesa-dos-consumidores-em-passo-fundo\/","og_locale":"pt_BR","og_type":"article","og_title":"Procon Municipal fortalece defesa dos consumidores em Passo Fundo - Secretaria de Desenvolvimento Econ\u00f4mico","og_description":"Com a proximidade do Dia do Consumidor (15), \u00f3rg\u00e3o orienta popula\u00e7\u00e3o sobre trocas, prazos e garantias previstas na legisla\u00e7\u00e3o","og_url":"https:\/\/www.pmpf.rs.gov.br\/secretaria-de-desenvolvimento-economico\/2026\/03\/16\/procon-municipal-fortalece-defesa-dos-consumidores-em-passo-fundo\/","og_site_name":"Secretaria de Desenvolvimento Econ\u00f4mico","article_published_time":"2026-03-16T13:16:23+00:00","article_modified_time":"2026-03-16T13:16:25+00:00","author":"lilicrivello","twitter_card":"summary_large_image","twitter_misc":{"Escrito por":"lilicrivello","Est. tempo de leitura":"3 minutos"},"schema":{"@context":"https:\/\/schema.org","@graph":[{"@type":"WebPage","@id":"https:\/\/www.pmpf.rs.gov.br\/secretaria-de-desenvolvimento-economico\/2026\/03\/16\/procon-municipal-fortalece-defesa-dos-consumidores-em-passo-fundo\/","url":"https:\/\/www.pmpf.rs.gov.br\/secretaria-de-desenvolvimento-economico\/2026\/03\/16\/procon-municipal-fortalece-defesa-dos-consumidores-em-passo-fundo\/","name":"Procon Municipal fortalece defesa dos consumidores em Passo Fundo - Secretaria de Desenvolvimento Econ\u00f4mico","isPartOf":{"@id":"https:\/\/www.pmpf.rs.gov.br\/secretaria-de-desenvolvimento-economico\/#website"},"primaryImageOfPage":{"@id":"https:\/\/www.pmpf.rs.gov.br\/secretaria-de-desenvolvimento-economico\/2026\/03\/16\/procon-municipal-fortalece-defesa-dos-consumidores-em-passo-fundo\/#primaryimage"},"image":{"@id":"https:\/\/www.pmpf.rs.gov.br\/secretaria-de-desenvolvimento-economico\/2026\/03\/16\/procon-municipal-fortalece-defesa-dos-consumidores-em-passo-fundo\/#primaryimage"},"thumbnailUrl":"https:\/\/www.pmpf.rs.gov.br\/secretaria-de-desenvolvimento-economico\/wp-content\/uploads\/sites\/27\/2026\/03\/WhatsApp-Image-2026-03-13-at-10.56.38.jpeg","datePublished":"2026-03-16T13:16:23+00:00","dateModified":"2026-03-16T13:16:25+00:00","author":{"@id":"https:\/\/www.pmpf.rs.gov.br\/secretaria-de-desenvolvimento-economico\/#\/schema\/person\/6e93b0ab2174b69f691ac4f278ba2d0a"},"inLanguage":"pt-BR","potentialAction":[{"@type":"ReadAction","target":["https:\/\/www.pmpf.rs.gov.br\/secretaria-de-desenvolvimento-economico\/2026\/03\/16\/procon-municipal-fortalece-defesa-dos-consumidores-em-passo-fundo\/"]}]},{"@type":"ImageObject","inLanguage":"pt-BR","@id":"https:\/\/www.pmpf.rs.gov.br\/secretaria-de-desenvolvimento-economico\/2026\/03\/16\/procon-municipal-fortalece-defesa-dos-consumidores-em-passo-fundo\/#primaryimage","url":"https:\/\/www.pmpf.rs.gov.br\/secretaria-de-desenvolvimento-economico\/wp-content\/uploads\/sites\/27\/2026\/03\/WhatsApp-Image-2026-03-13-at-10.56.38.jpeg","contentUrl":"https:\/\/www.pmpf.rs.gov.br\/secretaria-de-desenvolvimento-economico\/wp-content\/uploads\/sites\/27\/2026\/03\/WhatsApp-Image-2026-03-13-at-10.56.38.jpeg","width":1600,"height":1066},{"@type":"WebSite","@id":"https:\/\/www.pmpf.rs.gov.br\/secretaria-de-desenvolvimento-economico\/#website","url":"https:\/\/www.pmpf.rs.gov.br\/secretaria-de-desenvolvimento-economico\/","name":"Secretaria de Desenvolvimento Econ\u00f4mico","description":"S\u00f3 mais um site Prefeitura de Passo Fundo","potentialAction":[{"@type":"SearchAction","target":{"@type":"EntryPoint","urlTemplate":"https:\/\/www.pmpf.rs.gov.br\/secretaria-de-desenvolvimento-economico\/?s={search_term_string}"},"query-input":{"@type":"PropertyValueSpecification","valueRequired":true,"valueName":"search_term_string"}}],"inLanguage":"pt-BR"},{"@type":"Person","@id":"https:\/\/www.pmpf.rs.gov.br\/secretaria-de-desenvolvimento-economico\/#\/schema\/person\/6e93b0ab2174b69f691ac4f278ba2d0a","name":"lilicrivello","image":{"@type":"ImageObject","inLanguage":"pt-BR","@id":"https:\/\/www.pmpf.rs.gov.br\/secretaria-de-desenvolvimento-economico\/#\/schema\/person\/image\/","url":"https:\/\/secure.gravatar.com\/avatar\/0b546b667388f8edb7b67d70a57b5e46?s=96&d=mm&r=g","contentUrl":"https:\/\/secure.gravatar.com\/avatar\/0b546b667388f8edb7b67d70a57b5e46?s=96&d=mm&r=g","caption":"lilicrivello"},"url":"https:\/\/www.pmpf.rs.gov.br\/secretaria-de-desenvolvimento-economico\/author\/lilicrivello\/"}]}},"_links":{"self":[{"href":"https:\/\/www.pmpf.rs.gov.br\/secretaria-de-desenvolvimento-economico\/wp-json\/wp\/v2\/posts\/2454"}],"collection":[{"href":"https:\/\/www.pmpf.rs.gov.br\/secretaria-de-desenvolvimento-economico\/wp-json\/wp\/v2\/posts"}],"about":[{"href":"https:\/\/www.pmpf.rs.gov.br\/secretaria-de-desenvolvimento-economico\/wp-json\/wp\/v2\/types\/post"}],"author":[{"embeddable":true,"href":"https:\/\/www.pmpf.rs.gov.br\/secretaria-de-desenvolvimento-economico\/wp-json\/wp\/v2\/users\/24"}],"replies":[{"embeddable":true,"href":"https:\/\/www.pmpf.rs.gov.br\/secretaria-de-desenvolvimento-economico\/wp-json\/wp\/v2\/comments?post=2454"}],"version-history":[{"count":1,"href":"https:\/\/www.pmpf.rs.gov.br\/secretaria-de-desenvolvimento-economico\/wp-json\/wp\/v2\/posts\/2454\/revisions"}],"predecessor-version":[{"id":2456,"href":"https:\/\/www.pmpf.rs.gov.br\/secretaria-de-desenvolvimento-economico\/wp-json\/wp\/v2\/posts\/2454\/revisions\/2456"}],"wp:featuredmedia":[{"embeddable":true,"href":"https:\/\/www.pmpf.rs.gov.br\/secretaria-de-desenvolvimento-economico\/wp-json\/wp\/v2\/media\/2455"}],"wp:attachment":[{"href":"https:\/\/www.pmpf.rs.gov.br\/secretaria-de-desenvolvimento-economico\/wp-json\/wp\/v2\/media?parent=2454"}],"wp:term":[{"taxonomy":"category","embeddable":true,"href":"https:\/\/www.pmpf.rs.gov.br\/secretaria-de-desenvolvimento-economico\/wp-json\/wp\/v2\/categories?post=2454"},{"taxonomy":"post_tag","embeddable":true,"href":"https:\/\/www.pmpf.rs.gov.br\/secretaria-de-desenvolvimento-economico\/wp-json\/wp\/v2\/tags?post=2454"}],"curies":[{"name":"wp","href":"https:\/\/api.w.org\/{rel}","templated":true}]}}